{"id":5812,"date":"2026-04-27T17:58:50","date_gmt":"2026-04-27T15:58:50","guid":{"rendered":"https:\/\/catholicus.eu\/it\/?p=5812"},"modified":"2026-04-27T17:58:50","modified_gmt":"2026-04-27T15:58:50","slug":"la-circoncisione-del-signore-il-primo-sangue-redentore-di-cristo-e-linizio-della-nostra-salvezza","status":"publish","type":"post","link":"https:\/\/catholicus.eu\/it\/la-circoncisione-del-signore-il-primo-sangue-redentore-di-cristo-e-linizio-della-nostra-salvezza\/","title":{"rendered":"La Circoncisione del Signore: il primo sangue redentore di Cristo e l\u2019inizio della nostra salvezza"},"content":{"rendered":"\n<p>Ci sono misteri della vita di Cristo che passano quasi inosservati nella sensibilit\u00e0 moderna. Non hanno la forza drammatica della Croce n\u00e9 la gloria della Risurrezione. E tuttavia racchiudono una profondit\u00e0 teologica immensa, capace di illuminare tutta la vita cristiana.<\/p>\n\n\n\n<p>Uno di questi \u00e8 la <strong>Circoncisione del Signore<\/strong>.<\/p>\n\n\n\n<p>Lungi dall\u2019essere un semplice rito ebraico senza grande rilevanza, questo evento custodisce una verit\u00e0 potente: <strong>Cristo comincia a redimerci fin dai primi giorni della sua vita<\/strong>, non solo sul Calvario. Qui, nel silenzio, senza folle di testimoni, Egli inizia a versare il suo sangue per noi.<\/p>\n\n\n\n<p>E questo cambia tutto.<\/p>\n\n\n\n<hr class=\"wp-block-separator has-alpha-channel-opacity\"\/>\n\n\n\n<h2 class=\"wp-block-heading\">1. Un mistero dimenticato\u2026 ma decisivo<\/h2>\n\n\n\n<p>Per secoli, la Chiesa ha celebrato solennemente questo mistero il 1\u00b0 gennaio. Non era una data qualsiasi: segnava l\u2019inizio dell\u2019anno sotto il segno della <strong>redenzione e del Santo Nome di Ges\u00f9<\/strong>.<\/p>\n\n\n\n<p>Oggi, anche se il calendario liturgico pone l\u2019accento sulla maternit\u00e0 di Maria, il contenuto spirituale di questa festa rimane pienamente vivo.<\/p>\n\n\n\n<p>Perch\u00e9 qui contempliamo tre verit\u00e0 essenziali:<\/p>\n\n\n\n<ul class=\"wp-block-list\">\n<li>Cristo si sottomette alla Legge<\/li>\n\n\n\n<li>Cristo versa il suo primo sangue<\/li>\n\n\n\n<li>Cristo riceve il Nome che salva<\/li>\n<\/ul>\n\n\n\n<p>Nulla \u00e8 secondario. Tutto \u00e8 rivelazione.<\/p>\n\n\n\n<hr class=\"wp-block-separator has-alpha-channel-opacity\"\/>\n\n\n\n<h2 class=\"wp-block-heading\">2. Cristo, Signore della Legge\u2026 sottomesso alla Legge<\/h2>\n\n\n\n<p>La circoncisione era il segno di appartenenza al popolo d\u2019Israele, stabilito da Dio come marchio dell\u2019Alleanza. Ogni maschio ebreo doveva riceverla all\u2019ottavo giorno dalla nascita.<\/p>\n\n\n\n<p>Ma qui sorge una domanda fondamentale:<\/p>\n\n\n\n<p><strong>Cristo era obbligato a sottoporsi a questo rito?<\/strong><\/p>\n\n\n\n<p>La risposta \u00e8 chiara: <strong>no<\/strong>.<\/p>\n\n\n\n<p>Cristo non \u00e8 semplicemente un membro del popolo d\u2019Israele. Egli \u00e8:<\/p>\n\n\n\n<ul class=\"wp-block-list\">\n<li>Il Figlio eterno di Dio<\/li>\n\n\n\n<li>L\u2019autore della Legge<\/li>\n\n\n\n<li>La santit\u00e0 stessa<\/li>\n<\/ul>\n\n\n\n<p>La circoncisione era legata al peccato originale, alla condizione decaduta dell\u2019uomo. Era un segno del bisogno di purificazione.<\/p>\n\n\n\n<p>Cristo, invece, \u00e8 innocente.<\/p>\n\n\n\n<p>Allora perch\u00e9 si sottomette?<\/p>\n\n\n\n<h3 class=\"wp-block-heading\">Per amore.<\/h3>\n\n\n\n<p>Cristo non \u00e8 venuto per imporsi dall\u2019esterno, ma per <strong>entrare pienamente nella nostra condizione<\/strong>. Non \u00e8 venuto ad abolire la Legge in modo arbitrario, ma a compierla perfettamente.<\/p>\n\n\n\n<p>Questo gesto rivela qualcosa di essenziale:<br>\ud83d\udc49 <strong>Dio non salva a distanza, ma attraverso una prossimit\u00e0 radicale.<\/strong><\/p>\n\n\n\n<hr class=\"wp-block-separator has-alpha-channel-opacity\"\/>\n\n\n\n<h2 class=\"wp-block-heading\">3. Il primo sangue: l\u2019inizio visibile della Redenzione<\/h2>\n\n\n\n<p>Qui entriamo in un punto profondamente commovente.<\/p>\n\n\n\n<p>La circoncisione comporta lo spargimento di sangue.<\/p>\n\n\n\n<p>Ed \u00e8 il <strong>primo sangue che Cristo versa per noi<\/strong>.<\/p>\n\n\n\n<p>Non \u00e8 un caso. Non \u00e8 un semplice dettaglio biografico. \u00c8 un segno.<\/p>\n\n\n\n<p>La tradizione della Chiesa ha sempre visto in questo momento:<\/p>\n\n\n\n<ul class=\"wp-block-list\">\n<li>L\u2019<strong>inizio del sacrificio redentore<\/strong><\/li>\n\n\n\n<li>L\u2019<strong>anticipazione della Croce<\/strong><\/li>\n\n\n\n<li>La manifestazione che Cristo \u00e8 veramente venuto a soffrire per l\u2019umanit\u00e0<\/li>\n<\/ul>\n\n\n\n<p>Cristo non aspetta l\u2019et\u00e0 adulta. Non aspetta la sua Passione.<\/p>\n\n\n\n<p>Fin dall\u2019infanzia, nel nascondimento, in ci\u00f2 che sembra insignificante, Egli si offre gi\u00e0.<\/p>\n\n\n\n<p>Questo porta una lezione profondamente attuale:<\/p>\n\n\n\n<p>\ud83d\udc49 <strong>La salvezza non inizia nei grandi momenti, ma nella fedelt\u00e0 quotidiana, nel piccolo, nel nascosto.<\/strong><\/p>\n\n\n\n<hr class=\"wp-block-separator has-alpha-channel-opacity\"\/>\n\n\n\n<h2 class=\"wp-block-heading\">4. Il Nome di Ges\u00f9: identit\u00e0 e missione<\/h2>\n\n\n\n<p>Nel medesimo atto della circoncisione accade qualcosa di decisivo: al Bambino viene imposto il Nome.<\/p>\n\n\n\n<p>Non \u00e8 un nome scelto a caso.<\/p>\n\n\n\n<p>\u00c8 un nome rivelato da Dio.<\/p>\n\n\n\n<p><strong>Ges\u00f9<\/strong> significa: <em>\u00abDio salva\u00bb<\/em>.<\/p>\n\n\n\n<p>Non c\u2019\u00e8 simbolismo vuoto qui, ma una dichiarazione di identit\u00e0 e di missione:<\/p>\n\n\n\n<ul class=\"wp-block-list\">\n<li>Egli \u00e8 il Salvatore<\/li>\n\n\n\n<li>\u00c8 venuto a liberarci dal peccato<\/li>\n\n\n\n<li>La sua stessa persona \u00e8 salvezza<\/li>\n<\/ul>\n\n\n\n<p>Per questo la tradizione cristiana ha sempre avuto una profonda devozione al Santo Nome di Ges\u00f9.<\/p>\n\n\n\n<p>Non come una formula magica, ma come una realt\u00e0 viva.<\/p>\n\n\n\n<p>Invocare il suo Nome significa:<\/p>\n\n\n\n<ul class=\"wp-block-list\">\n<li>Riconoscere chi Egli \u00e8<\/li>\n\n\n\n<li>Confidare nella sua potenza<\/li>\n\n\n\n<li>Rifugiarsi nella sua misericordia<\/li>\n<\/ul>\n\n\n\n<p>In un mondo che banalizza il sacro, riscoprire la riverenza per il Nome di Ges\u00f9 \u00e8 un atto profondamente controcorrente.<\/p>\n\n\n\n<hr class=\"wp-block-separator has-alpha-channel-opacity\"\/>\n\n\n\n<h2 class=\"wp-block-heading\">5. La vera circoncisione: il cuore<\/h2>\n\n\n\n<p>Forse il punto pi\u00f9 importante per la nostra vita oggi \u00e8 questo.<\/p>\n\n\n\n<p>La circoncisione esteriore era solo un segno. Ci\u00f2 che conta davvero \u00e8 sempre stato interiore.<\/p>\n\n\n\n<p>Gi\u00e0 nell\u2019Antico Testamento si parlava della necessit\u00e0 di una <strong>circoncisione del cuore<\/strong>.<\/p>\n\n\n\n<p>E che cosa significa?<\/p>\n\n\n\n<p>Significa:<\/p>\n\n\n\n<ul class=\"wp-block-list\">\n<li>Tagliare il peccato alla radice<\/li>\n\n\n\n<li>Rinunciare agli attaccamenti disordinati<\/li>\n\n\n\n<li>Purificare l\u2019intenzione<\/li>\n\n\n\n<li>Orientare la propria vita verso Dio<\/li>\n<\/ul>\n\n\n\n<p>Una religione esteriore, culturale o semplicemente ereditata non basta.<\/p>\n\n\n\n<p>La Circoncisione del Signore ci mette di fronte a una domanda scomoda:<\/p>\n\n\n\n<p>\ud83d\udc49 <strong>Che cosa nella mia vita deve essere \u201ctagliato via\u201d?<\/strong><\/p>\n\n\n\n<p>Pu\u00f2 essere:<\/p>\n\n\n\n<ul class=\"wp-block-list\">\n<li>Un\u2019abitudine<\/li>\n\n\n\n<li>Una relazione<\/li>\n\n\n\n<li>Un attaccamento<\/li>\n\n\n\n<li>Un\u2019incoerenza<\/li>\n<\/ul>\n\n\n\n<p>Ed \u00e8 qui che questo mistero diventa profondamente attuale.<\/p>\n\n\n\n<p>Perch\u00e9 viviamo in una cultura che evita il sacrificio, fugge lo sforzo interiore e preferisce una spiritualit\u00e0 comoda.<\/p>\n\n\n\n<p>Ma il Vangelo non va in questa direzione.<\/p>\n\n\n\n<hr class=\"wp-block-separator has-alpha-channel-opacity\"\/>\n\n\n\n<h2 class=\"wp-block-heading\">6. Iniziare l\u2019anno con Dio (e non solo con buoni propositi vuoti)<\/h2>\n\n\n\n<p>Che questo mistero sia celebrato il 1\u00b0 gennaio non \u00e8 un caso.<\/p>\n\n\n\n<p>La Chiesa ci insegna a iniziare l\u2019anno in modo molto concreto:<\/p>\n\n\n\n<p>Non con liste interminabili di obiettivi\u2026<br>ma con una <strong>vera consacrazione a Dio<\/strong>.<\/p>\n\n\n\n<p>Questo implica:<\/p>\n\n\n\n<ul class=\"wp-block-list\">\n<li>Mettere l\u2019anno nelle sue mani<\/li>\n\n\n\n<li>Chiedere la grazia di vivere nella fedelt\u00e0<\/li>\n\n\n\n<li>Riesaminare la direzione della nostra vita<\/li>\n<\/ul>\n\n\n\n<p>Non si tratta di \u201cfare pi\u00f9 cose\u201d, ma di <strong>vivere meglio orientati<\/strong>.<\/p>\n\n\n\n<p>Perch\u00e9 senza Dio, anche i migliori propositi perdono senso.<\/p>\n\n\n\n<hr class=\"wp-block-separator has-alpha-channel-opacity\"\/>\n\n\n\n<h2 class=\"wp-block-heading\">7. Una lezione per il nostro tempo<\/h2>\n\n\n\n<p>La Circoncisione del Signore ci lascia diversi insegnamenti urgenti per oggi:<\/p>\n\n\n\n<h3 class=\"wp-block-heading\">1. L\u2019umilt\u00e0 \u00e8 la via di Dio<\/h3>\n\n\n\n<p>Cristo non si impone. Si abbassa.<\/p>\n\n\n\n<h3 class=\"wp-block-heading\">2. L\u2019obbedienza non \u00e8 debolezza<\/h3>\n\n\n\n<p>\u00c8 forza interiore e fedelt\u00e0 al piano di Dio.<\/p>\n\n\n\n<h3 class=\"wp-block-heading\">3. La salvezza passa attraverso il sacrificio<\/h3>\n\n\n\n<p>Non c\u2019\u00e8 redenzione senza dono di s\u00e9.<\/p>\n\n\n\n<h3 class=\"wp-block-heading\">4. Il piccolo conta<\/h3>\n\n\n\n<p>Dio agisce nel nascosto prima che nel grande.<\/p>\n\n\n\n<h3 class=\"wp-block-heading\">5. La conversione \u00e8 concreta<\/h3>\n\n\n\n<p>Non \u00e8 un\u2019idea, ma una trasformazione reale della vita.<\/p>\n\n\n\n<hr class=\"wp-block-separator has-alpha-channel-opacity\"\/>\n\n\n\n<h2 class=\"wp-block-heading\">8. Conclusione: ricominciare\u2026 davvero<\/h2>\n\n\n\n<p>Questo mistero ci pone davanti a una verit\u00e0 esigente ma liberante:<\/p>\n\n\n\n<p>\ud83d\udc49 <strong>Cristo ha gi\u00e0 iniziato l\u2019opera in noi.<br>La domanda \u00e8 se siamo disposti a rispondere.<\/strong><\/p>\n\n\n\n<p>La Circoncisione del Signore non \u00e8 soltanto un ricordo del passato.<\/p>\n\n\n\n<p>\u00c8 un invito presente:<\/p>\n\n\n\n<ul class=\"wp-block-list\">\n<li>A vivere con maggiore autenticit\u00e0<\/li>\n\n\n\n<li>A tagliare ci\u00f2 che ci allontana da Dio<\/li>\n\n\n\n<li>A confidare pi\u00f9 profondamente in Cristo<\/li>\n<\/ul>\n\n\n\n<p>E soprattutto, a fare qualcosa di molto semplice e molto difficile allo stesso tempo:<\/p>\n\n\n\n<p><strong>porre tutta la nostra vita sotto il Nome di Ges\u00f9.<\/strong><\/p>\n\n\n\n<p>Perch\u00e9 \u00e8 l\u00ec \u2014 e non nelle nostre forze \u2014<br>che si trova la vera salvezza.<\/p>\n","protected":false},"excerpt":{"rendered":"<p>Ci sono misteri della vita di Cristo che passano quasi inosservati nella sensibilit\u00e0 moderna. Non hanno la forza drammatica della Croce n\u00e9 la gloria della Risurrezione. E tuttavia racchiudono una profondit\u00e0 teologica immensa, capace di illuminare tutta la vita cristiana. Uno di questi \u00e8 la Circoncisione del Signore. Lungi dall\u2019essere un semplice rito ebraico senza &hellip;<\/p>\n","protected":false},"author":3,"featured_media":5813,"comment_status":"closed","ping_status":"closed","sticky":false,"template":"","format":"standard","meta":{"_seopress_robots_primary_cat":"","_seopress_titles_title":"","_seopress_titles_desc":"","_seopress_robots_index":"","footnotes":""},"categories":[43,37],"tags":[1028],"class_list":["post-5812","post","type-post","status-publish","format-standard","has-post-thumbnail","","category-catechismo-della-chiesa-cattolica","category-dottrina-e-fede","tag-circoncisione"],"_links":{"self":[{"href":"https:\/\/catholicus.eu\/it\/wp-json\/wp\/v2\/posts\/5812","targetHints":{"allow":["GET"]}}],"collection":[{"href":"https:\/\/catholicus.eu\/it\/wp-json\/wp\/v2\/posts"}],"about":[{"href":"https:\/\/catholicus.eu\/it\/wp-json\/wp\/v2\/types\/post"}],"author":[{"embeddable":true,"href":"https:\/\/catholicus.eu\/it\/wp-json\/wp\/v2\/users\/3"}],"replies":[{"embeddable":true,"href":"https:\/\/catholicus.eu\/it\/wp-json\/wp\/v2\/comments?post=5812"}],"version-history":[{"count":1,"href":"https:\/\/catholicus.eu\/it\/wp-json\/wp\/v2\/posts\/5812\/revisions"}],"predecessor-version":[{"id":5814,"href":"https:\/\/catholicus.eu\/it\/wp-json\/wp\/v2\/posts\/5812\/revisions\/5814"}],"wp:featuredmedia":[{"embeddable":true,"href":"https:\/\/catholicus.eu\/it\/wp-json\/wp\/v2\/media\/5813"}],"wp:attachment":[{"href":"https:\/\/catholicus.eu\/it\/wp-json\/wp\/v2\/media?parent=5812"}],"wp:term":[{"taxonomy":"category","embeddable":true,"href":"https:\/\/catholicus.eu\/it\/wp-json\/wp\/v2\/categories?post=5812"},{"taxonomy":"post_tag","embeddable":true,"href":"https:\/\/catholicus.eu\/it\/wp-json\/wp\/v2\/tags?post=5812"}],"curies":[{"name":"wp","href":"https:\/\/api.w.org\/{rel}","templated":true}]}}