{"id":5797,"date":"2026-04-26T12:54:28","date_gmt":"2026-04-26T10:54:28","guid":{"rendered":"https:\/\/catholicus.eu\/it\/?p=5797"},"modified":"2026-04-26T12:54:28","modified_gmt":"2026-04-26T10:54:28","slug":"in-verita-in-verita-vi-dico-la-voce-che-non-inganna-in-un-mondo-pieno-di-rumore","status":"publish","type":"post","link":"https:\/\/catholicus.eu\/it\/in-verita-in-verita-vi-dico-la-voce-che-non-inganna-in-un-mondo-pieno-di-rumore\/","title":{"rendered":"\u00abIn verit\u00e0, in verit\u00e0 vi dico\u00bb: la voce che non inganna in un mondo pieno di rumore"},"content":{"rendered":"\n<p>Ci sono espressioni nel Vangelo che, per la loro forza, dovrebbero farci fermare. Non sono semplici frasi: sono soglie. Tra queste, una risuona con una solennit\u00e0 unica: <strong>\u00abIn verit\u00e0, in verit\u00e0 vi dico\u00bb.<\/strong> Non \u00e8 una formula decorativa n\u00e9 una semplice introduzione retorica. \u00c8 una porta aperta sull\u2019essenziale, sul definitivo, su ci\u00f2 che non ammette sfumature n\u00e9 relativismo.<\/p>\n\n\n\n<p>In un tempo come il nostro \u2014 segnato dalla confusione, dalla sovrainformazione e da una costante diffidenza verso la verit\u00e0 \u2014 questa espressione di Cristo diventa pi\u00f9 attuale che mai. Perch\u00e9 l\u00e0 dove tutto sembra discutibile, Egli parla con autorit\u00e0 assoluta.<\/p>\n\n\n\n<p>Ma\u2026 che cosa significa davvero questa frase? Perch\u00e9 Ges\u00f9 la ripete? Che cosa dice a noi oggi, nella nostra vita concreta?<\/p>\n\n\n\n<hr class=\"wp-block-separator has-alpha-channel-opacity\"\/>\n\n\n\n<h2 class=\"wp-block-heading\"><strong>1. Il peso di una parola: \u00abAmen\u00bb ripetuto<\/strong><\/h2>\n\n\n\n<p>L\u2019espressione \u00abIn verit\u00e0, in verit\u00e0 vi dico\u00bb deriva dall\u2019ebraico e dall\u2019aramaico <strong>\u00abAmen, amen\u00bb<\/strong>. La parola <em>amen<\/em> non significa semplicemente \u00abcos\u00ec sia\u00bb, come spesso pensiamo. La sua radice indica qualcosa di molto pi\u00f9 profondo: <strong>fermezza, solidit\u00e0, verit\u00e0 incrollabile<\/strong>.<\/p>\n\n\n\n<p>Quando Ges\u00f9 dice \u00abamen\u00bb, afferma: <em>questo \u00e8 assolutamente vero<\/em>. Ma quando lo ripete \u2014 \u00abamen, amen\u00bb \u2014 eleva l\u2019affermazione a un livello unico: <strong>ci\u00f2 che sto per dire \u00e8 una verit\u00e0 divina, definitiva, che esige fede e risposta<\/strong>.<\/p>\n\n\n\n<p>Questo \u00e8 qualcosa di completamente nuovo. Nell\u2019Antico Testamento i profeti dicevano: <em>\u00abCos\u00ec dice il Signore\u00bb<\/em>. Ges\u00f9, invece, dice: <strong>\u00abIo vi dico\u00bb<\/strong>. Non parla come un intermediario. Parla come Dio stesso.<\/p>\n\n\n\n<hr class=\"wp-block-separator has-alpha-channel-opacity\"\/>\n\n\n\n<h2 class=\"wp-block-heading\"><strong>2. Cristo, la Verit\u00e0 che parla con autorit\u00e0<\/strong><\/h2>\n\n\n\n<p>Questa espressione appare soprattutto nel Vangelo di Giovanni. Per esempio:<\/p>\n\n\n\n<blockquote class=\"wp-block-quote is-layout-flow wp-block-quote-is-layout-flow\">\n<p><em>\u00abIn verit\u00e0, in verit\u00e0 vi dico: chi crede ha la vita eterna\u00bb<\/em> (Giovanni 6,47)<\/p>\n<\/blockquote>\n\n\n\n<p>Qui non c\u2019\u00e8 alcuna ambiguit\u00e0. Non dice \u00abforse\u00bb, n\u00e9 \u00abdipende\u00bb, n\u00e9 \u00absecondo la tua interpretazione\u00bb. Cristo afferma con autorit\u00e0 divina una verit\u00e0 che cambia la vita dell\u2019uomo.<\/p>\n\n\n\n<p>Questo ci introduce in una realt\u00e0 teologica fondamentale:<br><strong>Ges\u00f9 Cristo non solo insegna la verit\u00e0; Egli \u00e8 la Verit\u00e0.<\/strong><\/p>\n\n\n\n<blockquote class=\"wp-block-quote is-layout-flow wp-block-quote-is-layout-flow\">\n<p><em>\u00abIo sono la via, la verit\u00e0 e la vita\u00bb<\/em> (Giovanni 14,6)<\/p>\n<\/blockquote>\n\n\n\n<p>Perci\u00f2, quando parla, non esprime opinioni. Non propone teorie. <strong>Rivela ci\u00f2 che \u00e8.<\/strong><\/p>\n\n\n\n<hr class=\"wp-block-separator has-alpha-channel-opacity\"\/>\n\n\n\n<h2 class=\"wp-block-heading\"><strong>3. Una pedagogia divina: risvegliare l\u2019anima<\/strong><\/h2>\n\n\n\n<p>Perch\u00e9 Ges\u00f9 usa questa formula ripetitiva?<\/p>\n\n\n\n<p>Perch\u00e9 conosce il cuore umano. Sa che siamo distratti, induriti, dispersi. Abbiamo bisogno di essere scossi.<\/p>\n\n\n\n<p>Ogni volta che dice \u00abIn verit\u00e0, in verit\u00e0 vi dico\u00bb, \u00e8 come se dicesse:<\/p>\n\n\n\n<ul class=\"wp-block-list\">\n<li>\u00abAscolta bene\u00bb<\/li>\n\n\n\n<li>\u00abQuesto \u00e8 essenziale\u00bb<\/li>\n\n\n\n<li>\u00abNon puoi ignorarlo\u00bb<\/li>\n<\/ul>\n\n\n\n<p>\u00c8 uno strumento pedagogico profondamente pastorale. Non cerca di impressionare, ma di <strong>risvegliare<\/strong>.<\/p>\n\n\n\n<hr class=\"wp-block-separator has-alpha-channel-opacity\"\/>\n\n\n\n<h2 class=\"wp-block-heading\"><strong>4. Verit\u00e0 che inquietano\u2026 ma salvano<\/strong><\/h2>\n\n\n\n<p>Se esaminiamo i passaggi in cui appare questa espressione, scopriamo qualcosa di importante:<br>spesso introduce insegnamenti difficili.<\/p>\n\n\n\n<p>Per esempio:<\/p>\n\n\n\n<blockquote class=\"wp-block-quote is-layout-flow wp-block-quote-is-layout-flow\">\n<p><em>\u00abIn verit\u00e0, in verit\u00e0 vi dico: se non mangiate la carne del Figlio dell\u2019uomo e non bevete il suo sangue, non avete in voi la vita\u00bb<\/em> (Giovanni 6,53)<\/p>\n<\/blockquote>\n\n\n\n<p>Questa affermazione provoc\u00f2 scandalo. Molti discepoli abbandonarono Ges\u00f9.<\/p>\n\n\n\n<p>Qui vediamo qualcosa di essenziale per la nostra vita spirituale:<br><strong>la verit\u00e0 di Cristo non \u00e8 sempre comoda, ma \u00e8 sempre salvifica.<\/strong><\/p>\n\n\n\n<p>In una cultura che cerca di adattare la verit\u00e0 ai desideri personali, Ges\u00f9 fa il contrario:<br><strong>invita l\u2019uomo alla conversione per entrare nella verit\u00e0.<\/strong><\/p>\n\n\n\n<hr class=\"wp-block-separator has-alpha-channel-opacity\"\/>\n\n\n\n<h2 class=\"wp-block-heading\"><strong>5. Un invito alla fede in tempi di relativismo<\/strong><\/h2>\n\n\n\n<p>Viviamo in un\u2019epoca in cui si ripete continuamente:<br>\u00abognuno ha la sua verit\u00e0\u00bb,<br>\u00abtutto dipende\u00bb,<br>\u00abnon esistono verit\u00e0 assolute\u00bb.<\/p>\n\n\n\n<p>Di fronte a questo, l\u2019espressione di Cristo \u00e8 radicalmente controcorrente.<\/p>\n\n\n\n<p><strong>\u00abIn verit\u00e0, in verit\u00e0 vi dico\u2026\u00bb<\/strong> significa:<\/p>\n\n\n\n<ul class=\"wp-block-list\">\n<li>Esiste una verit\u00e0 oggettiva<\/li>\n\n\n\n<li>Questa verit\u00e0 viene da Dio<\/li>\n\n\n\n<li>E l\u2019uomo \u00e8 chiamato ad accoglierla nella fede<\/li>\n<\/ul>\n\n\n\n<p>Non come un\u2019imposizione, ma come un cammino di libert\u00e0.<\/p>\n\n\n\n<p>Perch\u00e9 solo la verit\u00e0 rende liberi:<\/p>\n\n\n\n<blockquote class=\"wp-block-quote is-layout-flow wp-block-quote-is-layout-flow\">\n<p><em>\u00abLa verit\u00e0 vi far\u00e0 liberi\u00bb<\/em> (Giovanni 8,32)<\/p>\n<\/blockquote>\n\n\n\n<hr class=\"wp-block-separator has-alpha-channel-opacity\"\/>\n\n\n\n<h2 class=\"wp-block-heading\"><strong>6. Applicazioni pratiche: vivere nella verit\u00e0<\/strong><\/h2>\n\n\n\n<p>Questo non \u00e8 solo un tema teologico astratto. Ha conseguenze concrete nella nostra vita quotidiana.<\/p>\n\n\n\n<h3 class=\"wp-block-heading\"><strong>a) Ascoltare Cristo al di sopra del rumore<\/strong><\/h3>\n\n\n\n<p>Oggi siamo circondati da voci: social media, opinioni, ideologie\u2026<br>Ma raramente ascoltiamo davvero Cristo.<\/p>\n\n\n\n<p>La domanda \u00e8 diretta:<br><strong>Quale autorit\u00e0 ha la Sua parola nella tua vita?<\/strong><\/p>\n\n\n\n<p>Leggere il Vangelo non come un testo qualsiasi, ma come una parola viva, cambia tutto.<\/p>\n\n\n\n<hr class=\"wp-block-separator has-alpha-channel-opacity\"\/>\n\n\n\n<h3 class=\"wp-block-heading\"><strong>b) Formare la coscienza nella verit\u00e0<\/strong><\/h3>\n\n\n\n<p>Non basta \u00absentire che qualcosa \u00e8 giusto\u00bb.<br>Il cristiano \u00e8 chiamato a formare la propria coscienza secondo la verit\u00e0 rivelata.<\/p>\n\n\n\n<p>Questo implica:<\/p>\n\n\n\n<ul class=\"wp-block-list\">\n<li>Studiare la fede<\/li>\n\n\n\n<li>Conoscere il Magistero della Chiesa<\/li>\n\n\n\n<li>Discernere con umilt\u00e0<\/li>\n<\/ul>\n\n\n\n<p>Perch\u00e9 non tutto ci\u00f2 che sembra buono\u2026 lo \u00e8 davvero.<\/p>\n\n\n\n<hr class=\"wp-block-separator has-alpha-channel-opacity\"\/>\n\n\n\n<h3 class=\"wp-block-heading\"><strong>c) Vivere con coerenza<\/strong><\/h3>\n\n\n\n<p>Se Cristo dice \u00abin verit\u00e0\u00bb, la nostra vita deve rispondere con autenticit\u00e0.<\/p>\n\n\n\n<p>Non si pu\u00f2 vivere nella fede\u2026 e nella menzogna.<br>Non si pu\u00f2 seguire Cristo\u2026 e relativizzare i suoi insegnamenti.<\/p>\n\n\n\n<p>La coerenza \u00e8 oggi la testimonianza pi\u00f9 potente.<\/p>\n\n\n\n<hr class=\"wp-block-separator has-alpha-channel-opacity\"\/>\n\n\n\n<h3 class=\"wp-block-heading\"><strong>d) Annunciare la verit\u00e0 con carit\u00e0<\/strong><\/h3>\n\n\n\n<p>In un mondo ferito, la verit\u00e0 non si impone: si propone con amore.<\/p>\n\n\n\n<p>Ma <strong>non si nasconde<\/strong>.<\/p>\n\n\n\n<p>Il cristiano \u00e8 chiamato a essere testimone della verit\u00e0, anche quando costa.<\/p>\n\n\n\n<hr class=\"wp-block-separator has-alpha-channel-opacity\"\/>\n\n\n\n<h2 class=\"wp-block-heading\"><strong>7. Dimensione spirituale: la verit\u00e0 che trasforma<\/strong><\/h2>\n\n\n\n<p>Ogni volta che Ges\u00f9 dice \u00abIn verit\u00e0, in verit\u00e0 vi dico\u00bb, non si limita a informare\u2026<br><strong>trasforma<\/strong>.<\/p>\n\n\n\n<p>La sua parola ha potere:<\/p>\n\n\n\n<ul class=\"wp-block-list\">\n<li>Illumina la mente<\/li>\n\n\n\n<li>Corregge il cuore<\/li>\n\n\n\n<li>Rafforza la volont\u00e0<\/li>\n<\/ul>\n\n\n\n<p>Per questo la vita cristiana non consiste solo nel sapere cose su Dio,<br>ma nel <strong>lasciarsi trasformare dalla Sua Parola<\/strong>.<\/p>\n\n\n\n<hr class=\"wp-block-separator has-alpha-channel-opacity\"\/>\n\n\n\n<h2 class=\"wp-block-heading\"><strong>8. Un invito personale<\/strong><\/h2>\n\n\n\n<p>Questo tema non si conclude con un\u2019analisi. \u00c8 un invito.<\/p>\n\n\n\n<p>La prossima volta che leggerai il Vangelo e incontrerai questa espressione, fermati.<\/p>\n\n\n\n<p>Chiediti:<\/p>\n\n\n\n<ul class=\"wp-block-list\">\n<li>Sto davvero ascoltando?<\/li>\n\n\n\n<li>Credo a ci\u00f2 che Cristo afferma?<\/li>\n\n\n\n<li>Vivo secondo questa verit\u00e0?<\/li>\n<\/ul>\n\n\n\n<p>Perch\u00e9 in queste parole \u00e8 in gioco pi\u00f9 di un insegnamento:<br><strong>\u00e8 in gioco il tuo rapporto con Dio<\/strong>.<\/p>\n\n\n\n<hr class=\"wp-block-separator has-alpha-channel-opacity\"\/>\n\n\n\n<h2 class=\"wp-block-heading\"><strong>Conclusione: la certezza che sostiene la vita<\/strong><\/h2>\n\n\n\n<p>In un mondo pieno di incertezze, Cristo offre una certezza assoluta.<\/p>\n\n\n\n<p>Quando dice <strong>\u00abIn verit\u00e0, in verit\u00e0 vi dico\u00bb<\/strong>, sta dicendo:<\/p>\n\n\n\n<p>\ud83d\udc49 <em>Puoi fidarti di me<\/em><br>\ud83d\udc49 <em>Questo non inganna<\/em><br>\ud83d\udc49 <em>Qui c\u2019\u00e8 la vera vita<\/em><\/p>\n\n\n\n<p>Non \u00e8 una verit\u00e0 fredda o astratta.<br>\u00c8 una verit\u00e0 che ha un volto: <strong>Ges\u00f9 Cristo<\/strong>.<\/p>\n\n\n\n<p>E chi si appoggia a Lui, anche se il mondo trema,<br>rimane saldo.<\/p>\n","protected":false},"excerpt":{"rendered":"<p>Ci sono espressioni nel Vangelo che, per la loro forza, dovrebbero farci fermare. Non sono semplici frasi: sono soglie. Tra queste, una risuona con una solennit\u00e0 unica: \u00abIn verit\u00e0, in verit\u00e0 vi dico\u00bb. Non \u00e8 una formula decorativa n\u00e9 una semplice introduzione retorica. \u00c8 una porta aperta sull\u2019essenziale, sul definitivo, su ci\u00f2 che non ammette &hellip;<\/p>\n","protected":false},"author":3,"featured_media":5798,"comment_status":"closed","ping_status":"closed","sticky":false,"template":"","format":"standard","meta":{"_seopress_robots_primary_cat":"","_seopress_titles_title":"","_seopress_titles_desc":"","_seopress_robots_index":"","footnotes":""},"categories":[37,45],"tags":[2048,2049],"class_list":["post-5797","post","type-post","status-publish","format-standard","has-post-thumbnail","","category-dottrina-e-fede","category-sacra-scrittura","tag-in-verita","tag-in-verita-vi-dico"],"_links":{"self":[{"href":"https:\/\/catholicus.eu\/it\/wp-json\/wp\/v2\/posts\/5797","targetHints":{"allow":["GET"]}}],"collection":[{"href":"https:\/\/catholicus.eu\/it\/wp-json\/wp\/v2\/posts"}],"about":[{"href":"https:\/\/catholicus.eu\/it\/wp-json\/wp\/v2\/types\/post"}],"author":[{"embeddable":true,"href":"https:\/\/catholicus.eu\/it\/wp-json\/wp\/v2\/users\/3"}],"replies":[{"embeddable":true,"href":"https:\/\/catholicus.eu\/it\/wp-json\/wp\/v2\/comments?post=5797"}],"version-history":[{"count":1,"href":"https:\/\/catholicus.eu\/it\/wp-json\/wp\/v2\/posts\/5797\/revisions"}],"predecessor-version":[{"id":5799,"href":"https:\/\/catholicus.eu\/it\/wp-json\/wp\/v2\/posts\/5797\/revisions\/5799"}],"wp:featuredmedia":[{"embeddable":true,"href":"https:\/\/catholicus.eu\/it\/wp-json\/wp\/v2\/media\/5798"}],"wp:attachment":[{"href":"https:\/\/catholicus.eu\/it\/wp-json\/wp\/v2\/media?parent=5797"}],"wp:term":[{"taxonomy":"category","embeddable":true,"href":"https:\/\/catholicus.eu\/it\/wp-json\/wp\/v2\/categories?post=5797"},{"taxonomy":"post_tag","embeddable":true,"href":"https:\/\/catholicus.eu\/it\/wp-json\/wp\/v2\/tags?post=5797"}],"curies":[{"name":"wp","href":"https:\/\/api.w.org\/{rel}","templated":true}]}}