{"id":5643,"date":"2026-04-08T22:02:01","date_gmt":"2026-04-08T20:02:01","guid":{"rendered":"https:\/\/catholicus.eu\/it\/?p=5643"},"modified":"2026-04-08T22:02:01","modified_gmt":"2026-04-08T20:02:01","slug":"prima-dei-vangeli-la-fede-esisteva-gia-la-potenza-dimenticata-delle-formule-orali-che-hanno-sostenuto-il-cristianesimo","status":"publish","type":"post","link":"https:\/\/catholicus.eu\/it\/prima-dei-vangeli-la-fede-esisteva-gia-la-potenza-dimenticata-delle-formule-orali-che-hanno-sostenuto-il-cristianesimo\/","title":{"rendered":"Prima dei Vangeli, la fede esisteva gi\u00e0: la potenza dimenticata delle formule orali che hanno sostenuto il cristianesimo"},"content":{"rendered":"\n<h2 class=\"wp-block-heading\"><strong>Introduzione: quando la fede si trasmette di bocca in bocca<\/strong><\/h2>\n\n\n\n<p>Prima che i Vangeli fossero scritti, prima ancora che le prime comunit\u00e0 cristiane avessero testi organizzati, esisteva gi\u00e0 qualcosa di vivo, vibrante e profondamente trasformante: <strong>le formule orali<\/strong>.<\/p>\n\n\n\n<p>Non erano semplici frasi. Erano <strong>confessioni di fede<\/strong>, <strong>proclamazioni liturgiche<\/strong>, <strong>sintesi teologiche<\/strong> che condensavano in poche parole il cuore stesso del cristianesimo: che Ges\u00f9 Cristo \u00e8 morto ed \u00e8 risorto.<\/p>\n\n\n\n<p>Oggi, in un mondo saturo di informazioni ma povero di profondit\u00e0, riscoprire queste formule non \u00e8 un esercizio archeologico. \u00c8 un ritorno alla radice viva della fede.<\/p>\n\n\n\n<hr class=\"wp-block-separator has-alpha-channel-opacity\"\/>\n\n\n\n<h2 class=\"wp-block-heading\"><strong>Che cosa sono le formule orali?<\/strong><\/h2>\n\n\n\n<p>Le formule orali sono <strong>espressioni brevi, memorizzabili e ripetibili<\/strong>, che i primi cristiani utilizzavano per:<\/p>\n\n\n\n<ul class=\"wp-block-list\">\n<li>Trasmettere la fede<\/li>\n\n\n\n<li>Insegnare ai nuovi credenti<\/li>\n\n\n\n<li>Pregare e celebrare la liturgia<\/li>\n\n\n\n<li>Difendere la verit\u00e0 del Vangelo<\/li>\n<\/ul>\n\n\n\n<p>Esempi classici includono:<\/p>\n\n\n\n<ul class=\"wp-block-list\">\n<li>\u00abGes\u00f9 \u00e8 il Signore\u00bb (cf. Romani 10,9)<\/li>\n\n\n\n<li>\u00abCristo \u00e8 morto per i nostri peccati\u00bb (cf. 1 Corinzi 15,3)<\/li>\n\n\n\n<li>\u00abMaranatha!\u00bb \u2014 \u00abVieni, Signore!\u00bb (cf. 1 Corinzi 16,22)<\/li>\n<\/ul>\n\n\n\n<p>Queste formule erano <strong>catechesi allo stato puro<\/strong>.<\/p>\n\n\n\n<hr class=\"wp-block-separator has-alpha-channel-opacity\"\/>\n\n\n\n<h2 class=\"wp-block-heading\"><strong>Il contesto: una Chiesa senza libri\u2026 ma piena di fede<\/strong><\/h2>\n\n\n\n<p>Dopo la morte e la Risurrezione di Ges\u00f9 Cristo, i discepoli non si misero subito a scrivere libri. Uscirono a <strong>predicare<\/strong>.<\/p>\n\n\n\n<p>La maggior parte dei primi cristiani non sapeva n\u00e9 leggere n\u00e9 scrivere. La trasmissione della fede era <strong>orale<\/strong>, viva, comunitaria. Ed \u00e8 in questo contesto che nacquero queste formule.<\/p>\n\n\n\n<p>Esse rispondevano a tre necessit\u00e0 urgenti:<\/p>\n\n\n\n<ol class=\"wp-block-list\">\n<li><strong>Ricordare fedelmente ci\u00f2 che era accaduto<\/strong><\/li>\n\n\n\n<li><strong>Trasmetterlo senza distorsioni<\/strong><\/li>\n\n\n\n<li><strong>Confessarlo pubblicamente, anche sotto persecuzione<\/strong><\/li>\n<\/ol>\n\n\n\n<hr class=\"wp-block-separator has-alpha-channel-opacity\"\/>\n\n\n\n<h2 class=\"wp-block-heading\"><strong>Le formule orali come prova storica della Risurrezione<\/strong><\/h2>\n\n\n\n<p>Qui arriviamo a un punto fondamentale, sia teologico sia accademico.<\/p>\n\n\n\n<p>Uno dei testi pi\u00f9 importanti del Nuovo Testamento afferma:<\/p>\n\n\n\n<blockquote class=\"wp-block-quote is-layout-flow wp-block-quote-is-layout-flow\">\n<p>\u00abVi ho trasmesso dunque, anzitutto, quello che anch\u2019io ho ricevuto:<br>che Cristo mor\u00ec per i nostri peccati secondo le Scritture;<br>che fu sepolto;<br>che \u00e8 risorto il terzo giorno\u2026\u00bb<br>(1 Corinzi 15,3-4)<\/p>\n<\/blockquote>\n\n\n\n<p>L\u2019apostolo San Paolo usa qui un linguaggio tecnico:<br><strong>\u00abricevuto\u00bb e \u00abtrasmesso\u00bb<\/strong>.<\/p>\n\n\n\n<p>Ci\u00f2 indica chiaramente che sta citando una <strong>tradizione precedente<\/strong>, una formula orale gi\u00e0 stabilita.<\/p>\n\n\n\n<h3 class=\"wp-block-heading\"><strong>Perch\u00e9 \u00e8 cos\u00ec importante?<\/strong><\/h3>\n\n\n\n<p>Gli studiosi concordano nel ritenere che questa formula:<\/p>\n\n\n\n<ul class=\"wp-block-list\">\n<li>Risale a <strong>pochi anni dopo la Risurrezione<\/strong><\/li>\n\n\n\n<li>Probabilmente ha origine nella comunit\u00e0 di Gerusalemme<\/li>\n\n\n\n<li>Fu appresa da Paolo dopo la sua conversione (anni 30 d.C.)<\/li>\n<\/ul>\n\n\n\n<p>Questo significa:<\/p>\n\n\n\n<p>\ud83d\udc49 <strong>La fede nella Risurrezione non \u00e8 una leggenda tardiva<\/strong><br>\ud83d\udc49 <strong>Era gi\u00e0 pienamente formulata fin dall\u2019inizio<\/strong><\/p>\n\n\n\n<p>Non ci fu tempo per mitizzare.<br>Non ci fu uno sviluppo lento.<br>Ci fu <strong>una testimonianza immediata<\/strong>.<\/p>\n\n\n\n<hr class=\"wp-block-separator has-alpha-channel-opacity\"\/>\n\n\n\n<h2 class=\"wp-block-heading\"><strong>Altre formule orali nel Nuovo Testamento<\/strong><\/h2>\n\n\n\n<p>La Scrittura \u00e8 ricca di questi tesori nascosti. Tra i pi\u00f9 importanti:<\/p>\n\n\n\n<hr class=\"wp-block-separator has-alpha-channel-opacity\"\/>\n\n\n\n<h3 class=\"wp-block-heading\"><strong>1. Romani 10,9<\/strong><\/h3>\n\n\n\n<blockquote class=\"wp-block-quote is-layout-flow wp-block-quote-is-layout-flow\">\n<p>\u00abSe con la tua bocca proclamerai: Ges\u00f9 \u00e8 il Signore\u2026\u00bb<\/p>\n<\/blockquote>\n\n\n\n<p>Qui vediamo una formula breve, potente e pericolosa per l\u2019epoca:<br>dire \u00abGes\u00f9 \u00e8 il Signore\u00bb significava negare che lo fosse Cesare.<\/p>\n\n\n\n<hr class=\"wp-block-separator has-alpha-channel-opacity\"\/>\n\n\n\n<h3 class=\"wp-block-heading\"><strong>2. Filippesi 2,6-11<\/strong><\/h3>\n\n\n\n<p>Questo passo, anch\u2019esso attribuito a San Paolo, contiene quello che molti considerano un <strong>inno cristologico primitivo<\/strong>:<\/p>\n\n\n\n<blockquote class=\"wp-block-quote is-layout-flow wp-block-quote-is-layout-flow\">\n<p>\u00abSpogli\u00f2 se stesso\u2026<br>umili\u00f2 se stesso\u2026<br>per questo Dio lo esalt\u00f2\u2026\u00bb<\/p>\n<\/blockquote>\n\n\n\n<p>Probabilmente veniva recitato nella liturgia.<\/p>\n\n\n\n<hr class=\"wp-block-separator has-alpha-channel-opacity\"\/>\n\n\n\n<h3 class=\"wp-block-heading\"><strong>3. 1 Timoteo 3,16<\/strong><\/h3>\n\n\n\n<blockquote class=\"wp-block-quote is-layout-flow wp-block-quote-is-layout-flow\">\n<p>\u00abEgli \u00e8 stato manifestato nella carne,<br>giustificato nello Spirito\u2026\u00bb<\/p>\n<\/blockquote>\n\n\n\n<p>Un\u2019altra formula ritmica, quasi poetica, chiaramente pensata per essere memorizzata.<\/p>\n\n\n\n<hr class=\"wp-block-separator has-alpha-channel-opacity\"\/>\n\n\n\n<h3 class=\"wp-block-heading\"><strong>4. Apocalisse 22,20<\/strong><\/h3>\n\n\n\n<blockquote class=\"wp-block-quote is-layout-flow wp-block-quote-is-layout-flow\">\n<p>\u00abVieni, Signore Ges\u00f9!\u00bb<\/p>\n<\/blockquote>\n\n\n\n<p>Una preghiera breve, ardente e profondamente escatologica.<\/p>\n\n\n\n<hr class=\"wp-block-separator has-alpha-channel-opacity\"\/>\n\n\n\n<h2 class=\"wp-block-heading\"><strong>Dimensione teologica: una fede proclamata, non solo pensata<\/strong><\/h2>\n\n\n\n<p>Le formule orali ci insegnano qualcosa di essenziale:<\/p>\n\n\n\n<p>\ud83d\udc49 <strong>La fede cristiana non \u00e8 solo intellettuale, \u00e8 confessata<\/strong><\/p>\n\n\n\n<p>Non basta credere nel cuore. Bisogna <strong>proclamare con la bocca<\/strong>.<\/p>\n\n\n\n<p>Come dice la Scrittura:<\/p>\n\n\n\n<blockquote class=\"wp-block-quote is-layout-flow wp-block-quote-is-layout-flow\">\n<p>\u00abHo creduto, perci\u00f2 ho parlato\u00bb (2 Corinzi 4,13)<\/p>\n<\/blockquote>\n\n\n\n<p>La parola ha potere.<br>La confessione trasforma.<br>La proclamazione evangelizza.<\/p>\n\n\n\n<hr class=\"wp-block-separator has-alpha-channel-opacity\"\/>\n\n\n\n<h2 class=\"wp-block-heading\"><strong>La liturgia: il luogo naturale delle formule<\/strong><\/h2>\n\n\n\n<p>Queste formule non erano solo strumenti di insegnamento: erano <strong>preghiera viva<\/strong>.<\/p>\n\n\n\n<p>Infatti, molte di esse sopravvivono ancora oggi nella liturgia:<\/p>\n\n\n\n<ul class=\"wp-block-list\">\n<li>Il <strong>Credo<\/strong> \u00e8 un\u2019evoluzione di queste formule<\/li>\n\n\n\n<li>L\u2019<strong>\u00abAmen\u00bb, \u00abAlleluia\u00bb, \u00abKyrie eleison\u00bb<\/strong><\/li>\n\n\n\n<li>Le acclamazioni eucaristiche<\/li>\n<\/ul>\n\n\n\n<p>La Chiesa non ha inventato il suo linguaggio dal nulla.<br>Lo ha ricevuto\u2026 custodito\u2026 sviluppato.<\/p>\n\n\n\n<hr class=\"wp-block-separator has-alpha-channel-opacity\"\/>\n\n\n\n<h2 class=\"wp-block-heading\"><strong>Applicazione pratica: cosa significa per te oggi?<\/strong><\/h2>\n\n\n\n<p>In un mondo in cui tutto cambia continuamente, le formule orali offrono:<\/p>\n\n\n\n<h3 class=\"wp-block-heading\"><strong>1. Un ancoraggio nella verit\u00e0<\/strong><\/h3>\n\n\n\n<p>Ripetere \u00abGes\u00f9 \u00e8 il Signore\u00bb non \u00e8 automatico. \u00c8 <strong>ricordare chi governa la tua vita<\/strong>.<\/p>\n\n\n\n<hr class=\"wp-block-separator has-alpha-channel-opacity\"\/>\n\n\n\n<h3 class=\"wp-block-heading\"><strong>2. Una preghiera semplice ma profonda<\/strong><\/h3>\n\n\n\n<p>Non hai bisogno di parole complicate.<br>Una formula ben pregata pu\u00f2 trasformare la tua anima.<\/p>\n\n\n\n<hr class=\"wp-block-separator has-alpha-channel-opacity\"\/>\n\n\n\n<h3 class=\"wp-block-heading\"><strong>3. Difesa della fede<\/strong><\/h3>\n\n\n\n<p>Nei momenti di dubbio, queste formule sono come <strong>colonne solide<\/strong>.<\/p>\n\n\n\n<hr class=\"wp-block-separator has-alpha-channel-opacity\"\/>\n\n\n\n<h3 class=\"wp-block-heading\"><strong>4. Evangelizzazione diretta<\/strong><\/h3>\n\n\n\n<p>Una sola frase pu\u00f2 toccare un cuore pi\u00f9 di un intero discorso.<\/p>\n\n\n\n<hr class=\"wp-block-separator has-alpha-channel-opacity\"\/>\n\n\n\n<h2 class=\"wp-block-heading\"><strong>Un invito finale: tornare all\u2019essenziale<\/strong><\/h2>\n\n\n\n<p>Le prime comunit\u00e0 cristiane non avevano grandi templi, n\u00e9 biblioteche, n\u00e9 strutture complesse.<\/p>\n\n\n\n<p>Avevano qualcosa di molto pi\u00f9 potente:<\/p>\n\n\n\n<p>\ud83d\udc49 <strong>Una fede viva, proclamata con parole semplici e ardenti<\/strong><\/p>\n\n\n\n<p>Oggi puoi fare lo stesso.<\/p>\n\n\n\n<p>Inizia con qualcosa di semplice:<\/p>\n\n\n\n<ul class=\"wp-block-list\">\n<li>\u00abGes\u00f9 \u00e8 il Signore\u00bb<\/li>\n\n\n\n<li>\u00abSignore, abbi piet\u00e0\u00bb<\/li>\n\n\n\n<li>\u00abVieni, Signore Ges\u00f9\u00bb<\/li>\n<\/ul>\n\n\n\n<p>Ripetilo. Credilo. Vivilo.<\/p>\n\n\n\n<p>Perch\u00e9, come agli inizi del cristianesimo,<br><strong>la fede entra ancora dall\u2019udito\u2026 ma si accende nel cuore.<\/strong><\/p>\n","protected":false},"excerpt":{"rendered":"<p>Introduzione: quando la fede si trasmette di bocca in bocca Prima che i Vangeli fossero scritti, prima ancora che le prime comunit\u00e0 cristiane avessero testi organizzati, esisteva gi\u00e0 qualcosa di vivo, vibrante e profondamente trasformante: le formule orali. Non erano semplici frasi. Erano confessioni di fede, proclamazioni liturgiche, sintesi teologiche che condensavano in poche parole &hellip;<\/p>\n","protected":false},"author":3,"featured_media":5644,"comment_status":"closed","ping_status":"closed","sticky":false,"template":"","format":"standard","meta":{"_seopress_robots_primary_cat":"","_seopress_titles_title":"","_seopress_titles_desc":"","_seopress_robots_index":"","footnotes":""},"categories":[43,37],"tags":[2009],"class_list":["post-5643","post","type-post","status-publish","format-standard","has-post-thumbnail","","category-catechismo-della-chiesa-cattolica","category-dottrina-e-fede","tag-formule-orali"],"_links":{"self":[{"href":"https:\/\/catholicus.eu\/it\/wp-json\/wp\/v2\/posts\/5643","targetHints":{"allow":["GET"]}}],"collection":[{"href":"https:\/\/catholicus.eu\/it\/wp-json\/wp\/v2\/posts"}],"about":[{"href":"https:\/\/catholicus.eu\/it\/wp-json\/wp\/v2\/types\/post"}],"author":[{"embeddable":true,"href":"https:\/\/catholicus.eu\/it\/wp-json\/wp\/v2\/users\/3"}],"replies":[{"embeddable":true,"href":"https:\/\/catholicus.eu\/it\/wp-json\/wp\/v2\/comments?post=5643"}],"version-history":[{"count":1,"href":"https:\/\/catholicus.eu\/it\/wp-json\/wp\/v2\/posts\/5643\/revisions"}],"predecessor-version":[{"id":5645,"href":"https:\/\/catholicus.eu\/it\/wp-json\/wp\/v2\/posts\/5643\/revisions\/5645"}],"wp:featuredmedia":[{"embeddable":true,"href":"https:\/\/catholicus.eu\/it\/wp-json\/wp\/v2\/media\/5644"}],"wp:attachment":[{"href":"https:\/\/catholicus.eu\/it\/wp-json\/wp\/v2\/media?parent=5643"}],"wp:term":[{"taxonomy":"category","embeddable":true,"href":"https:\/\/catholicus.eu\/it\/wp-json\/wp\/v2\/categories?post=5643"},{"taxonomy":"post_tag","embeddable":true,"href":"https:\/\/catholicus.eu\/it\/wp-json\/wp\/v2\/tags?post=5643"}],"curies":[{"name":"wp","href":"https:\/\/api.w.org\/{rel}","templated":true}]}}