{"id":5628,"date":"2026-04-03T09:41:10","date_gmt":"2026-04-03T07:41:10","guid":{"rendered":"https:\/\/catholicus.eu\/it\/?p=5628"},"modified":"2026-04-03T09:41:11","modified_gmt":"2026-04-03T07:41:11","slug":"cristo-di-mena-il-volto-della-buona-morte-che-sfida-la-paura-moderna","status":"publish","type":"post","link":"https:\/\/catholicus.eu\/it\/cristo-di-mena-il-volto-della-buona-morte-che-sfida-la-paura-moderna\/","title":{"rendered":"Cristo di Mena: il volto della Buona Morte che sfida la paura moderna"},"content":{"rendered":"\n<h2 class=\"wp-block-heading\">Il Crocifisso che ci insegna a morire\u2026 per imparare a vivere<\/h2>\n\n\n\n<p>In un\u2019epoca segnata dalla paura della morte, dal rifiuto della sofferenza e dall\u2019ossessione di prolungare la vita a qualsiasi costo, emerge con forza un\u2019immagine profondamente controculturale: il <strong>Cristo della Buona Morte<\/strong>, conosciuto popolarmente come il <strong>Cristo di Mena<\/strong>.<\/p>\n\n\n\n<p>Non \u00e8 solo una scultura. Non \u00e8 solo una tradizione della Settimana Santa. \u00c8, in realt\u00e0, una catechesi viva, una predicazione silenziosa che attraversa le generazioni e che oggi, pi\u00f9 che mai, ha bisogno di essere riscoperta.<\/p>\n\n\n\n<p>Perch\u00e9 parlare di \u201cbuona morte\u201d nel XXI secolo suona scomodo\u2026 ma profondamente necessario.<\/p>\n\n\n\n<hr class=\"wp-block-separator has-alpha-channel-opacity\"\/>\n\n\n\n<h2 class=\"wp-block-heading\">1. Storia: tra devozione, tragedia e restaurazione<\/h2>\n\n\n\n<p>L\u2019immagine originale del Cristo della Buona Morte \u00e8 attribuita al grande scultore barocco Pedro de Mena, uno dei pi\u00f9 importanti maestri dell\u2019arte sacra spagnola del XVII secolo.<\/p>\n\n\n\n<p>Quella scultura, di straordinaria bellezza e serenit\u00e0, rappresentava Cristo gi\u00e0 morto sulla croce, con il corpo abbandonato e l\u2019anima affidata al Padre.<\/p>\n\n\n\n<p>Tuttavia, la storia di questa devozione non \u00e8 stata priva di sofferenze:<\/p>\n\n\n\n<ul class=\"wp-block-list\">\n<li>L\u2019immagine originale fu distrutta durante i disordini del 1931 in Spagna.<\/li>\n\n\n\n<li>Anni dopo, lo scultore Francisco Palma Burgos realizz\u00f2 l\u2019attuale immagine, conservando lo spirito dell\u2019originale.<\/li>\n\n\n\n<li>La devozione fu profondamente accolta dalla Legione Spagnola, che ogni anno \u00e8 protagonista di uno dei momenti pi\u00f9 emblematici della Settimana Santa di M\u00e1laga: il trasferimento e l\u2019intronizzazione del Cristo.<\/li>\n<\/ul>\n\n\n\n<p>Questo legame con la Legione non \u00e8 casuale. \u00c8 profondamente simbolico: uomini preparati alla morte che trovano in Cristo il senso ultimo della loro donazione.<\/p>\n\n\n\n<hr class=\"wp-block-separator has-alpha-channel-opacity\"\/>\n\n\n\n<h2 class=\"wp-block-heading\">2. Che cosa significa \u201cBuona Morte\u201d? Una chiave teologica dimenticata<\/h2>\n\n\n\n<p>Parlare di \u201cbuona morte\u201d pu\u00f2 sembrare strano oggi. Ma nella tradizione cristiana \u00e8 un concetto profondamente ricco.<\/p>\n\n\n\n<p>Non si tratta di morire senza dolore. N\u00e9 di una morte \u201cfacile\u201d.<\/p>\n\n\n\n<p>Si tratta di morire <strong>nella grazia di Dio<\/strong>, riconciliati, fiduciosi, abbandonati nelle sue mani.<\/p>\n\n\n\n<p>Il Cristo di Mena rappresenta proprio questo momento:<\/p>\n\n\n\n<ul class=\"wp-block-list\">\n<li>Cristo \u00e8 spirato.<\/li>\n\n\n\n<li>Non c\u2019\u00e8 dramma esagerato.<\/li>\n\n\n\n<li>Non c\u2019\u00e8 disperazione.<\/li>\n\n\n\n<li>C\u2019\u00e8 <strong>abbandono totale<\/strong>.<\/li>\n<\/ul>\n\n\n\n<p>Come dice il Vangelo:<\/p>\n\n\n\n<blockquote class=\"wp-block-quote is-layout-flow wp-block-quote-is-layout-flow\">\n<p>\u00abPadre, nelle tue mani consegno il mio spirito\u00bb (Vangelo di Luca 23,46)<\/p>\n<\/blockquote>\n\n\n\n<p>Questo \u00e8 il cuore della \u201cbuona morte\u201d: <strong>la fiducia filiale in Dio anche nell\u2019ultimo istante<\/strong>.<\/p>\n\n\n\n<hr class=\"wp-block-separator has-alpha-channel-opacity\"\/>\n\n\n\n<h2 class=\"wp-block-heading\">3. L\u2019estetica teologica del Cristo di Mena<\/h2>\n\n\n\n<p>L\u2019immagine non \u00e8 solo arte. \u00c8 teologia scolpita nel legno.<\/p>\n\n\n\n<p>Ogni dettaglio parla:<\/p>\n\n\n\n<h3 class=\"wp-block-heading\">\u2022 Il corpo senza vita ma sereno<\/h3>\n\n\n\n<p>Non c\u2019\u00e8 tensione estrema. Cristo ha compiuto la sua missione.<br>Questo ci ricorda che la morte, in Cristo, non \u00e8 una sconfitta\u2026 ma un compimento.<\/p>\n\n\n\n<h3 class=\"wp-block-heading\">\u2022 Il capo inclinato<\/h3>\n\n\n\n<p>Non \u00e8 un abbandono disperato, ma <strong>riposo nel Padre<\/strong>.<\/p>\n\n\n\n<h3 class=\"wp-block-heading\">\u2022 L\u2019assenza di drammaticit\u00e0 eccessiva<\/h3>\n\n\n\n<p>A differenza di altri crocifissi, qui domina la pace.<br>\u00c8 un invito a guardare la morte con fede, non con paura.<\/p>\n\n\n\n<hr class=\"wp-block-separator has-alpha-channel-opacity\"\/>\n\n\n\n<h2 class=\"wp-block-heading\">4. Cristo e la morte: una rivoluzione spirituale<\/h2>\n\n\n\n<p>Il grande dramma dell\u2019uomo contemporaneo non \u00e8 solo morire\u2026 ma non sapere per che cosa vive n\u00e9 come morire.<\/p>\n\n\n\n<p>La cultura attuale:<\/p>\n\n\n\n<ul class=\"wp-block-list\">\n<li>Evita di parlare della morte<\/li>\n\n\n\n<li>La nasconde<\/li>\n\n\n\n<li>La medicalizza<\/li>\n\n\n\n<li>La disumanizza<\/li>\n<\/ul>\n\n\n\n<p>Ma Cristo fa esattamente il contrario:<\/p>\n\n\n\n<ul class=\"wp-block-list\">\n<li>La <strong>affronta<\/strong><\/li>\n\n\n\n<li>La <strong>abbraccia<\/strong><\/li>\n\n\n\n<li>La <strong>trasforma<\/strong><\/li>\n<\/ul>\n\n\n\n<p>San Paolo lo esprime con una forza impressionante:<\/p>\n\n\n\n<blockquote class=\"wp-block-quote is-layout-flow wp-block-quote-is-layout-flow\">\n<p>\u00abDov\u2019\u00e8, o morte, la tua vittoria?\u00bb (Prima Lettera ai Corinzi 15,55)<\/p>\n<\/blockquote>\n\n\n\n<p>Il Cristo della Buona Morte non nega la morte.<br>La <strong>redime<\/strong>.<\/p>\n\n\n\n<figure class=\"wp-block-embed aligncenter is-type-video is-provider-youtube wp-block-embed-youtube wp-embed-aspect-16-9 wp-has-aspect-ratio\"><div class=\"wp-block-embed__wrapper\">\n<iframe loading=\"lazy\" title=\"Legionarios cantando El Novio de la Muerte - Semana Santa de M\u00e1laga 2016\" width=\"618\" height=\"348\" src=\"https:\/\/www.youtube.com\/embed\/8XULTHbK5z8?feature=oembed\" frameborder=\"0\" allow=\"accelerometer; autoplay; clipboard-write; encrypted-media; gyroscope; picture-in-picture; web-share\" referrerpolicy=\"strict-origin-when-cross-origin\" allowfullscreen><\/iframe>\n<\/div><\/figure>\n\n\n\n<hr class=\"wp-block-separator has-alpha-channel-opacity\"\/>\n\n\n\n<h2 class=\"wp-block-heading\">5. La Legione e il Cristo: spiritualit\u00e0 del sacrificio<\/h2>\n\n\n\n<p>Il legame tra la Legione Spagnola e il Cristo di Mena \u00e8 profondamente spirituale.<\/p>\n\n\n\n<p>Il celebre inno <em>\u00abIl Fidanzato della Morte\u00bb<\/em> non \u00e8 una glorificazione superficiale della morte, ma un\u2019espressione \u2014 sebbene imperfetta \u2014 di una verit\u00e0 cristiana:<\/p>\n\n\n\n<blockquote class=\"wp-block-quote is-layout-flow wp-block-quote-is-layout-flow\">\n<p>La vita trova la sua pienezza quando viene donata.<\/p>\n<\/blockquote>\n\n\n\n<p>I legionari, portando il Cristo, ci ricordano qualcosa di essenziale:<\/p>\n\n\n\n<ul class=\"wp-block-list\">\n<li>La morte non \u00e8 la fine se c\u2019\u00e8 amore<\/li>\n\n\n\n<li>Il sacrificio ha senso quando \u00e8 unito a Cristo<\/li>\n\n\n\n<li>Il dono di s\u00e9 trasforma la paura in missione<\/li>\n<\/ul>\n\n\n\n<hr class=\"wp-block-separator has-alpha-channel-opacity\"\/>\n\n\n\n<h2 class=\"wp-block-heading\">6. Applicazioni pratiche: imparare a vivere bene\u2026 per morire bene<\/h2>\n\n\n\n<p>Qui si trova il cuore pastorale del Cristo della Buona Morte.<\/p>\n\n\n\n<p>Non si tratta di ossessionarsi con la morte.<br>Si tratta di <strong>vivere in modo tale da non temere di morire<\/strong>.<\/p>\n\n\n\n<h3 class=\"wp-block-heading\">1. Vivere in grazia<\/h3>\n\n\n\n<p>La \u201cbuona morte\u201d inizia oggi:<\/p>\n\n\n\n<ul class=\"wp-block-list\">\n<li>Confessione frequente<\/li>\n\n\n\n<li>Vita sacramentale<\/li>\n\n\n\n<li>Conversione continua<\/li>\n<\/ul>\n\n\n\n<h3 class=\"wp-block-heading\">2. Riconciliarsi<\/h3>\n\n\n\n<p>Non lasciare ferite aperte:<\/p>\n\n\n\n<ul class=\"wp-block-list\">\n<li>Perdonare<\/li>\n\n\n\n<li>Chiedere perdono<\/li>\n\n\n\n<li>Guarire le relazioni<\/li>\n<\/ul>\n\n\n\n<h3 class=\"wp-block-heading\">3. Mettere ordine nella vita<\/h3>\n\n\n\n<p>Chiedersi:<\/p>\n\n\n\n<ul class=\"wp-block-list\">\n<li>Che cosa \u00e8 essenziale?<\/li>\n\n\n\n<li>Che cosa porter\u00f2 davanti a Dio?<\/li>\n<\/ul>\n\n\n\n<h3 class=\"wp-block-heading\">4. Accettare la croce quotidiana<\/h3>\n\n\n\n<p>La sofferenza, unita a Cristo, non distrugge\u2026 trasforma.<\/p>\n\n\n\n<h3 class=\"wp-block-heading\">5. Coltivare la speranza<\/h3>\n\n\n\n<p>Il cristiano non attende la morte\u2026 ma la vita eterna.<\/p>\n\n\n\n<hr class=\"wp-block-separator has-alpha-channel-opacity\"\/>\n\n\n\n<h2 class=\"wp-block-heading\">7. Un messaggio urgente per oggi<\/h2>\n\n\n\n<p>In una societ\u00e0 in cui aumentano:<\/p>\n\n\n\n<ul class=\"wp-block-list\">\n<li>L\u2019eutanasia<\/li>\n\n\n\n<li>La paura della sofferenza<\/li>\n\n\n\n<li>La disperazione<\/li>\n<\/ul>\n\n\n\n<p>Il Cristo della Buona Morte offre una risposta radicalmente diversa:<\/p>\n\n\n\n<ul class=\"wp-block-list\">\n<li>La vita ha senso fino all\u2019ultimo istante<\/li>\n\n\n\n<li>La sofferenza pu\u00f2 essere redentrice<\/li>\n\n\n\n<li>La morte non \u00e8 la fine<\/li>\n<\/ul>\n\n\n\n<p>Non si tratta di cercare la morte\u2026<br>Si tratta di <strong>non temerla quando arriva, perch\u00e9 Cristo l\u2019ha gi\u00e0 vinta<\/strong>.<\/p>\n\n\n\n<hr class=\"wp-block-separator has-alpha-channel-opacity\"\/>\n\n\n\n<h2 class=\"wp-block-heading\">8. Conclusione: guardare il Crocifisso per vincere la paura<\/h2>\n\n\n\n<p>Il Cristo di Mena non lascia indifferente nessuno.<\/p>\n\n\n\n<p>Ci obbliga a porci domande scomode:<\/p>\n\n\n\n<ul class=\"wp-block-list\">\n<li>Sono pronto a morire?<\/li>\n\n\n\n<li>Sto vivendo davvero?<\/li>\n\n\n\n<li>Dove \u00e8 riposta la mia speranza?<\/li>\n<\/ul>\n\n\n\n<p>Ma soprattutto ci offre una certezza:<\/p>\n\n\n\n<p><strong>La morte non ha l\u2019ultima parola.<\/strong><\/p>\n\n\n\n<p>Perch\u00e9 in quel corpo senza vita, inchiodato alla croce, gi\u00e0 pulsa la vittoria della Risurrezione.<\/p>\n\n\n\n<p>E chi impara a morire con Cristo\u2026<br>impara finalmente a vivere.<\/p>\n","protected":false},"excerpt":{"rendered":"<p>Il Crocifisso che ci insegna a morire\u2026 per imparare a vivere In un\u2019epoca segnata dalla paura della morte, dal rifiuto della sofferenza e dall\u2019ossessione di prolungare la vita a qualsiasi costo, emerge con forza un\u2019immagine profondamente controculturale: il Cristo della Buona Morte, conosciuto popolarmente come il Cristo di Mena. Non \u00e8 solo una scultura. Non &hellip;<\/p>\n","protected":false},"author":3,"featured_media":5629,"comment_status":"closed","ping_status":"closed","sticky":false,"template":"","format":"standard","meta":{"_seopress_robots_primary_cat":"","_seopress_titles_title":"","_seopress_titles_desc":"","_seopress_robots_index":"","footnotes":""},"categories":[66,41],"tags":[2004,2003,2005],"class_list":["post-5628","post","type-post","status-publish","format-standard","has-post-thumbnail","","category-cultura-popolare-e-cattolicesimo","category-fede-e-cultura","tag-buona-morte","tag-cristo-di-mena","tag-legione"],"_links":{"self":[{"href":"https:\/\/catholicus.eu\/it\/wp-json\/wp\/v2\/posts\/5628","targetHints":{"allow":["GET"]}}],"collection":[{"href":"https:\/\/catholicus.eu\/it\/wp-json\/wp\/v2\/posts"}],"about":[{"href":"https:\/\/catholicus.eu\/it\/wp-json\/wp\/v2\/types\/post"}],"author":[{"embeddable":true,"href":"https:\/\/catholicus.eu\/it\/wp-json\/wp\/v2\/users\/3"}],"replies":[{"embeddable":true,"href":"https:\/\/catholicus.eu\/it\/wp-json\/wp\/v2\/comments?post=5628"}],"version-history":[{"count":1,"href":"https:\/\/catholicus.eu\/it\/wp-json\/wp\/v2\/posts\/5628\/revisions"}],"predecessor-version":[{"id":5630,"href":"https:\/\/catholicus.eu\/it\/wp-json\/wp\/v2\/posts\/5628\/revisions\/5630"}],"wp:featuredmedia":[{"embeddable":true,"href":"https:\/\/catholicus.eu\/it\/wp-json\/wp\/v2\/media\/5629"}],"wp:attachment":[{"href":"https:\/\/catholicus.eu\/it\/wp-json\/wp\/v2\/media?parent=5628"}],"wp:term":[{"taxonomy":"category","embeddable":true,"href":"https:\/\/catholicus.eu\/it\/wp-json\/wp\/v2\/categories?post=5628"},{"taxonomy":"post_tag","embeddable":true,"href":"https:\/\/catholicus.eu\/it\/wp-json\/wp\/v2\/tags?post=5628"}],"curies":[{"name":"wp","href":"https:\/\/api.w.org\/{rel}","templated":true}]}}