{"id":5619,"date":"2026-04-02T23:28:55","date_gmt":"2026-04-02T21:28:55","guid":{"rendered":"https:\/\/catholicus.eu\/it\/?p=5619"},"modified":"2026-04-02T23:28:55","modified_gmt":"2026-04-02T21:28:55","slug":"il-venerdi-santo-smaschera-la-nostra-fede-seguiamo-cristo-o-lo-ammiriamo-soltanto","status":"publish","type":"post","link":"https:\/\/catholicus.eu\/it\/il-venerdi-santo-smaschera-la-nostra-fede-seguiamo-cristo-o-lo-ammiriamo-soltanto\/","title":{"rendered":"Il Venerd\u00ec Santo smaschera la nostra fede: seguiamo Cristo\u2026 o lo ammiriamo soltanto?"},"content":{"rendered":"\n<p>Ogni anno, il Venerd\u00ec Santo irrompe nelle nostre vite come uno specchio scomodo. Non \u00e8 una celebrazione gioiosa, n\u00e9 un rito vuoto che possiamo attraversare senza essere toccati nel profondo. In fondo, \u00e8 una domanda diretta al cuore: <strong>che tipo di relazione abbiamo davvero con Cristo?<\/strong><\/p>\n\n\n\n<p>Perch\u00e9 esiste una differenza profonda \u2014 anche se spesso impercettibile \u2014 tra <strong>ammirare Ges\u00f9<\/strong> e <strong>seguirlo veramente<\/strong>.<\/p>\n\n\n\n<p>E il Venerd\u00ec Santo, nella sua crudezza, non permette inganni.<\/p>\n\n\n\n<hr class=\"wp-block-separator has-alpha-channel-opacity\"\/>\n\n\n\n<h2 class=\"wp-block-heading\"><strong>1. Il dramma del Venerd\u00ec Santo: pi\u00f9 di un ricordo, un giudizio sulla nostra fede<\/strong><\/h2>\n\n\n\n<p>Il Venerd\u00ec Santo non \u00e8 semplicemente la commemorazione di un\u2019esecuzione ingiusta avvenuta pi\u00f9 di duemila anni fa. \u00c8 la <strong>riattualizzazione viva del mistero della Croce<\/strong>, dove si rivelano contemporaneamente l\u2019amore infinito di Dio e la risposta ambigua dell\u2019uomo.<\/p>\n\n\n\n<p>Nella Passione incontriamo tutti i possibili volti della fede:<\/p>\n\n\n\n<ul class=\"wp-block-list\">\n<li>Coloro che <strong>acclamavano Ges\u00f9<\/strong> nella Domenica delle Palme\u2026 e pochi giorni dopo gridano \u201cCrocifiggilo!\u201d<\/li>\n\n\n\n<li>Coloro che <strong>lo seguono da lontano<\/strong>, come Pietro<\/li>\n\n\n\n<li>Coloro che <strong>lo abbandonano<\/strong>, come la maggior parte dei discepoli<\/li>\n\n\n\n<li>Coloro che <strong>osservano senza agire<\/strong>, come Pilato<\/li>\n\n\n\n<li>E coloro che <strong>rimangono fedeli<\/strong>, come Maria e il discepolo amato<\/li>\n<\/ul>\n\n\n\n<p>Questo mosaico non \u00e8 solo storia. \u00c8 <strong>un ritratto della nostra anima<\/strong>.<\/p>\n\n\n\n<p>Il Vangelo ci offre un chiaro avvertimento:<\/p>\n\n\n\n<blockquote class=\"wp-block-quote is-layout-flow wp-block-quote-is-layout-flow\">\n<p>\u201cNon chiunque mi dice: \u2018Signore, Signore\u2019, entrer\u00e0 nel regno dei cieli, ma colui che fa la volont\u00e0 del Padre mio\u201d (Matteo 7,21)<\/p>\n<\/blockquote>\n\n\n\n<p>Qui sta la chiave: <strong>la fede autentica non \u00e8 semplice ammirazione, ma obbedienza, dono di s\u00e9 e vera sequela<\/strong>.<\/p>\n\n\n\n<hr class=\"wp-block-separator has-alpha-channel-opacity\"\/>\n\n\n\n<h2 class=\"wp-block-heading\"><strong>2. Ammirare Cristo: una fede comoda\u2026 ma insufficiente<\/strong><\/h2>\n\n\n\n<p>Viviamo in un\u2019epoca in cui Ges\u00f9 \u00e8 ampiamente accettato\u2026 purch\u00e9 non disturbi troppo.<\/p>\n\n\n\n<p>Lo si ammira come:<\/p>\n\n\n\n<ul class=\"wp-block-list\">\n<li>Grande maestro morale<\/li>\n\n\n\n<li>Simbolo d\u2019amore<\/li>\n\n\n\n<li>Difensore dei poveri<\/li>\n\n\n\n<li>Figura ispiratrice<\/li>\n<\/ul>\n\n\n\n<p>Ma questo tipo di relazione con Cristo, pur sembrando positivo, pu\u00f2 essere profondamente superficiale.<\/p>\n\n\n\n<p><strong>Ammirare non implica impegnarsi.<\/strong><\/p>\n\n\n\n<p>Possiamo ammirare senza cambiare vita.<br>Possiamo ammirare senza rinunciare al peccato.<br>Possiamo ammirare senza portare la croce.<\/p>\n\n\n\n<p>Ed ecco il pericolo: <strong>una fede ridotta a simpatia \u00e8 una fede che non salva<\/strong>.<\/p>\n\n\n\n<p>Ges\u00f9 stesso lo afferma chiaramente:<\/p>\n\n\n\n<blockquote class=\"wp-block-quote is-layout-flow wp-block-quote-is-layout-flow\">\n<p>\u201cSe qualcuno vuole venire dietro a me, rinneghi se stesso, prenda la sua croce ogni giorno e mi segua\u201d (Luca 9,23)<\/p>\n<\/blockquote>\n\n\n\n<p>Seguire implica:<\/p>\n\n\n\n<ul class=\"wp-block-list\">\n<li>Rinuncia<\/li>\n\n\n\n<li>Conversione<\/li>\n\n\n\n<li>Sacrificio<\/li>\n\n\n\n<li>Fedelt\u00e0 nel nascondimento<\/li>\n<\/ul>\n\n\n\n<p>Non basta commuoversi davanti alla Croce. Bisogna <strong>salirvi con Cristo<\/strong>.<\/p>\n\n\n\n<hr class=\"wp-block-separator has-alpha-channel-opacity\"\/>\n\n\n\n<h2 class=\"wp-block-heading\"><strong>3. Seguire Cristo: una fede che trasforma la vita<\/strong><\/h2>\n\n\n\n<p>Seguire Cristo significa entrare in una relazione reale, viva ed esigente con Lui.<\/p>\n\n\n\n<p>Non \u00e8 un\u2019idea.<br>Non \u00e8 un\u2019emozione passeggera.<br>\u00c8 una decisione quotidiana.<\/p>\n\n\n\n<p>Dal punto di vista teologico, la sequela di Cristo implica partecipare al suo mistero pasquale:<\/p>\n\n\n\n<ul class=\"wp-block-list\">\n<li>Morire al peccato<\/li>\n\n\n\n<li>Vivere per Dio<\/li>\n\n\n\n<li>Configurarsi a Lui<\/li>\n<\/ul>\n\n\n\n<p>San Paolo lo esprime con una radicalit\u00e0 impressionante:<\/p>\n\n\n\n<blockquote class=\"wp-block-quote is-layout-flow wp-block-quote-is-layout-flow\">\n<p>\u201cSono stato crocifisso con Cristo e non vivo pi\u00f9 io, ma Cristo vive in me\u201d (Galati 2,20)<\/p>\n<\/blockquote>\n\n\n\n<p>Questo \u00e8 il cuore della vita cristiana: <strong>la trasformazione interiore<\/strong>.<\/p>\n\n\n\n<p>Il Venerd\u00ec Santo ci ricorda che:<\/p>\n\n\n\n<ul class=\"wp-block-list\">\n<li>Non c\u2019\u00e8 cristianesimo senza la Croce<\/li>\n\n\n\n<li>Non c\u2019\u00e8 vero amore senza sacrificio<\/li>\n\n\n\n<li>Non c\u2019\u00e8 risurrezione senza morte previa<\/li>\n<\/ul>\n\n\n\n<hr class=\"wp-block-separator has-alpha-channel-opacity\"\/>\n\n\n\n<h2 class=\"wp-block-heading\"><strong>4. La Croce oggi: il grande scandalo del nostro tempo<\/strong><\/h2>\n\n\n\n<p>In una societ\u00e0 che fugge il dolore, il sacrificio e ogni forma di limite, la Croce diventa scomoda, persino scandalosa.<\/p>\n\n\n\n<p>Oggi si cerca:<\/p>\n\n\n\n<ul class=\"wp-block-list\">\n<li>Successo senza sforzo<\/li>\n\n\n\n<li>Amore senza impegno<\/li>\n\n\n\n<li>Libert\u00e0 senza verit\u00e0<\/li>\n<\/ul>\n\n\n\n<p>Ma la Croce smonta tutte queste illusioni.<\/p>\n\n\n\n<p>Ci dice che:<\/p>\n\n\n\n<ul class=\"wp-block-list\">\n<li>L\u2019amore autentico <strong>costa<\/strong><\/li>\n\n\n\n<li>La verit\u00e0 <strong>esige<\/strong><\/li>\n\n\n\n<li>Una vita piena passa attraverso il dono di s\u00e9<\/li>\n<\/ul>\n\n\n\n<p>Per questo molti preferiscono un Cristo \u201cadattato\u201d, senza esigenze. Un Cristo che ispira\u2026 ma non trasforma.<\/p>\n\n\n\n<p>Eppure il Venerd\u00ec Santo ci riporta al Cristo reale:<\/p>\n\n\n\n<ul class=\"wp-block-list\">\n<li>Ferito<\/li>\n\n\n\n<li>Rifiutato<\/li>\n\n\n\n<li>Donato fino alla fine<\/li>\n<\/ul>\n\n\n\n<p>Un Cristo che non \u00e8 venuto per piacere, ma per <strong>salvare<\/strong>.<\/p>\n\n\n\n<hr class=\"wp-block-separator has-alpha-channel-opacity\"\/>\n\n\n\n<h2 class=\"wp-block-heading\"><strong>5. Dove siamo noi nella Passione?<\/strong><\/h2>\n\n\n\n<p>Questa \u00e8 la grande domanda pastorale del Venerd\u00ec Santo.<\/p>\n\n\n\n<p>Non basta contemplare la scena.<br>Bisogna <strong>collocarsi dentro di essa<\/strong>.<\/p>\n\n\n\n<p>Siamo come:<\/p>\n\n\n\n<ul class=\"wp-block-list\">\n<li>Pietro, che promette fedelt\u00e0 ma fallisce nella prova?<\/li>\n\n\n\n<li>Pilato, che riconosce la verit\u00e0 ma non agisce?<\/li>\n\n\n\n<li>La folla, trascinata dall\u2019opinione dominante?<\/li>\n\n\n\n<li>O Maria, che rimane fedele nel dolore?<\/li>\n<\/ul>\n\n\n\n<p>La risposta non deve essere teorica. Deve essere <strong>esistenziale<\/strong>.<\/p>\n\n\n\n<p>Perch\u00e9 ogni giorno abbiamo l\u2019opportunit\u00e0 di:<\/p>\n\n\n\n<ul class=\"wp-block-list\">\n<li>Difendere Cristo o rinnegarlo<\/li>\n\n\n\n<li>Scegliere la verit\u00e0 o la comodit\u00e0<\/li>\n\n\n\n<li>Amare fino alla fine\u2026 o ritirarci<\/li>\n<\/ul>\n\n\n\n<hr class=\"wp-block-separator has-alpha-channel-opacity\"\/>\n\n\n\n<h2 class=\"wp-block-heading\"><strong>6. Applicazioni pratiche: vivere il Venerd\u00ec Santo ogni giorno<\/strong><\/h2>\n\n\n\n<p>Il Venerd\u00ec Santo non termina quando usciamo dalla chiesa. Continua nella vita quotidiana.<\/p>\n\n\n\n<h3 class=\"wp-block-heading\"><strong>a) Nella famiglia<\/strong><\/h3>\n\n\n\n<p>Amare quando \u00e8 difficile. Perdonare quando fa male. Rimanere quando sarebbe pi\u00f9 facile andare via.<\/p>\n\n\n\n<h3 class=\"wp-block-heading\"><strong>b) Nel lavoro<\/strong><\/h3>\n\n\n\n<p>Agire con integrit\u00e0, anche quando ha conseguenze. Non tradire la propria coscienza.<\/p>\n\n\n\n<h3 class=\"wp-block-heading\"><strong>c) Nella vita spirituale<\/strong><\/h3>\n\n\n\n<ul class=\"wp-block-list\">\n<li>Pregare anche quando non si sente nulla<\/li>\n\n\n\n<li>Essere fedeli nelle piccole cose<\/li>\n\n\n\n<li>Cercare la volont\u00e0 di Dio sopra la propria<\/li>\n<\/ul>\n\n\n\n<h3 class=\"wp-block-heading\"><strong>d) Nella sofferenza<\/strong><\/h3>\n\n\n\n<p>Accogliere la croce senza disperare, unendola a quella di Cristo.<\/p>\n\n\n\n<p>Come dice la Scrittura:<\/p>\n\n\n\n<blockquote class=\"wp-block-quote is-layout-flow wp-block-quote-is-layout-flow\">\n<p>\u201cSe siamo morti con lui, con lui anche vivremo; se perseveriamo, con lui anche regneremo\u201d (2 Timoteo 2,11-12)<\/p>\n<\/blockquote>\n\n\n\n<hr class=\"wp-block-separator has-alpha-channel-opacity\"\/>\n\n\n\n<h2 class=\"wp-block-heading\"><strong>7. Una fede che passa dall\u2019ammirazione al dono di s\u00e9<\/strong><\/h2>\n\n\n\n<p>Il grande frutto del Venerd\u00ec Santo dovrebbe essere questo: <strong>passare da spettatori a discepoli<\/strong>.<\/p>\n\n\n\n<p>Non basta dire:<\/p>\n\n\n\n<ul class=\"wp-block-list\">\n<li>\u201cQuanto \u00e8 bello il Vangelo\u201d<\/li>\n\n\n\n<li>\u201cChe esempio ammirevole\u201d<\/li>\n<\/ul>\n\n\n\n<p>Bisogna compiere il passo decisivo:<\/p>\n\n\n\n<ul class=\"wp-block-list\">\n<li>\u201cSignore, voglio seguirti davvero\u201d<\/li>\n<\/ul>\n\n\n\n<p>Questo implica:<\/p>\n\n\n\n<ul class=\"wp-block-list\">\n<li>Uscire dalle zone di comfort<\/li>\n\n\n\n<li>Rompere con il peccato<\/li>\n\n\n\n<li>Riordinare le priorit\u00e0<\/li>\n\n\n\n<li>Vivere per Dio e non per se stessi<\/li>\n<\/ul>\n\n\n\n<hr class=\"wp-block-separator has-alpha-channel-opacity\"\/>\n\n\n\n<h2 class=\"wp-block-heading\"><strong>Conclusione: il silenzio della Croce ci interpella<\/strong><\/h2>\n\n\n\n<p>Il Venerd\u00ec Santo termina nel silenzio. Cristo muore. Tutto sembra perduto.<\/p>\n\n\n\n<p>Ma in quel silenzio si nasconde una verit\u00e0 potente:<\/p>\n\n\n\n<p><strong>Dio ha amato fino alla fine. Ora tocca a noi rispondere.<\/strong><\/p>\n\n\n\n<p>La Croce non chiede applausi.<br>Chiede conversione.<\/p>\n\n\n\n<p>Non cerca ammiratori.<br>Cerca discepoli.<\/p>\n\n\n\n<p>E la domanda rimane aperta, diretta, inevitabile:<\/p>\n\n\n\n<p><strong>Quando tutto si oscura, quando seguire Cristo diventa difficile, quando la fede esige\u2026<br>seguiamo Cristo\u2026 o lo ammiriamo soltanto?<\/strong><\/p>\n","protected":false},"excerpt":{"rendered":"<p>Ogni anno, il Venerd\u00ec Santo irrompe nelle nostre vite come uno specchio scomodo. Non \u00e8 una celebrazione gioiosa, n\u00e9 un rito vuoto che possiamo attraversare senza essere toccati nel profondo. In fondo, \u00e8 una domanda diretta al cuore: che tipo di relazione abbiamo davvero con Cristo? Perch\u00e9 esiste una differenza profonda \u2014 anche se spesso &hellip;<\/p>\n","protected":false},"author":3,"featured_media":5620,"comment_status":"closed","ping_status":"closed","sticky":false,"template":"","format":"standard","meta":{"_seopress_robots_primary_cat":"","_seopress_titles_title":"","_seopress_titles_desc":"","_seopress_robots_index":"","footnotes":""},"categories":[66,41],"tags":[826],"class_list":["post-5619","post","type-post","status-publish","format-standard","has-post-thumbnail","","category-cultura-popolare-e-cattolicesimo","category-fede-e-cultura","tag-venerdi-santo"],"_links":{"self":[{"href":"https:\/\/catholicus.eu\/it\/wp-json\/wp\/v2\/posts\/5619","targetHints":{"allow":["GET"]}}],"collection":[{"href":"https:\/\/catholicus.eu\/it\/wp-json\/wp\/v2\/posts"}],"about":[{"href":"https:\/\/catholicus.eu\/it\/wp-json\/wp\/v2\/types\/post"}],"author":[{"embeddable":true,"href":"https:\/\/catholicus.eu\/it\/wp-json\/wp\/v2\/users\/3"}],"replies":[{"embeddable":true,"href":"https:\/\/catholicus.eu\/it\/wp-json\/wp\/v2\/comments?post=5619"}],"version-history":[{"count":1,"href":"https:\/\/catholicus.eu\/it\/wp-json\/wp\/v2\/posts\/5619\/revisions"}],"predecessor-version":[{"id":5621,"href":"https:\/\/catholicus.eu\/it\/wp-json\/wp\/v2\/posts\/5619\/revisions\/5621"}],"wp:featuredmedia":[{"embeddable":true,"href":"https:\/\/catholicus.eu\/it\/wp-json\/wp\/v2\/media\/5620"}],"wp:attachment":[{"href":"https:\/\/catholicus.eu\/it\/wp-json\/wp\/v2\/media?parent=5619"}],"wp:term":[{"taxonomy":"category","embeddable":true,"href":"https:\/\/catholicus.eu\/it\/wp-json\/wp\/v2\/categories?post=5619"},{"taxonomy":"post_tag","embeddable":true,"href":"https:\/\/catholicus.eu\/it\/wp-json\/wp\/v2\/tags?post=5619"}],"curies":[{"name":"wp","href":"https:\/\/api.w.org\/{rel}","templated":true}]}}