{"id":5616,"date":"2026-04-02T22:27:44","date_gmt":"2026-04-02T20:27:44","guid":{"rendered":"https:\/\/catholicus.eu\/it\/?p=5616"},"modified":"2026-04-02T22:27:44","modified_gmt":"2026-04-02T20:27:44","slug":"quando-dio-tacque-il-mistero-piu-frainteso-del-venerdi-santo","status":"publish","type":"post","link":"https:\/\/catholicus.eu\/it\/quando-dio-tacque-il-mistero-piu-frainteso-del-venerdi-santo\/","title":{"rendered":"Quando Dio tacque: il mistero pi\u00f9 frainteso del Venerd\u00ec Santo"},"content":{"rendered":"\n<h2 class=\"wp-block-heading\">Introduzione: il giorno in cui il cielo sembr\u00f2 tacere<\/h2>\n\n\n\n<p>Ci sono momenti nella vita in cui si prega\u2026 e non si riceve risposta. Momenti in cui il dolore stringe, le domande si accumulano e il cielo sembra chiuso.<\/p>\n\n\n\n<p>Questo silenzio sconcerta. Perfino scandalizza.<\/p>\n\n\n\n<p>Ma esiste un giorno nella storia in cui questo silenzio non solo \u00e8 avvenuto\u2026 ma \u00e8 diventato il centro del piano di Dio: <strong>il Venerd\u00ec Santo<\/strong>.<\/p>\n\n\n\n<p>In quel giorno, Dio non parl\u00f2 dal cielo.<br>Non ferm\u00f2 l\u2019ingiustizia.<br>Non imped\u00ec la sofferenza del suo stesso Figlio.<\/p>\n\n\n\n<p>E proprio l\u00ec \u2014 in quel silenzio \u2014 si manifest\u00f2 il pi\u00f9 grande amore mai rivelato.<\/p>\n\n\n\n<p>Questo \u00e8 il mistero che molti non comprendono: <strong>il silenzio di Dio non \u00e8 assenza\u2026 \u00e8 una forma diversa di presenza.<\/strong><\/p>\n\n\n\n<hr class=\"wp-block-separator has-alpha-channel-opacity\"\/>\n\n\n\n<h2 class=\"wp-block-heading\">1. Il silenzio che grida: il Venerd\u00ec Santo nel suo contesto<\/h2>\n\n\n\n<p>Il Venerd\u00ec Santo non \u00e8 semplicemente un ricordo triste. \u00c8 il cuore del cristianesimo.<\/p>\n\n\n\n<p>In questo giorno, la Chiesa contempla la Passione e la morte di Cristo, in cui si compie la redenzione del mondo. Tutto converge qui: la storia di Israele, le profezie, l\u2019Incarnazione\u2026 tutto conduce alla Croce.<\/p>\n\n\n\n<p>E tuttavia, ci\u00f2 che pi\u00f9 sconvolge non \u00e8 la morte in s\u00e9\u2026 ma il modo in cui avviene.<\/p>\n\n\n\n<ul class=\"wp-block-list\">\n<li>Ges\u00f9 \u00e8 condannato ingiustamente<\/li>\n\n\n\n<li>\u00c8 abbandonato da molti<\/li>\n\n\n\n<li>\u00c8 umiliato pubblicamente<\/li>\n\n\n\n<li>E Dio\u2026 tace<\/li>\n<\/ul>\n\n\n\n<p>Non c\u2019\u00e8 alcun intervento divino visibile. Nessun angelo che discende. Nessuna voce che fermi il dramma.<\/p>\n\n\n\n<p>Solo silenzio.<\/p>\n\n\n\n<p>Un silenzio che non \u00e8 vuoto, ma profondamente teologico: <strong>un silenzio pieno di significato redentivo.<\/strong><\/p>\n\n\n\n<hr class=\"wp-block-separator has-alpha-channel-opacity\"\/>\n\n\n\n<h2 class=\"wp-block-heading\">2. \u00abDio mio, Dio mio, perch\u00e9 mi hai abbandonato?\u00bb : la chiave del mistero<\/h2>\n\n\n\n<p>Sulla Croce, Cristo pronuncia una delle frasi pi\u00f9 sconvolgenti di tutta la Scrittura:<\/p>\n\n\n\n<blockquote class=\"wp-block-quote is-layout-flow wp-block-quote-is-layout-flow\">\n<p>\u00abDio mio, Dio mio, perch\u00e9 mi hai abbandonato?\u00bb (Salmo 22,1)<\/p>\n<\/blockquote>\n\n\n\n<p>Questo grido non \u00e8 una disperazione senza senso. \u00c8 preghiera. \u00c8 teologia viva.<\/p>\n\n\n\n<p>Ges\u00f9 sta pregando il <strong>Salmo 22<\/strong>, un salmo che inizia nell\u2019angoscia\u2026 ma termina nella vittoria di Dio.<\/p>\n\n\n\n<p>Che cosa significa?<\/p>\n\n\n\n<h3 class=\"wp-block-heading\">a) Cristo assume il silenzio umano<\/h3>\n\n\n\n<p>Ges\u00f9 entra nell\u2019esperienza pi\u00f9 universale dell\u2019uomo:<br><strong>sentire che Dio \u00e8 lontano.<\/strong><\/p>\n\n\n\n<p>Non finge. Non recita. Lo vive realmente.<\/p>\n\n\n\n<p>Questo ha una profondit\u00e0 immensa:<br>Dio non resta fuori dalla sofferenza umana\u2026 <strong>la abita dall\u2019interno.<\/strong><\/p>\n\n\n\n<h3 class=\"wp-block-heading\">b) Il silenzio non \u00e8 un vero abbandono<\/h3>\n\n\n\n<p>Sebbene Cristo faccia esperienza dell\u2019abbandono, <strong>non c\u2019\u00e8 rottura nella Trinit\u00e0<\/strong>.<\/p>\n\n\n\n<p>Il Padre non smette di amare il Figlio.<br>Il Figlio non smette di confidare nel Padre.<\/p>\n\n\n\n<p>Ci\u00f2 che accade \u00e8 misterioso: Ges\u00f9 porta su di s\u00e9 il peso del peccato del mondo, e questo peccato crea un\u2019esperienza di distanza.<\/p>\n\n\n\n<p>Ma attenzione: <strong>non si tratta di un\u2019assenza ontologica di Dio, bens\u00ec di un\u2019esperienza redentiva dell\u2019abbandono.<\/strong><\/p>\n\n\n\n<hr class=\"wp-block-separator has-alpha-channel-opacity\"\/>\n\n\n\n<h2 class=\"wp-block-heading\">3. Il linguaggio di Dio quando non parla<\/h2>\n\n\n\n<p>Uno degli errori pi\u00f9 comuni oggi \u00e8 pensare che se Dio non parla\u2026 non stia facendo nulla.<\/p>\n\n\n\n<p>Ma la teologia del Venerd\u00ec Santo ci insegna esattamente il contrario:<\/p>\n\n\n\n<blockquote class=\"wp-block-quote is-layout-flow wp-block-quote-is-layout-flow\">\n<p><strong>Dio agisce nel modo pi\u00f9 profondo quando sembra tacere.<\/strong><\/p>\n<\/blockquote>\n\n\n\n<p>Nel Vangelo di Giovanni, alla domanda di Pilato \u00abChe cos\u2019\u00e8 la verit\u00e0?\u00bb, Ges\u00f9 non risponde con parole\u2026 perch\u00e9 Egli stesso \u00e8 la risposta.<\/p>\n\n\n\n<p>Il silenzio di Cristo non \u00e8 debolezza.<br>\u00c8 rivelazione.<\/p>\n\n\n\n<h3 class=\"wp-block-heading\">Il silenzio come linguaggio divino<\/h3>\n\n\n\n<ul class=\"wp-block-list\">\n<li>Nella creazione, Dio parla<\/li>\n\n\n\n<li>Nell\u2019Incarnazione, Dio si fa carne<\/li>\n\n\n\n<li>Sulla Croce\u2026 Dio tace<\/li>\n<\/ul>\n\n\n\n<p>E perch\u00e9?<\/p>\n\n\n\n<p>Perch\u00e9 ci sono verit\u00e0 che non si spiegano\u2026 si contemplano.<\/p>\n\n\n\n<p>La Croce non si comprende con gli argomenti.<br>Si comprende <strong>in ginocchio<\/strong>.<\/p>\n\n\n\n<hr class=\"wp-block-separator has-alpha-channel-opacity\"\/>\n\n\n\n<h2 class=\"wp-block-heading\">4. Il silenzio come forma suprema di amore<\/h2>\n\n\n\n<p>Qui si trova il cuore del mistero:<\/p>\n\n\n\n<p><strong>Dio tace\u2026 perch\u00e9 sta donando tutto.<\/strong><\/p>\n\n\n\n<p>Il silenzio del Venerd\u00ec Santo non \u00e8 passivit\u00e0.<br>\u00c8 <strong>dono totale di s\u00e9<\/strong>.<\/p>\n\n\n\n<p>Secondo la tradizione teologica, questo silenzio rivela fino a dove arriva l\u2019amore di Dio: fino a svuotarsi completamente, fino a \u201cfarsi nulla\u201d per noi.<\/p>\n\n\n\n<p>Non ci sono parole perch\u00e9:<\/p>\n\n\n\n<ul class=\"wp-block-list\">\n<li>L\u2019amore ha gi\u00e0 detto tutto<\/li>\n\n\n\n<li>Il sacrificio ha gi\u00e0 espresso tutto<\/li>\n\n\n\n<li>La Croce ha gi\u00e0 rivelato tutto<\/li>\n<\/ul>\n\n\n\n<p>Il silenzio di Dio \u00e8 il grido pi\u00f9 forte del suo amore.<\/p>\n\n\n\n<hr class=\"wp-block-separator has-alpha-channel-opacity\"\/>\n\n\n\n<h2 class=\"wp-block-heading\">5. Perch\u00e9 Dio tace nella tua vita?<\/h2>\n\n\n\n<p>\u00c8 qui che il mistero smette di essere teorico\u2026 e diventa profondamente personale.<\/p>\n\n\n\n<p>Perch\u00e9 tutti noi, prima o poi, viviamo il nostro \u201cVenerd\u00ec Santo\u201d:<\/p>\n\n\n\n<ul class=\"wp-block-list\">\n<li>Malattia<\/li>\n\n\n\n<li>Perdite<\/li>\n\n\n\n<li>Crisi di fede<\/li>\n\n\n\n<li>Ingiustizie<\/li>\n\n\n\n<li>Preghiere che sembrano senza risposta<\/li>\n<\/ul>\n\n\n\n<p>E allora sorge la domanda:<br><strong>\u00abDov\u2019\u00e8 Dio?\u00bb<\/strong><\/p>\n\n\n\n<p>La risposta cristiana non \u00e8 una spiegazione fredda. \u00c8 una persona: Cristo crocifisso.<\/p>\n\n\n\n<h3 class=\"wp-block-heading\">Tre chiavi per comprendere il tuo \u201csilenzio di Dio\u201d<\/h3>\n\n\n\n<h4 class=\"wp-block-heading\">1. Il silenzio non significa assenza<\/h4>\n\n\n\n<p>Dio non dipende da ci\u00f2 che senti. Pu\u00f2 essere profondamente presente\u2026 anche quando non lo percepisci.<\/p>\n\n\n\n<h4 class=\"wp-block-heading\">2. Il silenzio purifica la tua fede<\/h4>\n\n\n\n<p>Ti insegna a credere non per emozioni\u2026 ma per fiducia.<\/p>\n\n\n\n<h4 class=\"wp-block-heading\">3. Il silenzio ti unisce a Cristo<\/h4>\n\n\n\n<p>Quando soffri nel silenzio, non sei solo:<br><strong>stai partecipando al mistero della Croce.<\/strong><\/p>\n\n\n\n<hr class=\"wp-block-separator has-alpha-channel-opacity\"\/>\n\n\n\n<h2 class=\"wp-block-heading\">6. Applicazioni pratiche: come vivere oggi il silenzio di Dio<\/h2>\n\n\n\n<p>Questo mistero non \u00e8 solo da contemplare\u2026 \u00e8 da vivere.<\/p>\n\n\n\n<h3 class=\"wp-block-heading\">a) Impara a pregare nel silenzio<\/h3>\n\n\n\n<p>Non riempire tutto di parole. Resta. Rimani. Ascolta.<\/p>\n\n\n\n<h3 class=\"wp-block-heading\">b) Non fuggire dalla sofferenza<\/h3>\n\n\n\n<p>Il mondo ti dir\u00e0 di evitarla.<br>Cristo ti insegna a <strong>redimerla<\/strong>.<\/p>\n\n\n\n<h3 class=\"wp-block-heading\">c) Confida anche quando non capisci<\/h3>\n\n\n\n<p>La fede matura non ha bisogno di spiegazioni continue.<\/p>\n\n\n\n<h3 class=\"wp-block-heading\">d) Guarda la Croce ogni giorno<\/h3>\n\n\n\n<p>L\u00ec troverai la risposta a tutte le domande importanti.<\/p>\n\n\n\n<hr class=\"wp-block-separator has-alpha-channel-opacity\"\/>\n\n\n\n<h2 class=\"wp-block-heading\">7. La grande svolta: il silenzio non \u00e8 la fine<\/h2>\n\n\n\n<p>Il Venerd\u00ec Santo non termina sulla Croce.<\/p>\n\n\n\n<p>Il silenzio\u2026 prepara qualcosa.<\/p>\n\n\n\n<p>Il sepolcro \u00e8 silenzioso.<br>Il mondo \u00e8 silenzioso.<br>Dio \u00e8 silenzioso.<\/p>\n\n\n\n<p>Ma questo silenzio \u00e8 <strong>gestazione<\/strong>, non vuoto.<\/p>\n\n\n\n<p>\u00c8 il silenzio prima della Risurrezione.<\/p>\n\n\n\n<hr class=\"wp-block-separator has-alpha-channel-opacity\"\/>\n\n\n\n<h2 class=\"wp-block-heading\">Conclusione: quando Dio tace\u2026 parla pi\u00f9 forte<\/h2>\n\n\n\n<p>Il pi\u00f9 grande errore che puoi commettere \u00e8 interpretare il silenzio di Dio come abbandono.<\/p>\n\n\n\n<p>Il Venerd\u00ec Santo dimostra il contrario:<\/p>\n\n\n\n<ul class=\"wp-block-list\">\n<li>Quando Dio tace\u2026 sta agendo<\/li>\n\n\n\n<li>Quando sembra assente\u2026 \u00e8 pi\u00f9 presente che mai<\/li>\n\n\n\n<li>Quando tutto sembra perduto\u2026 sta salvando il mondo<\/li>\n<\/ul>\n\n\n\n<p>Quindi, la prossima volta che preghi e non senti nulla\u2026<br>non allontanarti.<\/p>\n\n\n\n<p>Rimani.<\/p>\n\n\n\n<p>Perch\u00e9 potresti stare vivendo il momento pi\u00f9 profondo di incontro con Dio.<\/p>\n\n\n\n<p><strong>Il momento in cui non parla\u2026 perch\u00e9 ti ama fino alla fine.<\/strong><\/p>\n","protected":false},"excerpt":{"rendered":"<p>Introduzione: il giorno in cui il cielo sembr\u00f2 tacere Ci sono momenti nella vita in cui si prega\u2026 e non si riceve risposta. Momenti in cui il dolore stringe, le domande si accumulano e il cielo sembra chiuso. Questo silenzio sconcerta. Perfino scandalizza. Ma esiste un giorno nella storia in cui questo silenzio non solo &hellip;<\/p>\n","protected":false},"author":3,"featured_media":5617,"comment_status":"closed","ping_status":"closed","sticky":false,"template":"","format":"standard","meta":{"_seopress_robots_primary_cat":"","_seopress_titles_title":"","_seopress_titles_desc":"","_seopress_robots_index":"","footnotes":""},"categories":[52,38],"tags":[826],"class_list":["post-5616","post","type-post","status-publish","format-standard","has-post-thumbnail","","category-liturgia-e-anno-liturgico","category-storia-e-tradizione","tag-venerdi-santo"],"_links":{"self":[{"href":"https:\/\/catholicus.eu\/it\/wp-json\/wp\/v2\/posts\/5616","targetHints":{"allow":["GET"]}}],"collection":[{"href":"https:\/\/catholicus.eu\/it\/wp-json\/wp\/v2\/posts"}],"about":[{"href":"https:\/\/catholicus.eu\/it\/wp-json\/wp\/v2\/types\/post"}],"author":[{"embeddable":true,"href":"https:\/\/catholicus.eu\/it\/wp-json\/wp\/v2\/users\/3"}],"replies":[{"embeddable":true,"href":"https:\/\/catholicus.eu\/it\/wp-json\/wp\/v2\/comments?post=5616"}],"version-history":[{"count":1,"href":"https:\/\/catholicus.eu\/it\/wp-json\/wp\/v2\/posts\/5616\/revisions"}],"predecessor-version":[{"id":5618,"href":"https:\/\/catholicus.eu\/it\/wp-json\/wp\/v2\/posts\/5616\/revisions\/5618"}],"wp:featuredmedia":[{"embeddable":true,"href":"https:\/\/catholicus.eu\/it\/wp-json\/wp\/v2\/media\/5617"}],"wp:attachment":[{"href":"https:\/\/catholicus.eu\/it\/wp-json\/wp\/v2\/media?parent=5616"}],"wp:term":[{"taxonomy":"category","embeddable":true,"href":"https:\/\/catholicus.eu\/it\/wp-json\/wp\/v2\/categories?post=5616"},{"taxonomy":"post_tag","embeddable":true,"href":"https:\/\/catholicus.eu\/it\/wp-json\/wp\/v2\/tags?post=5616"}],"curies":[{"name":"wp","href":"https:\/\/api.w.org\/{rel}","templated":true}]}}