{"id":5595,"date":"2026-04-01T23:18:15","date_gmt":"2026-04-01T21:18:15","guid":{"rendered":"https:\/\/catholicus.eu\/it\/?p=5595"},"modified":"2026-04-01T23:18:16","modified_gmt":"2026-04-01T21:18:16","slug":"la-lettera-a-tito-larte-di-vivere-la-fede-nel-caos-del-mondo-moderno","status":"publish","type":"post","link":"https:\/\/catholicus.eu\/it\/la-lettera-a-tito-larte-di-vivere-la-fede-nel-caos-del-mondo-moderno\/","title":{"rendered":"La Lettera a Tito: l\u2019arte di vivere la fede nel caos del mondo moderno"},"content":{"rendered":"\n<p>In un tempo come il nostro \u2014 segnato da confusione morale, superficialit\u00e0 e perdita di punti di riferimento \u2014 \u00e8 sorprendente scoprire che gi\u00e0 quasi duemila anni fa esisteva una guida chiara, concreta e profondamente attuale per vivere la fede cristiana nel mezzo di una societ\u00e0 disordinata. Questa guida \u00e8 la <strong>Lettera a Tito<\/strong>, una delle lettere pastorali pi\u00f9 dirette, pratiche ed esigenti del Nuovo Testamento.<\/p>\n\n\n\n<p>Scritta da <strong>San Paolo<\/strong> al suo discepolo <strong>Tito<\/strong>, questa epistola non \u00e8 un trattato astratto, ma un vero manuale di vita cristiana incarnata. Qui non c\u2019\u00e8 spazio per una fede tiepida o meramente intellettuale: Paolo esige coerenza, ordine, virt\u00f9 e testimonianza.<\/p>\n\n\n\n<p>Ed \u00e8 proprio ci\u00f2 di cui oggi abbiamo pi\u00f9 bisogno.<\/p>\n\n\n\n<hr class=\"wp-block-separator has-alpha-channel-opacity\"\/>\n\n\n\n<h2 class=\"wp-block-heading\">\ud83d\udcdc Contesto storico: una Chiesa in territorio ostile<\/h2>\n\n\n\n<p>La lettera \u00e8 indirizzata a Tito, che Paolo aveva lasciato nell\u2019isola di Creta con una missione chiara: organizzare la giovane Chiesa in mezzo a un ambiente culturale difficile.<\/p>\n\n\n\n<p>Creta aveva fama \u2014 gi\u00e0 nell\u2019antichit\u00e0 \u2014 di essere moralmente degradata. Lo stesso Paolo cita un proverbio locale:<\/p>\n\n\n\n<blockquote class=\"wp-block-quote is-layout-flow wp-block-quote-is-layout-flow\">\n<p>\u00abI Cretesi sono sempre bugiardi, cattive bestie, ventri pigri\u00bb (Tito 1,12)<\/p>\n<\/blockquote>\n\n\n\n<p>Non si tratta di un insulto gratuito, ma del riconoscimento che la fede cristiana non nasce in ambienti ideali, bens\u00ec proprio nei contesti di crisi morale.<\/p>\n\n\n\n<h3 class=\"wp-block-heading\">Ti sembra familiare?<\/h3>\n\n\n\n<p>Viviamo in una cultura che:<\/p>\n\n\n\n<ul class=\"wp-block-list\">\n<li>relativizza la verit\u00e0<\/li>\n\n\n\n<li>banalizza il bene e il male<\/li>\n\n\n\n<li>esalta il piacere immediato<\/li>\n\n\n\n<li>diffida dell\u2019autorit\u00e0<\/li>\n<\/ul>\n\n\n\n<p>Esattamente il tipo di mondo in cui Tito doveva operare.<\/p>\n\n\n\n<hr class=\"wp-block-separator has-alpha-channel-opacity\"\/>\n\n\n\n<h2 class=\"wp-block-heading\">\ud83e\udded Il cuore del messaggio: ordine, verit\u00e0 e testimonianza<\/h2>\n\n\n\n<p>La Lettera a Tito ruota attorno a tre grandi pilastri che restano pienamente attuali:<\/p>\n\n\n\n<h3 class=\"wp-block-heading\">1. L\u2019importanza dell\u2019ordine nella Chiesa<\/h3>\n\n\n\n<p>Paolo insiste su qualcosa di fondamentale: la fede non pu\u00f2 essere vissuta senza struttura n\u00e9 autorit\u00e0.<\/p>\n\n\n\n<blockquote class=\"wp-block-quote is-layout-flow wp-block-quote-is-layout-flow\">\n<p>\u00abPer questo ti ho lasciato a Creta: perch\u00e9 tu metta ordine in ci\u00f2 che resta da fare e stabilisca anziani in ogni citt\u00e0\u00bb (Tito 1,5)<\/p>\n<\/blockquote>\n\n\n\n<p>Questo mette in discussione un\u2019idea molto moderna: quella di una spiritualit\u00e0 puramente individuale.<br>No. Nel cristianesimo:<\/p>\n\n\n\n<ul class=\"wp-block-list\">\n<li>c\u2019\u00e8 una dottrina<\/li>\n\n\n\n<li>c\u2019\u00e8 un\u2019autorit\u00e0<\/li>\n\n\n\n<li>c\u2019\u00e8 una comunit\u00e0<\/li>\n<\/ul>\n\n\n\n<p><strong>Applicazione pratica:<\/strong><br>In un mondo che rifiuta ogni autorit\u00e0, il cristiano \u00e8 chiamato a riscoprire l\u2019importanza della Chiesa, dei suoi pastori e della fedelt\u00e0 al Magistero.<\/p>\n\n\n\n<hr class=\"wp-block-separator has-alpha-channel-opacity\"\/>\n\n\n\n<h3 class=\"wp-block-heading\">2. La sana dottrina contro il relativismo<\/h3>\n\n\n\n<p>Paolo mette in guardia con forza contro i falsi maestri:<\/p>\n\n\n\n<blockquote class=\"wp-block-quote is-layout-flow wp-block-quote-is-layout-flow\">\n<p>\u00abVi sono infatti molti ribelli, chiacchieroni e ingannatori\u2026\u00bb (Tito 1,10)<\/p>\n<\/blockquote>\n\n\n\n<p>Non \u00e8 solo un problema del primo secolo. Oggi assistiamo a un\u2019esplosione di:<\/p>\n\n\n\n<ul class=\"wp-block-list\">\n<li>opinioni travestite da verit\u00e0<\/li>\n\n\n\n<li>spiritualit\u00e0 senza Cristo<\/li>\n\n\n\n<li>reinterpretazioni del Vangelo<\/li>\n<\/ul>\n\n\n\n<p>La Lettera a Tito ci ricorda una verit\u00e0 essenziale:<br>\ud83d\udc49 <strong>Non ogni idea religiosa viene da Dio.<\/strong><\/p>\n\n\n\n<p><strong>Applicazione pratica:<\/strong><\/p>\n\n\n\n<ul class=\"wp-block-list\">\n<li>Formarsi nella fede (Catechismo, Scrittura, Tradizione)<\/li>\n\n\n\n<li>Non lasciarsi guidare da \u201cci\u00f2 che sento\u201d<\/li>\n\n\n\n<li>Cercare la verit\u00e0, anche quando \u00e8 scomoda<\/li>\n<\/ul>\n\n\n\n<hr class=\"wp-block-separator has-alpha-channel-opacity\"\/>\n\n\n\n<h3 class=\"wp-block-heading\">3. La coerenza della vita: la fede si dimostra vivendola<\/h3>\n\n\n\n<p>Questo \u00e8 forse il punto pi\u00f9 incisivo della lettera.<\/p>\n\n\n\n<p>Paolo non si accontenta che i cristiani \u201ccredano\u201d. Esige che vivano secondo ci\u00f2 che credono:<\/p>\n\n\n\n<blockquote class=\"wp-block-quote is-layout-flow wp-block-quote-is-layout-flow\">\n<p>\u00abColoro che hanno creduto in Dio si sforzino di dedicarsi alle opere buone\u00bb (Tito 3,8)<\/p>\n<\/blockquote>\n\n\n\n<p>E specifica come ogni gruppo deve vivere:<\/p>\n\n\n\n<ul class=\"wp-block-list\">\n<li>uomini anziani: sobri e saldi<\/li>\n\n\n\n<li>giovani: responsabili<\/li>\n\n\n\n<li>donne: esempio di virt\u00f9<\/li>\n\n\n\n<li>responsabili: irreprensibili<\/li>\n<\/ul>\n\n\n\n<p>Non \u00e8 moralismo: \u00e8 coerenza.<\/p>\n\n\n\n<p><strong>Applicazione pratica:<\/strong><br>Oggi il problema pi\u00f9 grande non \u00e8 l\u2019ateismo\u2026 ma la debole testimonianza dei credenti.<\/p>\n\n\n\n<hr class=\"wp-block-separator has-alpha-channel-opacity\"\/>\n\n\n\n<h2 class=\"wp-block-heading\">\u2728 La grazia: il motore di ogni trasformazione<\/h2>\n\n\n\n<p>Sarebbe un errore pensare che la Lettera a Tito sia solo un elenco di regole. In realt\u00e0, tutto \u00e8 fondato sulla grazia di Dio:<\/p>\n\n\n\n<blockquote class=\"wp-block-quote is-layout-flow wp-block-quote-is-layout-flow\">\n<p>\u00ab\u00c8 apparsa infatti la grazia di Dio, che porta salvezza a tutti gli uomini\u00bb (Tito 2,11)<\/p>\n<\/blockquote>\n\n\n\n<p>Qui si trova il cuore del cristianesimo:<\/p>\n\n\n\n<ul class=\"wp-block-list\">\n<li>Non siamo salvati dalle nostre forze<\/li>\n\n\n\n<li>Ma la grazia <strong>richiede una risposta<\/strong><\/li>\n<\/ul>\n\n\n\n<p>Paolo lo spiega con straordinaria profondit\u00e0:<\/p>\n\n\n\n<blockquote class=\"wp-block-quote is-layout-flow wp-block-quote-is-layout-flow\">\n<p>\u00abEssa ci insegna a rinnegare l\u2019empiet\u00e0\u2026\u00bb (Tito 2,12)<\/p>\n<\/blockquote>\n\n\n\n<p>La grazia non \u00e8 permissiva.<br>La grazia trasforma.<\/p>\n\n\n\n<hr class=\"wp-block-separator has-alpha-channel-opacity\"\/>\n\n\n\n<h2 class=\"wp-block-heading\">\ud83d\udd25 Una chiamata radicale: vivere nel mondo senza essere del mondo<\/h2>\n\n\n\n<p>La Lettera a Tito propone una sfida che oggi suona quasi rivoluzionaria:<\/p>\n\n\n\n<p>\ud83d\udc49 <strong>Essere veramente cristiani in mezzo a una societ\u00e0 che non lo \u00e8.<\/strong><\/p>\n\n\n\n<p>Questo implica:<\/p>\n\n\n\n<ul class=\"wp-block-list\">\n<li>vivere con valori diversi<\/li>\n\n\n\n<li>accettare il disagio<\/li>\n\n\n\n<li>resistere alla pressione culturale<\/li>\n<\/ul>\n\n\n\n<p>Ma significa anche qualcosa di bello:<\/p>\n\n\n\n<ul class=\"wp-block-list\">\n<li>essere luce<\/li>\n\n\n\n<li>essere un punto di riferimento<\/li>\n\n\n\n<li>essere speranza<\/li>\n<\/ul>\n\n\n\n<hr class=\"wp-block-separator has-alpha-channel-opacity\"\/>\n\n\n\n<h2 class=\"wp-block-heading\">\ud83e\udde0 Chiavi teologiche profonde<\/h2>\n\n\n\n<p>Dal punto di vista teologico, questa lettera offre insegnamenti fondamentali:<\/p>\n\n\n\n<h3 class=\"wp-block-heading\">\u2714 Il rapporto tra fede e opere<\/h3>\n\n\n\n<p>Non c\u2019\u00e8 opposizione.<br>La fede autentica produce opere visibili.<\/p>\n\n\n\n<h3 class=\"wp-block-heading\">\u2714 La dimensione comunitaria della salvezza<\/h3>\n\n\n\n<p>Dio non salva individui isolati, ma un popolo.<\/p>\n\n\n\n<h3 class=\"wp-block-heading\">\u2714 La pedagogia della grazia<\/h3>\n\n\n\n<p>La grazia non solo perdona: educa, trasforma ed eleva.<\/p>\n\n\n\n<h3 class=\"wp-block-heading\">\u2714 L\u2019autorit\u00e0 come servizio<\/h3>\n\n\n\n<p>I responsabili non dominano: guidano con l\u2019esempio.<\/p>\n\n\n\n<hr class=\"wp-block-separator has-alpha-channel-opacity\"\/>\n\n\n\n<h2 class=\"wp-block-heading\">\ud83c\udfe1 Applicazioni pratiche per la vita quotidiana<\/h2>\n\n\n\n<p>Come vivere oggi la Lettera a Tito?<\/p>\n\n\n\n<h3 class=\"wp-block-heading\">1. Metti ordine nella tua vita spirituale<\/h3>\n\n\n\n<ul class=\"wp-block-list\">\n<li>Stabilisci tempi di preghiera<\/li>\n\n\n\n<li>Sii costante nei sacramenti<\/li>\n\n\n\n<li>Cerca una guida spirituale<\/li>\n<\/ul>\n\n\n\n<h3 class=\"wp-block-heading\">2. Formati nella verit\u00e0<\/h3>\n\n\n\n<ul class=\"wp-block-list\">\n<li>Leggi la Bibbia in profondit\u00e0<\/li>\n\n\n\n<li>Studia il Catechismo<\/li>\n\n\n\n<li>Evita contenuti superficiali o confusi<\/li>\n<\/ul>\n\n\n\n<h3 class=\"wp-block-heading\">3. Vivi con coerenza<\/h3>\n\n\n\n<ul class=\"wp-block-list\">\n<li>Lascia che la tua vita rifletta la tua fede<\/li>\n\n\n\n<li>Sii onesto, anche quando \u00e8 difficile<\/li>\n\n\n\n<li>Cura le tue parole, decisioni e relazioni<\/li>\n<\/ul>\n\n\n\n<h3 class=\"wp-block-heading\">4. Pratica le opere buone<\/h3>\n\n\n\n<ul class=\"wp-block-list\">\n<li>Aiuta senza aspettarti riconoscimento<\/li>\n\n\n\n<li>Servi nella tua comunit\u00e0<\/li>\n\n\n\n<li>Sii generoso<\/li>\n<\/ul>\n\n\n\n<h3 class=\"wp-block-heading\">5. Accetta la lotta spirituale<\/h3>\n\n\n\n<ul class=\"wp-block-list\">\n<li>Non tutto sar\u00e0 facile<\/li>\n\n\n\n<li>La fedelt\u00e0 richiede impegno<\/li>\n\n\n\n<li>Ma porta anche pienezza<\/li>\n<\/ul>\n\n\n\n<hr class=\"wp-block-separator has-alpha-channel-opacity\"\/>\n\n\n\n<h2 class=\"wp-block-heading\">\ud83c\udf0d Una lettera pi\u00f9 attuale che mai<\/h2>\n\n\n\n<p>La Lettera a Tito non \u00e8 un testo antico senza rilevanza. \u00c8, in realt\u00e0, uno specchio del nostro tempo.<\/p>\n\n\n\n<p>Ci dice chiaramente:<\/p>\n\n\n\n<ul class=\"wp-block-list\">\n<li>che il mondo pu\u00f2 essere disordinato<\/li>\n\n\n\n<li>che la verit\u00e0 pu\u00f2 essere rifiutata<\/li>\n\n\n\n<li>che la fede pu\u00f2 essere ridicolizzata<\/li>\n<\/ul>\n\n\n\n<p>Ma ci ricorda anche una verit\u00e0 essenziale:<\/p>\n\n\n\n<p>\ud83d\udc49 <strong>\u00c8 possibile vivere una vita santa in mezzo al caos.<\/strong><\/p>\n\n\n\n<hr class=\"wp-block-separator has-alpha-channel-opacity\"\/>\n\n\n\n<h2 class=\"wp-block-heading\">\ud83d\ude4f Conclusione: un invito all\u2019autenticit\u00e0<\/h2>\n\n\n\n<p>La Lettera a Tito \u00e8 scomoda\u2026 perch\u00e9 \u00e8 esigente.<br>Ma \u00e8 anche liberante\u2026 perch\u00e9 \u00e8 vera.<\/p>\n\n\n\n<p>Ci invita a lasciare alle spalle:<\/p>\n\n\n\n<ul class=\"wp-block-list\">\n<li>una fede superficiale<\/li>\n\n\n\n<li>l\u2019incoerenza<\/li>\n\n\n\n<li>la mediocrit\u00e0 spirituale<\/li>\n<\/ul>\n\n\n\n<p>E ci chiama a qualcosa di molto pi\u00f9 grande:<\/p>\n\n\n\n<p>\ud83d\udc49 <strong>Una vita cristiana autentica, coraggiosa e trasformante.<\/strong><\/p>\n\n\n\n<p>In un mondo che ha disperatamente bisogno di veri testimoni, la domanda non \u00e8 se questa lettera sia ancora attuale.<\/p>\n\n\n\n<p>La domanda \u00e8:<\/p>\n\n\n\n<p><strong>Siamo disposti a viverla?<\/strong><\/p>\n","protected":false},"excerpt":{"rendered":"<p>In un tempo come il nostro \u2014 segnato da confusione morale, superficialit\u00e0 e perdita di punti di riferimento \u2014 \u00e8 sorprendente scoprire che gi\u00e0 quasi duemila anni fa esisteva una guida chiara, concreta e profondamente attuale per vivere la fede cristiana nel mezzo di una societ\u00e0 disordinata. Questa guida \u00e8 la Lettera a Tito, una &hellip;<\/p>\n","protected":false},"author":3,"featured_media":5596,"comment_status":"closed","ping_status":"closed","sticky":false,"template":"","format":"standard","meta":{"_seopress_robots_primary_cat":"","_seopress_titles_title":"","_seopress_titles_desc":"","_seopress_robots_index":"","footnotes":""},"categories":[37,45],"tags":[2001],"class_list":["post-5595","post","type-post","status-publish","format-standard","has-post-thumbnail","","category-dottrina-e-fede","category-sacra-scrittura","tag-tito"],"_links":{"self":[{"href":"https:\/\/catholicus.eu\/it\/wp-json\/wp\/v2\/posts\/5595","targetHints":{"allow":["GET"]}}],"collection":[{"href":"https:\/\/catholicus.eu\/it\/wp-json\/wp\/v2\/posts"}],"about":[{"href":"https:\/\/catholicus.eu\/it\/wp-json\/wp\/v2\/types\/post"}],"author":[{"embeddable":true,"href":"https:\/\/catholicus.eu\/it\/wp-json\/wp\/v2\/users\/3"}],"replies":[{"embeddable":true,"href":"https:\/\/catholicus.eu\/it\/wp-json\/wp\/v2\/comments?post=5595"}],"version-history":[{"count":1,"href":"https:\/\/catholicus.eu\/it\/wp-json\/wp\/v2\/posts\/5595\/revisions"}],"predecessor-version":[{"id":5597,"href":"https:\/\/catholicus.eu\/it\/wp-json\/wp\/v2\/posts\/5595\/revisions\/5597"}],"wp:featuredmedia":[{"embeddable":true,"href":"https:\/\/catholicus.eu\/it\/wp-json\/wp\/v2\/media\/5596"}],"wp:attachment":[{"href":"https:\/\/catholicus.eu\/it\/wp-json\/wp\/v2\/media?parent=5595"}],"wp:term":[{"taxonomy":"category","embeddable":true,"href":"https:\/\/catholicus.eu\/it\/wp-json\/wp\/v2\/categories?post=5595"},{"taxonomy":"post_tag","embeddable":true,"href":"https:\/\/catholicus.eu\/it\/wp-json\/wp\/v2\/tags?post=5595"}],"curies":[{"name":"wp","href":"https:\/\/api.w.org\/{rel}","templated":true}]}}