{"id":5583,"date":"2026-03-30T22:47:49","date_gmt":"2026-03-30T20:47:49","guid":{"rendered":"https:\/\/catholicus.eu\/it\/?p=5583"},"modified":"2026-03-30T22:47:50","modified_gmt":"2026-03-30T20:47:50","slug":"getsemani-quattro-racconti-una-sola-agonia-perche-gesu-prega-in-modo-diverso","status":"publish","type":"post","link":"https:\/\/catholicus.eu\/it\/getsemani-quattro-racconti-una-sola-agonia-perche-gesu-prega-in-modo-diverso\/","title":{"rendered":"Getsemani: quattro racconti, una sola agonia\u2026 perch\u00e9 Ges\u00f9 prega in modo diverso?"},"content":{"rendered":"\n<h2 class=\"wp-block-heading\">Il mistero che sconvolge\u2026 e trasforma<\/h2>\n\n\n\n<p>Ci sono scene del Vangelo che si comprendono\u2026 e altre che si devono semplicemente <strong>contemplare in silenzio<\/strong>. Getsemani appartiene a queste.<\/p>\n\n\n\n<p>In quel giardino, nell\u2019oscurit\u00e0 della notte, il Figlio di Dio vive qualcosa che ci scuote: <strong>paura, angoscia, solitudine\u2026 e obbedienza totale al Padre<\/strong>.<\/p>\n\n\n\n<p>Ma quando apriamo i Vangeli, sorge una domanda inquietante:<br>\ud83d\udc49 Perch\u00e9 il Vangelo secondo Matteo, il Vangelo secondo Marco, il Vangelo secondo Luca e il Vangelo secondo Giovanni raccontano questa scena <strong>in modo diverso<\/strong>?<\/p>\n\n\n\n<p>Si contraddicono?<br>Oppure siamo davanti a un mistero pi\u00f9 profondo?<\/p>\n\n\n\n<p>La risposta non solo risolve una difficolt\u00e0 biblica apparente\u2026<br>\ud83d\udc49 <strong>pu\u00f2 cambiare per sempre il tuo modo di pregare.<\/strong><\/p>\n\n\n\n<hr class=\"wp-block-separator has-alpha-channel-opacity\"\/>\n\n\n\n<h1 class=\"wp-block-heading\">1. Getsemani: il luogo dove Dio ha tremato<\/h1>\n\n\n\n<p>Prima di esaminare le differenze, dobbiamo comprendere il contesto.<\/p>\n\n\n\n<p>Getsemani (dall\u2019ebraico <em>gat-\u0161\u0115m\u0101n\u00eem<\/em>, \u201ctorchio per l\u2019olio\u201d) non \u00e8 un luogo qualsiasi. \u00c8 simbolico:<\/p>\n\n\n\n<ul class=\"wp-block-list\">\n<li>L\u00ec si spremono le olive\u2026<\/li>\n\n\n\n<li>L\u00ec <strong>Cristo viene \u201cspremuto\u201d sotto il peso del peccato del mondo<\/strong><\/li>\n<\/ul>\n\n\n\n<p>San Giovanni Paolo II lo ha espresso con forza:<\/p>\n\n\n\n<blockquote class=\"wp-block-quote is-layout-flow wp-block-quote-is-layout-flow\">\n<p>\u00abA Getsemani comincia la Passione interiore di Cristo.\u00bb<\/p>\n<\/blockquote>\n\n\n\n<p>Qui non vediamo miracoli, n\u00e9 folle, n\u00e9 discorsi.<br>Qui vediamo <strong>il Cuore di Cristo messo a nudo<\/strong>.<\/p>\n\n\n\n<hr class=\"wp-block-separator has-alpha-channel-opacity\"\/>\n\n\n\n<h1 class=\"wp-block-heading\">2. I quattro Vangeli: quattro sguardi su un unico abisso<\/h1>\n\n\n\n<h2 class=\"wp-block-heading\">\ud83d\udcd6 Matteo e Marco: l\u2019angoscia che sconvolge<\/h2>\n\n\n\n<p>Nel Vangelo secondo Matteo (26,36-46) e nel Vangelo secondo Marco (14,32-42), troviamo la versione pi\u00f9 cruda.<\/p>\n\n\n\n<p>Ges\u00f9 dice:<\/p>\n\n\n\n<blockquote class=\"wp-block-quote is-layout-flow wp-block-quote-is-layout-flow\">\n<p>\u00abLa mia anima \u00e8 triste fino alla morte.\u00bb<\/p>\n<\/blockquote>\n\n\n\n<p>E supplica:<\/p>\n\n\n\n<blockquote class=\"wp-block-quote is-layout-flow wp-block-quote-is-layout-flow\">\n<p>\u00abPadre mio, se \u00e8 possibile, passi da me questo calice; per\u00f2 non come voglio io, ma come vuoi tu.\u00bb<\/p>\n<\/blockquote>\n\n\n\n<p>Qui vediamo:<\/p>\n\n\n\n<ul class=\"wp-block-list\">\n<li><strong>La vera umanit\u00e0 di Cristo<\/strong><\/li>\n\n\n\n<li>Una sofferenza reale, non simbolica<\/li>\n\n\n\n<li>La lotta interiore tra l\u2019orrore della sofferenza e l\u2019obbedienza<\/li>\n<\/ul>\n\n\n\n<p>Teologicamente, questo \u00e8 fondamentale:<br>\ud83d\udc49 Ges\u00f9 possiede <strong>due volont\u00e0<\/strong> (divina e umana), come definito dal Concilio di Calcedonia.<br>E a Getsemani, la sua volont\u00e0 umana <strong>si sottomette liberamente<\/strong> a quella divina.<\/p>\n\n\n\n<hr class=\"wp-block-separator has-alpha-channel-opacity\"\/>\n\n\n\n<h2 class=\"wp-block-heading\">\ud83d\udcd6 Luca: il medico che descrive il dolore invisibile<\/h2>\n\n\n\n<p>Il racconto del Vangelo secondo Luca (22,39-46) aggiunge due dettagli unici:<\/p>\n\n\n\n<ul class=\"wp-block-list\">\n<li>Un <strong>angelo che lo conforta<\/strong><\/li>\n\n\n\n<li>Il famoso sudore di sangue:<\/li>\n<\/ul>\n\n\n\n<blockquote class=\"wp-block-quote is-layout-flow wp-block-quote-is-layout-flow\">\n<p>\u00abE il suo sudore divent\u00f2 come gocce di sangue che cadevano a terra.\u00bb<\/p>\n<\/blockquote>\n\n\n\n<p>Non \u00e8 linguaggio poetico: \u00e8 ci\u00f2 che oggi la medicina chiama <strong>ematidrosi<\/strong>, un fenomeno estremo causato da un\u2019angoscia intensa.<\/p>\n\n\n\n<p>Luca, medico, ci mostra qualcosa di profondo:<\/p>\n\n\n\n<p>\ud83d\udc49 <strong>Cristo soffre non solo spiritualmente, ma anche fisicamente gi\u00e0 prima della Croce.<\/strong><\/p>\n\n\n\n<p>Introduce per\u00f2 anche una sfumatura importante:<\/p>\n\n\n\n<ul class=\"wp-block-list\">\n<li>Ges\u00f9 appare <strong>pi\u00f9 composto<\/strong><\/li>\n\n\n\n<li>Pi\u00f9 raccolto nella preghiera<\/li>\n\n\n\n<li>Meno drammatico nelle parole, ma ugualmente intenso<\/li>\n<\/ul>\n\n\n\n<hr class=\"wp-block-separator has-alpha-channel-opacity\"\/>\n\n\n\n<h2 class=\"wp-block-heading\">\ud83d\udcd6 Giovanni: il silenzio\u2026 che rivela la gloria<\/h2>\n\n\n\n<p>Il Vangelo secondo Giovanni sorprende\u2026 perch\u00e9 <strong>non narra l\u2019agonia come tale<\/strong>.<\/p>\n\n\n\n<p>Non ci sono:<\/p>\n\n\n\n<ul class=\"wp-block-list\">\n<li>N\u00e9 tristezza esplicita<\/li>\n\n\n\n<li>N\u00e9 sudore di sangue<\/li>\n\n\n\n<li>N\u00e9 supplica riguardo al calice<\/li>\n<\/ul>\n\n\n\n<p>Al suo posto, vediamo un\u2019altra scena:<\/p>\n\n\n\n<p>Quando vengono ad arrestarlo, Ges\u00f9 dice:<\/p>\n\n\n\n<blockquote class=\"wp-block-quote is-layout-flow wp-block-quote-is-layout-flow\">\n<p>\u00abSono io.\u00bb<\/p>\n<\/blockquote>\n\n\n\n<p>E i soldati <strong>indietreggiano e cadono a terra<\/strong> (Gv 18,6).<\/p>\n\n\n\n<p>Che cosa sta facendo Giovanni?<\/p>\n\n\n\n<p>\ud83d\udc49 Mostra che <strong>Cristo non \u00e8 una vittima\u2026 \u00e8 il Signore anche nel momento della sua consegna.<\/strong><\/p>\n\n\n\n<p>Giovanni non nega l\u2019agonia. L\u2019ha gi\u00e0 mostrata prima:<\/p>\n\n\n\n<blockquote class=\"wp-block-quote is-layout-flow wp-block-quote-is-layout-flow\">\n<p>\u00abOra l\u2019anima mia \u00e8 turbata\u00bb (Gv 12,27)<\/p>\n<\/blockquote>\n\n\n\n<p>Ma a Getsemani sottolinea un\u2019altra verit\u00e0:<\/p>\n\n\n\n<p>\ud83d\udc49 <strong>La Passione non \u00e8 una sconfitta, \u00e8 un atto sovrano di amore.<\/strong><\/p>\n\n\n\n<hr class=\"wp-block-separator has-alpha-channel-opacity\"\/>\n\n\n\n<h1 class=\"wp-block-heading\">3. Contraddizione o ricchezza divina?<\/h1>\n\n\n\n<p>Ecco la chiave:<\/p>\n\n\n\n<p>I Vangeli non sono <strong>resoconti giornalistici moderni<\/strong>.<br>Sono <strong>testimonianze ispirate<\/strong> che rivelano diverse dimensioni dello stesso mistero.<\/p>\n\n\n\n<p>Possiamo dire:<\/p>\n\n\n\n<ul class=\"wp-block-list\">\n<li>Matteo e Marco \u2192 il dramma umano<\/li>\n\n\n\n<li>Luca \u2192 la sofferenza medica e spirituale<\/li>\n\n\n\n<li>Giovanni \u2192 la maest\u00e0 divina<\/li>\n<\/ul>\n\n\n\n<p>Non si contraddicono.<br>\ud83d\udc49 <strong>Si completano come le quattro facce di uno stesso diamante.<\/strong><\/p>\n\n\n\n<hr class=\"wp-block-separator has-alpha-channel-opacity\"\/>\n\n\n\n<h1 class=\"wp-block-heading\">4. La teologia profonda di Getsemani<\/h1>\n\n\n\n<p>Getsemani risponde a una domanda essenziale:<\/p>\n\n\n\n<p>\ud83d\udc49 Come salva il mondo Cristo?<\/p>\n\n\n\n<p>Non solo morendo\u2026 ma <strong>obbedendo<\/strong>.<\/p>\n\n\n\n<p>San Paolo di Tarso lo riassume:<\/p>\n\n\n\n<blockquote class=\"wp-block-quote is-layout-flow wp-block-quote-is-layout-flow\">\n<p>\u00abUmili\u00f2 se stesso facendosi obbediente fino alla morte\u00bb (Fil 2,8)<\/p>\n<\/blockquote>\n\n\n\n<p>Il peccato originale fu disobbedienza in un giardino (Eden).<br>La redenzione inizia con l\u2019obbedienza in un altro giardino (Getsemani).<\/p>\n\n\n\n<p>Qui Cristo compie qualcosa di decisivo:<\/p>\n\n\n\n<ul class=\"wp-block-list\">\n<li>Prende su di s\u00e9 il peccato del mondo<\/li>\n\n\n\n<li>Accetta liberamente il calice<\/li>\n\n\n\n<li>Ama fino alla fine<\/li>\n<\/ul>\n\n\n\n<hr class=\"wp-block-separator has-alpha-channel-opacity\"\/>\n\n\n\n<h1 class=\"wp-block-heading\">5. Le visioni mistiche: quando il cielo lascia intravedere la sofferenza<\/h1>\n\n\n\n<p>Alcuni mistici hanno contemplato questa scena con una profondit\u00e0 sconvolgente.<\/p>\n\n\n\n<h2 class=\"wp-block-heading\">\u2728 Anna Caterina Emmerick<\/h2>\n\n\n\n<p>Descrive Ges\u00f9:<\/p>\n\n\n\n<ul class=\"wp-block-list\">\n<li>Che vede <strong>tutti i peccati dell\u2019umanit\u00e0<\/strong><\/li>\n\n\n\n<li>Che soffre non solo fisicamente, ma anche per l\u2019ingratitudine<\/li>\n\n\n\n<li>Consolato\u2026 ma anche <strong>abbandonato dai suoi discepoli<\/strong><\/li>\n<\/ul>\n\n\n\n<p>Parla perfino di un\u2019angoscia cos\u00ec intensa che:<\/p>\n\n\n\n<p>\ud83d\udc49 Cristo sperimenta una sorta di \u201cabbandono anticipato\u201d<\/p>\n\n\n\n<hr class=\"wp-block-separator has-alpha-channel-opacity\"\/>\n\n\n\n<h2 class=\"wp-block-heading\">\u2728 Padre Pio da Pietrelcina<\/h2>\n\n\n\n<p>Visse misticamente la Passione, soprattutto l\u2019agonia interiore.<\/p>\n\n\n\n<p>Diceva:<\/p>\n\n\n\n<blockquote class=\"wp-block-quote is-layout-flow wp-block-quote-is-layout-flow\">\n<p>\u00abA Getsemani si comprende quanto costa salvare un\u2019anima.\u00bb<\/p>\n<\/blockquote>\n\n\n\n<hr class=\"wp-block-separator has-alpha-channel-opacity\"\/>\n\n\n\n<h2 class=\"wp-block-heading\">\u2728 Teresa d\u2019Avila<\/h2>\n\n\n\n<p>Invitava a non fuggire da questa scena:<\/p>\n\n\n\n<p>\ud83d\udc49 \u00abGuardalo nel giardino\u2026 e accompagnalo.\u00bb<\/p>\n\n\n\n<p>Perch\u00e9 l\u00ec impariamo a pregare davvero.<\/p>\n\n\n\n<hr class=\"wp-block-separator has-alpha-channel-opacity\"\/>\n\n\n\n<h1 class=\"wp-block-heading\">6. Applicazione pratica: come pregare nel tuo Getsemani<\/h1>\n\n\n\n<p>Questo non \u00e8 solo un tema da studiare.<br>\u00c8 qualcosa da vivere.<\/p>\n\n\n\n<p>Tutti abbiamo un Getsemani:<\/p>\n\n\n\n<ul class=\"wp-block-list\">\n<li>Una malattia<\/li>\n\n\n\n<li>Un tradimento<\/li>\n\n\n\n<li>Un\u2019angoscia interiore<\/li>\n\n\n\n<li>Una croce che non comprendiamo<\/li>\n<\/ul>\n\n\n\n<p>E l\u00ec spesso preghiamo male:<\/p>\n\n\n\n<ul class=\"wp-block-list\">\n<li>Vogliamo fuggire<\/li>\n\n\n\n<li>Pretendiamo risposte<\/li>\n\n\n\n<li>Perdiamo la pace<\/li>\n<\/ul>\n\n\n\n<p>Cristo ci insegna un\u2019altra via:<\/p>\n\n\n\n<h3 class=\"wp-block-heading\">1. Dire la verit\u00e0 a Dio<\/h3>\n\n\n\n<p>\u00abPadre mio, se \u00e8 possibile\u2026\u00bb<br>\ud83d\udc49 Non reprimere il tuo dolore.<\/p>\n\n\n\n<h3 class=\"wp-block-heading\">2. Non imporre la tua volont\u00e0<\/h3>\n\n\n\n<p>\u00ab\u2026per\u00f2 non come voglio io\u00bb<br>\ud83d\udc49 La fiducia \u00e8 pi\u00f9 grande del sollievo.<\/p>\n\n\n\n<h3 class=\"wp-block-heading\">3. Perseverare nella preghiera<\/h3>\n\n\n\n<p>Ges\u00f9 insiste tre volte.<br>\ud83d\udc49 Non arrenderti.<\/p>\n\n\n\n<h3 class=\"wp-block-heading\">4. Accogliere la consolazione di Dio<\/h3>\n\n\n\n<p>Anche quando arriva in modi inaspettati (come l\u2019angelo in Luca).<\/p>\n\n\n\n<hr class=\"wp-block-separator has-alpha-channel-opacity\"\/>\n\n\n\n<h1 class=\"wp-block-heading\">7. Getsemani oggi: il dramma dell\u2019uomo moderno<\/h1>\n\n\n\n<p>Viviamo in una cultura che fugge dalla sofferenza:<\/p>\n\n\n\n<ul class=\"wp-block-list\">\n<li>Anestesia emotiva<\/li>\n\n\n\n<li>Ricerca costante del piacere<\/li>\n\n\n\n<li>Rifiuto del sacrificio<\/li>\n<\/ul>\n\n\n\n<p>Ma Getsemani ci dice qualcosa di scomodo:<\/p>\n\n\n\n<p>\ud83d\udc49 <strong>Non c\u2019\u00e8 redenzione senza la Croce\u2026 ma non c\u2019\u00e8 Croce senza amore.<\/strong><\/p>\n\n\n\n<p>Cristo non elimina la sofferenza.<br>\ud83d\udc49 <strong>La trasforma dall\u2019interno.<\/strong><\/p>\n\n\n\n<hr class=\"wp-block-separator has-alpha-channel-opacity\"\/>\n\n\n\n<h1 class=\"wp-block-heading\"><strong>Conclusione: il luogo dove impariamo ad amare davvero<\/strong><\/h1>\n\n\n\n<p>Getsemani non \u00e8 solo un preludio alla Croce.<\/p>\n\n\n\n<p>\u00c8 il luogo dove:<\/p>\n\n\n\n<ul class=\"wp-block-list\">\n<li>Cristo decide di salvarti<\/li>\n\n\n\n<li>L\u2019amore vince la paura<\/li>\n\n\n\n<li>L\u2019obbedienza ripara il peccato<\/li>\n<\/ul>\n\n\n\n<p>E dove puoi imparare la preghiera pi\u00f9 difficile\u2026 e pi\u00f9 potente:<\/p>\n\n\n\n<blockquote class=\"wp-block-quote is-layout-flow wp-block-quote-is-layout-flow\">\n<p>\u00abSia fatta la tua volont\u00e0.\u00bb<\/p>\n<\/blockquote>\n\n\n\n<p>Se un giorno non sai cosa dire nella preghiera\u2026<br>se ti senti spezzato dentro\u2026<br>se hai paura del futuro\u2026<\/p>\n\n\n\n<p>\ud83d\udc49 Torna a Getsemani.<\/p>\n\n\n\n<p>E resta l\u00ec.<br>Non per capire tutto\u2026<br>ma per <strong>stare con Lui<\/strong>.<\/p>\n","protected":false},"excerpt":{"rendered":"<p>Il mistero che sconvolge\u2026 e trasforma Ci sono scene del Vangelo che si comprendono\u2026 e altre che si devono semplicemente contemplare in silenzio. Getsemani appartiene a queste. In quel giardino, nell\u2019oscurit\u00e0 della notte, il Figlio di Dio vive qualcosa che ci scuote: paura, angoscia, solitudine\u2026 e obbedienza totale al Padre. Ma quando apriamo i Vangeli, &hellip;<\/p>\n","protected":false},"author":3,"featured_media":5584,"comment_status":"closed","ping_status":"closed","sticky":false,"template":"","format":"standard","meta":{"_seopress_robots_primary_cat":"","_seopress_titles_title":"","_seopress_titles_desc":"","_seopress_robots_index":"","footnotes":""},"categories":[37,45],"tags":[1996],"class_list":["post-5583","post","type-post","status-publish","format-standard","has-post-thumbnail","","category-dottrina-e-fede","category-sacra-scrittura","tag-getsemani"],"_links":{"self":[{"href":"https:\/\/catholicus.eu\/it\/wp-json\/wp\/v2\/posts\/5583","targetHints":{"allow":["GET"]}}],"collection":[{"href":"https:\/\/catholicus.eu\/it\/wp-json\/wp\/v2\/posts"}],"about":[{"href":"https:\/\/catholicus.eu\/it\/wp-json\/wp\/v2\/types\/post"}],"author":[{"embeddable":true,"href":"https:\/\/catholicus.eu\/it\/wp-json\/wp\/v2\/users\/3"}],"replies":[{"embeddable":true,"href":"https:\/\/catholicus.eu\/it\/wp-json\/wp\/v2\/comments?post=5583"}],"version-history":[{"count":1,"href":"https:\/\/catholicus.eu\/it\/wp-json\/wp\/v2\/posts\/5583\/revisions"}],"predecessor-version":[{"id":5585,"href":"https:\/\/catholicus.eu\/it\/wp-json\/wp\/v2\/posts\/5583\/revisions\/5585"}],"wp:featuredmedia":[{"embeddable":true,"href":"https:\/\/catholicus.eu\/it\/wp-json\/wp\/v2\/media\/5584"}],"wp:attachment":[{"href":"https:\/\/catholicus.eu\/it\/wp-json\/wp\/v2\/media?parent=5583"}],"wp:term":[{"taxonomy":"category","embeddable":true,"href":"https:\/\/catholicus.eu\/it\/wp-json\/wp\/v2\/categories?post=5583"},{"taxonomy":"post_tag","embeddable":true,"href":"https:\/\/catholicus.eu\/it\/wp-json\/wp\/v2\/tags?post=5583"}],"curies":[{"name":"wp","href":"https:\/\/api.w.org\/{rel}","templated":true}]}}