{"id":5556,"date":"2026-03-28T22:14:32","date_gmt":"2026-03-28T21:14:32","guid":{"rendered":"https:\/\/catholicus.eu\/it\/?p=5556"},"modified":"2026-03-28T22:14:32","modified_gmt":"2026-03-28T21:14:32","slug":"gloria-laus-e-onore-linno-che-apre-le-porte-del-cuore-a-cristo-re","status":"publish","type":"post","link":"https:\/\/catholicus.eu\/it\/gloria-laus-e-onore-linno-che-apre-le-porte-del-cuore-a-cristo-re\/","title":{"rendered":"GLORIA, LAUS E ONORE: L\u2019INNO CHE APRE LE PORTE DEL CUORE A CRISTO RE"},"content":{"rendered":"\n<p>Ci sono canti che si ascoltano\u2026 e ci sono canti che trafiggono l\u2019anima.<br><em>Gloria, laus et honor<\/em> appartiene alla seconda categoria.<\/p>\n\n\n\n<p>Non \u00e8 solo un inno liturgico. \u00c8 una proclamazione. \u00c8 una processione diventata musica. \u00c8 la voce della Chiesa che, da pi\u00f9 di mille anni, continua a gridare al mondo: <strong>Cristo \u00e8 Re, anche quando entra umilmente, cavalcando un asino!<\/strong><\/p>\n\n\n\n<p>In un tempo in cui la fede si diluisce facilmente nel rumore del mondo, riscoprire il significato profondo di questo inno significa imparare di nuovo <strong>come accogliere Cristo nella propria vita<\/strong>.<\/p>\n\n\n\n<hr class=\"wp-block-separator has-alpha-channel-opacity\"\/>\n\n\n\n<h1 class=\"wp-block-heading\"><strong>1. Che cos\u2019\u00e8 il \u201cGloria, laus et honor\u201d?<\/strong><\/h1>\n\n\n\n<p><em>Gloria, laus et honor tibi sit, Rex Christe, Redemptor<\/em> \u00e8 un inno liturgico cattolico tradizionale, particolarmente legato alla <strong>Domenica delle Palme<\/strong>, momento in cui la Chiesa commemora l\u2019ingresso trionfale di Cristo a Gerusalemme.<\/p>\n\n\n\n<p>Viene cantato durante la processione delle palme, ricordando quell\u2019istante in cui il popolo accolse Ges\u00f9 con gioia, stendendo mantelli e rami:<\/p>\n\n\n\n<blockquote class=\"wp-block-quote is-layout-flow wp-block-quote-is-layout-flow\">\n<p><em>\u00abOsanna! Benedetto colui che viene nel nome del Signore!\u00bb<\/em> (cfr. Matteo 21,9)<\/p>\n<\/blockquote>\n\n\n\n<p>Questo inno non \u00e8 un semplice ricordo storico. \u00c8 un\u2019attualizzazione liturgica:<br><strong>Cristo entra oggi di nuovo nella tua vita\u2026 e tu decidi se accoglierLo o rifiutarLo.<\/strong><\/p>\n\n\n\n<hr class=\"wp-block-separator has-alpha-channel-opacity\"\/>\n\n\n\n<h1 class=\"wp-block-heading\"><strong>2. Origine storica: un inno nato nella prova<\/strong><\/h1>\n\n\n\n<p>L\u2019autore del <em>Gloria, laus et honor<\/em> fu Teodulfo di Orl\u00e9ans, un vescovo del IX secolo di origine ispano-visigota, vissuto sotto il regno di Carlo Magno.<\/p>\n\n\n\n<p>La tradizione racconta che Teodulfo compose questo inno <strong>mentre era in prigione<\/strong>, per ordine di Ludovico il Pio, figlio di Carlo Magno.<\/p>\n\n\n\n<p>Dalla sua cella, in una Domenica delle Palme, sentendo passare la processione sotto la sua finestra, inizi\u00f2 a cantare questo inno. La bellezza e la forza delle sue parole commossero talmente l\u2019imperatore che ordin\u00f2 la sua liberazione.<\/p>\n\n\n\n<p>Al di l\u00e0 dell\u2019esattezza storica del racconto, il messaggio \u00e8 chiaro e profondamente cristiano:<\/p>\n\n\n\n<p>\ud83d\udc49 <strong>La lode a Cristo nasce spesso nel mezzo della sofferenza.<\/strong><br>\ud83d\udc49 <strong>Il vero canto liturgico sgorga da un cuore provato, non superficiale.<\/strong><\/p>\n\n\n\n<hr class=\"wp-block-separator has-alpha-channel-opacity\"\/>\n\n\n\n<h1 class=\"wp-block-heading\"><strong>3. Il testo: teologia cantata<\/strong><\/h1>\n\n\n\n<p>L\u2019inno inizia cos\u00ec:<\/p>\n\n\n\n<blockquote class=\"wp-block-quote is-layout-flow wp-block-quote-is-layout-flow\">\n<p><em>Gloria, laus et honor tibi sit, Rex Christe, Redemptor,<\/em><br><em>cui puerile decus prompsit Hosanna pium.<\/em><\/p>\n<\/blockquote>\n\n\n\n<p>Traduzione:<\/p>\n\n\n\n<blockquote class=\"wp-block-quote is-layout-flow wp-block-quote-is-layout-flow\">\n<p><em>Gloria, lode e onore a Te, Cristo Re, Redentore,<\/em><br><em>a cui i fanciulli devoti offrirono il loro \u201cOsanna\u201d.<\/em><\/p>\n<\/blockquote>\n\n\n\n<h3 class=\"wp-block-heading\"><strong>Chiavi teologiche del testo<\/strong><\/h3>\n\n\n\n<h3 class=\"wp-block-heading\">\u2726 Cristo Re\u2026 ma non come lo intende il mondo<\/h3>\n\n\n\n<p>L\u2019inno insiste nel chiamare Cristo \u201cRe\u201d. Ma non un re politico, bens\u00ec un Re che regna dalla Croce.<\/p>\n\n\n\n<p>Qui emerge un paradosso centrale del cristianesimo:<\/p>\n\n\n\n<p>\ud83d\udc49 <strong>Colui che viene acclamato con le palme sar\u00e0 crocifisso pochi giorni dopo.<\/strong><\/p>\n\n\n\n<p>Questo ci interpella direttamente:<br>Quante volte anche noi acclamiamo Cristo\u2026 per poi rinnegarLo con le nostre azioni?<\/p>\n\n\n\n<hr class=\"wp-block-separator has-alpha-channel-opacity\"\/>\n\n\n\n<h3 class=\"wp-block-heading\">\u2726 I bambini come modello spirituale<\/h3>\n\n\n\n<p>L\u2019inno ricorda che furono i bambini a proclamare l\u2019\u201cOsanna\u201d.<\/p>\n\n\n\n<p>Questo richiama l\u2019insegnamento di Cristo:<\/p>\n\n\n\n<blockquote class=\"wp-block-quote is-layout-flow wp-block-quote-is-layout-flow\">\n<p><em>\u00abSe non diventerete come i bambini, non entrerete nel Regno dei cieli\u00bb<\/em> (Matteo 18,3)<\/p>\n<\/blockquote>\n\n\n\n<p>La liturgia ci dice:<\/p>\n\n\n\n<p>\ud83d\udc49 <strong>La vera lode nasce da un cuore semplice, non da uno sofisticato.<\/strong><\/p>\n\n\n\n<hr class=\"wp-block-separator has-alpha-channel-opacity\"\/>\n\n\n\n<h3 class=\"wp-block-heading\">\u2726 Tutta la creazione loda Cristo<\/h3>\n\n\n\n<p>Nelle sue strofe, l\u2019inno include il popolo ebraico, i discepoli e tutta la creazione.<\/p>\n\n\n\n<p>Questo esprime una profonda verit\u00e0 teologica:<\/p>\n\n\n\n<p>\ud83d\udc49 <strong>Cristo non \u00e8 solo Signore dei credenti, ma di tutta la creazione.<\/strong><\/p>\n\n\n\n<hr class=\"wp-block-separator has-alpha-channel-opacity\"\/>\n\n\n\n<h1 class=\"wp-block-heading\"><strong>4. La Domenica delle Palme: tra gloria e Croce<\/strong><\/h1>\n\n\n\n<p>Il <em>Gloria, laus et honor<\/em> non \u00e8 un canto isolato. Fa parte di una liturgia profondamente pedagogica.<\/p>\n\n\n\n<p>La <strong>Domenica delle Palme<\/strong> \u00e8 segnata da una tensione drammatica:<\/p>\n\n\n\n<ul class=\"wp-block-list\">\n<li>Inizia con la gioia<\/li>\n\n\n\n<li>Termina con la lettura della Passione<\/li>\n<\/ul>\n\n\n\n<p>Cos\u00ec la Chiesa ci insegna:<\/p>\n\n\n\n<p>\ud83d\udc49 <strong>Non c\u2019\u00e8 vera gloria senza la Croce<\/strong><br>\ud83d\udc49 <strong>Non c\u2019\u00e8 Risurrezione senza la Passione<\/strong><\/p>\n\n\n\n<p>Questo inno, quindi, non \u00e8 ingenuo. \u00c8 pienamente consapevole del dramma che sta per arrivare.<\/p>\n\n\n\n<hr class=\"wp-block-separator has-alpha-channel-opacity\"\/>\n\n\n\n<h1 class=\"wp-block-heading\"><strong>5. Curiosit\u00e0 che forse non conosci<\/strong><\/h1>\n\n\n\n<h3 class=\"wp-block-heading\">\u2726 Veniva cantato in alternanza tra coro e popolo<\/h3>\n\n\n\n<p>Tradizionalmente, l\u2019inno veniva eseguito in modo dialogato, simbolo dell\u2019incontro tra Cristo e il suo popolo.<\/p>\n\n\n\n<h3 class=\"wp-block-heading\">\u2726 Veniva cantato davanti a porte chiuse<\/h3>\n\n\n\n<p>In alcuni riti antichi, la processione si fermava davanti alle porte chiuse della chiesa. Il canto diventava come una supplica\u2026 finch\u00e9 le porte non si aprivano.<\/p>\n\n\n\n<p>\ud83d\udc49 <strong>Un simbolo potente:<\/strong><br>Cristo bussa\u2026 e il cuore deve aprirsi.<\/p>\n\n\n\n<blockquote class=\"wp-block-quote is-layout-flow wp-block-quote-is-layout-flow\">\n<p><em>\u00abEcco, sto alla porta e busso\u2026\u00bb<\/em> (Apocalisse 3,20)<\/p>\n<\/blockquote>\n\n\n\n<hr class=\"wp-block-separator has-alpha-channel-opacity\"\/>\n\n\n\n<h3 class=\"wp-block-heading\">\u2726 \u00c8 uno degli inni pi\u00f9 antichi ancora in uso<\/h3>\n\n\n\n<p>Pi\u00f9 di mille anni dopo, viene ancora cantato \u2014 non per nostalgia, ma perch\u00e9 esprime una verit\u00e0 eterna.<\/p>\n\n\n\n<hr class=\"wp-block-separator has-alpha-channel-opacity\"\/>\n\n\n\n<h1 class=\"wp-block-heading\"><strong>6. Applicazione spirituale oggi: come vivere il \u201cGloria, laus\u201d<\/strong><\/h1>\n\n\n\n<p>Qui l\u2019inno smette di essere storia\u2026 e diventa vita.<\/p>\n\n\n\n<h3 class=\"wp-block-heading\"><strong>1. Accogliere Cristo consapevolmente<\/strong><\/h3>\n\n\n\n<p>Non basta \u201ccelebrare\u201d la Domenica delle Palme.<br>La vera domanda \u00e8:<\/p>\n\n\n\n<p>\ud83d\udc49 Sto lasciando entrare Cristo in ogni ambito della mia vita?<\/p>\n\n\n\n<hr class=\"wp-block-separator has-alpha-channel-opacity\"\/>\n\n\n\n<h3 class=\"wp-block-heading\"><strong>2. Evitare una fede superficiale<\/strong><\/h3>\n\n\n\n<p>Lo stesso popolo che gridava \u201cOsanna\u201d grid\u00f2 poi \u201cCrocifiggilo\u201d.<\/p>\n\n\n\n<p>Questo ci mette davanti a una domanda:<\/p>\n\n\n\n<p>\ud83d\udc49 La mia fede dipende dalle emozioni\u2026 o da una decisione ferma?<\/p>\n\n\n\n<hr class=\"wp-block-separator has-alpha-channel-opacity\"\/>\n\n\n\n<h3 class=\"wp-block-heading\"><strong>3. Lodare anche nella difficolt\u00e0<\/strong><\/h3>\n\n\n\n<p>Ricordando Teodulfo:<\/p>\n\n\n\n<p>\ud83d\udc49 <strong>La vera lode non dipende dalle circostanze.<\/strong><\/p>\n\n\n\n<p>Lodare Dio quando tutto va bene \u00e8 facile.<br>Farlo nella prova\u2026 trasforma l\u2019anima.<\/p>\n\n\n\n<hr class=\"wp-block-separator has-alpha-channel-opacity\"\/>\n\n\n\n<h3 class=\"wp-block-heading\"><strong>4. Tornare alla semplicit\u00e0<\/strong><\/h3>\n\n\n\n<p>Il mondo moderno ci spinge verso la complessit\u00e0, il rumore e l\u2019orgoglio.<\/p>\n\n\n\n<p>Il <em>Gloria, laus<\/em> ci ricorda:<\/p>\n\n\n\n<p>\ud83d\udc49 <strong>Dio si lascia trovare dai cuori semplici.<\/strong><\/p>\n\n\n\n<hr class=\"wp-block-separator has-alpha-channel-opacity\"\/>\n\n\n\n<h1 class=\"wp-block-heading\"><strong>7. Un messaggio profondamente attuale<\/strong><\/h1>\n\n\n\n<p>In una societ\u00e0 che ha relativizzato la verit\u00e0, dimenticato la regalit\u00e0 di Cristo e spesso vive lontano da Dio, questo inno \u00e8 quasi controculturale.<\/p>\n\n\n\n<p>Proclamare oggi:<\/p>\n\n\n\n<p>\ud83d\udc49 <strong>\u00abCristo \u00e8 Re\u00bb<\/strong><\/p>\n\n\n\n<p>non \u00e8 solo un\u2019affermazione religiosa\u2026 \u00e8 una dichiarazione di vita.<\/p>\n\n\n\n<p>Significa:<\/p>\n\n\n\n<ul class=\"wp-block-list\">\n<li>Che Lui ha l\u2019ultima parola<\/li>\n\n\n\n<li>Che la sua verit\u00e0 non cambia<\/li>\n\n\n\n<li>Che il suo amore richiede una risposta<\/li>\n<\/ul>\n\n\n\n<hr class=\"wp-block-separator has-alpha-channel-opacity\"\/>\n\n\n\n<h1 class=\"wp-block-heading\"><strong>Conclusione: quando il canto diventa vita<\/strong><\/h1>\n\n\n\n<p>Il <em>Gloria, laus et honor<\/em> non \u00e8 fatto solo per essere cantato una volta all\u2019anno in una processione.<\/p>\n\n\n\n<p>\u00c8 un atteggiamento dell\u2019anima.<\/p>\n\n\n\n<p>\u00c8 dire ogni giorno:<\/p>\n\n\n\n<ul class=\"wp-block-list\">\n<li>Gloria\u2026 anche quando \u00e8 difficile<\/li>\n\n\n\n<li>Lode\u2026 anche nel silenzio<\/li>\n\n\n\n<li>Onore\u2026 anche quando il mondo deride<\/li>\n<\/ul>\n\n\n\n<p>Perch\u00e9 alla fine, la grande domanda non \u00e8 se canti questo inno\u2026<\/p>\n\n\n\n<p>\ud83d\udc49 <strong>La vera domanda \u00e8:<br>Cristo entra davvero nella tua vita come Re\u2026 o solo come un ospite occasionale?<\/strong><\/p>\n\n\n\n<h1 class=\"wp-block-heading\"><strong>Gloria, laus et honor<\/strong><\/h1>\n\n\n\n<p><strong>Gloria, laus et honor tibi sit, Rex Christe, Redemptor:<\/strong><br>Gloria, lode e onore a te, Cristo Re, Redentore:<\/p>\n\n\n\n<p><strong>Cui puerile decus prompsit Hosanna pium.<\/strong><br>A cui la gioia dei fanciulli proclam\u00f2 un pio Osanna.<\/p>\n\n\n\n<hr class=\"wp-block-separator has-alpha-channel-opacity\"\/>\n\n\n\n<p><strong>Israel es tu Rex, Davidis et inclita proles:<\/strong><br>Tu sei il Re d\u2019Israele, nobile discendente di Davide:<\/p>\n\n\n\n<p><strong>Nomine qui in Domini, Rex benedicte, venis.<\/strong><br>O Re benedetto, che vieni nel nome del Signore.<\/p>\n\n\n\n<hr class=\"wp-block-separator has-alpha-channel-opacity\"\/>\n\n\n\n<p><strong>Coetus in excelsis te laudat caelicus omnis,<\/strong><br>Tutta la schiera celeste ti loda nell\u2019alto dei cieli,<\/p>\n\n\n\n<p><strong>Et mortalis homo, et cuncta creata simul.<\/strong><br>E l\u2019uomo mortale e tutta la creazione insieme.<\/p>\n\n\n\n<hr class=\"wp-block-separator has-alpha-channel-opacity\"\/>\n\n\n\n<p><strong>Plebs Hebraea tibi cum palmis obvia venit:<\/strong><br>Il popolo ebraico venne incontro a te con le palme:<\/p>\n\n\n\n<p><strong>Cum prece, voto, hymnis, adsumus ecce tibi.<\/strong><br>Con preghiere, voti e inni, eccoci davanti a te.<\/p>\n\n\n\n<hr class=\"wp-block-separator has-alpha-channel-opacity\"\/>\n\n\n\n<p><strong>Hi tibi passuro solvebant munia laudis:<\/strong><br>Essi ti offrivano lodi mentre andavi incontro alla Passione:<\/p>\n\n\n\n<p><strong>Nos tibi regnanti pangimus ecce melos.<\/strong><br>Noi invece ti cantiamo ora che regni.<\/p>\n\n\n\n<hr class=\"wp-block-separator has-alpha-channel-opacity\"\/>\n\n\n\n<p><strong>Hi placuere tibi, placeat devotio nostra:<\/strong><br>Quelli ti piacquero; possa piacerti anche la nostra devozione:<\/p>\n\n\n\n<p><strong>Rex pie, Rex clemens, cui bona cuncta placent.<\/strong><br>Re pio, Re clemente, a cui ogni bene piace.<\/p>\n\n\n\n<figure class=\"wp-block-embed aligncenter is-type-video is-provider-youtube wp-block-embed-youtube wp-embed-aspect-16-9 wp-has-aspect-ratio\"><div class=\"wp-block-embed__wrapper\">\n<iframe loading=\"lazy\" title=\"&quot;Gloria, laus et honor&quot;: HYMN TO CHRIST THE KING (Video in Jerusalem)\" width=\"618\" height=\"348\" src=\"https:\/\/www.youtube.com\/embed\/4mHmZV1BC7g?feature=oembed\" frameborder=\"0\" allow=\"accelerometer; autoplay; clipboard-write; encrypted-media; gyroscope; picture-in-picture; web-share\" referrerpolicy=\"strict-origin-when-cross-origin\" allowfullscreen><\/iframe>\n<\/div><\/figure>\n","protected":false},"excerpt":{"rendered":"<p>Ci sono canti che si ascoltano\u2026 e ci sono canti che trafiggono l\u2019anima.Gloria, laus et honor appartiene alla seconda categoria. Non \u00e8 solo un inno liturgico. \u00c8 una proclamazione. \u00c8 una processione diventata musica. \u00c8 la voce della Chiesa che, da pi\u00f9 di mille anni, continua a gridare al mondo: Cristo \u00e8 Re, anche quando &hellip;<\/p>\n","protected":false},"author":3,"featured_media":5557,"comment_status":"closed","ping_status":"closed","sticky":false,"template":"","format":"standard","meta":{"_seopress_robots_primary_cat":"","_seopress_titles_title":"","_seopress_titles_desc":"","_seopress_robots_index":"","footnotes":""},"categories":[52,38],"tags":[],"class_list":["post-5556","post","type-post","status-publish","format-standard","has-post-thumbnail","","category-liturgia-e-anno-liturgico","category-storia-e-tradizione"],"_links":{"self":[{"href":"https:\/\/catholicus.eu\/it\/wp-json\/wp\/v2\/posts\/5556","targetHints":{"allow":["GET"]}}],"collection":[{"href":"https:\/\/catholicus.eu\/it\/wp-json\/wp\/v2\/posts"}],"about":[{"href":"https:\/\/catholicus.eu\/it\/wp-json\/wp\/v2\/types\/post"}],"author":[{"embeddable":true,"href":"https:\/\/catholicus.eu\/it\/wp-json\/wp\/v2\/users\/3"}],"replies":[{"embeddable":true,"href":"https:\/\/catholicus.eu\/it\/wp-json\/wp\/v2\/comments?post=5556"}],"version-history":[{"count":1,"href":"https:\/\/catholicus.eu\/it\/wp-json\/wp\/v2\/posts\/5556\/revisions"}],"predecessor-version":[{"id":5558,"href":"https:\/\/catholicus.eu\/it\/wp-json\/wp\/v2\/posts\/5556\/revisions\/5558"}],"wp:featuredmedia":[{"embeddable":true,"href":"https:\/\/catholicus.eu\/it\/wp-json\/wp\/v2\/media\/5557"}],"wp:attachment":[{"href":"https:\/\/catholicus.eu\/it\/wp-json\/wp\/v2\/media?parent=5556"}],"wp:term":[{"taxonomy":"category","embeddable":true,"href":"https:\/\/catholicus.eu\/it\/wp-json\/wp\/v2\/categories?post=5556"},{"taxonomy":"post_tag","embeddable":true,"href":"https:\/\/catholicus.eu\/it\/wp-json\/wp\/v2\/tags?post=5556"}],"curies":[{"name":"wp","href":"https:\/\/api.w.org\/{rel}","templated":true}]}}