{"id":5553,"date":"2026-03-27T23:03:37","date_gmt":"2026-03-27T22:03:37","guid":{"rendered":"https:\/\/catholicus.eu\/it\/?p=5553"},"modified":"2026-03-27T23:03:38","modified_gmt":"2026-03-27T22:03:38","slug":"quando-la-domenica-delle-palme-durava-ore-la-liturgia-tradizionale-che-abbiamo-quasi-perso","status":"publish","type":"post","link":"https:\/\/catholicus.eu\/it\/quando-la-domenica-delle-palme-durava-ore-la-liturgia-tradizionale-che-abbiamo-quasi-perso\/","title":{"rendered":"Quando la Domenica delle Palme durava ore: la liturgia tradizionale che abbiamo quasi perso"},"content":{"rendered":"\n<p>Ci sono stati momenti nella storia della Chiesa in cui la liturgia non era semplicemente \u201cqualcosa che si faceva\u201d, ma qualcosa che si <strong>viveva profondamente, con il corpo, con il tempo e con tutta l\u2019anima<\/strong>. La Domenica delle Palme \u00e8 uno di questi casi.<\/p>\n\n\n\n<p>Oggi, in molte parrocchie, la celebrazione dura un\u2019ora\u2026 forse un po\u2019 di pi\u00f9. Ma c\u2019\u00e8 stato un tempo \u2014 non cos\u00ec lontano \u2014 in cui questo giorno poteva durare ore, diventando una vera <strong>esperienza spirituale totale<\/strong>, profondamente pedagogica e trasformante.<\/p>\n\n\n\n<p>Che cosa abbiamo perso? E soprattutto, che cosa possiamo recuperare?<\/p>\n\n\n\n<hr class=\"wp-block-separator has-alpha-channel-opacity\"\/>\n\n\n\n<h2 class=\"wp-block-heading\">1. Il senso originario: entrare con Cristo a Gerusalemme\u2026 e nella sua Passione<\/h2>\n\n\n\n<p>La Domenica delle Palme non \u00e8 una festa qualsiasi. Segna l\u2019inizio della Settimana Santa, il momento in cui la Chiesa entra nel cuore del mistero cristiano: la Passione, la Morte e la Risurrezione di Cristo.<\/p>\n\n\n\n<p>Questo giorno ricorda l\u2019ingresso trionfale di Ges\u00f9 a Gerusalemme, acclamato dalla folla con palme e rami. Ma qui si trova un paradosso profondamente teologico:<\/p>\n\n\n\n<ul class=\"wp-block-list\">\n<li>Il popolo grida: <strong>\u00abOsanna!\u00bb<\/strong><\/li>\n\n\n\n<li>Pochi giorni dopo grider\u00e0: <strong>\u00abCrocifiggilo!\u00bb<\/strong><\/li>\n<\/ul>\n\n\n\n<p>La liturgia della Domenica delle Palme \u00e8 precisamente pensata per farci entrare in questa tensione. Non \u00e8 solo memoria: \u00e8 <strong>partecipazione<\/strong>.<\/p>\n\n\n\n<blockquote class=\"wp-block-quote is-layout-flow wp-block-quote-is-layout-flow\">\n<p><strong>\u00abBenedetto colui che viene nel nome del Signore!\u00bb<\/strong> (Mt 21,9)<\/p>\n<\/blockquote>\n\n\n\n<hr class=\"wp-block-separator has-alpha-channel-opacity\"\/>\n\n\n\n<h2 class=\"wp-block-heading\">2. Quando la liturgia era un cammino (letteralmente)<\/h2>\n\n\n\n<p>Nella tradizione antica \u2014 soprattutto ispirata a Gerusalemme \u2014 la Domenica delle Palme non iniziava dentro la chiesa, ma <strong>all\u2019esterno<\/strong>.<\/p>\n\n\n\n<p>Dalle testimonianze, come quella della pellegrina Egeria (IV secolo), sappiamo che i fedeli:<\/p>\n\n\n\n<ul class=\"wp-block-list\">\n<li>Si riunivano in un luogo diverso dalla chiesa<\/li>\n\n\n\n<li>Ascoltavano il Vangelo dell\u2019ingresso a Gerusalemme<\/li>\n\n\n\n<li>Camminavano in processione, tenendo rami<\/li>\n\n\n\n<li>Cantavano salmi e inni<\/li>\n\n\n\n<li>Entravano solennemente nella citt\u00e0 o nella chiesa<\/li>\n<\/ul>\n\n\n\n<p>Questa tradizione fu poi assunta e trasformata dalla Chiesa latina nel corso dei secoli, entrando a far parte della liturgia romana.<\/p>\n\n\n\n<h3 class=\"wp-block-heading\">Quanto durava?<\/h3>\n\n\n\n<p>Non era raro che la celebrazione includesse:<\/p>\n\n\n\n<ul class=\"wp-block-list\">\n<li>Lunghe processioni<\/li>\n\n\n\n<li>Il canto completo dei salmi<\/li>\n\n\n\n<li>Letture estese<\/li>\n\n\n\n<li>Predicazioni profonde<\/li>\n\n\n\n<li>La Passione cantata integralmente<\/li>\n<\/ul>\n\n\n\n<p>Il risultato: <strong>diverse ore di liturgia viva<\/strong>.<\/p>\n\n\n\n<hr class=\"wp-block-separator has-alpha-channel-opacity\"\/>\n\n\n\n<h2 class=\"wp-block-heading\">3. La struttura tradizionale: una catechesi in movimento<\/h2>\n\n\n\n<p>La ricchezza di questa liturgia non era casuale. Ogni elemento aveva un significato:<\/p>\n\n\n\n<h3 class=\"wp-block-heading\">1. Benedizione dei rami<\/h3>\n\n\n\n<p>Non era un gesto rapido. Era solenne, con preghiere che ricordavano la vittoria di Cristo Re.<\/p>\n\n\n\n<h3 class=\"wp-block-heading\">2. Processione<\/h3>\n\n\n\n<p>Non decorativa, ma profondamente teologica:<\/p>\n\n\n\n<ul class=\"wp-block-list\">\n<li>Rappresentava il seguire Cristo<\/li>\n\n\n\n<li>Simboleggiava l\u2019ingresso dell\u2019anima nel mistero pasquale<\/li>\n\n\n\n<li>Era un atto pubblico di fede<\/li>\n<\/ul>\n\n\n\n<h3 class=\"wp-block-heading\">3. Canto del <em>Gloria Laus<\/em><\/h3>\n\n\n\n<p>Un antico inno che proclama la regalit\u00e0 di Cristo.<\/p>\n\n\n\n<h3 class=\"wp-block-heading\">4. Ingresso nella chiesa<\/h3>\n\n\n\n<p>Non solo fisico: simboleggiava l\u2019ingresso nel mistero della Redenzione.<\/p>\n\n\n\n<h3 class=\"wp-block-heading\">5. Proclamazione della Passione<\/h3>\n\n\n\n<p>Uno dei momenti pi\u00f9 forti. Non veniva semplicemente \u201cletta\u201d, ma <strong>proclamata o cantata solennemente<\/strong>, spesso con pi\u00f9 voci.<\/p>\n\n\n\n<hr class=\"wp-block-separator has-alpha-channel-opacity\"\/>\n\n\n\n<h2 class=\"wp-block-heading\">4. Perch\u00e9 durava cos\u00ec tanto? (e perch\u00e9 era un bene)<\/h2>\n\n\n\n<p>Oggi siamo abituati alla velocit\u00e0. Ma la liturgia tradizionale seguiva un\u2019altra logica:<\/p>\n\n\n\n<h3 class=\"wp-block-heading\">\u23f3 Il tempo come offerta<\/h3>\n\n\n\n<p>Il tempo non veniva \u201cperso\u201d: veniva <strong>offerto a Dio<\/strong>.<\/p>\n\n\n\n<h3 class=\"wp-block-heading\">\ud83e\udde0 Catechesi profonda<\/h3>\n\n\n\n<p>Ogni gesto insegnava qualcosa. La liturgia era la prima scuola di teologia.<\/p>\n\n\n\n<h3 class=\"wp-block-heading\">\u2764\ufe0f Coinvolgimento totale<\/h3>\n\n\n\n<p>Non si era spettatori, ma parte dell\u2019evento.<\/p>\n\n\n\n<h3 class=\"wp-block-heading\">\ud83d\udd25 Preparazione reale alla Settimana Santa<\/h3>\n\n\n\n<p>Non si entrava nella Passione in modo superficiale. Vi si era immersi.<\/p>\n\n\n\n<hr class=\"wp-block-separator has-alpha-channel-opacity\"\/>\n\n\n\n<h2 class=\"wp-block-heading\">5. Ci\u00f2 che abbiamo perso\u2026 e perch\u00e9 \u00e8 importante<\/h2>\n\n\n\n<p>Con le riforme liturgiche del XX secolo, molti riti sono stati semplificati. Questo ha portato benefici pastorali (maggiore accessibilit\u00e0), ma anche conseguenze:<\/p>\n\n\n\n<h3 class=\"wp-block-heading\">Ci\u00f2 che si \u00e8 indebolito:<\/h3>\n\n\n\n<ul class=\"wp-block-list\">\n<li>Il senso del sacro come qualcosa di \u201cgrande\u201d<\/li>\n\n\n\n<li>La pazienza spirituale<\/li>\n\n\n\n<li>La dimensione sacrificale del tempo<\/li>\n\n\n\n<li>L\u2019esperienza comunitaria in movimento<\/li>\n<\/ul>\n\n\n\n<p>Oggi, molte celebrazioni della Domenica delle Palme possono essere vissute come:<\/p>\n\n\n\n<ul class=\"wp-block-list\">\n<li>Un bel gesto (i rami)<\/li>\n\n\n\n<li>Una Messa un po\u2019 pi\u00f9 lunga<\/li>\n\n\n\n<li>Una tradizione culturale<\/li>\n<\/ul>\n\n\n\n<p>Ma rischiamo di perdere l\u2019essenziale: <strong>un ingresso esistenziale nella Passione di Cristo<\/strong>.<\/p>\n\n\n\n<hr class=\"wp-block-separator has-alpha-channel-opacity\"\/>\n\n\n\n<h2 class=\"wp-block-heading\">6. La grande lezione teologica: Cristo Re\u2026 che va a morire<\/h2>\n\n\n\n<p>La Domenica delle Palme \u00e8 profondamente paradossale:<\/p>\n\n\n\n<ul class=\"wp-block-list\">\n<li>Cristo entra come Re\u2026<\/li>\n\n\n\n<li>\u2026ma verso la Croce<\/li>\n<\/ul>\n\n\n\n<p>Questo rivela una verit\u00e0 centrale del cristianesimo:<\/p>\n\n\n\n<p>\ud83d\udc49 <strong>La gloria passa attraverso la Croce<\/strong><\/p>\n\n\n\n<p>Non esiste cristianesimo senza questa tensione.<\/p>\n\n\n\n<p>Sant\u2019Agostino lo esprimeva cos\u00ec: <em>\u00abCristo regna dal legno.\u00bb<\/em><\/p>\n\n\n\n<hr class=\"wp-block-separator has-alpha-channel-opacity\"\/>\n\n\n\n<h2 class=\"wp-block-heading\">7. Applicazione pratica: come vivere oggi una Domenica delle Palme pi\u00f9 profonda?<\/h2>\n\n\n\n<p>Non possiamo semplicemente tornare al passato. Ma possiamo <strong>recuperare lo spirito<\/strong>.<\/p>\n\n\n\n<p>Ecco una guida concreta:<\/p>\n\n\n\n<h3 class=\"wp-block-heading\">\ud83d\udd4a\ufe0f 1. Arriva prima\u2026 e preparati<\/h3>\n\n\n\n<p>Non entrare di fretta. Questo giorno segna l\u2019inizio del tempo pi\u00f9 importante dell\u2019anno.<\/p>\n\n\n\n<h3 class=\"wp-block-heading\">\ud83c\udf3f 2. Vivi la processione con intenzione<\/h3>\n\n\n\n<p>Non \u00e8 solo un gesto simbolico. \u00c8 il tuo \u201cs\u00ec\u201d a Cristo.<\/p>\n\n\n\n<p>Chiediti:<\/p>\n\n\n\n<blockquote class=\"wp-block-quote is-layout-flow wp-block-quote-is-layout-flow\">\n<p>Sono disposto a seguirlo\u2026 fino alla Croce?<\/p>\n<\/blockquote>\n\n\n\n<h3 class=\"wp-block-heading\">\ud83d\udcd6 3. Ascolta la Passione come se fosse la prima volta<\/h3>\n\n\n\n<p>Non limitarti a \u201csopportarla\u201d. Meditala.<\/p>\n\n\n\n<p>Mettiti nella scena:<\/p>\n\n\n\n<ul class=\"wp-block-list\">\n<li>Sono Pietro?<\/li>\n\n\n\n<li>Sono Pilato?<\/li>\n\n\n\n<li>Sono la folla?<\/li>\n<\/ul>\n\n\n\n<h3 class=\"wp-block-heading\">\ud83c\udfe0 4. Porta il segno a casa<\/h3>\n\n\n\n<p>I rami benedetti non sono una decorazione. Sono un sacramentale che ricorda che Cristo \u00e8 Re nella tua casa.<\/p>\n\n\n\n<h3 class=\"wp-block-heading\">\u23f0 5. Dona tempo reale a Dio<\/h3>\n\n\n\n<p>Recupera qualcosa che abbiamo perso: <strong>tempo gratuito per Dio<\/strong>.<\/p>\n\n\n\n<p>Anche se la liturgia non dura ore\u2026 puoi prolungarla tu stesso.<\/p>\n\n\n\n<hr class=\"wp-block-separator has-alpha-channel-opacity\"\/>\n\n\n\n<h2 class=\"wp-block-heading\">8. Un appello urgente per il nostro tempo<\/h2>\n\n\n\n<p>Viviamo in una cultura dell\u2019immediatezza, della superficialit\u00e0 e della velocit\u00e0.<\/p>\n\n\n\n<p>Ma la fede cristiana non pu\u00f2 essere vissuta cos\u00ec.<\/p>\n\n\n\n<p>La Domenica delle Palme tradizionale ci ricorda qualcosa di essenziale:<\/p>\n\n\n\n<p>\ud83d\udc49 <strong>Dio non si incontra nella fretta<\/strong><\/p>\n\n\n\n<p>Una liturgia lunga non era un eccesso. Era una pedagogia:<\/p>\n\n\n\n<ul class=\"wp-block-list\">\n<li>Per imparare ad amare<\/li>\n\n\n\n<li>Per imparare ad aspettare<\/li>\n\n\n\n<li>Per imparare a soffrire con senso<\/li>\n<\/ul>\n\n\n\n<hr class=\"wp-block-separator has-alpha-channel-opacity\"\/>\n\n\n\n<h2 class=\"wp-block-heading\">9. Conclusione: non si tratta di nostalgia, ma di profondit\u00e0<\/h2>\n\n\n\n<p>Non si tratta di idealizzare il passato.<\/p>\n\n\n\n<p>Si tratta di riscoprire qualcosa che \u00e8 ancora necessario oggi:<\/p>\n\n\n\n<p>\ud83d\udc49 <strong>Una fede che coinvolge tempo, corpo, comunit\u00e0 e cuore<\/strong><\/p>\n\n\n\n<p>La Domenica delle Palme non \u00e8 solo l\u2019inizio della Settimana Santa.<\/p>\n\n\n\n<p>\u00c8 una domanda diretta alla tua vita:<\/p>\n\n\n\n<blockquote class=\"wp-block-quote is-layout-flow wp-block-quote-is-layout-flow\">\n<p>Acclami Cristo solo quando tutto va bene\u2026<br>o sei disposto a seguirlo anche fino alla Croce?<\/p>\n<\/blockquote>\n\n\n\n<p>Perch\u00e9 \u00e8 l\u00ec \u2014 e solo l\u00ec \u2014 che inizia la vera vita cristiana.<\/p>\n","protected":false},"excerpt":{"rendered":"<p>Ci sono stati momenti nella storia della Chiesa in cui la liturgia non era semplicemente \u201cqualcosa che si faceva\u201d, ma qualcosa che si viveva profondamente, con il corpo, con il tempo e con tutta l\u2019anima. La Domenica delle Palme \u00e8 uno di questi casi. Oggi, in molte parrocchie, la celebrazione dura un\u2019ora\u2026 forse un po\u2019 &hellip;<\/p>\n","protected":false},"author":3,"featured_media":5554,"comment_status":"closed","ping_status":"closed","sticky":false,"template":"","format":"standard","meta":{"_seopress_robots_primary_cat":"","_seopress_titles_title":"","_seopress_titles_desc":"","_seopress_robots_index":"","footnotes":""},"categories":[52,38],"tags":[793],"class_list":["post-5553","post","type-post","status-publish","format-standard","has-post-thumbnail","","category-liturgia-e-anno-liturgico","category-storia-e-tradizione","tag-domenica-delle-palme"],"_links":{"self":[{"href":"https:\/\/catholicus.eu\/it\/wp-json\/wp\/v2\/posts\/5553","targetHints":{"allow":["GET"]}}],"collection":[{"href":"https:\/\/catholicus.eu\/it\/wp-json\/wp\/v2\/posts"}],"about":[{"href":"https:\/\/catholicus.eu\/it\/wp-json\/wp\/v2\/types\/post"}],"author":[{"embeddable":true,"href":"https:\/\/catholicus.eu\/it\/wp-json\/wp\/v2\/users\/3"}],"replies":[{"embeddable":true,"href":"https:\/\/catholicus.eu\/it\/wp-json\/wp\/v2\/comments?post=5553"}],"version-history":[{"count":1,"href":"https:\/\/catholicus.eu\/it\/wp-json\/wp\/v2\/posts\/5553\/revisions"}],"predecessor-version":[{"id":5555,"href":"https:\/\/catholicus.eu\/it\/wp-json\/wp\/v2\/posts\/5553\/revisions\/5555"}],"wp:featuredmedia":[{"embeddable":true,"href":"https:\/\/catholicus.eu\/it\/wp-json\/wp\/v2\/media\/5554"}],"wp:attachment":[{"href":"https:\/\/catholicus.eu\/it\/wp-json\/wp\/v2\/media?parent=5553"}],"wp:term":[{"taxonomy":"category","embeddable":true,"href":"https:\/\/catholicus.eu\/it\/wp-json\/wp\/v2\/categories?post=5553"},{"taxonomy":"post_tag","embeddable":true,"href":"https:\/\/catholicus.eu\/it\/wp-json\/wp\/v2\/tags?post=5553"}],"curies":[{"name":"wp","href":"https:\/\/api.w.org\/{rel}","templated":true}]}}