{"id":5547,"date":"2026-03-26T23:32:33","date_gmt":"2026-03-26T22:32:33","guid":{"rendered":"https:\/\/catholicus.eu\/it\/?p=5547"},"modified":"2026-03-26T23:32:33","modified_gmt":"2026-03-26T22:32:33","slug":"si-puo-essere-cattolici-e-sionisti","status":"publish","type":"post","link":"https:\/\/catholicus.eu\/it\/si-puo-essere-cattolici-e-sionisti\/","title":{"rendered":"Si pu\u00f2 essere cattolici e sionisti?"},"content":{"rendered":"\n<h2 class=\"wp-block-heading\">Una domanda scomoda che esige una risposta chiara, fedele e coraggiosa<\/h2>\n\n\n\n<p>Viviamo in un\u2019epoca in cui le parole hanno peso, ma spesso vengono svuotate del loro significato. \u201cSionismo\u201d, \u201cIsraele\u201d, \u201cpopolo eletto\u201d, \u201cTerra Promessa\u201d\u2026 sono termini carichi di storia, di dolore, di politica e anche \u2014 e soprattutto \u2014 di <strong>teologia<\/strong>.<\/p>\n\n\n\n<p>Per questo questa domanda non \u00e8 superficiale. Non \u00e8 ideologica. \u00c8 profondamente spirituale:<\/p>\n\n\n\n<p><strong>Un cattolico pu\u00f2 davvero essere sionista?<\/strong><\/p>\n\n\n\n<p>La risposta richiede rigore, amore per la verit\u00e0 e fedelt\u00e0 alla Tradizione della Chiesa. Le opinioni non bastano. Servono dottrina, storia e discernimento.<\/p>\n\n\n\n<hr class=\"wp-block-separator has-alpha-channel-opacity\"\/>\n\n\n\n<h1 class=\"wp-block-heading\">1. Prima di tutto: che cos\u2019\u00e8 realmente il sionismo?<\/h1>\n\n\n\n<p>Il sionismo non \u00e8 semplicemente \u201camare Israele\u201d o \u201crispettare il popolo ebraico\u201d. \u00c8 un <strong>movimento politico moderno<\/strong>, nato nel XIX secolo, il cui obiettivo \u00e8 la creazione e il mantenimento di uno Stato ebraico nella terra storica di Israele.<\/p>\n\n\n\n<p>La sua figura chiave fu <strong>Theodor Herzl<\/strong>, che promosse un progetto essenzialmente <strong>secolare e nazionalista<\/strong>, non religioso.<\/p>\n\n\n\n<p>Ecco il primo punto importante:<\/p>\n\n\n\n<p>\ud83d\udc49 Il sionismo non \u00e8 <strong>una categoria teologica<\/strong>, ma politica.<\/p>\n\n\n\n<p>E questo cambia completamente la prospettiva.<\/p>\n\n\n\n<hr class=\"wp-block-separator has-alpha-channel-opacity\"\/>\n\n\n\n<h1 class=\"wp-block-heading\">2. L\u2019errore di fondo: confondere l\u2019Israele biblico con l\u2019Israele politico<\/h1>\n\n\n\n<p>Molti cristiani \u2014 soprattutto influenzati da alcune correnti protestanti \u2014 commettono un errore grave:<\/p>\n\n\n\n<p>\ud83d\udc49 Identificare lo Stato moderno di Israele con il popolo eletto della Bibbia.<\/p>\n\n\n\n<p>Ma la Chiesa insegna qualcosa di molto diverso.<\/p>\n\n\n\n<h2 class=\"wp-block-heading\">Il vero Israele, secondo la fede cattolica<\/h2>\n\n\n\n<p>San Paolo lo spiega chiaramente:<\/p>\n\n\n\n<blockquote class=\"wp-block-quote is-layout-flow wp-block-quote-is-layout-flow\">\n<p>\u201cNon tutti quelli che provengono da Israele sono Israele\u201d (Romani 9,6)<\/p>\n<\/blockquote>\n\n\n\n<p>E ancora pi\u00f9 esplicitamente:<\/p>\n\n\n\n<blockquote class=\"wp-block-quote is-layout-flow wp-block-quote-is-layout-flow\">\n<p>\u201cSe appartenete a Cristo, allora siete discendenza di Abramo, eredi secondo la promessa\u201d (Galati 3,29)<\/p>\n<\/blockquote>\n\n\n\n<p>Questo significa qualcosa di rivoluzionario:<\/p>\n\n\n\n<p>\ud83d\udc49 <strong>Il vero popolo di Dio non \u00e8 pi\u00f9 definito dal sangue, ma dalla fede in Cristo.<\/strong><\/p>\n\n\n\n<p>La Chiesa non sostituisce Israele\u2026<br><strong>La Chiesa \u00e8 il compimento di Israele.<\/strong><\/p>\n\n\n\n<hr class=\"wp-block-separator has-alpha-channel-opacity\"\/>\n\n\n\n<h1 class=\"wp-block-heading\">3. La posizione tradizionale della Chiesa<\/h1>\n\n\n\n<p>Per secoli, la Chiesa ha mantenuto un insegnamento costante:<\/p>\n\n\n\n<ul class=\"wp-block-list\">\n<li>Le promesse fatte a Israele si <strong>compiono in Cristo<\/strong><\/li>\n\n\n\n<li>L\u2019Antica Alleanza trova la sua pienezza nella Nuova Alleanza<\/li>\n\n\n\n<li>Non esistono due popoli di salvezza paralleli<\/li>\n<\/ul>\n\n\n\n<p>Pertanto, l\u2019idea che esista un \u201cpiano divino\u201d indipendente per un Israele politico moderno \u00e8 teologicamente problematica.<\/p>\n\n\n\n<p>\ud83d\udc49 Non fa parte della dottrina cattolica tradizionale.<\/p>\n\n\n\n<hr class=\"wp-block-separator has-alpha-channel-opacity\"\/>\n\n\n\n<h1 class=\"wp-block-heading\">4. Dunque\u2026 un cattolico pu\u00f2 essere sionista?<\/h1>\n\n\n\n<p>Qui dobbiamo essere molto precisi.<\/p>\n\n\n\n<h2 class=\"wp-block-heading\">\u2714\ufe0f Ci\u00f2 che \u00c8 compatibile con la fede cattolica<\/h2>\n\n\n\n<p>Un cattolico pu\u00f2:<\/p>\n\n\n\n<ul class=\"wp-block-list\">\n<li>Amare il popolo ebraico come fratelli nella storia della salvezza<\/li>\n\n\n\n<li>Rifiutare l\u2019antisemitismo (che \u00e8 un peccato grave)<\/li>\n\n\n\n<li>Riconoscere il ruolo storico di Israele nella Rivelazione<\/li>\n\n\n\n<li>Desiderare pace e giustizia nella Terra Santa<\/li>\n<\/ul>\n\n\n\n<h2 class=\"wp-block-heading\">\u274c Ci\u00f2 che NON \u00e8 compatibile con la fede cattolica tradizionale<\/h2>\n\n\n\n<p>Un cattolico non pu\u00f2, senza cadere in confusione dottrinale:<\/p>\n\n\n\n<ul class=\"wp-block-list\">\n<li>Identificare lo Stato di Israele con il Regno di Dio<\/li>\n\n\n\n<li>Credere che la salvezza derivi dall\u2019appartenenza al popolo ebraico<\/li>\n\n\n\n<li>Affermare che l\u2019Antica Alleanza rimanga valida senza Cristo<\/li>\n\n\n\n<li>Adottare una visione teologica del sionismo come \u201cpiano divino parallelo\u201d<\/li>\n<\/ul>\n\n\n\n<p>\ud83d\udc49 Questo significherebbe, in sostanza, negare che Cristo \u00e8 il compimento definitivo.<\/p>\n\n\n\n<hr class=\"wp-block-separator has-alpha-channel-opacity\"\/>\n\n\n\n<h1 class=\"wp-block-heading\">5. Il pericolo spirituale del \u201csionismo cristiano\u201d<\/h1>\n\n\n\n<p>Sebbene questa idea nasca soprattutto in ambienti protestanti, si \u00e8 diffusa tra molti cattolici:<\/p>\n\n\n\n<p>\ud83d\udc49 La convinzione che sostenere politicamente Israele sia un obbligo religioso.<\/p>\n\n\n\n<p>Ma questo \u00e8 pericoloso per diverse ragioni:<\/p>\n\n\n\n<h3 class=\"wp-block-heading\">1. Sposta Cristo dal centro<\/h3>\n\n\n\n<p>Il cristianesimo smette di essere cristocentrico e diventa geopolitico.<\/p>\n\n\n\n<h3 class=\"wp-block-heading\">2. Distorce la storia della salvezza<\/h3>\n\n\n\n<p>Si ritorna a una lettura \u201ccarnale\u201d delle promesse bibliche.<\/p>\n\n\n\n<h3 class=\"wp-block-heading\">3. Riduce la fede a ideologia<\/h3>\n\n\n\n<p>La fede smette di essere universale e diventa una posizione politica.<\/p>\n\n\n\n<hr class=\"wp-block-separator has-alpha-channel-opacity\"\/>\n\n\n\n<h1 class=\"wp-block-heading\">6. Cristo: il vero centro di tutto<\/h1>\n\n\n\n<p>Qui sta la chiave.<\/p>\n\n\n\n<p>Non \u00e8 Gerusalemme che salva.<br>Non \u00e8 una nazione che redime.<br>Non \u00e8 una terra che santifica.<\/p>\n\n\n\n<p>\ud83d\udc49 \u00c8 Cristo.<\/p>\n\n\n\n<p>Come Egli stesso disse:<\/p>\n\n\n\n<blockquote class=\"wp-block-quote is-layout-flow wp-block-quote-is-layout-flow\">\n<p>\u201cIl mio regno non \u00e8 di questo mondo\u201d (Giovanni 18,36)<\/p>\n<\/blockquote>\n\n\n\n<p>E anche:<\/p>\n\n\n\n<blockquote class=\"wp-block-quote is-layout-flow wp-block-quote-is-layout-flow\">\n<p>\u201cDistruggete questo tempio e in tre giorni lo far\u00f2 risorgere\u201d (Giovanni 2,19)<\/p>\n<\/blockquote>\n\n\n\n<p>Il vero tempio non \u00e8 pi\u00f9 un luogo.<br><strong>\u00c8 il suo stesso Corpo.<\/strong><\/p>\n\n\n\n<hr class=\"wp-block-separator has-alpha-channel-opacity\"\/>\n\n\n\n<h1 class=\"wp-block-heading\">7. Uno sguardo pastorale: come vivere questo oggi<\/h1>\n\n\n\n<p>Questo tema non \u00e8 solo teorico. Ha conseguenze pratiche.<\/p>\n\n\n\n<h2 class=\"wp-block-heading\">1. Evita gli estremi<\/h2>\n\n\n\n<ul class=\"wp-block-list\">\n<li>\u274c N\u00e9 antisemitismo<\/li>\n\n\n\n<li>\u274c N\u00e9 idolatria politica<\/li>\n<\/ul>\n\n\n\n<p>\ud83d\udc49 Il cattolico ama la verit\u00e0, non le fazioni.<\/p>\n\n\n\n<h2 class=\"wp-block-heading\">2. Forma la tua coscienza<\/h2>\n\n\n\n<p>Non lasciarti trascinare dai social media, dalla propaganda o dalle emozioni.<\/p>\n\n\n\n<p>\ud83d\udc49 Studia la Scrittura e il Magistero.<\/p>\n\n\n\n<h2 class=\"wp-block-heading\">3. Prega per la conversione di tutti<\/h2>\n\n\n\n<p>Questo \u00e8 fondamentale ed \u00e8 spesso dimenticato.<\/p>\n\n\n\n<p>\ud83d\udc49 Il pi\u00f9 grande atto d\u2019amore verso il popolo ebraico \u00e8 desiderare il suo incontro con Cristo.<\/p>\n\n\n\n<p>San Paolo viveva cos\u00ec:<\/p>\n\n\n\n<blockquote class=\"wp-block-quote is-layout-flow wp-block-quote-is-layout-flow\">\n<p>\u201cIl desiderio del mio cuore e la mia preghiera a Dio per loro \u00e8 che siano salvati\u201d (Romani 10,1)<\/p>\n<\/blockquote>\n\n\n\n<h2 class=\"wp-block-heading\">4. Vivi la tua fede con coerenza<\/h2>\n\n\n\n<p>La questione non \u00e8 se sei \u201cpro-Israele\u201d o \u201cpro-Palestina\u201d.<\/p>\n\n\n\n<p>\ud83d\udc49 La vera domanda \u00e8: <strong>sei veramente di Cristo?<\/strong><\/p>\n\n\n\n<hr class=\"wp-block-separator has-alpha-channel-opacity\"\/>\n\n\n\n<h1 class=\"wp-block-heading\">8. Conclusione: una risposta chiara<\/h1>\n\n\n\n<p>Si pu\u00f2 essere cattolici e sionisti?<\/p>\n\n\n\n<p>\ud83d\udc49 <strong>Dipende da cosa si intende per sionismo.<\/strong><\/p>\n\n\n\n<ul class=\"wp-block-list\">\n<li>Se \u00e8 una posizione politica prudenziale \u2192 pu\u00f2 essere discutibile<\/li>\n\n\n\n<li>Se \u00e8 una posizione teologica \u2192 <strong>non \u00e8 compatibile con la fede cattolica tradizionale<\/strong><\/li>\n<\/ul>\n\n\n\n<p>Perch\u00e9 alla fine tutto si riduce a una verit\u00e0 centrale:<\/p>\n\n\n\n<p>\ud83d\udc49 <strong>Cristo \u00e8 il compimento di tutte le promesse.<\/strong><\/p>\n\n\n\n<p>Nulla e nessuno pu\u00f2 prendere il suo posto.<\/p>\n\n\n\n<hr class=\"wp-block-separator has-alpha-channel-opacity\"\/>\n\n\n\n<h1 class=\"wp-block-heading\">9. Un appello finale<\/h1>\n\n\n\n<p>Oggi pi\u00f9 che mai, il mondo ha bisogno di cattolici saldi, formati e coraggiosi.<\/p>\n\n\n\n<p>Non ideologi.<br>Non seguaci delle mode.<br>Non cristiani da slogan.<\/p>\n\n\n\n<p>\ud83d\udc49 Ma discepoli di Cristo.<\/p>\n\n\n\n<p>Perch\u00e9 solo a partire da Lui possiamo guardare la storia \u2014 anche quella di Israele \u2014 con verit\u00e0, carit\u00e0 e speranza.<\/p>\n","protected":false},"excerpt":{"rendered":"<p>Una domanda scomoda che esige una risposta chiara, fedele e coraggiosa Viviamo in un\u2019epoca in cui le parole hanno peso, ma spesso vengono svuotate del loro significato. \u201cSionismo\u201d, \u201cIsraele\u201d, \u201cpopolo eletto\u201d, \u201cTerra Promessa\u201d\u2026 sono termini carichi di storia, di dolore, di politica e anche \u2014 e soprattutto \u2014 di teologia. Per questo questa domanda non &hellip;<\/p>\n","protected":false},"author":3,"featured_media":5548,"comment_status":"closed","ping_status":"closed","sticky":false,"template":"","format":"standard","meta":{"_seopress_robots_primary_cat":"","_seopress_titles_title":"","_seopress_titles_desc":"","_seopress_robots_index":"","footnotes":""},"categories":[66,41],"tags":[1989],"class_list":["post-5547","post","type-post","status-publish","format-standard","has-post-thumbnail","","category-cultura-popolare-e-cattolicesimo","category-fede-e-cultura","tag-sionisti"],"_links":{"self":[{"href":"https:\/\/catholicus.eu\/it\/wp-json\/wp\/v2\/posts\/5547","targetHints":{"allow":["GET"]}}],"collection":[{"href":"https:\/\/catholicus.eu\/it\/wp-json\/wp\/v2\/posts"}],"about":[{"href":"https:\/\/catholicus.eu\/it\/wp-json\/wp\/v2\/types\/post"}],"author":[{"embeddable":true,"href":"https:\/\/catholicus.eu\/it\/wp-json\/wp\/v2\/users\/3"}],"replies":[{"embeddable":true,"href":"https:\/\/catholicus.eu\/it\/wp-json\/wp\/v2\/comments?post=5547"}],"version-history":[{"count":1,"href":"https:\/\/catholicus.eu\/it\/wp-json\/wp\/v2\/posts\/5547\/revisions"}],"predecessor-version":[{"id":5549,"href":"https:\/\/catholicus.eu\/it\/wp-json\/wp\/v2\/posts\/5547\/revisions\/5549"}],"wp:featuredmedia":[{"embeddable":true,"href":"https:\/\/catholicus.eu\/it\/wp-json\/wp\/v2\/media\/5548"}],"wp:attachment":[{"href":"https:\/\/catholicus.eu\/it\/wp-json\/wp\/v2\/media?parent=5547"}],"wp:term":[{"taxonomy":"category","embeddable":true,"href":"https:\/\/catholicus.eu\/it\/wp-json\/wp\/v2\/categories?post=5547"},{"taxonomy":"post_tag","embeddable":true,"href":"https:\/\/catholicus.eu\/it\/wp-json\/wp\/v2\/tags?post=5547"}],"curies":[{"name":"wp","href":"https:\/\/api.w.org\/{rel}","templated":true}]}}