{"id":5541,"date":"2026-03-26T18:13:02","date_gmt":"2026-03-26T17:13:02","guid":{"rendered":"https:\/\/catholicus.eu\/it\/?p=5541"},"modified":"2026-03-26T18:13:05","modified_gmt":"2026-03-26T17:13:05","slug":"cristo-davanti-a-pilato-il-processo-che-continua-a-giudicare-il-mondo","status":"publish","type":"post","link":"https:\/\/catholicus.eu\/it\/cristo-davanti-a-pilato-il-processo-che-continua-a-giudicare-il-mondo\/","title":{"rendered":"Cristo davanti a Pilato: il processo che continua a giudicare il mondo"},"content":{"rendered":"\n<h2 class=\"wp-block-heading\">Il silenzio che rivela la Verit\u00e0<\/h2>\n\n\n\n<p>Poche scene del Vangelo possiedono una forza cos\u00ec penetrante, cos\u00ec carica di verit\u00e0 e cos\u00ec profondamente attuale come l\u2019incontro tra Ges\u00f9 Cristo e Ponzio Pilato. Non si tratta soltanto di un episodio storico: \u00e8 il dramma eterno tra la verit\u00e0 e il potere, tra la coscienza e la convenienza, tra Dio e il cuore umano.<\/p>\n\n\n\n<p>Questo passo, narrato in particolare nel Vangelo secondo Giovanni (Gv 18\u201319), non \u00e8 semplicemente un processo\u2026 \u00e8 <em>il processo<\/em>. E non solo di Cristo, ma di tutta l\u2019umanit\u00e0.<\/p>\n\n\n\n<hr class=\"wp-block-separator has-alpha-channel-opacity\"\/>\n\n\n\n<h2 class=\"wp-block-heading\">1. Il contesto: un processo politico con conseguenze eterne<\/h2>\n\n\n\n<p>Ges\u00f9 viene condotto davanti a Pilato accusato dalle autorit\u00e0 religiose. Tuttavia, ci\u00f2 che era un\u2019accusa religiosa (blasfemia) si trasforma in un\u2019accusa politica: \u00abSi fa re\u00bb.<\/p>\n\n\n\n<p>Pilato, rappresentante dell\u2019Impero romano, non \u00e8 interessato alle questioni teologiche. Cerca stabilit\u00e0, ordine, evitare disordini. In altre parole: <em>vuole sopravvivere politicamente<\/em>.<\/p>\n\n\n\n<p>Qui nasce la tensione:<\/p>\n\n\n\n<ul class=\"wp-block-list\">\n<li>Cristo rappresenta la <strong>Verit\u00e0 assoluta<\/strong>.<\/li>\n\n\n\n<li>Pilato rappresenta il <strong>potere relativo e timoroso<\/strong>.<\/li>\n<\/ul>\n\n\n\n<p>E in mezzo\u2026 la folla.<\/p>\n\n\n\n<hr class=\"wp-block-separator has-alpha-channel-opacity\"\/>\n\n\n\n<h2 class=\"wp-block-heading\">2. Il dialogo decisivo: \u00abChe cos\u2019\u00e8 la verit\u00e0?\u00bb<\/h2>\n\n\n\n<p>Uno dei momenti pi\u00f9 profondi di tutta la Scrittura avviene quando Pilato domanda:<\/p>\n\n\n\n<blockquote class=\"wp-block-quote is-layout-flow wp-block-quote-is-layout-flow\">\n<p>\u00abSei tu il re dei Giudei?\u00bb (Gv 18,33)<\/p>\n<\/blockquote>\n\n\n\n<p>Ges\u00f9 risponde con un\u2019affermazione che supera la politica:<\/p>\n\n\n\n<blockquote class=\"wp-block-quote is-layout-flow wp-block-quote-is-layout-flow\">\n<p>\u00abIl mio regno non \u00e8 di questo mondo\u00bb (Gv 18,36)<\/p>\n<\/blockquote>\n\n\n\n<p>E poi, la frase che attraversa i secoli:<\/p>\n\n\n\n<blockquote class=\"wp-block-quote is-layout-flow wp-block-quote-is-layout-flow\">\n<p>\u00abPer questo io sono nato e per questo sono venuto nel mondo: per dare testimonianza alla verit\u00e0. Chiunque \u00e8 dalla verit\u00e0 ascolta la mia voce.\u00bb (Gv 18,37)<\/p>\n<\/blockquote>\n\n\n\n<p>Pilato replica con scetticismo:<\/p>\n\n\n\n<blockquote class=\"wp-block-quote is-layout-flow wp-block-quote-is-layout-flow\">\n<p>\u00abChe cos\u2019\u00e8 la verit\u00e0?\u00bb (Gv 18,38)<\/p>\n<\/blockquote>\n\n\n\n<h3 class=\"wp-block-heading\">Chiave teologica profonda<\/h3>\n\n\n\n<p>Pilato <strong>non attende una risposta<\/strong>.<br>La Verit\u00e0 \u00e8 davanti a lui\u2026 e non la riconosce.<\/p>\n\n\n\n<p>Questo rivela qualcosa di essenziale:<br>\ud83d\udc49 La verit\u00e0 non \u00e8 solo un\u2019idea, \u00e8 una Persona: Cristo.<\/p>\n\n\n\n<p>Come afferma la tradizione cristiana:<\/p>\n\n\n\n<blockquote class=\"wp-block-quote is-layout-flow wp-block-quote-is-layout-flow\">\n<p>Cristo non <em>insegna<\/em> soltanto la verit\u00e0, <strong>Egli \u00e8 la Verit\u00e0<\/strong> (cf. Gv 14,6).<\/p>\n<\/blockquote>\n\n\n\n<hr class=\"wp-block-separator has-alpha-channel-opacity\"\/>\n\n\n\n<h2 class=\"wp-block-heading\">3. Il silenzio di Cristo: il linguaggio della redenzione<\/h2>\n\n\n\n<p>Uno degli aspetti pi\u00f9 impressionanti del racconto \u00e8 il silenzio di Ges\u00f9 davanti alle accuse.<\/p>\n\n\n\n<p>Non si difende. Non argomenta. Non si impone.<\/p>\n\n\n\n<p>Perch\u00e9?<\/p>\n\n\n\n<h3 class=\"wp-block-heading\">Dimensione teologica<\/h3>\n\n\n\n<p>Cristo compie la profezia del Servo sofferente:<\/p>\n\n\n\n<blockquote class=\"wp-block-quote is-layout-flow wp-block-quote-is-layout-flow\">\n<p>\u00abCome agnello condotto al macello, rimaneva in silenzio e non apriva la sua bocca\u00bb (Is 53,7)<\/p>\n<\/blockquote>\n\n\n\n<p>Il suo silenzio non \u00e8 debolezza\u2026 \u00e8 <strong>totale offerta<\/strong>.<\/p>\n\n\n\n<ul class=\"wp-block-list\">\n<li>Non risponde al potere perch\u00e9 la sua autorit\u00e0 non viene da questo mondo.<\/li>\n\n\n\n<li>Non si giustifica perch\u00e9 la sua missione \u00e8 redimere, non difendersi.<\/li>\n\n\n\n<li>Non fugge perch\u00e9 \u00e8 venuto per salvare.<\/li>\n<\/ul>\n\n\n\n<h3 class=\"wp-block-heading\">Dimensione spirituale<\/h3>\n\n\n\n<p>Questo silenzio ci interpella direttamente:<\/p>\n\n\n\n<ul class=\"wp-block-list\">\n<li>Sappiamo tacere quando siamo trattati ingiustamente?<\/li>\n\n\n\n<li>Cerchiamo di avere ragione\u2026 o di vivere nella verit\u00e0?<\/li>\n\n\n\n<li>Reagiamo per ego\u2026 o per amore?<\/li>\n<\/ul>\n\n\n\n<hr class=\"wp-block-separator has-alpha-channel-opacity\"\/>\n\n\n\n<h2 class=\"wp-block-heading\">4. Pilato: il dramma di una coscienza divisa<\/h2>\n\n\n\n<p>Pilato non \u00e8 un mostro. Ed \u00e8 proprio questo ci\u00f2 che inquieta.<\/p>\n\n\n\n<p>Riconosce l\u2019innocenza di Ges\u00f9:<\/p>\n\n\n\n<blockquote class=\"wp-block-quote is-layout-flow wp-block-quote-is-layout-flow\">\n<p>\u00abIo non trovo in lui alcuna colpa\u00bb (Gv 18,38)<\/p>\n<\/blockquote>\n\n\n\n<p>Eppure\u2026 lo condanna.<\/p>\n\n\n\n<h3 class=\"wp-block-heading\">Perch\u00e9?<\/h3>\n\n\n\n<p>Perch\u00e9 sceglie la convenienza invece della verit\u00e0.<\/p>\n\n\n\n<ul class=\"wp-block-list\">\n<li>Ha paura di perdere il potere.<\/li>\n\n\n\n<li>Cede alla pressione sociale.<\/li>\n\n\n\n<li>Si lava le mani\u2026 ma non il cuore.<\/li>\n<\/ul>\n\n\n\n<h3 class=\"wp-block-heading\">Chiave pastorale<\/h3>\n\n\n\n<p>Pilato rappresenta l\u2019uomo moderno:<\/p>\n\n\n\n<ul class=\"wp-block-list\">\n<li>Sa ci\u00f2 che \u00e8 giusto\u2026 ma non lo fa.<\/li>\n\n\n\n<li>Riconosce la verit\u00e0\u2026 ma non la segue.<\/li>\n\n\n\n<li>Preferisce la sicurezza\u2026 alla giustizia.<\/li>\n<\/ul>\n\n\n\n<p>\ud83d\udc49 <strong>Il pi\u00f9 grande peccato di Pilato non fu la crudelt\u00e0, ma la codardia.<\/strong><\/p>\n\n\n\n<hr class=\"wp-block-separator has-alpha-channel-opacity\"\/>\n\n\n\n<h2 class=\"wp-block-heading\">5. \u00abEcce Homo\u00bb: quando Dio si manifesta nell\u2019umiliazione<\/h2>\n\n\n\n<p>Pilato presenta Ges\u00f9, flagellato e coronato di spine, dicendo:<\/p>\n\n\n\n<blockquote class=\"wp-block-quote is-layout-flow wp-block-quote-is-layout-flow\">\n<p>\u00abEcco l\u2019uomo!\u00bb (Gv 19,5)<\/p>\n<\/blockquote>\n\n\n\n<p>Senza saperlo, proclama una verit\u00e0 immensa.<\/p>\n\n\n\n<h3 class=\"wp-block-heading\">Significato teologico<\/h3>\n\n\n\n<p>Quell\u2019\u201cuomo\u201d \u00e8:<\/p>\n\n\n\n<ul class=\"wp-block-list\">\n<li>Il nuovo Adamo<\/li>\n\n\n\n<li>Il vero Re<\/li>\n\n\n\n<li>Il volto visibile dell\u2019amore di Dio<\/li>\n<\/ul>\n\n\n\n<p>Cristo non regna da un trono\u2026 ma dalla Croce.<\/p>\n\n\n\n<h3 class=\"wp-block-heading\">Paradosso cristiano<\/h3>\n\n\n\n<ul class=\"wp-block-list\">\n<li>La debolezza \u00e8 forza<\/li>\n\n\n\n<li>L\u2019umiliazione \u00e8 gloria<\/li>\n\n\n\n<li>Il dono di s\u00e9 \u00e8 vittoria<\/li>\n<\/ul>\n\n\n\n<hr class=\"wp-block-separator has-alpha-channel-opacity\"\/>\n\n\n\n<h2 class=\"wp-block-heading\">6. La scelta del popolo: Barabba o Cristo<\/h2>\n\n\n\n<p>Il popolo sceglie di liberare Barabba.<\/p>\n\n\n\n<p>Questo non \u00e8 solo un dato storico. \u00c8 una rivelazione spirituale:<\/p>\n\n\n\n<p>\ud83d\udc49 Ogni giorno scegliamo tra Cristo e Barabba.<\/p>\n\n\n\n<p>Barabba rappresenta:<\/p>\n\n\n\n<ul class=\"wp-block-list\">\n<li>La violenza<\/li>\n\n\n\n<li>L\u2019egoismo<\/li>\n\n\n\n<li>Il peccato<\/li>\n<\/ul>\n\n\n\n<p>Cristo rappresenta:<\/p>\n\n\n\n<ul class=\"wp-block-list\">\n<li>L\u2019amore<\/li>\n\n\n\n<li>La verit\u00e0<\/li>\n\n\n\n<li>Il dono di s\u00e9<\/li>\n<\/ul>\n\n\n\n<h3 class=\"wp-block-heading\">Una domanda scomoda ma necessaria<\/h3>\n\n\n\n<p>Chi scegli nelle tue decisioni quotidiane?<\/p>\n\n\n\n<hr class=\"wp-block-separator has-alpha-channel-opacity\"\/>\n\n\n\n<h2 class=\"wp-block-heading\">7. Applicazioni pratiche per oggi<\/h2>\n\n\n\n<p>Questo passo non appartiene al passato. \u00c8 presente.<\/p>\n\n\n\n<h3 class=\"wp-block-heading\">1. Difendere la verit\u00e0, anche quando costa<\/h3>\n\n\n\n<p>Viviamo in una cultura in cui la verit\u00e0 \u00e8 relativizzata. Come cristiani, siamo chiamati a essere testimoni, non spettatori.<\/p>\n\n\n\n<h3 class=\"wp-block-heading\">2. Formare la coscienza<\/h3>\n\n\n\n<p>Pilato aveva una coscienza\u2026 ma non la forza.<br>Abbiamo bisogno di entrambe.<\/p>\n\n\n\n<p>\ud83d\udc49 Preghiera, formazione e vita sacramentale.<\/p>\n\n\n\n<h3 class=\"wp-block-heading\">3. Non cedere alla pressione sociale<\/h3>\n\n\n\n<p>La folla gridava. Pilato cedette.<br>Oggi la pressione non \u00e8 minore: social media, ideologie, cultura dominante.<\/p>\n\n\n\n<h3 class=\"wp-block-heading\">4. Imparare il valore del silenzio<\/h3>\n\n\n\n<p>Non tutto deve avere una risposta.<br>A volte, la testimonianza pi\u00f9 forte\u2026 \u00e8 la fedelt\u00e0 silenziosa.<\/p>\n\n\n\n<h3 class=\"wp-block-heading\">5. Riconoscere Cristo nella debolezza<\/h3>\n\n\n\n<p>Cristo non appare nel successo, ma sulla Croce.<\/p>\n\n\n\n<hr class=\"wp-block-separator has-alpha-channel-opacity\"\/>\n\n\n\n<h2 class=\"wp-block-heading\">8. Conclusione: il processo continua<\/h2>\n\n\n\n<p>L\u2019incontro tra Cristo e Pilato non \u00e8 finito 2000 anni fa.<\/p>\n\n\n\n<p>Continua oggi\u2026 nel tuo cuore.<\/p>\n\n\n\n<p>Ogni decisione, ogni azione, ogni silenzio\u2026 \u00e8 un processo.<\/p>\n\n\n\n<ul class=\"wp-block-list\">\n<li>Sceglierai la verit\u00e0 o il comfort?<\/li>\n\n\n\n<li>Ascolterai la voce di Cristo o il rumore del mondo?<\/li>\n<\/ul>\n\n\n\n<p>Perch\u00e9 alla fine, non siamo noi a giudicare Cristo\u2026<\/p>\n\n\n\n<p>\ud83d\udc49 <strong>\u00c8 Cristo che, nel suo silenzio, rivela la verit\u00e0 della nostra vita.<\/strong><\/p>\n\n\n\n<hr class=\"wp-block-separator has-alpha-channel-opacity\"\/>\n\n\n\n<h2 class=\"wp-block-heading\">Preghiera finale<\/h2>\n\n\n\n<p>Signore Ges\u00f9,<br>fa\u2019 che non sia come Pilato,<br>che vede la verit\u00e0 e la rifiuta.<\/p>\n\n\n\n<p>Dammi il coraggio di seguirti,<br>la chiarezza per riconoscerti,<br>e l\u2019umilt\u00e0 per amarti anche sulla Croce.<\/p>\n\n\n\n<p>Amen.<\/p>\n","protected":false},"excerpt":{"rendered":"<p>Il silenzio che rivela la Verit\u00e0 Poche scene del Vangelo possiedono una forza cos\u00ec penetrante, cos\u00ec carica di verit\u00e0 e cos\u00ec profondamente attuale come l\u2019incontro tra Ges\u00f9 Cristo e Ponzio Pilato. Non si tratta soltanto di un episodio storico: \u00e8 il dramma eterno tra la verit\u00e0 e il potere, tra la coscienza e la convenienza, &hellip;<\/p>\n","protected":false},"author":3,"featured_media":5542,"comment_status":"closed","ping_status":"closed","sticky":false,"template":"","format":"standard","meta":{"_seopress_robots_primary_cat":"","_seopress_titles_title":"","_seopress_titles_desc":"","_seopress_robots_index":"","footnotes":""},"categories":[37,45],"tags":[1987],"class_list":["post-5541","post","type-post","status-publish","format-standard","has-post-thumbnail","","category-dottrina-e-fede","category-sacra-scrittura","tag-pilato"],"_links":{"self":[{"href":"https:\/\/catholicus.eu\/it\/wp-json\/wp\/v2\/posts\/5541","targetHints":{"allow":["GET"]}}],"collection":[{"href":"https:\/\/catholicus.eu\/it\/wp-json\/wp\/v2\/posts"}],"about":[{"href":"https:\/\/catholicus.eu\/it\/wp-json\/wp\/v2\/types\/post"}],"author":[{"embeddable":true,"href":"https:\/\/catholicus.eu\/it\/wp-json\/wp\/v2\/users\/3"}],"replies":[{"embeddable":true,"href":"https:\/\/catholicus.eu\/it\/wp-json\/wp\/v2\/comments?post=5541"}],"version-history":[{"count":1,"href":"https:\/\/catholicus.eu\/it\/wp-json\/wp\/v2\/posts\/5541\/revisions"}],"predecessor-version":[{"id":5543,"href":"https:\/\/catholicus.eu\/it\/wp-json\/wp\/v2\/posts\/5541\/revisions\/5543"}],"wp:featuredmedia":[{"embeddable":true,"href":"https:\/\/catholicus.eu\/it\/wp-json\/wp\/v2\/media\/5542"}],"wp:attachment":[{"href":"https:\/\/catholicus.eu\/it\/wp-json\/wp\/v2\/media?parent=5541"}],"wp:term":[{"taxonomy":"category","embeddable":true,"href":"https:\/\/catholicus.eu\/it\/wp-json\/wp\/v2\/categories?post=5541"},{"taxonomy":"post_tag","embeddable":true,"href":"https:\/\/catholicus.eu\/it\/wp-json\/wp\/v2\/tags?post=5541"}],"curies":[{"name":"wp","href":"https:\/\/api.w.org\/{rel}","templated":true}]}}