{"id":5538,"date":"2026-03-26T17:33:55","date_gmt":"2026-03-26T16:33:55","guid":{"rendered":"https:\/\/catholicus.eu\/it\/?p=5538"},"modified":"2026-03-26T17:33:55","modified_gmt":"2026-03-26T16:33:55","slug":"quando-lamore-e-colpito-la-flagellazione-e-la-coronazione-di-spine-come-scuola-di-redenzione-e-di-vita","status":"publish","type":"post","link":"https:\/\/catholicus.eu\/it\/quando-lamore-e-colpito-la-flagellazione-e-la-coronazione-di-spine-come-scuola-di-redenzione-e-di-vita\/","title":{"rendered":"Quando l\u2019Amore \u00e8 Colpito: La Flagellazione e la Coronazione di Spine come Scuola di Redenzione e di Vita"},"content":{"rendered":"\n<p>Al cuore della Passione di Cristo ci sono scene che scuotono l\u2019anima fino in fondo. Non sono semplicemente episodi di sofferenza fisica, ma rivelazioni di un amore che si lascia ferire per noi. La <strong>flagellazione<\/strong> e la <strong>coronazione di spine<\/strong> non sono solo eventi storici: sono una catechesi viva, una teologia incarnata, un appello urgente per l\u2019uomo contemporaneo.<\/p>\n\n\n\n<p>Oggi, in un mondo che fugge dal dolore, banalizza la sofferenza e cerca il successo senza la croce, queste scene evangeliche si ergono come una luce scomoda ma necessaria.<\/p>\n\n\n\n<hr class=\"wp-block-separator has-alpha-channel-opacity\"\/>\n\n\n\n<h1 class=\"wp-block-heading\"><strong>1. Contesto storico: la brutalit\u00e0 dell\u2019Impero di fronte al silenzio dell\u2019Innocente<\/strong><\/h1>\n\n\n\n<p>Dopo il processo davanti a Ponzio Pilato, Ges\u00f9 Cristo viene consegnato ai soldati romani. La flagellazione non era una punizione minore: era una tortura progettata per distruggere il corpo.<\/p>\n\n\n\n<p>Lo strumento abituale, il <em>flagrum<\/em>, aveva palle di metallo o ossa alle estremit\u00e0. Ogni colpo lacerava la pelle, esponendo muscoli e talvolta organi.<\/p>\n\n\n\n<p>Poi venne la derisione: una crudele parodia della regalit\u00e0. Lo vestirono con un mantello, gli posero una canna come scettro\u2026 e una corona di spine gli fu piantata sulla testa.<\/p>\n\n\n\n<p>Non \u00e8 solo violenza: \u00e8 umiliazione totale.<\/p>\n\n\n\n<hr class=\"wp-block-separator has-alpha-channel-opacity\"\/>\n\n\n\n<h1 class=\"wp-block-heading\"><strong>2. Il racconto evangelico: uno sguardo comparativo<\/strong><\/h1>\n\n\n\n<p>I Vangeli sinottici \u2014Vangelo di Matteo, Vangelo di Marco e Vangelo di Luca\u2014 insieme a Vangelo di Giovanni presentano questo momento con sfumature teologiche molto significative.<\/p>\n\n\n\n<h2 class=\"wp-block-heading\"><strong>Matteo (27,26\u201331)<\/strong><\/h2>\n\n\n\n<p>Matteo sottolinea la <strong>dimensione del disprezzo messianico<\/strong>. Ges\u00f9 viene deriso come \u201cRe dei Giudei\u201d. C\u2019\u00e8 un forte accento sul disprezzo collettivo.<\/p>\n\n\n\n<h2 class=\"wp-block-heading\"><strong>Marco (15,15\u201320)<\/strong><\/h2>\n\n\n\n<p>Marco presenta la scena con crudezza e rapidit\u00e0. Il suo focus \u00e8 sulla <strong>sofferenza reale e fisica<\/strong> di Cristo. Non ci sono abbellimenti: tutto \u00e8 diretto, quasi brutale.<\/p>\n\n\n\n<h2 class=\"wp-block-heading\"><strong>Luca (23,16.22)<\/strong><\/h2>\n\n\n\n<p>Luca menziona la flagellazione, ma <strong>non descrive esplicitamente la coronazione di spine<\/strong>. Il suo interesse \u00e8 pi\u00f9 pastorale: mostra Pilato che cerca di evitare la condanna.<\/p>\n\n\n\n<h2 class=\"wp-block-heading\"><strong>Giovanni (19,1\u20135)<\/strong><\/h2>\n\n\n\n<p>Giovanni offre una chiave profondamente teologica. Qui la coronazione di spine diventa una <strong>rivelazione paradossale della regalit\u00e0 di Cristo<\/strong>.<\/p>\n\n\n\n<blockquote class=\"wp-block-quote is-layout-flow wp-block-quote-is-layout-flow\">\n<p><em>\u201cAllora Pilato prese Ges\u00f9 e lo fece flagellare\u2026 e i soldati intrecciarono una corona di spine e la posero sul suo capo\u2026 e Ges\u00f9 usc\u00ec, portando la corona di spine e il mantello porpora. Pilato disse loro: \u2018Ecce Homo\u2019 (Ecco l\u2019uomo)\u201d<\/em> (Gv 19,1.5)<\/p>\n<\/blockquote>\n\n\n\n<h3 class=\"wp-block-heading\"><strong>Differenze chiave<\/strong><\/h3>\n\n\n\n<ul class=\"wp-block-list\">\n<li><strong>Matteo e Marco<\/strong>: accento sul disprezzo e sulla sofferenza fisica<\/li>\n\n\n\n<li><strong>Luca<\/strong>: ammorbidisce il racconto, centrato sull\u2019innocenza di Cristo<\/li>\n\n\n\n<li><strong>Giovanni<\/strong>: interpreta l\u2019evento come <strong>rivelazione teologica<\/strong> (Cristo Re nell\u2019umiliazione)<\/li>\n<\/ul>\n\n\n\n<hr class=\"wp-block-separator has-alpha-channel-opacity\"\/>\n\n\n\n<h1 class=\"wp-block-heading\"><strong>3. Significato teologico: il mistero della sofferenza redentrice<\/strong><\/h1>\n\n\n\n<p>Qui entriamo nell\u2019essenziale.<\/p>\n\n\n\n<h2 class=\"wp-block-heading\"><strong>3.1. Cristo porta il peccato del mondo<\/strong><\/h2>\n\n\n\n<p>La flagellazione non \u00e8 solo violenza umana: \u00e8 partecipazione al mistero del peccato universale.<\/p>\n\n\n\n<p>Isaia l\u2019aveva annunciato:<\/p>\n\n\n\n<blockquote class=\"wp-block-quote is-layout-flow wp-block-quote-is-layout-flow\">\n<p><em>\u201cEgli \u00e8 stato trafitto per le nostre trasgressioni, schiacciato per le nostre iniquit\u00e0; il castigo che ci ha dato la pace \u00e8 caduto su di lui, e per le sue piaghe siamo stati guariti\u201d<\/em> (Is 53,5)<\/p>\n<\/blockquote>\n\n\n\n<p>Ogni frustata ha un valore redentore. Non \u00e8 una sofferenza inutile: \u00e8 <strong>amore che ripara<\/strong>.<\/p>\n\n\n\n<hr class=\"wp-block-separator has-alpha-channel-opacity\"\/>\n\n\n\n<h2 class=\"wp-block-heading\"><strong>3.2. La coronazione di spine: inversione dei valori mondani<\/strong><\/h2>\n\n\n\n<p>Il mondo intende il potere come dominio. Cristo lo ridefinisce come <strong>donazione di s\u00e9<\/strong>.<\/p>\n\n\n\n<ul class=\"wp-block-list\">\n<li>Corona \u2192 dolore<\/li>\n\n\n\n<li>Trono \u2192 croce<\/li>\n\n\n\n<li>Potere \u2192 umiliazione<\/li>\n<\/ul>\n\n\n\n<p>Ges\u00f9 regna attraverso la sofferenza. Questa \u00e8 la grande rivoluzione cristiana.<\/p>\n\n\n\n<hr class=\"wp-block-separator has-alpha-channel-opacity\"\/>\n\n\n\n<h2 class=\"wp-block-heading\"><strong>3.3. La dignit\u00e0 dell\u2019uomo rivelata in Cristo<\/strong><\/h2>\n\n\n\n<p>Quando Pilato dice <em>\u201cEcce Homo\u201d<\/em>, proclama qualcosa di pi\u00f9 profondo di quanto comprenda:<\/p>\n\n\n\n<p>Cristo rivela <strong>cos\u2019\u00e8 il vero uomo<\/strong>: colui che ama fino alla fine.<\/p>\n\n\n\n<hr class=\"wp-block-separator has-alpha-channel-opacity\"\/>\n\n\n\n<h1 class=\"wp-block-heading\"><strong>4. Dimensione spirituale: una scuola di santit\u00e0<\/strong><\/h1>\n\n\n\n<p>La tradizione cattolica vede in questi misteri un cammino spirituale concreto.<\/p>\n\n\n\n<h2 class=\"wp-block-heading\"><strong>4.1. Mortificazione interiore<\/strong><\/h2>\n\n\n\n<p>Non si tratta di cercare il dolore per se stesso, ma di imparare a:<\/p>\n\n\n\n<ul class=\"wp-block-list\">\n<li>Dominare le passioni<\/li>\n\n\n\n<li>Offrire piccoli sacrifici<\/li>\n\n\n\n<li>Accettare le avversit\u00e0 quotidiane<\/li>\n<\/ul>\n\n\n\n<p>La flagellazione ci insegna che l\u2019amore autentico <strong>ha un costo<\/strong>.<\/p>\n\n\n\n<hr class=\"wp-block-separator has-alpha-channel-opacity\"\/>\n\n\n\n<h2 class=\"wp-block-heading\"><strong>4.2. Umilt\u00e0 profonda<\/strong><\/h2>\n\n\n\n<p>La coronazione di spine distrugge il nostro orgoglio.<\/p>\n\n\n\n<p>Cristo, essendo Re, accetta di essere deriso.<\/p>\n\n\n\n<p>Domanda chiave per l\u2019anima:<br>\ud83d\udc49 Come reagisco quando vengo umiliato o frainteso?<\/p>\n\n\n\n<hr class=\"wp-block-separator has-alpha-channel-opacity\"\/>\n\n\n\n<h2 class=\"wp-block-heading\"><strong>4.3. Riparazione e offerta<\/strong><\/h2>\n\n\n\n<p>Ogni sofferenza quotidiana pu\u00f2 unirsi a quella di Cristo:<\/p>\n\n\n\n<ul class=\"wp-block-list\">\n<li>Problemi lavorativi<\/li>\n\n\n\n<li>Malattie<\/li>\n\n\n\n<li>Tensioni familiari<\/li>\n<\/ul>\n\n\n\n<p>Nulla va perso se offerto con amore.<\/p>\n\n\n\n<hr class=\"wp-block-separator has-alpha-channel-opacity\"\/>\n\n\n\n<h1 class=\"wp-block-heading\"><strong>5. Applicazioni pratiche per oggi<\/strong><\/h1>\n\n\n\n<p>Viviamo in una cultura che:<\/p>\n\n\n\n<ul class=\"wp-block-list\">\n<li>Evita il sacrificio<\/li>\n\n\n\n<li>Idolatra il comfort<\/li>\n\n\n\n<li>Rifiuta la sofferenza<\/li>\n<\/ul>\n\n\n\n<p>La Passione di Cristo \u00e8 profondamente controculturale.<\/p>\n\n\n\n<h2 class=\"wp-block-heading\"><strong>5.1. Riscoprire il senso della sofferenza<\/strong><\/h2>\n\n\n\n<p>Non tutto il dolore \u00e8 senza senso. In Cristo pu\u00f2 essere:<\/p>\n\n\n\n<ul class=\"wp-block-list\">\n<li>Redentore<\/li>\n\n\n\n<li>Purificatore<\/li>\n\n\n\n<li>Trasformante<\/li>\n<\/ul>\n\n\n\n<hr class=\"wp-block-separator has-alpha-channel-opacity\"\/>\n\n\n\n<h2 class=\"wp-block-heading\"><strong>5.2. Praticare piccole rinunce<\/strong><\/h2>\n\n\n\n<p>Non serve eroismo straordinario:<\/p>\n\n\n\n<ul class=\"wp-block-list\">\n<li>Spegnere il telefono per pregare<\/li>\n\n\n\n<li>Digiunare con intenzione<\/li>\n\n\n\n<li>Tacere in una discussione<\/li>\n<\/ul>\n\n\n\n<p>Sono \u201cpiccole flagellazioni\u201d che ordinano l\u2019anima.<\/p>\n\n\n\n<hr class=\"wp-block-separator has-alpha-channel-opacity\"\/>\n\n\n\n<h2 class=\"wp-block-heading\"><strong>5.3. Vivere l\u2019umilt\u00e0 nella vita quotidiana<\/strong><\/h2>\n\n\n\n<p>Accettare:<\/p>\n\n\n\n<ul class=\"wp-block-list\">\n<li>Di non avere sempre ragione<\/li>\n\n\n\n<li>Di non essere riconosciuti<\/li>\n\n\n\n<li>Di non distinguersi<\/li>\n<\/ul>\n\n\n\n<p>Qui comincia la vera libert\u00e0 interiore.<\/p>\n\n\n\n<hr class=\"wp-block-separator has-alpha-channel-opacity\"\/>\n\n\n\n<h2 class=\"wp-block-heading\"><strong>5.4. Contemplare la Passione<\/strong><\/h2>\n\n\n\n<p>La meditazione frequente di questi misteri trasforma il cuore.<\/p>\n\n\n\n<p>Specialmente attraverso:<\/p>\n\n\n\n<ul class=\"wp-block-list\">\n<li>La Via Crucis<\/li>\n\n\n\n<li>Il Santo Rosario (Misteri Dolorosi)<\/li>\n\n\n\n<li>L\u2019adorazione eucaristica<\/li>\n<\/ul>\n\n\n\n<hr class=\"wp-block-separator has-alpha-channel-opacity\"\/>\n\n\n\n<h1 class=\"wp-block-heading\"><strong>6. Un ultimo richiamo: dallo spettacolo all\u2019impegno<\/strong><\/h1>\n\n\n\n<p>Il rischio oggi \u00e8 vedere la Passione come qualcosa di lontano, quasi simbolico.<\/p>\n\n\n\n<p>Ma non lo \u00e8.<\/p>\n\n\n\n<p>Cristo non \u00e8 stato flagellato \u201cin teoria\u201d. \u00c8 stato per te. Per me. Per ogni peccato concreto.<\/p>\n\n\n\n<p>La domanda non \u00e8 solo:<br>\ud83d\udc49 Cosa gli hanno fatto a Ges\u00f9?<\/p>\n\n\n\n<p>Ma:<br>\ud83d\udc49 Cosa faccio con questo amore?<\/p>\n\n\n\n<hr class=\"wp-block-separator has-alpha-channel-opacity\"\/>\n\n\n\n<h1 class=\"wp-block-heading\"><strong>Conclusione: la corona che il mondo non comprende<\/strong><\/h1>\n\n\n\n<p>La flagellazione e la coronazione di spine ci insegnano che:<\/p>\n\n\n\n<ul class=\"wp-block-list\">\n<li>Il vero amore si dona<\/li>\n\n\n\n<li>La grandezza passa attraverso l\u2019umiliazione<\/li>\n\n\n\n<li>La vittoria arriva attraverso la croce<\/li>\n<\/ul>\n\n\n\n<p>In un mondo che fugge dal dolore, Cristo ci mostra che la sofferenza unita a Dio non distrugge\u2026 <strong>salva<\/strong>.<\/p>\n\n\n\n<p>E forse oggi, pi\u00f9 che mai, abbiamo bisogno di ascoltare queste parole:<\/p>\n\n\n\n<blockquote class=\"wp-block-quote is-layout-flow wp-block-quote-is-layout-flow\">\n<p><em>\u201cEcco l\u2019uomo\u201d<\/em><\/p>\n<\/blockquote>\n\n\n\n<p>Perch\u00e9 in quel volto sfigurato\u2026 si trova il modello di ci\u00f2 che siamo chiamati a diventare.<\/p>\n","protected":false},"excerpt":{"rendered":"<p>Al cuore della Passione di Cristo ci sono scene che scuotono l\u2019anima fino in fondo. Non sono semplicemente episodi di sofferenza fisica, ma rivelazioni di un amore che si lascia ferire per noi. La flagellazione e la coronazione di spine non sono solo eventi storici: sono una catechesi viva, una teologia incarnata, un appello urgente &hellip;<\/p>\n","protected":false},"author":3,"featured_media":5539,"comment_status":"closed","ping_status":"closed","sticky":false,"template":"","format":"standard","meta":{"_seopress_robots_primary_cat":"","_seopress_titles_title":"","_seopress_titles_desc":"","_seopress_robots_index":"","footnotes":""},"categories":[37,45],"tags":[1986],"class_list":["post-5538","post","type-post","status-publish","format-standard","has-post-thumbnail","","category-dottrina-e-fede","category-sacra-scrittura","tag-coronazione-di-spine"],"_links":{"self":[{"href":"https:\/\/catholicus.eu\/it\/wp-json\/wp\/v2\/posts\/5538","targetHints":{"allow":["GET"]}}],"collection":[{"href":"https:\/\/catholicus.eu\/it\/wp-json\/wp\/v2\/posts"}],"about":[{"href":"https:\/\/catholicus.eu\/it\/wp-json\/wp\/v2\/types\/post"}],"author":[{"embeddable":true,"href":"https:\/\/catholicus.eu\/it\/wp-json\/wp\/v2\/users\/3"}],"replies":[{"embeddable":true,"href":"https:\/\/catholicus.eu\/it\/wp-json\/wp\/v2\/comments?post=5538"}],"version-history":[{"count":1,"href":"https:\/\/catholicus.eu\/it\/wp-json\/wp\/v2\/posts\/5538\/revisions"}],"predecessor-version":[{"id":5540,"href":"https:\/\/catholicus.eu\/it\/wp-json\/wp\/v2\/posts\/5538\/revisions\/5540"}],"wp:featuredmedia":[{"embeddable":true,"href":"https:\/\/catholicus.eu\/it\/wp-json\/wp\/v2\/media\/5539"}],"wp:attachment":[{"href":"https:\/\/catholicus.eu\/it\/wp-json\/wp\/v2\/media?parent=5538"}],"wp:term":[{"taxonomy":"category","embeddable":true,"href":"https:\/\/catholicus.eu\/it\/wp-json\/wp\/v2\/categories?post=5538"},{"taxonomy":"post_tag","embeddable":true,"href":"https:\/\/catholicus.eu\/it\/wp-json\/wp\/v2\/tags?post=5538"}],"curies":[{"name":"wp","href":"https:\/\/api.w.org\/{rel}","templated":true}]}}