{"id":5532,"date":"2026-03-25T23:13:50","date_gmt":"2026-03-25T22:13:50","guid":{"rendered":"https:\/\/catholicus.eu\/it\/?p=5532"},"modified":"2026-03-25T23:13:51","modified_gmt":"2026-03-25T22:13:51","slug":"la-disputa-di-parigi-1240-il-processo-del-talmud-alia-lex","status":"publish","type":"post","link":"https:\/\/catholicus.eu\/it\/la-disputa-di-parigi-1240-il-processo-del-talmud-alia-lex\/","title":{"rendered":"La Disputa di Parigi (1240): Il processo del Talmud, Alia Lex"},"content":{"rendered":"\n<p><strong>Una lezione storica, teologica e pastorale per i nostri tempi<\/strong><\/p>\n\n\n\n<hr class=\"wp-block-separator has-alpha-channel-opacity\"\/>\n\n\n\n<h4 class=\"wp-block-heading\">1. Introduzione: quando la fede incontra interpretazioni divergenti<\/h4>\n\n\n\n<p>Nel corso della storia della Chiesa, ci sono stati momenti in cui la difesa della fede si \u00e8 intrecciata con tensioni culturali, religiose e persino politiche. Uno di questi episodi \u00e8 la cosiddetta <em>Disputa di Parigi<\/em> dell\u2019anno 1240, conosciuta anche come il <em>Processo al Talmud<\/em>.<\/p>\n\n\n\n<p>Questo evento, sebbene lontano nel tempo, continua a sollevare domande profondamente attuali:<\/p>\n\n\n\n<ul class=\"wp-block-list\">\n<li>Come discernere la verit\u00e0 in mezzo a interpretazioni divergenti?<\/li>\n\n\n\n<li>Come difendere la fede senza perdere la carit\u00e0?<\/li>\n\n\n\n<li>Come comprendere la relazione tra cristianesimo ed ebraismo da una prospettiva fedele al Vangelo?<\/li>\n<\/ul>\n\n\n\n<p>Questo articolo non si propone solo di spiegare quanto accadde, ma di illuminarlo attraverso una prospettiva teologica e pastorale che aiuti il credente di oggi a crescere nella verit\u00e0 e nell\u2019amore.<\/p>\n\n\n\n<hr class=\"wp-block-separator has-alpha-channel-opacity\"\/>\n\n\n\n<h4 class=\"wp-block-heading\">2. Contesto storico: un\u2019Europa profondamente cristiana<\/h4>\n\n\n\n<p>Nel XIII secolo, l\u2019Europa era segnata da una visione del mondo profondamente cristiana. La fede non era solo una questione privata, ma il fondamento dell\u2019ordine sociale, culturale e politico. In questo contesto, qualsiasi insegnamento considerato contrario alla fede cristiana era visto come una minaccia non solo spirituale, ma anche sociale.<\/p>\n\n\n\n<p>Il Talmud \u2014 una raccolta di commenti rabbinici sulla legge ebraica \u2014 inizi\u00f2 a suscitare controversie nei circoli cristiani, soprattutto quando alcuni convertiti dall\u2019ebraismo affermarono che conteneva passaggi offensivi nei confronti di Ges\u00f9 Cristo e della fede cristiana.<\/p>\n\n\n\n<p>Uno di questi convertiti, Nicola Donin, present\u00f2 accuse formali al papa Gregorio IX, il che port\u00f2 alla convocazione di una disputa pubblica a Parigi.<\/p>\n\n\n\n<hr class=\"wp-block-separator has-alpha-channel-opacity\"\/>\n\n\n\n<h4 class=\"wp-block-heading\">3. La Disputa di Parigi: svolgimento del processo<\/h4>\n\n\n\n<p>La disputa ebbe luogo davanti ad autorit\u00e0 ecclesiastiche e accademiche, inclusi teologi dell\u2019Universit\u00e0 di Parigi. Da una parte, Nicola Donin present\u00f2 una serie di accuse contro il Talmud. Dall\u2019altra, rabbini ebrei, come Jehiel di Parigi, difesero la loro tradizione.<\/p>\n\n\n\n<p>Il processo si concentr\u00f2 su diverse questioni:<\/p>\n\n\n\n<ul class=\"wp-block-list\">\n<li>Il Talmud conteneva insegnamenti contrari alla Sacra Scrittura?<\/li>\n\n\n\n<li>Includeva espressioni considerate offensive nei confronti di Ges\u00f9 Cristo?<\/li>\n\n\n\n<li>Il suo uso doveva essere permesso in una societ\u00e0 cristiana?<\/li>\n<\/ul>\n\n\n\n<p>Il risultato fu la condanna del Talmud, che port\u00f2 alla distruzione pubblica di numerosi manoscritti nel 1242.<\/p>\n\n\n\n<hr class=\"wp-block-separator has-alpha-channel-opacity\"\/>\n\n\n\n<h4 class=\"wp-block-heading\">4. Sulle accuse: una necessaria precisione teologica<\/h4>\n\n\n\n<p>Qui dobbiamo essere particolarmente prudenti e rigorosi. Storicamente, le accuse includevano interpretazioni di alcuni passaggi del Talmud che, secondo gli accusatori, contenevano:<\/p>\n\n\n\n<ul class=\"wp-block-list\">\n<li>Riferimenti critici o negativi verso figure identificate con Ges\u00f9.<\/li>\n\n\n\n<li>Interpretazioni della legge radicalmente diverse dal cristianesimo.<\/li>\n\n\n\n<li>Commenti considerati irriverenti verso le credenze cristiane.<\/li>\n<\/ul>\n\n\n\n<p>Tuttavia, \u00e8 essenziale comprendere diversi punti da una prospettiva teologica seria e contemporanea:<\/p>\n\n\n\n<ol class=\"wp-block-list\">\n<li><strong>Contesto interpretativo<\/strong>:<br>Il Talmud \u00e8 un testo complesso, composto da dibattiti, opinioni diverse e contesti storici molto specifici. Non tutti i passaggi hanno un significato letterale o uniforme.<\/li>\n\n\n\n<li><strong>Problemi di traduzione e lettura<\/strong>:<br>Molte delle accuse medievali si basavano su traduzioni parziali o interpretazioni polemiche.<\/li>\n\n\n\n<li><strong>Distinzione tra errore e cattiva intenzione<\/strong>:<br>Dal punto di vista teologico cattolico, \u00e8 fondamentale distinguere tra dottrine errate e volont\u00e0 consapevole di blasfemia.<\/li>\n<\/ol>\n\n\n\n<p>Pertanto, non \u00e8 n\u00e9 appropriato n\u00e9 fedele alla verit\u00e0 ripetere queste accuse in maniera semplicistica o senza sfumature. Oggi la Chiesa ci chiama a un discernimento pi\u00f9 profondo e rispettoso.<\/p>\n\n\n\n<hr class=\"wp-block-separator has-alpha-channel-opacity\"\/>\n\n\n\n<h4 class=\"wp-block-heading\">5. Chiave teologica: la pienezza della rivelazione in Cristo<\/h4>\n\n\n\n<p>Per comprendere il contesto profondo di questa disputa, dobbiamo tornare al centro della fede cristiana: Ges\u00f9 Cristo come pienezza della rivelazione.<\/p>\n\n\n\n<p>Il Vangelo ci ricorda:<\/p>\n\n\n\n<blockquote class=\"wp-block-quote is-layout-flow wp-block-quote-is-layout-flow\">\n<p>\u201cIo sono la via, la verit\u00e0 e la vita. Nessuno viene al Padre se non per mezzo di me.\u201d (Giovanni 14,6)<\/p>\n<\/blockquote>\n\n\n\n<p>Da questa certezza, la Chiesa ha sempre affermato che tutta la verit\u00e0 trova la sua pienezza in Cristo. Questo implica che qualsiasi sistema religioso o interpretazione che non riconosca Cristo come Figlio di Dio rimane, dal punto di vista cristiano, incompleto.<\/p>\n\n\n\n<p>Tuttavia, questa affermazione non deve mai diventare motivo di orgoglio o disprezzo, ma piuttosto un invito all\u2019umilt\u00e0 e alla testimonianza.<\/p>\n\n\n\n<hr class=\"wp-block-separator has-alpha-channel-opacity\"\/>\n\n\n\n<h4 class=\"wp-block-heading\">6. Una lettura pastorale per oggi: la verit\u00e0 senza carit\u00e0 non \u00e8 cristiana<\/h4>\n\n\n\n<p>Se c\u2019\u00e8 qualcosa da imparare da episodi come la Disputa di Parigi, \u00e8 che la difesa della verit\u00e0 non pu\u00f2 essere separata dalla carit\u00e0.<\/p>\n\n\n\n<p>San Paolo lo esprime chiaramente:<\/p>\n\n\n\n<blockquote class=\"wp-block-quote is-layout-flow wp-block-quote-is-layout-flow\">\n<p>\u201cSe non ho amore, nulla sono.\u201d (1 Corinti 13,2)<\/p>\n<\/blockquote>\n\n\n\n<p>Nel mondo attuale, dove coesistono molte religioni e visioni del mondo, il cristiano \u00e8 chiamato a:<\/p>\n\n\n\n<ul class=\"wp-block-list\">\n<li><strong>Conoscere profondamente la propria fede<\/strong><br>Non da un atteggiamento polemico, ma per amore della verit\u00e0.<\/li>\n\n\n\n<li><strong>Evitare giudizi superficiali<\/strong><br>Soprattutto riguardo a tradizioni che non comprendiamo appieno.<\/li>\n\n\n\n<li><strong>Dare testimonianza attraverso una vita coerente<\/strong><br>La migliore difesa del cristianesimo non \u00e8 l\u2019argomento, ma la santit\u00e0.<\/li>\n\n\n\n<li><strong>Dialogare senza rinunciare alla verit\u00e0<\/strong><br>Il dialogo autentico non diluisce la fede; la purifica e la rafforza.<\/li>\n<\/ul>\n\n\n\n<hr class=\"wp-block-separator has-alpha-channel-opacity\"\/>\n\n\n\n<h4 class=\"wp-block-heading\">7. Lezioni spirituali: discernimento, umilt\u00e0 e fedelt\u00e0<\/h4>\n\n\n\n<p>Questo episodio storico ci lascia diverse lezioni spirituali profonde:<\/p>\n\n\n\n<p><strong>1. L\u2019importanza del discernimento<\/strong><br>Non tutto ci\u00f2 che sembra contrario alla fede lo \u00e8 realmente. \u00c8 necessario studiare, comprendere e pregare prima di giudicare.<\/p>\n\n\n\n<p><strong>2. Il pericolo dello zelo senza carit\u00e0<\/strong><br>Difendere la verit\u00e0 senza amore pu\u00f2 portare all\u2019indurimento del cuore.<\/p>\n\n\n\n<p><strong>3. La centralit\u00e0 di Cristo<\/strong><br>In mezzo a dibattiti, controversie e tensioni, il cristiano non deve perdere di vista l\u2019essenziale: una relazione personale con Ges\u00f9 Cristo.<\/p>\n\n\n\n<hr class=\"wp-block-separator has-alpha-channel-opacity\"\/>\n\n\n\n<h4 class=\"wp-block-heading\">8. Applicazioni pratiche per il credente di oggi<\/h4>\n\n\n\n<p>Come possiamo applicare questi insegnamenti nella nostra vita quotidiana?<\/p>\n\n\n\n<ul class=\"wp-block-list\">\n<li><strong>Formazione solida<\/strong>: Dedica tempo a conoscere la Bibbia, il Catechismo e la tradizione della Chiesa.<\/li>\n\n\n\n<li><strong>Preghiera per l\u2019unit\u00e0<\/strong>: Prega per tutti coloro che non conoscono Cristo.<\/li>\n\n\n\n<li><strong>Carit\u00e0 nel linguaggio<\/strong>: Evita di parlare con disprezzo o superiorit\u00e0 delle altre religioni.<\/li>\n\n\n\n<li><strong>Testimonianza silenziosa<\/strong>: Vivi in modo tale che gli altri si chiedano quale sia la fonte della tua pace.<\/li>\n<\/ul>\n\n\n\n<hr class=\"wp-block-separator has-alpha-channel-opacity\"\/>\n\n\n\n<h4 class=\"wp-block-heading\">9. Conclusione: tra storia ed eternit\u00e0<\/h4>\n\n\n\n<p>La Disputa di Parigi non \u00e8 solo un episodio del passato. \u00c8 uno specchio in cui possiamo guardarci oggi.<\/p>\n\n\n\n<p>Ci ricorda che la verit\u00e0 \u00e8 un dono prezioso, ma deve essere custodita con umilt\u00e0. Che la fede \u00e8 salda, ma il cuore deve rimanere dolce. Che Cristo \u00e8 il centro, ma il cammino verso di Lui passa sempre attraverso l\u2019amore.<\/p>\n\n\n\n<p>In un mondo segnato dalla divisione, il cristiano \u00e8 chiamato a essere ponte, luce e testimone.<\/p>\n\n\n\n<p>Perch\u00e9 alla fine, non saremo giudicati da quanto abbiamo discusso\u2026 ma da quanto abbiamo amato.<\/p>\n","protected":false},"excerpt":{"rendered":"<p>Una lezione storica, teologica e pastorale per i nostri tempi 1. Introduzione: quando la fede incontra interpretazioni divergenti Nel corso della storia della Chiesa, ci sono stati momenti in cui la difesa della fede si \u00e8 intrecciata con tensioni culturali, religiose e persino politiche. Uno di questi episodi \u00e8 la cosiddetta Disputa di Parigi dell\u2019anno &hellip;<\/p>\n","protected":false},"author":3,"featured_media":5533,"comment_status":"closed","ping_status":"closed","sticky":false,"template":"","format":"standard","meta":{"_seopress_robots_primary_cat":"","_seopress_titles_title":"","_seopress_titles_desc":"","_seopress_robots_index":"","footnotes":""},"categories":[48,38],"tags":[1984,286],"class_list":["post-5532","post","type-post","status-publish","format-standard","has-post-thumbnail","","category-storia-della-chiesa","category-storia-e-tradizione","tag-disputa-di-parigi","tag-talmud"],"_links":{"self":[{"href":"https:\/\/catholicus.eu\/it\/wp-json\/wp\/v2\/posts\/5532","targetHints":{"allow":["GET"]}}],"collection":[{"href":"https:\/\/catholicus.eu\/it\/wp-json\/wp\/v2\/posts"}],"about":[{"href":"https:\/\/catholicus.eu\/it\/wp-json\/wp\/v2\/types\/post"}],"author":[{"embeddable":true,"href":"https:\/\/catholicus.eu\/it\/wp-json\/wp\/v2\/users\/3"}],"replies":[{"embeddable":true,"href":"https:\/\/catholicus.eu\/it\/wp-json\/wp\/v2\/comments?post=5532"}],"version-history":[{"count":1,"href":"https:\/\/catholicus.eu\/it\/wp-json\/wp\/v2\/posts\/5532\/revisions"}],"predecessor-version":[{"id":5534,"href":"https:\/\/catholicus.eu\/it\/wp-json\/wp\/v2\/posts\/5532\/revisions\/5534"}],"wp:featuredmedia":[{"embeddable":true,"href":"https:\/\/catholicus.eu\/it\/wp-json\/wp\/v2\/media\/5533"}],"wp:attachment":[{"href":"https:\/\/catholicus.eu\/it\/wp-json\/wp\/v2\/media?parent=5532"}],"wp:term":[{"taxonomy":"category","embeddable":true,"href":"https:\/\/catholicus.eu\/it\/wp-json\/wp\/v2\/categories?post=5532"},{"taxonomy":"post_tag","embeddable":true,"href":"https:\/\/catholicus.eu\/it\/wp-json\/wp\/v2\/tags?post=5532"}],"curies":[{"name":"wp","href":"https:\/\/api.w.org\/{rel}","templated":true}]}}