{"id":5508,"date":"2026-03-25T09:55:48","date_gmt":"2026-03-25T08:55:48","guid":{"rendered":"https:\/\/catholicus.eu\/it\/?p=5508"},"modified":"2026-03-25T09:55:49","modified_gmt":"2026-03-25T08:55:49","slug":"i-144-000-dellapocalisse-elite-segreta-o-chiamata-universale-alla-santita-la-verita-che-pochi-spiegano","status":"publish","type":"post","link":"https:\/\/catholicus.eu\/it\/i-144-000-dellapocalisse-elite-segreta-o-chiamata-universale-alla-santita-la-verita-che-pochi-spiegano\/","title":{"rendered":"I 144.000 dell\u2019Apocalisse: \u00e9lite segreta o chiamata universale alla santit\u00e0? La verit\u00e0 che pochi spiegano"},"content":{"rendered":"\n<p>In un mondo saturo di teorie, paure apocalittiche e letture superficiali della Bibbia, pochi passi suscitano tanta curiosit\u00e0 \u2014 e tanta confusione \u2014 quanto quello dei <strong>144.000 segnati nel Libro dell\u2019Apocalisse<\/strong>.<\/p>\n\n\n\n<p>Si tratta di un gruppo letterale?<br>Di un\u2019\u00e9lite spirituale?<br>Riguarda solo gli ebrei?<br>Ha qualcosa a che fare con te oggi?<\/p>\n\n\n\n<p>La risposta, lungi dall\u2019essere fredda o speculativa, \u00e8 profondamente spirituale, pastorale\u2026 e sorprendentemente attuale.<\/p>\n\n\n\n<hr class=\"wp-block-separator has-alpha-channel-opacity\"\/>\n\n\n\n<h2 class=\"wp-block-heading\"><strong>1. Il testo che cambia tutto<\/strong><\/h2>\n\n\n\n<p>Il mistero inizia nel Libro dell\u2019Apocalisse, dove leggiamo:<\/p>\n\n\n\n<blockquote class=\"wp-block-quote is-layout-flow wp-block-quote-is-layout-flow\">\n<p>\u00abUdii anche il numero di coloro che furono segnati: centoquarantaquattromila segnati da tutte le trib\u00f9 dei figli d\u2019Israele.\u00bb (Ap 7,4)<\/p>\n<\/blockquote>\n\n\n\n<p>Pi\u00f9 avanti si aggiunge:<\/p>\n\n\n\n<blockquote class=\"wp-block-quote is-layout-flow wp-block-quote-is-layout-flow\">\n<p>\u00abQuesti sono coloro che non si sono contaminati con donne\u2026 seguono l\u2019Agnello dovunque vada\u2026 sono stati riscattati tra gli uomini come primizie per Dio e per l\u2019Agnello.\u00bb (Ap 14,4)<\/p>\n<\/blockquote>\n\n\n\n<p>A prima vista, sembra un gruppo limitato, quasi esclusivo. Ma se ci fermiamo l\u00ec, non abbiamo compreso il linguaggio dell\u2019Apocalisse.<\/p>\n\n\n\n<hr class=\"wp-block-separator has-alpha-channel-opacity\"\/>\n\n\n\n<h2 class=\"wp-block-heading\"><strong>2. Il linguaggio simbolico: la chiave per non sbagliare<\/strong><\/h2>\n\n\n\n<p>L\u2019Apocalisse non \u00e8 un libro di statistiche. \u00c8 un libro di <strong>simboli profondamente teologici<\/strong>.<\/p>\n\n\n\n<p>Il numero <strong>144.000<\/strong> non \u00e8 casuale:<\/p>\n\n\n\n<ul class=\"wp-block-list\">\n<li>12 (trib\u00f9 d\u2019Israele)<\/li>\n\n\n\n<li>\u00d7 12 (gli Apostoli)<\/li>\n\n\n\n<li>\u00d7 1000 (pienezza, totalit\u00e0)<\/li>\n<\/ul>\n\n\n\n<p>\ud83d\udc49 Risultato: <strong>la totalit\u00e0 del popolo di Dio nella sua pienezza perfetta<\/strong>.<\/p>\n\n\n\n<p>Non siamo di fronte a una cifra letterale, ma a un\u2019<strong>immagine di completezza, perfezione e pienezza spirituale<\/strong>.<\/p>\n\n\n\n<hr class=\"wp-block-separator has-alpha-channel-opacity\"\/>\n\n\n\n<h2 class=\"wp-block-heading\"><strong>3. Si riferisce solo agli ebrei?<\/strong><\/h2>\n\n\n\n<p>Qui arriviamo a una delle domande pi\u00f9 importanti.<\/p>\n\n\n\n<p>Il testo menziona esplicitamente le \u201ctrib\u00f9 d\u2019Israele\u201d. Tuttavia, la Chiesa, fin dai primi secoli, ha interpretato questo <strong>non in senso etnico, ma spirituale<\/strong>.<\/p>\n\n\n\n<p>Perch\u00e9?<\/p>\n\n\n\n<p>Perch\u00e9 il Nuovo Testamento amplia il concetto di Israele:<\/p>\n\n\n\n<ul class=\"wp-block-list\">\n<li>San Paolo insegna che il vero Israele non \u00e8 solo quello secondo la carne, ma quello della fede: \u00abNon tutti quelli che discendono da Israele sono Israele.\u00bb (Rm 9,6)<\/li>\n\n\n\n<li>E anche: \u00abSe appartenete a Cristo, allora siete discendenza di Abramo.\u00bb (Gal 3,29)<\/li>\n<\/ul>\n\n\n\n<p>\ud83d\udc49 Conclusione teologica chiara:<br><strong>I 144.000 rappresentano il vero popolo di Dio, formato da ebrei e pagani uniti in Cristo.<\/strong><\/p>\n\n\n\n<p>Non \u00e8 un club chiuso. \u00c8 la Chiesa nella sua dimensione pi\u00f9 pura e fedele.<\/p>\n\n\n\n<hr class=\"wp-block-separator has-alpha-channel-opacity\"\/>\n\n\n\n<h2 class=\"wp-block-heading\"><strong>4. Il \u201csigillo\u201d: l\u2019identit\u00e0 spirituale del cristiano<\/strong><\/h2>\n\n\n\n<p>Il testo insiste sul fatto che questi uomini sono \u201csegnati\u201d.<\/p>\n\n\n\n<p>Che cos\u2019\u00e8 questo sigillo?<\/p>\n\n\n\n<p>Nella tradizione cattolica, questo ha un\u2019eco molto chiara:<\/p>\n\n\n\n<ul class=\"wp-block-list\">\n<li>Il <strong>Battesimo<\/strong><\/li>\n\n\n\n<li>La <strong>Confermazione<\/strong><\/li>\n\n\n\n<li>Il <strong>carattere sacramentale<\/strong><\/li>\n<\/ul>\n\n\n\n<p>Il sigillo \u00e8 il <strong>segno di appartenenza a Dio<\/strong>, un\u2019identit\u00e0 indelebile.<\/p>\n\n\n\n<p>Ma c\u2019\u00e8 di pi\u00f9.<\/p>\n\n\n\n<p>Nell\u2019Apocalisse, il sigillo \u00e8 anche una <strong>protezione spirituale<\/strong> contro il male. \u00c8 l\u2019opposto del \u201cmarchio della bestia\u201d.<\/p>\n\n\n\n<p>\ud83d\udc49 In altre parole:<br><strong>O appartieni a Dio\u2026 oppure finisci per appartenere al mondo.<\/strong><\/p>\n\n\n\n<p>Non esiste neutralit\u00e0.<\/p>\n\n\n\n<hr class=\"wp-block-separator has-alpha-channel-opacity\"\/>\n\n\n\n<h2 class=\"wp-block-heading\"><strong>5. Un\u2019\u00e9lite\u2026 ma non come la intende il mondo<\/strong><\/h2>\n\n\n\n<p>Qui arriviamo a un punto delicato.<\/p>\n\n\n\n<p>S\u00ec, i 144.000 sono presentati come un gruppo speciale:<\/p>\n\n\n\n<ul class=\"wp-block-list\">\n<li>\u201cPrimizie\u201d<\/li>\n\n\n\n<li>\u201cSenza macchia\u201d<\/li>\n\n\n\n<li>\u201cFedeli all\u2019Agnello\u201d<\/li>\n<\/ul>\n\n\n\n<p>Ma attenzione: questo non parla di privilegio\u2026 bens\u00ec di <strong>esigenza radicale<\/strong>.<\/p>\n\n\n\n<p>Non sono \u201cmigliori\u201d per status, ma per fedelt\u00e0.<\/p>\n\n\n\n<p>Sono coloro che:<\/p>\n\n\n\n<ul class=\"wp-block-list\">\n<li>Non negoziano con il peccato<\/li>\n\n\n\n<li>Non si lasciano sedurre dallo spirito del mondo<\/li>\n\n\n\n<li>Rimangono fedeli anche nella persecuzione<\/li>\n<\/ul>\n\n\n\n<p>\ud83d\udc49 In altre parole:<br><strong>sono i santi.<\/strong><\/p>\n\n\n\n<hr class=\"wp-block-separator has-alpha-channel-opacity\"\/>\n\n\n\n<h2 class=\"wp-block-heading\"><strong>6. E allora\u2026 dove ci troviamo noi?<\/strong><\/h2>\n\n\n\n<p>Qui il testo diventa profondamente pastorale.<\/p>\n\n\n\n<p>Perch\u00e9 subito dopo i 144.000, l\u2019Apocalisse presenta un\u2019altra visione:<\/p>\n\n\n\n<blockquote class=\"wp-block-quote is-layout-flow wp-block-quote-is-layout-flow\">\n<p>\u00abDopo queste cose, vidi una moltitudine immensa, che nessuno poteva contare, di ogni nazione, trib\u00f9, popolo e lingua\u2026\u00bb (Ap 7,9)<\/p>\n<\/blockquote>\n\n\n\n<p>Questo spezza ogni tentazione elitista.<\/p>\n\n\n\n<p>\ud83d\udc49 Ci sono due immagini complementari:<\/p>\n\n\n\n<ul class=\"wp-block-list\">\n<li><strong>144.000<\/strong> \u2192 la Chiesa nella sua perfezione simbolica<\/li>\n\n\n\n<li><strong>La moltitudine immensa<\/strong> \u2192 la salvezza aperta a tutti<\/li>\n<\/ul>\n\n\n\n<hr class=\"wp-block-separator has-alpha-channel-opacity\"\/>\n\n\n\n<h2 class=\"wp-block-heading\"><strong>7. Applicazione pratica: vivere oggi come \u201csegnati\u201d<\/strong><\/h2>\n\n\n\n<p>Questo tema non \u00e8 per speculare. \u00c8 per <strong>esaminare la tua vita<\/strong>.<\/p>\n\n\n\n<h3 class=\"wp-block-heading\">\ud83d\udd25 1. A chi appartieni davvero?<\/h3>\n\n\n\n<p>Oggi anche il mondo \u201csegna\u201d:<\/p>\n\n\n\n<ul class=\"wp-block-list\">\n<li>Ideologie<\/li>\n\n\n\n<li>Mode<\/li>\n\n\n\n<li>Peccati normalizzati<\/li>\n\n\n\n<li>Idolatria dell\u2019io<\/li>\n<\/ul>\n\n\n\n<p>Il cristiano \u00e8 chiamato a portare un altro sigillo.<\/p>\n\n\n\n<p>\ud83d\udc49 La tua vita mostra che appartieni a Cristo?<\/p>\n\n\n\n<hr class=\"wp-block-separator has-alpha-channel-opacity\"\/>\n\n\n\n<h3 class=\"wp-block-heading\">\ud83d\udd4a\ufe0f 2. La purezza non \u00e8 opzionale<\/h3>\n\n\n\n<p>L\u2019Apocalisse insiste sulla purezza.<\/p>\n\n\n\n<p>Non si tratta solo di sessualit\u00e0, ma di una <strong>integrit\u00e0 totale<\/strong>:<\/p>\n\n\n\n<ul class=\"wp-block-list\">\n<li>Pensieri<\/li>\n\n\n\n<li>Intenzioni<\/li>\n\n\n\n<li>Fedelt\u00e0 interiore<\/li>\n<\/ul>\n\n\n\n<p>\ud83d\udc49 In una cultura che banalizza tutto, la purezza \u00e8 rivoluzionaria.<\/p>\n\n\n\n<hr class=\"wp-block-separator has-alpha-channel-opacity\"\/>\n\n\n\n<h3 class=\"wp-block-heading\">\u2694\ufe0f 3. La fedelt\u00e0 nei tempi difficili<\/h3>\n\n\n\n<p>I 144.000 appaiono in un contesto di prova.<\/p>\n\n\n\n<p>Non sono cristiani \u201ccomodi\u201d. Sono cristiani che <strong>resistono<\/strong>.<\/p>\n\n\n\n<p>\ud83d\udc49 Oggi questo significa:<\/p>\n\n\n\n<ul class=\"wp-block-list\">\n<li>Non tacere la verit\u00e0 per pressione sociale<\/li>\n\n\n\n<li>Non diluire la fede per adattarsi<\/li>\n\n\n\n<li>Non negoziare con il peccato<\/li>\n<\/ul>\n\n\n\n<hr class=\"wp-block-separator has-alpha-channel-opacity\"\/>\n\n\n\n<h3 class=\"wp-block-heading\">\ud83c\udf3e 4. Essere \u201cprimizie\u201d nel mondo<\/h3>\n\n\n\n<p>Essere primizie significa essere un\u2019<strong>anticipazione del cielo sulla terra<\/strong>.<\/p>\n\n\n\n<p>La tua vita dovrebbe suscitare negli altri questa domanda:<\/p>\n\n\n\n<blockquote class=\"wp-block-quote is-layout-flow wp-block-quote-is-layout-flow\">\n<p>\u00abChe cosa ha questa persona che io non ho?\u00bb<\/p>\n<\/blockquote>\n\n\n\n<hr class=\"wp-block-separator has-alpha-channel-opacity\"\/>\n\n\n\n<h2 class=\"wp-block-heading\"><strong>8. Un avvertimento necessario: attenzione alle interpretazioni errate<\/strong><\/h2>\n\n\n\n<p>Alcune correnti hanno ridotto questo passo a:<\/p>\n\n\n\n<ul class=\"wp-block-list\">\n<li>Un numero letterale e fisso<\/li>\n\n\n\n<li>Un gruppo esclusivo di \u201celetti\u201d<\/li>\n\n\n\n<li>O persino sette che si identificano come i 144.000<\/li>\n<\/ul>\n\n\n\n<p>Questo contraddice la visione cattolica.<\/p>\n\n\n\n<p>\ud83d\udc49 La Chiesa insegna:<\/p>\n\n\n\n<ul class=\"wp-block-list\">\n<li>L\u2019universalit\u00e0 della salvezza<\/li>\n\n\n\n<li>La chiamata universale alla santit\u00e0<\/li>\n\n\n\n<li>L\u2019interpretazione simbolica dell\u2019Apocalisse<\/li>\n<\/ul>\n\n\n\n<hr class=\"wp-block-separator has-alpha-channel-opacity\"\/>\n\n\n\n<h2 class=\"wp-block-heading\"><strong>9. Il messaggio finale: non \u00e8 un numero\u2026 \u00e8 una chiamata<\/strong><\/h2>\n\n\n\n<p>Il vero messaggio non \u00e8 contare le persone.<\/p>\n\n\n\n<p>\u00c8 comprendere questo:<\/p>\n\n\n\n<p>\ud83d\udc49 Dio vuole un popolo totalmente suo.<br>\ud83d\udc49 Un popolo fedele, puro e coraggioso.<br>\ud83d\udc49 Un popolo che non si venda al mondo.<\/p>\n\n\n\n<p>E questo popolo\u2026 comincia da te.<\/p>\n\n\n\n<hr class=\"wp-block-separator has-alpha-channel-opacity\"\/>\n\n\n\n<h2 class=\"wp-block-heading\"><strong>Conclusione: fai parte dei segnati?<\/strong><\/h2>\n\n\n\n<p>La grande domanda non \u00e8 se i 144.000 siano ebrei o no.<\/p>\n\n\n\n<p>La vera domanda \u00e8:<\/p>\n\n\n\n<p><strong>Stai vivendo come qualcuno segnato da Dio?<\/strong><\/p>\n\n\n\n<p>Perch\u00e9 alla fine, l\u2019Apocalisse non parla del futuro\u2026 parla del presente.<\/p>\n\n\n\n<p>Parla di una battaglia spirituale gi\u00e0 in corso.<\/p>\n\n\n\n<p>E tu sei gi\u00e0 segnato.<\/p>\n\n\n\n<p>L\u2019unica domanda \u00e8:<\/p>\n\n\n\n<p><strong>con quale sigillo?<\/strong><\/p>\n","protected":false},"excerpt":{"rendered":"<p>In un mondo saturo di teorie, paure apocalittiche e letture superficiali della Bibbia, pochi passi suscitano tanta curiosit\u00e0 \u2014 e tanta confusione \u2014 quanto quello dei 144.000 segnati nel Libro dell\u2019Apocalisse. Si tratta di un gruppo letterale?Di un\u2019\u00e9lite spirituale?Riguarda solo gli ebrei?Ha qualcosa a che fare con te oggi? La risposta, lungi dall\u2019essere fredda o &hellip;<\/p>\n","protected":false},"author":3,"featured_media":5509,"comment_status":"closed","ping_status":"closed","sticky":false,"template":"","format":"standard","meta":{"_seopress_robots_primary_cat":"","_seopress_titles_title":"","_seopress_titles_desc":"","_seopress_robots_index":"","footnotes":""},"categories":[37,45],"tags":[1979,918],"class_list":["post-5508","post","type-post","status-publish","format-standard","has-post-thumbnail","","category-dottrina-e-fede","category-sacra-scrittura","tag-144-000","tag-apocalisse"],"_links":{"self":[{"href":"https:\/\/catholicus.eu\/it\/wp-json\/wp\/v2\/posts\/5508","targetHints":{"allow":["GET"]}}],"collection":[{"href":"https:\/\/catholicus.eu\/it\/wp-json\/wp\/v2\/posts"}],"about":[{"href":"https:\/\/catholicus.eu\/it\/wp-json\/wp\/v2\/types\/post"}],"author":[{"embeddable":true,"href":"https:\/\/catholicus.eu\/it\/wp-json\/wp\/v2\/users\/3"}],"replies":[{"embeddable":true,"href":"https:\/\/catholicus.eu\/it\/wp-json\/wp\/v2\/comments?post=5508"}],"version-history":[{"count":1,"href":"https:\/\/catholicus.eu\/it\/wp-json\/wp\/v2\/posts\/5508\/revisions"}],"predecessor-version":[{"id":5510,"href":"https:\/\/catholicus.eu\/it\/wp-json\/wp\/v2\/posts\/5508\/revisions\/5510"}],"wp:featuredmedia":[{"embeddable":true,"href":"https:\/\/catholicus.eu\/it\/wp-json\/wp\/v2\/media\/5509"}],"wp:attachment":[{"href":"https:\/\/catholicus.eu\/it\/wp-json\/wp\/v2\/media?parent=5508"}],"wp:term":[{"taxonomy":"category","embeddable":true,"href":"https:\/\/catholicus.eu\/it\/wp-json\/wp\/v2\/categories?post=5508"},{"taxonomy":"post_tag","embeddable":true,"href":"https:\/\/catholicus.eu\/it\/wp-json\/wp\/v2\/tags?post=5508"}],"curies":[{"name":"wp","href":"https:\/\/api.w.org\/{rel}","templated":true}]}}