{"id":5505,"date":"2026-03-25T09:06:56","date_gmt":"2026-03-25T08:06:56","guid":{"rendered":"https:\/\/catholicus.eu\/it\/?p=5505"},"modified":"2026-03-25T09:06:56","modified_gmt":"2026-03-25T08:06:56","slug":"humanum-genus-la-battaglia-invisibile-che-continua-a-plasmare-il-nostro-tempo-un-appello-urgente-a-risvegliare-la-fede","status":"publish","type":"post","link":"https:\/\/catholicus.eu\/it\/humanum-genus-la-battaglia-invisibile-che-continua-a-plasmare-il-nostro-tempo-un-appello-urgente-a-risvegliare-la-fede\/","title":{"rendered":"\u201cHumanum Genus\u201d: La battaglia invisibile che continua a plasmare il nostro tempo \u2014 un appello urgente a risvegliare la fede"},"content":{"rendered":"\n<p>In un mondo in cui la verit\u00e0 sembra dissolversi, dove tutto viene relativizzato e la fede viene relegata alla sfera privata, l\u2019enciclica <em>Humanum Genus<\/em> di Papa Leone XIII emerge con una chiarezza profetica sorprendentemente attuale. Pubblicata nel 1884, non \u00e8 semplicemente un documento storico: \u00e8 una diagnosi spirituale di una battaglia che \u00e8 ancora in corso.<\/p>\n\n\n\n<p>Questo articolo desidera non solo aiutarti a comprendere questa enciclica, ma anche a <strong>discernere il tuo posto in questa battaglia spirituale<\/strong>, con uno sguardo profondo, teologico e soprattutto pastorale.<\/p>\n\n\n\n<hr class=\"wp-block-separator has-alpha-channel-opacity\"\/>\n\n\n\n<h2 class=\"wp-block-heading\"><strong>1. Contesto storico: una Chiesa nel mezzo di un mondo che cambia<\/strong><\/h2>\n\n\n\n<p>Per comprendere <em>Humanum Genus<\/em>, dobbiamo collocarci nel suo tempo. Il XIX secolo fu un\u2019epoca di profonde trasformazioni:<\/p>\n\n\n\n<ul class=\"wp-block-list\">\n<li>Rivoluzioni politiche che cercavano una separazione radicale tra Chiesa e Stato<\/li>\n\n\n\n<li>La diffusione del razionalismo e del positivismo<\/li>\n\n\n\n<li>L\u2019ascesa delle societ\u00e0 segrete, in particolare della massoneria<\/li>\n<\/ul>\n\n\n\n<p>Papa Leone XIII, dotato di una straordinaria intelligenza teologica, comprese che non si trattava solo di cambiamenti sociali, ma di una <strong>profonda crisi spirituale<\/strong>: una lotta tra due visioni dell\u2019uomo e del mondo.<\/p>\n\n\n\n<hr class=\"wp-block-separator has-alpha-channel-opacity\"\/>\n\n\n\n<h2 class=\"wp-block-heading\"><strong>2. Il cuore dell\u2019enciclica: due citt\u00e0, due amori<\/strong><\/h2>\n\n\n\n<p>Ispirandosi all\u2019opera di Sant\u2019Agostino (<em>La Citt\u00e0 di Dio<\/em>), <em>Humanum Genus<\/em> presenta la storia umana come una lotta tra due \u201cregni\u201d:<\/p>\n\n\n\n<ul class=\"wp-block-list\">\n<li><strong>Il Regno di Dio<\/strong>: fondato sulla verit\u00e0, sulla fede, sulla grazia e sull\u2019obbedienza a Dio<\/li>\n\n\n\n<li><strong>Il regno di Satana<\/strong>: fondato sull\u2019orgoglio, sul rifiuto della verit\u00e0 e sull\u2019autosufficienza umana<\/li>\n<\/ul>\n\n\n\n<p>Non si tratta di una visione semplicistica o complottista, ma di una <strong>lettura teologica della storia<\/strong>: il cuore umano \u00e8 sempre in tensione tra queste due appartenenze.<\/p>\n\n\n\n<blockquote class=\"wp-block-quote is-layout-flow wp-block-quote-is-layout-flow\">\n<p>\u201cLa nostra battaglia infatti non \u00e8 contro la carne e il sangue, ma contro i Principati e le Potenze\u2026\u201d (Efesini 6,12)<\/p>\n<\/blockquote>\n\n\n\n<p>Questo passo biblico illumina perfettamente lo spirito dell\u2019enciclica: <strong>la battaglia \u00e8 spirituale prima che politica o culturale<\/strong>.<\/p>\n\n\n\n<hr class=\"wp-block-separator has-alpha-channel-opacity\"\/>\n\n\n\n<h2 class=\"wp-block-heading\"><strong>3. La massoneria secondo <em>Humanum Genus<\/em>: pi\u00f9 che un\u2019organizzazione, una visione del mondo<\/strong><\/h2>\n\n\n\n<p>Uno degli aspetti pi\u00f9 noti di questa enciclica \u00e8 la sua critica alla massoneria. Tuttavia, \u00e8 fondamentale comprendere cosa Leone XIII stia realmente denunciando.<\/p>\n\n\n\n<p>Non si tratta semplicemente di una specifica istituzione, ma di un <strong>sistema di pensiero<\/strong> che promuove:<\/p>\n\n\n\n<ul class=\"wp-block-list\">\n<li>Il relativismo morale (\u201ctutte le religioni sono uguali\u201d)<\/li>\n\n\n\n<li>Il rifiuto della verit\u00e0 rivelata<\/li>\n\n\n\n<li>L\u2019autonomia assoluta dell\u2019uomo senza Dio<\/li>\n\n\n\n<li>La sostituzione della legge divina con leggi puramente umane<\/li>\n<\/ul>\n\n\n\n<p>Nel profondo, il Papa mette in guardia contro un\u2019<strong>antropologia senza Dio<\/strong>, in cui l\u2019uomo diventa il proprio assoluto.<\/p>\n\n\n\n<p>Ed ecco il punto chiave: questo modo di pensare non \u00e8 scomparso. Al contrario, si \u00e8 diffuso in molte forme nella nostra cultura contemporanea.<\/p>\n\n\n\n<hr class=\"wp-block-separator has-alpha-channel-opacity\"\/>\n\n\n\n<h2 class=\"wp-block-heading\"><strong>4. Attualit\u00e0: viviamo pienamente in \u201cHumanum Genus\u201d<\/strong><\/h2>\n\n\n\n<p>Sebbene scritta pi\u00f9 di un secolo fa, questa enciclica sembra descrivere la nostra realt\u00e0 attuale:<\/p>\n\n\n\n<ul class=\"wp-block-list\">\n<li>La verit\u00e0 viene relativizzata (\u201cognuno ha la sua verit\u00e0\u201d)<\/li>\n\n\n\n<li>La religione \u00e8 ridotta a un sentimento personale<\/li>\n\n\n\n<li>La legge morale naturale viene messa in discussione<\/li>\n\n\n\n<li>Dio \u00e8 escluso dalla vita pubblica<\/li>\n<\/ul>\n\n\n\n<p>Oggi non \u00e8 necessario appartenere a una societ\u00e0 segreta per vivere secondo questa logica: basta <strong>assorbire lo spirito del mondo<\/strong>.<\/p>\n\n\n\n<p>Leone XIII ci invita a riconoscere che il problema non \u00e8 solo esterno, ma anche <strong>interno<\/strong>.<\/p>\n\n\n\n<hr class=\"wp-block-separator has-alpha-channel-opacity\"\/>\n\n\n\n<h2 class=\"wp-block-heading\"><strong>5. Fondamenti teologici profondi: il dramma del peccato e della grazia<\/strong><\/h2>\n\n\n\n<p>Dal punto di vista teologico, <em>Humanum Genus<\/em> si fonda su diverse verit\u00e0 fondamentali:<\/p>\n\n\n\n<h3 class=\"wp-block-heading\">a) La caduta dell\u2019uomo<\/h3>\n\n\n\n<p>Il peccato originale ha ferito l\u2019intelligenza e la volont\u00e0. Per questo l\u2019uomo tende ad allontanarsi da Dio.<\/p>\n\n\n\n<h3 class=\"wp-block-heading\">b) La necessit\u00e0 della grazia<\/h3>\n\n\n\n<p>Senza la grazia, l\u2019uomo non pu\u00f2 raggiungere la verit\u00e0 piena n\u00e9 vivere nella giustizia.<\/p>\n\n\n\n<h3 class=\"wp-block-heading\">c) La centralit\u00e0 di Cristo<\/h3>\n\n\n\n<p>Cristo non \u00e8 una possibilit\u00e0 tra tante: \u00e8 l\u2019unico Salvatore, l\u2019unica via.<\/p>\n\n\n\n<blockquote class=\"wp-block-quote is-layout-flow wp-block-quote-is-layout-flow\">\n<p>\u201cIo sono la via, la verit\u00e0 e la vita\u201d (Giovanni 14,6)<\/p>\n<\/blockquote>\n\n\n\n<p>Negare questo \u2014 anche in modo sottile \u2014 significa entrare nella logica denunciata dall\u2019enciclica.<\/p>\n\n\n\n<hr class=\"wp-block-separator has-alpha-channel-opacity\"\/>\n\n\n\n<h2 class=\"wp-block-heading\"><strong>6. Applicazioni pratiche: come vivere <em>Humanum Genus<\/em> oggi<\/strong><\/h2>\n\n\n\n<p>Questo documento non \u00e8 solo da studiare: \u00e8 da <strong>vivere<\/strong>. Ecco alcune chiavi concrete:<\/p>\n\n\n\n<h3 class=\"wp-block-heading\"><strong>1. Formare l\u2019intelligenza nella verit\u00e0<\/strong><\/h3>\n\n\n\n<p>Leggere, studiare e approfondire la fede. Non accontentarti di una comprensione superficiale.<\/p>\n\n\n\n<ul class=\"wp-block-list\">\n<li>Catechismo della Chiesa Cattolica<\/li>\n\n\n\n<li>Sacra Scrittura<\/li>\n\n\n\n<li>Documenti del Magistero<\/li>\n<\/ul>\n\n\n\n<h3 class=\"wp-block-heading\"><strong>2. Curare la vita spirituale<\/strong><\/h3>\n\n\n\n<p>La battaglia \u00e8 spirituale; quindi:<\/p>\n\n\n\n<ul class=\"wp-block-list\">\n<li>Preghiera quotidiana<\/li>\n\n\n\n<li>Confessione frequente<\/li>\n\n\n\n<li>Eucaristia<\/li>\n<\/ul>\n\n\n\n<p>Senza questi, \u00e8 impossibile resistere allo spirito del mondo.<\/p>\n\n\n\n<h3 class=\"wp-block-heading\"><strong>3. Discernere la cultura<\/strong><\/h3>\n\n\n\n<p>Non tutto ci\u00f2 che sembra buono lo \u00e8 davvero.<\/p>\n\n\n\n<ul class=\"wp-block-list\">\n<li>Promuove la verit\u00e0 o il relativismo?<\/li>\n\n\n\n<li>Esalta Dio o l\u2019ego umano?<\/li>\n<\/ul>\n\n\n\n<h3 class=\"wp-block-heading\"><strong>4. Vivere con coerenza<\/strong><\/h3>\n\n\n\n<p>Essere cristiani oggi richiede coraggio.<\/p>\n\n\n\n<ul class=\"wp-block-list\">\n<li>Nel lavoro<\/li>\n\n\n\n<li>In famiglia<\/li>\n\n\n\n<li>Nella vita pubblica<\/li>\n<\/ul>\n\n\n\n<p>Non si tratta di imporre, ma di <strong>testimoniare<\/strong>.<\/p>\n\n\n\n<hr class=\"wp-block-separator has-alpha-channel-opacity\"\/>\n\n\n\n<h2 class=\"wp-block-heading\"><strong>7. Un appello pastorale: non paura, ma speranza<\/strong><\/h2>\n\n\n\n<p>A prima vista, <em>Humanum Genus<\/em> pu\u00f2 sembrare un documento severo. Ma in realt\u00e0 \u00e8 profondamente pieno di speranza.<\/p>\n\n\n\n<p>Perch\u00e9?<\/p>\n\n\n\n<p>Perch\u00e9 ci ricorda che:<\/p>\n\n\n\n<ul class=\"wp-block-list\">\n<li>Dio rimane il Signore della storia<\/li>\n\n\n\n<li>Il male non ha l\u2019ultima parola<\/li>\n\n\n\n<li>La verit\u00e0, anche se combattuta, non scompare mai<\/li>\n<\/ul>\n\n\n\n<p>Il cristiano non vive nella paura, ma in una <strong>speranza attiva<\/strong>.<\/p>\n\n\n\n<hr class=\"wp-block-separator has-alpha-channel-opacity\"\/>\n\n\n\n<h2 class=\"wp-block-heading\"><strong>8. Conclusione: da che parte stai?<\/strong><\/h2>\n\n\n\n<p>La grande domanda posta da questa enciclica non \u00e8 politica n\u00e9 ideologica, ma profondamente personale:<\/p>\n\n\n\n<p><strong>A quale regno appartiene il tuo cuore?<\/strong><\/p>\n\n\n\n<p>Non esiste neutralit\u00e0. Ogni decisione, ogni pensiero, ogni azione ci avvicina a Dio o ci allontana da Lui.<\/p>\n\n\n\n<p><em>Humanum Genus<\/em> non \u00e8 un testo del passato. \u00c8 uno specchio del presente e una bussola per il futuro.<\/p>\n\n\n\n<hr class=\"wp-block-separator has-alpha-channel-opacity\"\/>\n\n\n\n<h2 class=\"wp-block-heading\"><strong>Preghiera finale<\/strong><\/h2>\n\n\n\n<p>Signore,<br>donaci la luce per riconoscere la verit\u00e0,<br>la forza per viverla,<br>e l\u2019umilt\u00e0 per seguirTi sempre.<\/p>\n\n\n\n<p>Fa\u2019 che non ci lasciamo sedurre dall\u2019errore,<br>ma che, saldi nella fede,<br>siamo luce in mezzo al mondo.<\/p>\n\n\n\n<p>Amen.<\/p>\n","protected":false},"excerpt":{"rendered":"<p>In un mondo in cui la verit\u00e0 sembra dissolversi, dove tutto viene relativizzato e la fede viene relegata alla sfera privata, l\u2019enciclica Humanum Genus di Papa Leone XIII emerge con una chiarezza profetica sorprendentemente attuale. Pubblicata nel 1884, non \u00e8 semplicemente un documento storico: \u00e8 una diagnosi spirituale di una battaglia che \u00e8 ancora in &hellip;<\/p>\n","protected":false},"author":3,"featured_media":5506,"comment_status":"closed","ping_status":"closed","sticky":false,"template":"","format":"standard","meta":{"_seopress_robots_primary_cat":"","_seopress_titles_title":"","_seopress_titles_desc":"","_seopress_robots_index":"","footnotes":""},"categories":[51,38],"tags":[1978],"class_list":["post-5505","post","type-post","status-publish","format-standard","has-post-thumbnail","","category-magistero-della-chiesa","category-storia-e-tradizione","tag-humanum-genus"],"_links":{"self":[{"href":"https:\/\/catholicus.eu\/it\/wp-json\/wp\/v2\/posts\/5505","targetHints":{"allow":["GET"]}}],"collection":[{"href":"https:\/\/catholicus.eu\/it\/wp-json\/wp\/v2\/posts"}],"about":[{"href":"https:\/\/catholicus.eu\/it\/wp-json\/wp\/v2\/types\/post"}],"author":[{"embeddable":true,"href":"https:\/\/catholicus.eu\/it\/wp-json\/wp\/v2\/users\/3"}],"replies":[{"embeddable":true,"href":"https:\/\/catholicus.eu\/it\/wp-json\/wp\/v2\/comments?post=5505"}],"version-history":[{"count":1,"href":"https:\/\/catholicus.eu\/it\/wp-json\/wp\/v2\/posts\/5505\/revisions"}],"predecessor-version":[{"id":5507,"href":"https:\/\/catholicus.eu\/it\/wp-json\/wp\/v2\/posts\/5505\/revisions\/5507"}],"wp:featuredmedia":[{"embeddable":true,"href":"https:\/\/catholicus.eu\/it\/wp-json\/wp\/v2\/media\/5506"}],"wp:attachment":[{"href":"https:\/\/catholicus.eu\/it\/wp-json\/wp\/v2\/media?parent=5505"}],"wp:term":[{"taxonomy":"category","embeddable":true,"href":"https:\/\/catholicus.eu\/it\/wp-json\/wp\/v2\/categories?post=5505"},{"taxonomy":"post_tag","embeddable":true,"href":"https:\/\/catholicus.eu\/it\/wp-json\/wp\/v2\/tags?post=5505"}],"curies":[{"name":"wp","href":"https:\/\/api.w.org\/{rel}","templated":true}]}}