{"id":5502,"date":"2026-03-25T08:45:04","date_gmt":"2026-03-25T07:45:04","guid":{"rendered":"https:\/\/catholicus.eu\/it\/?p=5502"},"modified":"2026-03-25T08:45:04","modified_gmt":"2026-03-25T07:45:04","slug":"la-piccola-via-di-santa-teresa-la-rivoluzione-spirituale-che-puo-trasformare-la-tua-vita-a-partire-dalle-cose-piu-piccole","status":"publish","type":"post","link":"https:\/\/catholicus.eu\/it\/la-piccola-via-di-santa-teresa-la-rivoluzione-spirituale-che-puo-trasformare-la-tua-vita-a-partire-dalle-cose-piu-piccole\/","title":{"rendered":"La \u201cpiccola via\u201d di Santa Teresa: la rivoluzione spirituale che pu\u00f2 trasformare la tua vita a partire dalle cose pi\u00f9 piccole"},"content":{"rendered":"\n<p>Viviamo in un\u2019epoca che ci spinge costantemente verso il grande: grandi risultati, grandi obiettivi, grandi cambiamenti. Eppure, in mezzo a questo rumore, una giovane carmelitana del XIX secolo ci sussurra una verit\u00e0 che capovolge tutte le nostre logiche: <strong>la santit\u00e0 non consiste nel fare cose straordinarie, ma nel fare straordinariamente bene le cose ordinarie<\/strong>.<\/p>\n\n\n\n<p>Questo \u00e8 il cuore della \u201cpiccola via\u201d di Santa Teresa di Ges\u00f9 Bambino: un cammino spirituale profondamente rivoluzionario\u2026 proprio perch\u00e9 \u00e8 radicalmente semplice.<\/p>\n\n\n\n<hr class=\"wp-block-separator has-alpha-channel-opacity\"\/>\n\n\n\n<h2 class=\"wp-block-heading\">\ud83d\udd4a\ufe0f 1. Chi era Santa Teresa e perch\u00e9 il suo messaggio \u00e8 cos\u00ec attuale?<\/h2>\n\n\n\n<p>Santa Teresa di Ges\u00f9 Bambino (1873\u20131897), conosciuta anche come Teresa di Lisieux, fu una giovane carmelitana francese morta a soli 24 anni. Non fond\u00f2 ordini religiosi, non predic\u00f2 a folle, non comp\u00ec miracoli spettacolari durante la sua vita\u2026 e tuttavia fu proclamata <strong>Dottore della Chiesa<\/strong> da Giovanni Paolo II.<\/p>\n\n\n\n<p>Perch\u00e9?<\/p>\n\n\n\n<p>Perch\u00e9 scopr\u00ec \u2014 e visse \u2014 una delle verit\u00e0 pi\u00f9 profonde del Vangelo: <strong>Dio guarda non tanto a ci\u00f2 che fai, ma a quanto amore metti in ci\u00f2 che fai<\/strong>.<\/p>\n\n\n\n<p>La sua autobiografia, <em>Storia di un\u2019anima<\/em>, ha trasformato milioni di vite. In essa rivela la sua \u201cpiccola via\u201d, un cammino di santit\u00e0 accessibile a tutti \u2014 anche a coloro che si sentono piccoli, deboli o incapaci di grandi atti eroici.<\/p>\n\n\n\n<hr class=\"wp-block-separator has-alpha-channel-opacity\"\/>\n\n\n\n<h2 class=\"wp-block-heading\">\ud83c\udf31 2. In cosa consiste la \u201cpiccola via\u201d?<\/h2>\n\n\n\n<p>La \u201cpiccola via\u201d non \u00e8 una tecnica n\u00e9 un metodo, ma un\u2019<strong>attitudine dell\u2019anima<\/strong>. Possiamo riassumerla in tre pilastri fondamentali:<\/p>\n\n\n\n<h3 class=\"wp-block-heading\">\u2728 a) L\u2019infanzia spirituale: diventare piccoli davanti a Dio<\/h3>\n\n\n\n<p>Teresa comprese che non poteva scalare la montagna della santit\u00e0 con le proprie forze. Allora fece qualcosa di geniale: <strong>decise di lasciarsi portare da Dio come un bambino nelle braccia del Padre<\/strong>.<\/p>\n\n\n\n<p>Qui risuona con forza il Vangelo:<\/p>\n\n\n\n<blockquote class=\"wp-block-quote is-layout-flow wp-block-quote-is-layout-flow\">\n<p>\u201cSe non diventerete come i bambini, non entrerete nel Regno dei Cieli\u201d (cf. Matteo 18,3)<\/p>\n<\/blockquote>\n\n\n\n<p>L\u2019infanzia spirituale non \u00e8 immaturit\u00e0, ma <strong>fiducia assoluta<\/strong>. \u00c8 riconoscere con umilt\u00e0: \u201cNon posso farcela da solo\u2026 ma Dio pu\u00f2 in me\u201d.<\/p>\n\n\n\n<hr class=\"wp-block-separator has-alpha-channel-opacity\"\/>\n\n\n\n<h3 class=\"wp-block-heading\">\u2764\ufe0f b) Fare tutto per amore<\/h3>\n\n\n\n<p>Per Teresa non esistevano azioni insignificanti. Un sorriso, un gesto nascosto, sopportare con pazienza una difficolt\u00e0\u2026 tutto poteva diventare un atto d\u2019amore.<\/p>\n\n\n\n<p>Lei stessa diceva:<\/p>\n\n\n\n<blockquote class=\"wp-block-quote is-layout-flow wp-block-quote-is-layout-flow\">\n<p>\u201cRaccogliere uno spillo per amore pu\u00f2 salvare un\u2019anima\u201d.<\/p>\n<\/blockquote>\n\n\n\n<p>Questa visione trasforma radicalmente la vita quotidiana. L\u2019ordinario diventa straordinario quando \u00e8 pieno di carit\u00e0.<\/p>\n\n\n\n<hr class=\"wp-block-separator has-alpha-channel-opacity\"\/>\n\n\n\n<h3 class=\"wp-block-heading\">\ud83d\udd25 c) Offrire tutto, anche la debolezza<\/h3>\n\n\n\n<p>Qui si trova uno degli aspetti teologicamente pi\u00f9 profondi del suo cammino: <strong>offriamo non solo le nostre virt\u00f9\u2026 ma anche le nostre miserie<\/strong>.<\/p>\n\n\n\n<p>Invece di disperarsi per i suoi difetti, Teresa li trasformava in occasioni di abbandono a Dio. Questo si collega a una verit\u00e0 centrale del cristianesimo:<\/p>\n\n\n\n<blockquote class=\"wp-block-quote is-layout-flow wp-block-quote-is-layout-flow\">\n<p>\u201cQuando sono debole, \u00e8 allora che sono forte\u201d (cf. 2 Corinzi 12,10)<\/p>\n<\/blockquote>\n\n\n\n<p>Perch\u00e9 la grazia non agisce nonostante la nostra debolezza\u2026 ma proprio attraverso di essa.<\/p>\n\n\n\n<hr class=\"wp-block-separator has-alpha-channel-opacity\"\/>\n\n\n\n<h2 class=\"wp-block-heading\">\ud83d\udcd6 3. Fondamento teologico della piccola via<\/h2>\n\n\n\n<p>La \u201cpiccola via\u201d non \u00e8 sentimentalismo n\u00e9 spiritualit\u00e0 superficiale. \u00c8 profondamente radicata nella teologia cattolica:<\/p>\n\n\n\n<h3 class=\"wp-block-heading\">\ud83e\ude78 a) Il primato della grazia<\/h3>\n\n\n\n<p>Teresa comprese che la santit\u00e0 \u00e8, prima di tutto, opera di Dio. Questo \u00e8 pienamente in accordo con l\u2019insegnamento della Chiesa: <strong>la grazia precede, accompagna e perfeziona ogni atto umano<\/strong>.<\/p>\n\n\n\n<p>Non siamo noi a santificarci\u2026 \u00e8 Dio che ci santifica se ci lasciamo fare.<\/p>\n\n\n\n<hr class=\"wp-block-separator has-alpha-channel-opacity\"\/>\n\n\n\n<h3 class=\"wp-block-heading\">\ud83d\udd6f\ufe0f b) La chiamata universale alla santit\u00e0<\/h3>\n\n\n\n<p>Secoli dopo, il Concilio Vaticano II proclamer\u00e0 solennemente che <strong>tutti i fedeli sono chiamati alla santit\u00e0<\/strong>, non solo sacerdoti o religiosi.<\/p>\n\n\n\n<p>Teresa anticip\u00f2 questo insegnamento: il suo cammino non \u00e8 per pochi, ma per tutti.<\/p>\n\n\n\n<hr class=\"wp-block-separator has-alpha-channel-opacity\"\/>\n\n\n\n<h3 class=\"wp-block-heading\">\ud83c\udf3f c) La carit\u00e0 al centro di tutto<\/h3>\n\n\n\n<p>Nel suo cammino spirituale, Teresa scopr\u00ec la sua vocazione definitiva:<\/p>\n\n\n\n<blockquote class=\"wp-block-quote is-layout-flow wp-block-quote-is-layout-flow\">\n<p>\u201cNel cuore della Chiesa, io sar\u00f2 l\u2019amore\u201d.<\/p>\n<\/blockquote>\n\n\n\n<p>Questo riflette l\u2019insegnamento di San Paolo:<\/p>\n\n\n\n<blockquote class=\"wp-block-quote is-layout-flow wp-block-quote-is-layout-flow\">\n<p>\u201cSe non ho la carit\u00e0, non sono nulla\u201d (1 Corinzi 13,2)<\/p>\n<\/blockquote>\n\n\n\n<p>La piccola via non \u00e8 altro che vivere radicalmente la carit\u00e0 nel concreto della vita.<\/p>\n\n\n\n<hr class=\"wp-block-separator has-alpha-channel-opacity\"\/>\n\n\n\n<h2 class=\"wp-block-heading\">\ud83e\udded 4. Applicazioni pratiche: come vivere la piccola via oggi<\/h2>\n\n\n\n<p>\u00c8 qui che il suo messaggio diventa particolarmente attuale. In un mondo frenetico, competitivo e spesso superficiale, la piccola via \u00e8 profondamente controcorrente.<\/p>\n\n\n\n<h3 class=\"wp-block-heading\">\ud83c\udfe0 a) Nella vita quotidiana<\/h3>\n\n\n\n<ul class=\"wp-block-list\">\n<li>Offri le tue attivit\u00e0 quotidiane (lavoro, famiglia, studio) con amore.<\/li>\n\n\n\n<li>Fai piccoli sacrifici nascosti senza cercare riconoscimento.<\/li>\n\n\n\n<li>Cura i dettagli: una parola gentile, una pazienza silenziosa.<\/li>\n<\/ul>\n\n\n\n<hr class=\"wp-block-separator has-alpha-channel-opacity\"\/>\n\n\n\n<h3 class=\"wp-block-heading\">\ud83d\ude14 b) Nelle lotte interiori<\/h3>\n\n\n\n<ul class=\"wp-block-list\">\n<li>Non disperare delle tue cadute.<\/li>\n\n\n\n<li>Offrile a Dio con umilt\u00e0.<\/li>\n\n\n\n<li>Confida pi\u00f9 nella sua misericordia che nella tua perfezione.<\/li>\n<\/ul>\n\n\n\n<hr class=\"wp-block-separator has-alpha-channel-opacity\"\/>\n\n\n\n<h3 class=\"wp-block-heading\">\ud83e\udd1d c) Nelle relazioni<\/h3>\n\n\n\n<ul class=\"wp-block-list\">\n<li>Ama anche quando non sei apprezzato.<\/li>\n\n\n\n<li>Perdona senza condizioni.<\/li>\n\n\n\n<li>Servi senza aspettarti nulla in cambio.<\/li>\n<\/ul>\n\n\n\n<hr class=\"wp-block-separator has-alpha-channel-opacity\"\/>\n\n\n\n<h3 class=\"wp-block-heading\">\ud83d\ude4f d) Nella vita spirituale<\/h3>\n\n\n\n<ul class=\"wp-block-list\">\n<li>Prega con semplicit\u00e0, come si parla a un Padre.<\/li>\n\n\n\n<li>Evita di complicare: Dio non ha bisogno di discorsi, ma del tuo cuore.<\/li>\n\n\n\n<li>Vivi l\u2019abbandono: \u201cGes\u00f9, confido in Te\u201d.<\/li>\n<\/ul>\n\n\n\n<hr class=\"wp-block-separator has-alpha-channel-opacity\"\/>\n\n\n\n<h2 class=\"wp-block-heading\">\u26a0\ufe0f 5. Rischi e malintesi<\/h2>\n\n\n\n<p>La piccola via pu\u00f2 essere fraintesa se non \u00e8 ben compresa:<\/p>\n\n\n\n<ul class=\"wp-block-list\">\n<li>\u274c Non \u00e8 mediocrit\u00e0 spirituale<\/li>\n\n\n\n<li>\u274c Non \u00e8 passivit\u00e0<\/li>\n\n\n\n<li>\u274c Non \u00e8 \u201cfare poco\u201d<\/li>\n<\/ul>\n\n\n\n<p>Al contrario: <strong>\u00e8 un eroismo nascosto<\/strong>, una santit\u00e0 silenziosa che richiede una grande fedelt\u00e0 interiore.<\/p>\n\n\n\n<hr class=\"wp-block-separator has-alpha-channel-opacity\"\/>\n\n\n\n<h2 class=\"wp-block-heading\">\ud83c\udf0d 6. Perch\u00e9 questo cammino \u00e8 urgente oggi?<\/h2>\n\n\n\n<p>Perch\u00e9 viviamo in una cultura della prestazione, dell\u2019ego e dell\u2019apparenza. La piccola via ci libera da tutto questo:<\/p>\n\n\n\n<ul class=\"wp-block-list\">\n<li>Ci insegna che il nostro valore non dipende dai nostri successi.<\/li>\n\n\n\n<li>Ci ricorda che Dio ama ci\u00f2 che \u00e8 piccolo.<\/li>\n\n\n\n<li>Ci restituisce la pace in mezzo al caos.<\/li>\n<\/ul>\n\n\n\n<p>In un mondo che grida \u201cfai di pi\u00f9\u201d, Teresa sussurra dolcemente:<br><strong>\u201cAma di pi\u00f9\u201d<\/strong>.<\/p>\n\n\n\n<hr class=\"wp-block-separator has-alpha-channel-opacity\"\/>\n\n\n\n<h2 class=\"wp-block-heading\">\ud83c\udf39 7. Conclusione: una santit\u00e0 alla portata di tutti<\/h2>\n\n\n\n<p>La piccola via di Santa Teresa di Ges\u00f9 Bambino \u00e8 uno dei tesori pi\u00f9 preziosi della spiritualit\u00e0 cattolica.<\/p>\n\n\n\n<p>Non devi cambiare vita\u2026 devi <strong>cambiare il modo di viverla<\/strong>.<\/p>\n\n\n\n<p>Non devi fare grandi cose\u2026 devi <strong>rendere grandi le piccole cose con amore<\/strong>.<\/p>\n\n\n\n<p>Puoi iniziare oggi:<\/p>\n\n\n\n<ul class=\"wp-block-list\">\n<li>In quel lavoro che ti pesa<\/li>\n\n\n\n<li>Con quella persona difficile<\/li>\n\n\n\n<li>In quella debolezza che non riesci a superare<\/li>\n<\/ul>\n\n\n\n<p>L\u00ec\u2026 proprio l\u00ec\u2026 comincia la tua piccola via.<\/p>\n\n\n\n<hr class=\"wp-block-separator has-alpha-channel-opacity\"\/>\n\n\n\n<h2 class=\"wp-block-heading\">\ud83d\ude4f Preghiera finale ispirata alla piccola via<\/h2>\n\n\n\n<p>\u201cSignore, insegnami a essere piccolo.<br>A fidarmi senza riserve,<br>ad amare senza misura,<br>e a offrirti ogni istante,<br>anche se ai miei occhi sembra insignificante.<\/p>\n\n\n\n<p>Rendi la mia vita ordinaria<br>un atto straordinario di amore.<br>Amen.\u201d<\/p>\n","protected":false},"excerpt":{"rendered":"<p>Viviamo in un\u2019epoca che ci spinge costantemente verso il grande: grandi risultati, grandi obiettivi, grandi cambiamenti. Eppure, in mezzo a questo rumore, una giovane carmelitana del XIX secolo ci sussurra una verit\u00e0 che capovolge tutte le nostre logiche: la santit\u00e0 non consiste nel fare cose straordinarie, ma nel fare straordinariamente bene le cose ordinarie. Questo &hellip;<\/p>\n","protected":false},"author":3,"featured_media":5503,"comment_status":"closed","ping_status":"closed","sticky":false,"template":"","format":"standard","meta":{"_seopress_robots_primary_cat":"","_seopress_titles_title":"","_seopress_titles_desc":"","_seopress_robots_index":"","footnotes":""},"categories":[40,58],"tags":[1976,1977],"class_list":["post-5502","post","type-post","status-publish","format-standard","has-post-thumbnail","","category-preghiera-e-spiritualita","category-preghiera-e-vita-spirituale","tag-piccola-via","tag-santa-teresa"],"_links":{"self":[{"href":"https:\/\/catholicus.eu\/it\/wp-json\/wp\/v2\/posts\/5502","targetHints":{"allow":["GET"]}}],"collection":[{"href":"https:\/\/catholicus.eu\/it\/wp-json\/wp\/v2\/posts"}],"about":[{"href":"https:\/\/catholicus.eu\/it\/wp-json\/wp\/v2\/types\/post"}],"author":[{"embeddable":true,"href":"https:\/\/catholicus.eu\/it\/wp-json\/wp\/v2\/users\/3"}],"replies":[{"embeddable":true,"href":"https:\/\/catholicus.eu\/it\/wp-json\/wp\/v2\/comments?post=5502"}],"version-history":[{"count":1,"href":"https:\/\/catholicus.eu\/it\/wp-json\/wp\/v2\/posts\/5502\/revisions"}],"predecessor-version":[{"id":5504,"href":"https:\/\/catholicus.eu\/it\/wp-json\/wp\/v2\/posts\/5502\/revisions\/5504"}],"wp:featuredmedia":[{"embeddable":true,"href":"https:\/\/catholicus.eu\/it\/wp-json\/wp\/v2\/media\/5503"}],"wp:attachment":[{"href":"https:\/\/catholicus.eu\/it\/wp-json\/wp\/v2\/media?parent=5502"}],"wp:term":[{"taxonomy":"category","embeddable":true,"href":"https:\/\/catholicus.eu\/it\/wp-json\/wp\/v2\/categories?post=5502"},{"taxonomy":"post_tag","embeddable":true,"href":"https:\/\/catholicus.eu\/it\/wp-json\/wp\/v2\/tags?post=5502"}],"curies":[{"name":"wp","href":"https:\/\/api.w.org\/{rel}","templated":true}]}}