{"id":5496,"date":"2026-03-24T11:54:17","date_gmt":"2026-03-24T10:54:17","guid":{"rendered":"https:\/\/catholicus.eu\/it\/?p=5496"},"modified":"2026-03-24T11:54:17","modified_gmt":"2026-03-24T10:54:17","slug":"ecce-homo-quando-dio-si-lascia-vedere-il-volto-che-interpella-la-tua-vita-oggi","status":"publish","type":"post","link":"https:\/\/catholicus.eu\/it\/ecce-homo-quando-dio-si-lascia-vedere-il-volto-che-interpella-la-tua-vita-oggi\/","title":{"rendered":"Ecce Homo: Quando Dio si lascia vedere \u2014 il volto che interpella la tua vita oggi"},"content":{"rendered":"\n<p>Ci sono parole che attraversano i secoli come un\u2019eco che non si spegne. Parole che non sono solo storia, ma una chiamata viva. Tra queste risuona con forza sconvolgente quella proclamazione di Ponzio Pilato: <strong>\u201cEcce Homo\u201d \u2014 \u201cEcco l\u2019uomo\u201d<\/strong> (Gv 19,5).<\/p>\n\n\n\n<p>Ma cosa significa realmente questa espressione? Perch\u00e9 la Chiesa la contempla da secoli con tanta profondit\u00e0? E soprattutto, cosa ha a che fare con te oggi, nel mezzo della tua vita quotidiana?<\/p>\n\n\n\n<p>Questo articolo non vuole solo spiegare cosa sia \u201cEcce Homo\u201d. Vuole invitarti a guardarlo\u2026 e a lasciarti guardare da Lui.<\/p>\n\n\n\n<hr class=\"wp-block-separator has-alpha-channel-opacity\"\/>\n\n\n\n<h2 class=\"wp-block-heading\"><strong>1. Il momento storico: un processo che rivela pi\u00f9 di quanto nasconde<\/strong><\/h2>\n\n\n\n<p>La scena si colloca al centro della Passione di Ges\u00f9 Cristo, narrata in particolare nel Vangelo secondo Giovanni. Dopo essere stato flagellato, coronato di spine e rivestito con un manto di scherno, Ges\u00f9 viene presentato alla folla.<\/p>\n\n\n\n<p>Pilato, nel tentativo di suscitare compassione e di evitare la sua condanna, lo mostra in questo stato:<\/p>\n\n\n\n<blockquote class=\"wp-block-quote is-layout-flow wp-block-quote-is-layout-flow\">\n<p><strong>\u201cGes\u00f9 usc\u00ec, portando la corona di spine e il mantello di porpora. E Pilato disse loro: \u2018Ecco l\u2019uomo!\u2019\u201d (Gv 19,5)<\/strong><\/p>\n<\/blockquote>\n\n\n\n<p>Ci\u00f2 che Pilato non sapeva \u00e8 che stava pronunciando una delle affermazioni pi\u00f9 profonde della storia: <strong>senza saperlo, stava rivelando il mistero di Dio fatto uomo\u2026 e umiliato per amore.<\/strong><\/p>\n\n\n\n<hr class=\"wp-block-separator has-alpha-channel-opacity\"\/>\n\n\n\n<h2 class=\"wp-block-heading\"><strong>2. \u201cEcce Homo\u201d: una rivelazione teologica profonda<\/strong><\/h2>\n\n\n\n<h3 class=\"wp-block-heading\"><strong>Dio si rivela nella debolezza<\/strong><\/h3>\n\n\n\n<p>\u201cEcce Homo\u201d ribalta le nostre aspettative. Non vediamo un re potente, n\u00e9 un leader trionfante. Vediamo un uomo ferito, disprezzato, apparentemente sconfitto.<\/p>\n\n\n\n<p>Eppure, qui si trova il cuore stesso del cristianesimo:<\/p>\n\n\n\n<p>\ud83d\udc49 <strong>Dio non si rivela nella potenza, ma nell\u2019amore che si dona.<\/strong><\/p>\n\n\n\n<p>\u201cEcce Homo\u201d ci insegna che:<\/p>\n\n\n\n<ul class=\"wp-block-list\">\n<li>La vera grandezza non \u00e8 dominare, ma amare<\/li>\n\n\n\n<li>La gloria di Dio passa attraverso la Croce<\/li>\n\n\n\n<li>La salvezza non viene dalla forza, ma dal sacrificio<\/li>\n<\/ul>\n\n\n\n<h3 class=\"wp-block-heading\"><strong>Cristo come \u201cnuovo Adamo\u201d<\/strong><\/h3>\n\n\n\n<p>Quando Pilato dice \u201cEcco l\u2019uomo\u201d, indica senza saperlo qualcosa di ancora pi\u00f9 profondo: Ges\u00f9 \u00e8 l\u2019Uomo perfetto, il nuovo Adamo.<\/p>\n\n\n\n<p>Dove il primo uomo fall\u00ec per orgoglio, Cristo vince attraverso l\u2019umilt\u00e0.<\/p>\n\n\n\n<p>\ud83d\udc49 <strong>\u201cEcce Homo\u201d \u00e8 la restaurazione dell\u2019umanit\u00e0.<\/strong><\/p>\n\n\n\n<hr class=\"wp-block-separator has-alpha-channel-opacity\"\/>\n\n\n\n<h2 class=\"wp-block-heading\"><strong>3. Il volto della sofferenza umana<\/strong><\/h2>\n\n\n\n<p>\u201cEcce Homo\u201d non \u00e8 solo Cristo. \u00c8 anche uno specchio.<\/p>\n\n\n\n<p>In quel volto sfigurato ci sono:<\/p>\n\n\n\n<ul class=\"wp-block-list\">\n<li>Gli ammalati dimenticati<\/li>\n\n\n\n<li>I poveri disprezzati<\/li>\n\n\n\n<li>I perseguitati per la loro fede<\/li>\n\n\n\n<li>Coloro che soffrono in silenzio<\/li>\n<\/ul>\n\n\n\n<p>Ogni volta che vedi qualcuno umiliato, emarginato o ferito, la Chiesa ti invita a riconoscere:<\/p>\n\n\n\n<p>\ud83d\udc49 <strong>\u201cEcce Homo\u201d \u2014 l\u00ec c\u2019\u00e8 Cristo.<\/strong><\/p>\n\n\n\n<p>Questo si collega direttamente alle parole del Vangelo:<\/p>\n\n\n\n<blockquote class=\"wp-block-quote is-layout-flow wp-block-quote-is-layout-flow\">\n<p>\u201cTutto quello che avete fatto a uno solo di questi miei fratelli pi\u00f9 piccoli, l\u2019avete fatto a me.\u201d (Mt 25,40)<\/p>\n<\/blockquote>\n\n\n\n<hr class=\"wp-block-separator has-alpha-channel-opacity\"\/>\n\n\n\n<h2 class=\"wp-block-heading\"><strong>4. Una chiamata personale: non basta guardare<\/strong><\/h2>\n\n\n\n<p>\u201cEcce Homo\u201d non \u00e8 una scena da contemplare passivamente. \u00c8 una domanda diretta alla tua vita:<\/p>\n\n\n\n<ul class=\"wp-block-list\">\n<li>Cosa fai di fronte al Cristo umiliato?<\/li>\n\n\n\n<li>Ti unisci alla folla\u2026 oppure diventi discepolo?<\/li>\n\n\n\n<li>Lo rifiuti negli altri\u2026 o lo accogli?<\/li>\n<\/ul>\n\n\n\n<p>Il dramma di \u201cEcce Homo\u201d \u00e8 che molti lo videro\u2026 ma non lo riconobbero.<\/p>\n\n\n\n<p>\ud83d\udc49 E questo accade ancora oggi.<\/p>\n\n\n\n<hr class=\"wp-block-separator has-alpha-channel-opacity\"\/>\n\n\n\n<h2 class=\"wp-block-heading\"><strong>5. Applicazioni pratiche per la tua vita quotidiana<\/strong><\/h2>\n\n\n\n<p>\u00c8 qui che \u201cEcce Homo\u201d diventa profondamente attuale.<\/p>\n\n\n\n<h3 class=\"wp-block-heading\"><strong>1. Impara a vedere con il cuore<\/strong><\/h3>\n\n\n\n<p>In un mondo superficiale, dove tutto \u00e8 giudicato dall\u2019apparenza, il cristiano \u00e8 chiamato a vedere oltre.<\/p>\n\n\n\n<ul class=\"wp-block-list\">\n<li>Non giudicare in fretta<\/li>\n\n\n\n<li>Scopri la dignit\u00e0 in ogni persona<\/li>\n\n\n\n<li>Riconosci Cristo nelle cose piccole<\/li>\n<\/ul>\n\n\n\n<h3 class=\"wp-block-heading\"><strong>2. Accetta le tue ferite<\/strong><\/h3>\n\n\n\n<p>\u201cEcce Homo\u201d parla anche di te.<\/p>\n\n\n\n<p>Cristo non nasconde le sue ferite. Le mostra. E in esse c\u2019\u00e8 redenzione.<\/p>\n\n\n\n<p>\ud83d\udc49 Le tue ferite, unite a Cristo, possono diventare un cammino di salvezza.<\/p>\n\n\n\n<h3 class=\"wp-block-heading\"><strong>3. Vivi l\u2019umilt\u00e0 come via<\/strong><\/h3>\n\n\n\n<p>Di fronte a una cultura del successo e dell\u2019esaltazione di s\u00e9:<\/p>\n\n\n\n<ul class=\"wp-block-list\">\n<li>Pratica la semplicit\u00e0<\/li>\n\n\n\n<li>Accetta di non essere riconosciuto<\/li>\n\n\n\n<li>Servi senza cercare applausi<\/li>\n<\/ul>\n\n\n\n<p>Perch\u00e9 in \u201cEcce Homo\u201d scopriamo che:<\/p>\n\n\n\n<p>\ud83d\udc49 <strong>La vera vittoria \u00e8 l\u2019amore che si dona.<\/strong><\/p>\n\n\n\n<h3 class=\"wp-block-heading\"><strong>4. Non avere paura della Croce<\/strong><\/h3>\n\n\n\n<p>\u201cEcce Homo\u201d \u00e8 la soglia della Croce.<\/p>\n\n\n\n<p>E tuttavia, \u00e8 anche l\u2019inizio della Risurrezione.<\/p>\n\n\n\n<ul class=\"wp-block-list\">\n<li>Le tue sofferenze non sono inutili<\/li>\n\n\n\n<li>Le tue lotte hanno un senso<\/li>\n\n\n\n<li>Dio agisce anche in ci\u00f2 che non comprendi<\/li>\n<\/ul>\n\n\n\n<hr class=\"wp-block-separator has-alpha-channel-opacity\"\/>\n\n\n\n<h2 class=\"wp-block-heading\"><strong>6. \u201cEcce Homo\u201d nella tradizione della Chiesa<\/strong><\/h2>\n\n\n\n<p>Nel corso dei secoli, questa scena \u00e8 stata contemplata:<\/p>\n\n\n\n<ul class=\"wp-block-list\">\n<li>Nella liturgia della Settimana Santa<\/li>\n\n\n\n<li>Nell\u2019arte sacra (dipinti, sculture, immagini devozionali)<\/li>\n\n\n\n<li>Nella spiritualit\u00e0 dei santi e dei mistici<\/li>\n<\/ul>\n\n\n\n<p>Molti santi hanno trovato in \u201cEcce Homo\u201d una fonte inesauribile di conversione.<\/p>\n\n\n\n<p>Perch\u00e9 contemplare Cristo cos\u00ec\u2026 trasforma il cuore.<\/p>\n\n\n\n<hr class=\"wp-block-separator has-alpha-channel-opacity\"\/>\n\n\n\n<h2 class=\"wp-block-heading\"><strong>7. Un ultimo appello: lascia che Cristo ti guardi<\/strong><\/h2>\n\n\n\n<p>C\u2019\u00e8 un dettaglio che spesso dimentichiamo.<\/p>\n\n\n\n<p>Non sei solo tu a guardare \u201cEcce Homo\u201d.<\/p>\n\n\n\n<p>\ud83d\udc49 <strong>\u00c8 Lui che guarda te.<\/strong><\/p>\n\n\n\n<p>Dal suo silenzio, dalla sua sofferenza, dal suo amore infinito.<\/p>\n\n\n\n<p>E in quello sguardo c\u2019\u00e8 una domanda che attraversa la tua anima:<\/p>\n\n\n\n<p><strong>\u201cSei disposto a seguirmi\u2026 fino alla Croce?\u201d<\/strong><\/p>\n\n\n\n<hr class=\"wp-block-separator has-alpha-channel-opacity\"\/>\n\n\n\n<h2 class=\"wp-block-heading\"><strong>Conclusione: il mistero che trasforma la vita<\/strong><\/h2>\n\n\n\n<p>\u201cEcce Homo\u201d non \u00e8 solo una frase, n\u00e9 una scena storica.<\/p>\n\n\n\n<p>\u00c8 un incontro.<\/p>\n\n\n\n<p>\u00c8 il momento in cui Dio si rende visibile nel modo pi\u00f9 inatteso:<\/p>\n\n\n\n<ul class=\"wp-block-list\">\n<li>Nella debolezza<\/li>\n\n\n\n<li>Nella sofferenza<\/li>\n\n\n\n<li>Nell\u2019amore che non si difende<\/li>\n<\/ul>\n\n\n\n<p>E da l\u00ec ti chiama.<\/p>\n\n\n\n<p>\ud83d\udc49 A vedere diversamente<br>\ud83d\udc49 A vivere diversamente<br>\ud83d\udc49 Ad amare come Lui<\/p>\n\n\n\n<p>Perch\u00e9 alla fine, \u201cEcce Homo\u201d non rivela solo chi \u00e8 Cristo.<\/p>\n\n\n\n<p><strong>Rivela chi sei chiamato a diventare.<\/strong><\/p>\n","protected":false},"excerpt":{"rendered":"<p>Ci sono parole che attraversano i secoli come un\u2019eco che non si spegne. Parole che non sono solo storia, ma una chiamata viva. Tra queste risuona con forza sconvolgente quella proclamazione di Ponzio Pilato: \u201cEcce Homo\u201d \u2014 \u201cEcco l\u2019uomo\u201d (Gv 19,5). Ma cosa significa realmente questa espressione? Perch\u00e9 la Chiesa la contempla da secoli con &hellip;<\/p>\n","protected":false},"author":3,"featured_media":5497,"comment_status":"closed","ping_status":"closed","sticky":false,"template":"","format":"standard","meta":{"_seopress_robots_primary_cat":"","_seopress_titles_title":"","_seopress_titles_desc":"","_seopress_robots_index":"","footnotes":""},"categories":[37,45],"tags":[1974],"class_list":["post-5496","post","type-post","status-publish","format-standard","has-post-thumbnail","","category-dottrina-e-fede","category-sacra-scrittura","tag-ecce-homo"],"_links":{"self":[{"href":"https:\/\/catholicus.eu\/it\/wp-json\/wp\/v2\/posts\/5496","targetHints":{"allow":["GET"]}}],"collection":[{"href":"https:\/\/catholicus.eu\/it\/wp-json\/wp\/v2\/posts"}],"about":[{"href":"https:\/\/catholicus.eu\/it\/wp-json\/wp\/v2\/types\/post"}],"author":[{"embeddable":true,"href":"https:\/\/catholicus.eu\/it\/wp-json\/wp\/v2\/users\/3"}],"replies":[{"embeddable":true,"href":"https:\/\/catholicus.eu\/it\/wp-json\/wp\/v2\/comments?post=5496"}],"version-history":[{"count":1,"href":"https:\/\/catholicus.eu\/it\/wp-json\/wp\/v2\/posts\/5496\/revisions"}],"predecessor-version":[{"id":5498,"href":"https:\/\/catholicus.eu\/it\/wp-json\/wp\/v2\/posts\/5496\/revisions\/5498"}],"wp:featuredmedia":[{"embeddable":true,"href":"https:\/\/catholicus.eu\/it\/wp-json\/wp\/v2\/media\/5497"}],"wp:attachment":[{"href":"https:\/\/catholicus.eu\/it\/wp-json\/wp\/v2\/media?parent=5496"}],"wp:term":[{"taxonomy":"category","embeddable":true,"href":"https:\/\/catholicus.eu\/it\/wp-json\/wp\/v2\/categories?post=5496"},{"taxonomy":"post_tag","embeddable":true,"href":"https:\/\/catholicus.eu\/it\/wp-json\/wp\/v2\/tags?post=5496"}],"curies":[{"name":"wp","href":"https:\/\/api.w.org\/{rel}","templated":true}]}}