{"id":5493,"date":"2026-03-24T11:38:51","date_gmt":"2026-03-24T10:38:51","guid":{"rendered":"https:\/\/catholicus.eu\/it\/?p=5493"},"modified":"2026-03-24T11:38:51","modified_gmt":"2026-03-24T10:38:51","slug":"teologia-liberale-unanalisi-teologica-e-pastorale-dalla-tradizione","status":"publish","type":"post","link":"https:\/\/catholicus.eu\/it\/teologia-liberale-unanalisi-teologica-e-pastorale-dalla-tradizione\/","title":{"rendered":"Teologia Liberale: Un\u2019analisi teologica e pastorale dalla Tradizione"},"content":{"rendered":"\n<p>Nel mondo contemporaneo della fede, sentiamo spesso termini come \u201cmodernismo\u201d, \u201cteologia della liberazione\u201d o \u201cteologia liberale\u201d. Tra tutte queste correnti, la <strong>teologia liberale<\/strong> occupa un posto particolare: mira a conciliare la fede con le idee moderne, la ragione umana e le esigenze del mondo contemporaneo. Tuttavia, dal punto di vista della Chiesa Cattolica tradizionale, questa corrente presenta profondi rischi teologici e pu\u00f2 deviare il credente dalla verit\u00e0 che Cristo ci ha affidato.<\/p>\n\n\n\n<p>In questo articolo esploreremo cosa sia la teologia liberale, come si sia sviluppata storicamente, quali siano i suoi errori fondamentali e, soprattutto, come possiamo rafforzare la nostra fede personale e comunitaria di fronte a queste tendenze.<\/p>\n\n\n\n<hr class=\"wp-block-separator has-alpha-channel-opacity\"\/>\n\n\n\n<h2 class=\"wp-block-heading\">Che cos\u2019\u00e8 la teologia liberale?<\/h2>\n\n\n\n<p>La <strong>teologia liberale<\/strong> \u00e8 nata nel XIX secolo come tentativo di adattare la fede cristiana ai progressi della scienza, della filosofia e della cultura moderna. Le sue principali caratteristiche sono:<\/p>\n\n\n\n<ol class=\"wp-block-list\">\n<li><strong>Subordinazione della Rivelazione alla Ragione:<\/strong> La verit\u00e0 rivelata da Dio nella Sacra Scrittura e nella Tradizione viene interpretata secondo la ragione umana e il pensiero critico moderno.<\/li>\n\n\n\n<li><strong>Enfasi sull\u2019etica pi\u00f9 che sulla dogmatica:<\/strong> Per la teologia liberale, l\u2019insegnamento morale di Ges\u00f9 e i principi etici sono pi\u00f9 importanti delle verit\u00e0 dogmatiche sulla divinit\u00e0 di Cristo, sulla Resurrezione o sui sacramenti.<\/li>\n\n\n\n<li><strong>Rilettura storica della Bibbia:<\/strong> Le Scritture sono viste pi\u00f9 come documenti storici o letterari che come Parola viva di Dio. I miracoli possono essere \u201cmetafore\u201d e le dottrine \u201cadattamenti culturali\u201d del loro tempo.<\/li>\n\n\n\n<li><strong>Flessibilit\u00e0 dottrinale:<\/strong> Ci\u00f2 che \u00e8 considerato \u201cvero\u201d nella teologia liberale cambia a seconda della cultura, del contesto storico o delle scoperte scientifiche.<\/li>\n<\/ol>\n\n\n\n<p>In altre parole, la teologia liberale non rifiuta necessariamente la fede, ma la trasforma per adattarla al pensiero moderno. A prima vista, questo pu\u00f2 sembrare attraente per chi cerca di conciliare vita intellettuale e spirituale, ma questo percorso \u00e8 profondamente problematico dal punto di vista teologico.<\/p>\n\n\n\n<hr class=\"wp-block-separator has-alpha-channel-opacity\"\/>\n\n\n\n<h2 class=\"wp-block-heading\">Storia e sviluppo<\/h2>\n\n\n\n<p>Le origini della teologia liberale si trovano in Germania con figure come <strong>Friedrich Schleiermacher<\/strong> (1768\u20131834), considerato il \u201cpadre della teologia moderna\u201d. Schleiermacher sosteneva che la religione dovesse concentrarsi sull\u2019esperienza religiosa e sul sentimento di dipendenza da Dio, piuttosto che sull\u2019accettazione dei dogmi. La sua influenza si estese a molti paesi europei e, successivamente, all\u2019America, dove fior\u00ec una corrente liberale nelle universit\u00e0 e nei seminari.<\/p>\n\n\n\n<p>Nel XX secolo, la teologia liberale ha dato origine a diversi rami:<\/p>\n\n\n\n<ul class=\"wp-block-list\">\n<li><strong>Il modernismo cattolico<\/strong>, che cercava di reinterpretare la fede alla luce del pensiero scientifico e filologico moderno, condannato fermamente da Papa Pio X nell\u2019enciclica <em>Pascendi Dominici Gregis<\/em> (1907).<\/li>\n\n\n\n<li><strong>La teologia liberale protestante<\/strong>, che ha influenzato l\u2019etica sociale e promosso una visione di Ges\u00f9 come \u201cmaestro morale\u201d piuttosto che come Salvatore divino.<\/li>\n<\/ul>\n\n\n\n<p>Oggi, la teologia liberale \u00e8 ancora presente, talvolta in modo sottile, nei dibattiti sulla moralit\u00e0, sull\u2019interpretazione biblica e sul ministero pastorale, anche in alcuni settori della Chiesa Cattolica.<\/p>\n\n\n\n<hr class=\"wp-block-separator has-alpha-channel-opacity\"\/>\n\n\n\n<h2 class=\"wp-block-heading\">Errori fondamentali della teologia liberale<\/h2>\n\n\n\n<p>Dal punto di vista della Chiesa Cattolica, gli errori della teologia liberale sono chiari e gravi:<\/p>\n\n\n\n<ol class=\"wp-block-list\">\n<li><strong>Soggettivismo religioso:<\/strong> Privilegiare l\u2019esperienza personale o il contesto storico rispetto alla verit\u00e0 oggettiva di Dio rischia di trasformare la fede in semplice opinione o sentimento. Questo contraddice l\u2019ordine di Ges\u00f9: <em>\u201cIo sono la Via, la Verit\u00e0 e la Vita\u201d<\/em> (Giovanni 14,6). La verit\u00e0 di Cristo non cambia in base alla cultura o alla scienza.<\/li>\n\n\n\n<li><strong>Relativismo dottrinale:<\/strong> La teologia liberale sostiene che i dogmi possano essere reinterpretati o adattati. Ci\u00f2 mina l\u2019autorit\u00e0 della Chiesa e del Magistero, che proteggono la rivelazione divina trasmessa dagli Apostoli.<\/li>\n\n\n\n<li><strong>Negazione della divinit\u00e0 e dei miracoli di Cristo:<\/strong> Alcuni teologi liberali tendono a reinterpretare i miracoli come simboli o leggende. Questo indebolisce il cuore della nostra fede: l\u2019Incarnazione, la Redenzione e la Resurrezione.<\/li>\n\n\n\n<li><strong>Riduzione etica della fede:<\/strong> La fede non \u00e8 solo un codice morale; \u00e8 una relazione viva con Dio, che si manifesta nei sacramenti e nella preghiera. La teologia liberale spesso sostituisce la vita sacramentale con attivismo sociale o etica secolare.<\/li>\n<\/ol>\n\n\n\n<hr class=\"wp-block-separator has-alpha-channel-opacity\"\/>\n\n\n\n<h2 class=\"wp-block-heading\">Rilevanza teologica e pastorale<\/h2>\n\n\n\n<p>Perch\u00e9 \u00e8 importante comprendere la teologia liberale oggi? Perch\u00e9 le sue idee possono infiltrarsi nella formazione catechetica, nel pensiero dei giovani e nei dibattiti culturali sulla moralit\u00e0 e sulla religione. Come pastori, educatori o semplici credenti, dobbiamo discernere chiaramente:<\/p>\n\n\n\n<ul class=\"wp-block-list\">\n<li>La fede non \u00e8 un\u2019\u201copinione moderna\u201d, ma un dono che ci unisce alla verit\u00e0 eterna.<\/li>\n\n\n\n<li>I dogmi non sono ostacoli al pensiero, ma pilastri che sostengono mente e cuore di fronte alla confusione del mondo.<\/li>\n\n\n\n<li>La Bibbia non \u00e8 solo un libro di storia o di etica; \u00e8 la Parola di Dio, viva ed efficace (Ebrei 4,12).<\/li>\n<\/ul>\n\n\n\n<hr class=\"wp-block-separator has-alpha-channel-opacity\"\/>\n\n\n\n<h2 class=\"wp-block-heading\">Applicazioni pratiche per la vita quotidiana<\/h2>\n\n\n\n<ol class=\"wp-block-list\">\n<li><strong>Studio costante della Bibbia e della Tradizione:<\/strong> Conoscere la Parola di Dio e gli insegnamenti dei Padri della Chiesa aiuta a discernere la verit\u00e0 di fronte alle interpretazioni soggettive.<\/li>\n\n\n\n<li><strong>Formazione teologica personale:<\/strong> Corsi di catechesi, libri di teologia e omelie ben fondate permettono di vedere chiaramente gli errori della teologia liberale.<\/li>\n\n\n\n<li><strong>Vita sacramentale:<\/strong> Eucaristia, Confessione e preghiera sono potenti antidoti contro la soggettivit\u00e0 religiosa. La fede si vive pi\u00f9 che si \u201cpensa\u201d.<\/li>\n\n\n\n<li><strong>Testimonianza e comunit\u00e0:<\/strong> Partecipare a parrocchie o gruppi di fede autentici rafforza la vita spirituale e protegge dalle influenze relativistiche.<\/li>\n\n\n\n<li><strong>Discernimento culturale:<\/strong> Non tutto ci\u00f2 che \u00e8 \u201cmoderno\u201d \u00e8 buono per la fede. Imparare a leggere la cultura con occhi di fede aiuta a separare ci\u00f2 che \u00e8 utile da ci\u00f2 che \u00e8 pericoloso.<\/li>\n<\/ol>\n\n\n\n<hr class=\"wp-block-separator has-alpha-channel-opacity\"\/>\n\n\n\n<h2 class=\"wp-block-heading\">Conclusione<\/h2>\n\n\n\n<p>La teologia liberale \u00e8 un fenomeno complesso e seducente: promette di conciliare fede e modernit\u00e0, ma lo fa a spese della verit\u00e0 rivelata. Per il credente, la sfida non \u00e8 sopprimere il pensiero critico, ma integrarlo correttamente nella fede cattolica: la ragione al servizio della fede, non la fede al servizio della ragione.<\/p>\n\n\n\n<p>Come ci ricorda San Paolo: <em>\u201cEsaminate ogni cosa e trattenete ci\u00f2 che \u00e8 buono\u201d<\/em> (1 Tessalonicesi 5,21). In un mondo in cui le idee cambiano rapidamente, \u00e8 necessario discernere, istruirsi e rimanere saldi nella tradizione che ci assicura la salvezza.<\/p>\n\n\n\n<hr class=\"wp-block-separator has-alpha-channel-opacity\"\/>\n\n\n\n<p><strong>Riflessione finale:<\/strong> Vivere la fede con libert\u00e0 non significa adattarla alla moda del momento. Significa approfondirla, comprenderla, lasciarla trasformare la propria vita e portare quella luce agli altri. La teologia liberale ci insegna, paradossalmente, quanto abbiamo bisogno di fedelt\u00e0 a Cristo, che non cambia mai.<\/p>\n","protected":false},"excerpt":{"rendered":"<p>Nel mondo contemporaneo della fede, sentiamo spesso termini come \u201cmodernismo\u201d, \u201cteologia della liberazione\u201d o \u201cteologia liberale\u201d. Tra tutte queste correnti, la teologia liberale occupa un posto particolare: mira a conciliare la fede con le idee moderne, la ragione umana e le esigenze del mondo contemporaneo. Tuttavia, dal punto di vista della Chiesa Cattolica tradizionale, questa &hellip;<\/p>\n","protected":false},"author":3,"featured_media":5494,"comment_status":"closed","ping_status":"closed","sticky":false,"template":"","format":"standard","meta":{"_seopress_robots_primary_cat":"","_seopress_titles_title":"","_seopress_titles_desc":"","_seopress_robots_index":"","footnotes":""},"categories":[66,41],"tags":[1973],"class_list":["post-5493","post","type-post","status-publish","format-standard","has-post-thumbnail","","category-cultura-popolare-e-cattolicesimo","category-fede-e-cultura","tag-teologia-liberale"],"_links":{"self":[{"href":"https:\/\/catholicus.eu\/it\/wp-json\/wp\/v2\/posts\/5493","targetHints":{"allow":["GET"]}}],"collection":[{"href":"https:\/\/catholicus.eu\/it\/wp-json\/wp\/v2\/posts"}],"about":[{"href":"https:\/\/catholicus.eu\/it\/wp-json\/wp\/v2\/types\/post"}],"author":[{"embeddable":true,"href":"https:\/\/catholicus.eu\/it\/wp-json\/wp\/v2\/users\/3"}],"replies":[{"embeddable":true,"href":"https:\/\/catholicus.eu\/it\/wp-json\/wp\/v2\/comments?post=5493"}],"version-history":[{"count":1,"href":"https:\/\/catholicus.eu\/it\/wp-json\/wp\/v2\/posts\/5493\/revisions"}],"predecessor-version":[{"id":5495,"href":"https:\/\/catholicus.eu\/it\/wp-json\/wp\/v2\/posts\/5493\/revisions\/5495"}],"wp:featuredmedia":[{"embeddable":true,"href":"https:\/\/catholicus.eu\/it\/wp-json\/wp\/v2\/media\/5494"}],"wp:attachment":[{"href":"https:\/\/catholicus.eu\/it\/wp-json\/wp\/v2\/media?parent=5493"}],"wp:term":[{"taxonomy":"category","embeddable":true,"href":"https:\/\/catholicus.eu\/it\/wp-json\/wp\/v2\/categories?post=5493"},{"taxonomy":"post_tag","embeddable":true,"href":"https:\/\/catholicus.eu\/it\/wp-json\/wp\/v2\/tags?post=5493"}],"curies":[{"name":"wp","href":"https:\/\/api.w.org\/{rel}","templated":true}]}}