{"id":5466,"date":"2026-03-23T20:42:22","date_gmt":"2026-03-23T19:42:22","guid":{"rendered":"https:\/\/catholicus.eu\/it\/?p=5466"},"modified":"2026-03-23T20:42:22","modified_gmt":"2026-03-23T19:42:22","slug":"praesto-sum-eccomi-signore-la-spiritualita-dimenticata-che-puo-trasformare-la-tua-vita-oggi","status":"publish","type":"post","link":"https:\/\/catholicus.eu\/it\/praesto-sum-eccomi-signore-la-spiritualita-dimenticata-che-puo-trasformare-la-tua-vita-oggi\/","title":{"rendered":"\u00ab Praesto Sum: Eccomi, Signore \u00bb \u2014 La spiritualit\u00e0 dimenticata che pu\u00f2 trasformare la tua vita oggi"},"content":{"rendered":"\n<p>Ci sono parole che non sono semplicemente parole. Sono decisioni. Sono abbandono. Sono fuoco.<\/p>\n\n\n\n<p><strong>\u00ab Praesto sum \u00bb<\/strong> \u2014 in latino \u2014 significa: <em>\u00ab Sono presente \u00bb, \u00ab Eccomi \u00bb, \u00ab Sono pronto \u00bb.<\/em> Non \u00e8 una formula decorativa di una spiritualit\u00e0 antica. \u00c8 una dichiarazione radicale che attraversa tutta la Sacra Scrittura e definisce la vita dei santi.<\/p>\n\n\n\n<p>In un mondo segnato da distrazione, fretta ed evasione, riscoprire il significato profondo di questo \u201ceccomi\u201d pu\u00f2 diventare una vera rivoluzione interiore.<\/p>\n\n\n\n<p>Questo articolo non \u00e8 solo per comprendere il concetto. \u00c8 per viverlo.<\/p>\n\n\n\n<hr class=\"wp-block-separator has-alpha-channel-opacity\"\/>\n\n\n\n<h2 class=\"wp-block-heading\"><strong>1. \u00ab Praesto sum \u00bb: pi\u00f9 che presenza, disponibilit\u00e0 totale<\/strong><\/h2>\n\n\n\n<p>Dire \u00ab praesto sum \u00bb non significa semplicemente essere presenti fisicamente. \u00c8 qualcosa di molto pi\u00f9 esigente:<\/p>\n\n\n\n<ul class=\"wp-block-list\">\n<li>\u00c8 <strong>disponibilit\u00e0 interiore<\/strong><\/li>\n\n\n\n<li>\u00c8 <strong>obbedienza libera<\/strong><\/li>\n\n\n\n<li>\u00c8 <strong>abbandono totale<\/strong><\/li>\n\n\n\n<li>\u00c8 <strong>risposta a una chiamata<\/strong><\/li>\n<\/ul>\n\n\n\n<p>Non \u00e8 la stessa cosa dire \u00ab sono qui \u00bb e dire <strong>\u00ab sono qui per Te \u00bb<\/strong>.<\/p>\n\n\n\n<p>Nella teologia spirituale, questo \u00e8 direttamente collegato alla virt\u00f9 della <strong>docilit\u00e0 alla volont\u00e0 di Dio<\/strong>, che non \u00e8 passivit\u00e0, ma una cooperazione attiva con la grazia.<\/p>\n\n\n\n<hr class=\"wp-block-separator has-alpha-channel-opacity\"\/>\n\n\n\n<h2 class=\"wp-block-heading\"><strong>2. La radice biblica: l\u2019\u201cEccomi\u201d che cambia la storia<\/strong><\/h2>\n\n\n\n<p>Tutta la storia della salvezza \u00e8 piena di uomini e donne che hanno risposto con un \u00ab praesto sum \u00bb.<\/p>\n\n\n\n<h3 class=\"wp-block-heading\"><strong>Abramo: la fede che risponde senza capire<\/strong><\/h3>\n\n\n\n<blockquote class=\"wp-block-quote is-layout-flow wp-block-quote-is-layout-flow\">\n<p>\u00ab Dio chiam\u00f2 Abramo\u2026 Egli rispose: \u201cEccomi\u201d \u00bb (cf. Genesi 22,1)<\/p>\n<\/blockquote>\n\n\n\n<p>Abramo non sapeva cosa sarebbe accaduto. Ma era disponibile. E questo bast\u00f2 perch\u00e9 Dio costruisse su di lui un\u2019alleanza eterna.<\/p>\n\n\n\n<h3 class=\"wp-block-heading\"><strong>Samuele: il cuore che impara ad ascoltare<\/strong><\/h3>\n\n\n\n<blockquote class=\"wp-block-quote is-layout-flow wp-block-quote-is-layout-flow\">\n<p>\u00ab Parla, Signore, perch\u00e9 il tuo servo ti ascolta \u00bb (1 Samuele 3,10)<\/p>\n<\/blockquote>\n\n\n\n<p>Samuele non riconosce subito la voce di Dio. Ma il suo atteggiamento \u00e8 la chiave: disponibilit\u00e0 umile.<\/p>\n\n\n\n<h3 class=\"wp-block-heading\"><strong>Isaia: il profeta che si offre<\/strong><\/h3>\n\n\n\n<blockquote class=\"wp-block-quote is-layout-flow wp-block-quote-is-layout-flow\">\n<p>\u00ab Chi mander\u00f2?\u2026 Eccomi, manda me \u00bb (Isaia 6,8)<\/p>\n<\/blockquote>\n\n\n\n<p>Qui il \u00ab praesto sum \u00bb appare nella sua forma pi\u00f9 missionaria: non solo sono qui\u2026 <strong>voglio essere mandato<\/strong>.<\/p>\n\n\n\n<h3 class=\"wp-block-heading\"><strong>La Vergine Maria: il \u201cs\u00ec\u201d perfetto<\/strong><\/h3>\n\n\n\n<blockquote class=\"wp-block-quote is-layout-flow wp-block-quote-is-layout-flow\">\n<p>\u00ab Ecco la serva del Signore: avvenga per me secondo la tua parola \u00bb (Luca 1,38)<\/p>\n<\/blockquote>\n\n\n\n<p>Questo \u00e8 il culmine. Maria non \u00e8 solo disponibile: <strong>si dona completamente al piano di Dio<\/strong>, senza riserve.<\/p>\n\n\n\n<h3 class=\"wp-block-heading\"><strong>Cristo stesso: il \u201cPraesto Sum\u201d incarnato<\/strong><\/h3>\n\n\n\n<blockquote class=\"wp-block-quote is-layout-flow wp-block-quote-is-layout-flow\">\n<p>\u00ab Ecco, io vengo per fare, o Dio, la tua volont\u00e0 \u00bb (cf. Ebrei 10,7)<\/p>\n<\/blockquote>\n\n\n\n<p>Ges\u00f9 Cristo \u00e8 l\u2019\u201ceccomi\u201d definitivo. Tutta la sua vita \u00e8 una risposta al Padre.<\/p>\n\n\n\n<hr class=\"wp-block-separator has-alpha-channel-opacity\"\/>\n\n\n\n<h2 class=\"wp-block-heading\"><strong>3. Dimensione teologica: il \u201cpraesto sum\u201d come atto d\u2019amore<\/strong><\/h2>\n\n\n\n<p>Da un punto di vista teologico, dire \u00ab praesto sum \u00bb implica diverse realt\u00e0 profonde:<\/p>\n\n\n\n<h3 class=\"wp-block-heading\"><strong>a) \u00c8 un atto di fede<\/strong><\/h3>\n\n\n\n<p>Credere che Dio chiama. Credere che la sua volont\u00e0 \u00e8 buona.<\/p>\n\n\n\n<h3 class=\"wp-block-heading\"><strong>b) \u00c8 un atto di speranza<\/strong><\/h3>\n\n\n\n<p>Confidare che, anche senza capire, Egli guida.<\/p>\n\n\n\n<h3 class=\"wp-block-heading\"><strong>c) \u00c8 un atto di carit\u00e0<\/strong><\/h3>\n\n\n\n<p>Amare Dio fino a preferire la sua volont\u00e0 alla propria.<\/p>\n\n\n\n<p>San Tommaso d\u2019Aquino spiega che la perfezione cristiana consiste nella conformit\u00e0 alla volont\u00e0 divina. Il \u00ab praesto sum \u00bb \u00e8 precisamente questo: <strong>un allineamento interiore con Dio<\/strong>.<\/p>\n\n\n\n<hr class=\"wp-block-separator has-alpha-channel-opacity\"\/>\n\n\n\n<h2 class=\"wp-block-heading\"><strong>4. Il dramma attuale: una generazione che evita di dire \u201ceccomi\u201d<\/strong><\/h2>\n\n\n\n<p>Viviamo in un\u2019epoca che fugge dall\u2019impegno:<\/p>\n\n\n\n<ul class=\"wp-block-list\">\n<li>Relazioni senza dono di s\u00e9<\/li>\n\n\n\n<li>Vocazioni rimandate<\/li>\n\n\n\n<li>Decisioni evitate<\/li>\n\n\n\n<li>Una fede vissuta \u201ca met\u00e0\u201d<\/li>\n<\/ul>\n\n\n\n<p>Il problema non \u00e8 che Dio abbia smesso di chiamare.<\/p>\n\n\n\n<p>Il problema \u00e8 che <strong>abbiamo smesso di rispondere<\/strong>.<\/p>\n\n\n\n<p>Diciamo:<\/p>\n\n\n\n<ul class=\"wp-block-list\">\n<li>\u00ab Vedremo \u00bb<\/li>\n\n\n\n<li>\u00ab Pi\u00f9 tardi \u00bb<\/li>\n\n\n\n<li>\u00ab Non \u00e8 il momento \u00bb<\/li>\n<\/ul>\n\n\n\n<p>Ma Dio continua a chiedere:<br><strong>\u00ab Chi mander\u00f2? \u00bb<\/strong><\/p>\n\n\n\n<p>E il silenzio dell\u2019anima diventa una forma di rifiuto.<\/p>\n\n\n\n<hr class=\"wp-block-separator has-alpha-channel-opacity\"\/>\n\n\n\n<h2 class=\"wp-block-heading\"><strong>5. Ostacoli a vivere il \u201cpraesto sum\u201d<\/strong><\/h2>\n\n\n\n<h3 class=\"wp-block-heading\"><strong>Paura<\/strong><\/h3>\n\n\n\n<p>Temiamo di perdere il controllo. Ma non c\u2019\u00e8 dono senza rischio.<\/p>\n\n\n\n<h3 class=\"wp-block-heading\"><strong>Comodit\u00e0<\/strong><\/h3>\n\n\n\n<p>Preferiamo una vita sicura a una vita piena.<\/p>\n\n\n\n<h3 class=\"wp-block-heading\"><strong>Rumore interiore<\/strong><\/h3>\n\n\n\n<p>Non ascoltiamo perch\u00e9 siamo saturi di stimoli.<\/p>\n\n\n\n<h3 class=\"wp-block-heading\"><strong>Mancanza di preghiera<\/strong><\/h3>\n\n\n\n<p>Senza preghiera non c\u2019\u00e8 chiamata\u2026 e senza chiamata non c\u2019\u00e8 risposta.<\/p>\n\n\n\n<hr class=\"wp-block-separator has-alpha-channel-opacity\"\/>\n\n\n\n<h2 class=\"wp-block-heading\"><strong>6. Come vivere il \u201cpraesto sum\u201d oggi (guida pratica)<\/strong><\/h2>\n\n\n\n<p>Qui il messaggio diventa vita concreta.<\/p>\n\n\n\n<h3 class=\"wp-block-heading\"><strong>1. Inizia la giornata dicendo: \u201cSignore, eccomi\u201d<\/strong><\/h3>\n\n\n\n<p>Prima del telefono. Prima del rumore.<\/p>\n\n\n\n<p>Una semplice preghiera:<\/p>\n\n\n\n<blockquote class=\"wp-block-quote is-layout-flow wp-block-quote-is-layout-flow\">\n<p>\u00ab Signore, eccomi. Fa\u2019 di me ci\u00f2 che vuoi. \u00bb<\/p>\n<\/blockquote>\n\n\n\n<p>Questo cambia l\u2019orientamento della tua giornata.<\/p>\n\n\n\n<hr class=\"wp-block-separator has-alpha-channel-opacity\"\/>\n\n\n\n<h3 class=\"wp-block-heading\"><strong>2. Impara ad ascoltare<\/strong><\/h3>\n\n\n\n<p>Il \u00ab praesto sum \u00bb non consiste nel parlare\u2026 ma nell\u2019ascoltare prima.<\/p>\n\n\n\n<ul class=\"wp-block-list\">\n<li>Dedica tempo al silenzio<\/li>\n\n\n\n<li>Leggi la Scrittura<\/li>\n\n\n\n<li>Pratica l\u2019adorazione<\/li>\n<\/ul>\n\n\n\n<p>Dio non grida. Sussurra.<\/p>\n\n\n\n<hr class=\"wp-block-separator has-alpha-channel-opacity\"\/>\n\n\n\n<h3 class=\"wp-block-heading\"><strong>3. Rispondi nelle piccole cose<\/strong><\/h3>\n\n\n\n<p>Non aspettare una grande missione.<\/p>\n\n\n\n<p>L\u2019\u201ceccomi\u201d si vive in:<\/p>\n\n\n\n<ul class=\"wp-block-list\">\n<li>Perdonare<\/li>\n\n\n\n<li>Servire<\/li>\n\n\n\n<li>Tacere quando \u00e8 necessario<\/li>\n\n\n\n<li>Dire la verit\u00e0 con carit\u00e0<\/li>\n<\/ul>\n\n\n\n<hr class=\"wp-block-separator has-alpha-channel-opacity\"\/>\n\n\n\n<h3 class=\"wp-block-heading\"><strong>4. Accetta la croce<\/strong><\/h3>\n\n\n\n<p>Dire \u00ab praesto sum \u00bb include accettare ci\u00f2 che non hai scelto.<\/p>\n\n\n\n<p>Cristo non ha detto \u201ceccomi\u201d solo nella gloria\u2026 ma anche nel Getsemani.<\/p>\n\n\n\n<hr class=\"wp-block-separator has-alpha-channel-opacity\"\/>\n\n\n\n<h3 class=\"wp-block-heading\"><strong>5. Discerni la tua vocazione<\/strong><\/h3>\n\n\n\n<p>La tua vita ha una missione concreta.<\/p>\n\n\n\n<ul class=\"wp-block-list\">\n<li>Matrimonio<\/li>\n\n\n\n<li>Sacerdozio<\/li>\n\n\n\n<li>Vita consacrata<\/li>\n\n\n\n<li>Vita laicale impegnata<\/li>\n<\/ul>\n\n\n\n<p>Il \u00ab praesto sum \u00bb non \u00e8 generico. \u00c8 personale.<\/p>\n\n\n\n<hr class=\"wp-block-separator has-alpha-channel-opacity\"\/>\n\n\n\n<h3 class=\"wp-block-heading\"><strong>6. Persevera anche quando non senti nulla<\/strong><\/h3>\n\n\n\n<p>La vera disponibilit\u00e0 non dipende dalle emozioni.<\/p>\n\n\n\n<p>\u00c8 fedelt\u00e0.<\/p>\n\n\n\n<hr class=\"wp-block-separator has-alpha-channel-opacity\"\/>\n\n\n\n<h2 class=\"wp-block-heading\"><strong>7. Il frutto: una vita piena di senso<\/strong><\/h2>\n\n\n\n<p>Chi vive il \u00ab praesto sum \u00bb scopre qualcosa di straordinario:<\/p>\n\n\n\n<ul class=\"wp-block-list\">\n<li>Non vive pi\u00f9 per s\u00e9 stesso<\/li>\n\n\n\n<li>Smette di cercarsi continuamente<\/li>\n\n\n\n<li>Trova pace nel mezzo del caos<\/li>\n\n\n\n<li>Vive con uno scopo<\/li>\n<\/ul>\n\n\n\n<p>Perch\u00e9 la pi\u00f9 grande libert\u00e0 non \u00e8 fare ci\u00f2 che vuoi\u2026<\/p>\n\n\n\n<p>Ma <strong>volere ci\u00f2 che Dio vuole<\/strong>.<\/p>\n\n\n\n<hr class=\"wp-block-separator has-alpha-channel-opacity\"\/>\n\n\n\n<h2 class=\"wp-block-heading\"><strong>8. Preghiera finale: imparare a dire \u201cPraesto Sum\u201d<\/strong><\/h2>\n\n\n\n<p>Puoi pregare cos\u00ec:<\/p>\n\n\n\n<blockquote class=\"wp-block-quote is-layout-flow wp-block-quote-is-layout-flow\">\n<p>Signore,<br>tante volte sono stato presente\u2026 ma non per Te.<br>Tante volte ho ascoltato\u2026 ma non ho risposto.<\/p>\n\n\n\n<p>Oggi voglio dirTi: eccomi.<br>Senza condizioni. Senza scuse. Senza riserve.<\/p>\n\n\n\n<p>Prendi la mia vita, i miei progetti, le mie paure.<br>Fa\u2019 di me ci\u00f2 che vuoi.<\/p>\n\n\n\n<p>Insegnami ad ascoltare.<br>Insegnami a fidarmi.<br>Insegnami ad amare.<\/p>\n\n\n\n<p><strong>Praesto sum, Domine.<\/strong><br>Eccomi, Signore.<br>Amen.<\/p>\n<\/blockquote>\n\n\n\n<hr class=\"wp-block-separator has-alpha-channel-opacity\"\/>\n\n\n\n<h2 class=\"wp-block-heading\"><strong>Conclusione: la domanda che non puoi ignorare<\/strong><\/h2>\n\n\n\n<p>Dio continua a chiamare.<\/p>\n\n\n\n<p>Non solo i santi.<br>Non solo i consacrati.<br><strong>Te. Oggi.<\/strong><\/p>\n\n\n\n<p>L\u2019unica domanda \u00e8:<\/p>\n\n\n\n<p><strong>Continuerai a rimandare\u2026 o risponderai?<\/strong><\/p>\n\n\n\n<p>Perch\u00e9 ogni autentica vita cristiana inizia con due parole:<\/p>\n\n\n\n<p><strong>\u00ab Praesto sum \u00bb.<\/strong><\/p>\n","protected":false},"excerpt":{"rendered":"<p>Ci sono parole che non sono semplicemente parole. Sono decisioni. Sono abbandono. Sono fuoco. \u00ab Praesto sum \u00bb \u2014 in latino \u2014 significa: \u00ab Sono presente \u00bb, \u00ab Eccomi \u00bb, \u00ab Sono pronto \u00bb. Non \u00e8 una formula decorativa di una spiritualit\u00e0 antica. \u00c8 una dichiarazione radicale che attraversa tutta la Sacra Scrittura e definisce &hellip;<\/p>\n","protected":false},"author":3,"featured_media":5467,"comment_status":"closed","ping_status":"closed","sticky":false,"template":"","format":"standard","meta":{"_seopress_robots_primary_cat":"","_seopress_titles_title":"","_seopress_titles_desc":"","_seopress_robots_index":"","footnotes":""},"categories":[40,58],"tags":[1964],"class_list":["post-5466","post","type-post","status-publish","format-standard","has-post-thumbnail","","category-preghiera-e-spiritualita","category-preghiera-e-vita-spirituale","tag-praesto-sum"],"_links":{"self":[{"href":"https:\/\/catholicus.eu\/it\/wp-json\/wp\/v2\/posts\/5466","targetHints":{"allow":["GET"]}}],"collection":[{"href":"https:\/\/catholicus.eu\/it\/wp-json\/wp\/v2\/posts"}],"about":[{"href":"https:\/\/catholicus.eu\/it\/wp-json\/wp\/v2\/types\/post"}],"author":[{"embeddable":true,"href":"https:\/\/catholicus.eu\/it\/wp-json\/wp\/v2\/users\/3"}],"replies":[{"embeddable":true,"href":"https:\/\/catholicus.eu\/it\/wp-json\/wp\/v2\/comments?post=5466"}],"version-history":[{"count":1,"href":"https:\/\/catholicus.eu\/it\/wp-json\/wp\/v2\/posts\/5466\/revisions"}],"predecessor-version":[{"id":5468,"href":"https:\/\/catholicus.eu\/it\/wp-json\/wp\/v2\/posts\/5466\/revisions\/5468"}],"wp:featuredmedia":[{"embeddable":true,"href":"https:\/\/catholicus.eu\/it\/wp-json\/wp\/v2\/media\/5467"}],"wp:attachment":[{"href":"https:\/\/catholicus.eu\/it\/wp-json\/wp\/v2\/media?parent=5466"}],"wp:term":[{"taxonomy":"category","embeddable":true,"href":"https:\/\/catholicus.eu\/it\/wp-json\/wp\/v2\/categories?post=5466"},{"taxonomy":"post_tag","embeddable":true,"href":"https:\/\/catholicus.eu\/it\/wp-json\/wp\/v2\/tags?post=5466"}],"curies":[{"name":"wp","href":"https:\/\/api.w.org\/{rel}","templated":true}]}}