{"id":5442,"date":"2026-03-22T15:53:33","date_gmt":"2026-03-22T14:53:33","guid":{"rendered":"https:\/\/catholicus.eu\/it\/?p=5442"},"modified":"2026-03-22T15:54:04","modified_gmt":"2026-03-22T14:54:04","slug":"dalla-metafisica-alla-liturgia-come-il-pensiero-profondo-nutre-la-vita-spirituale","status":"publish","type":"post","link":"https:\/\/catholicus.eu\/it\/dalla-metafisica-alla-liturgia-come-il-pensiero-profondo-nutre-la-vita-spirituale\/","title":{"rendered":"Dalla Metafisica alla Liturgia: Come il Pensiero Profondo Nutre la Vita Spirituale"},"content":{"rendered":"\n<p>Viviamo in un\u2019epoca segnata dalla fretta, dalla superficialit\u00e0 e dalla frammentazione del pensiero. Eppure, l\u2019anima umana continua ad avere una sete profonda di verit\u00e0, di senso e di trascendenza. In questo contesto, pu\u00f2 sembrare che la metafisica \u2014 quella disciplina filosofica che riflette sull\u2019essere, sulla causa e sul fondamento ultimo della realt\u00e0 \u2014 appartenga a un mondo lontano, astratto e persino inutile. Nulla \u00e8 pi\u00f9 lontano dalla verit\u00e0.<\/p>\n\n\n\n<p>Nella tradizione cattolica, la metafisica non \u00e8 un lusso intellettuale, ma un fondamento essenziale che sostiene la vita spirituale e trova la sua espressione pi\u00f9 piena nella liturgia. Da Aristotele a Tommaso d\u2019Aquino, passando per Agostino d\u2019Ippona, la Chiesa ha compreso che pensare in profondit\u00e0 non allontana da Dio, ma conduce a Lui.<\/p>\n\n\n\n<p>Questo articolo vuole essere una guida per riscoprire come il pensiero metafisico non solo illumina la nostra fede, ma la rende pi\u00f9 viva, pi\u00f9 consapevole e pi\u00f9 trasformante.<\/p>\n\n\n\n<hr class=\"wp-block-separator has-alpha-channel-opacity\"\/>\n\n\n\n<h2 class=\"wp-block-heading\">1. Che cos\u2019\u00e8 la metafisica e perch\u00e9 \u00e8 importante?<\/h2>\n\n\n\n<p>La metafisica \u00e8 il ramo della filosofia che studia l\u2019essere in quanto essere: che cosa significa esistere, qual \u00e8 la causa ultima di tutto ci\u00f2 che \u00e8, e perch\u00e9 esiste qualcosa invece del nulla. Non si tratta di speculazioni vuote, ma di domande radicali che ogni essere umano, consapevolmente o inconsapevolmente, si pone.<\/p>\n\n\n\n<p>Quando un bambino chiede: \u00abPerch\u00e9 esiste il mondo?\u00bb, sta gi\u00e0 facendo metafisica. Quando un adulto si interroga sul senso della sofferenza o della morte, fa la stessa cosa.<\/p>\n\n\n\n<p>La fede cristiana non elimina queste domande; le eleva e le compie. Infatti, il Dio rivelato nella Sacra Scrittura non \u00e8 un\u2019idea astratta, ma l\u2019Essere stesso, come si rivela a Mos\u00e8: <em>\u00abIo sono colui che sono\u00bb<\/em> (Esodo 3,14).<\/p>\n\n\n\n<p>Qui troviamo un ponte essenziale: la metafisica prepara il terreno per comprendere la rivelazione.<\/p>\n\n\n\n<hr class=\"wp-block-separator has-alpha-channel-opacity\"\/>\n\n\n\n<h2 class=\"wp-block-heading\">2. La sintesi cristiana: fede e ragione in armonia<\/h2>\n\n\n\n<p>Uno dei grandi risultati del pensiero cristiano \u00e8 stata l\u2019integrazione della ragione filosofica con la fede rivelata. Tommaso d\u2019Aquino lo espresse con chiarezza: la grazia non distrugge la natura, ma la perfeziona.<\/p>\n\n\n\n<p>Questo significa che la ragione umana \u2014 quando \u00e8 rettamente utilizzata \u2014 non \u00e8 nemica della fede, ma sua alleata. La metafisica permette di comprendere concetti fondamentali come:<\/p>\n\n\n\n<ul class=\"wp-block-list\">\n<li>L\u2019esistenza di Dio come Causa prima.<\/li>\n\n\n\n<li>La distinzione tra essenza ed esistenza.<\/li>\n\n\n\n<li>La contingenza del mondo.<\/li>\n\n\n\n<li>L\u2019ordine e il fine della creazione.<\/li>\n<\/ul>\n\n\n\n<p>Non si tratta di semplici esercizi intellettuali: sono verit\u00e0 che, una volta assimilate, trasformano il modo di vivere.<\/p>\n\n\n\n<p>Per esempio, comprendere che tutto ci\u00f2 che \u00e8 creato \u00e8 contingente (cio\u00e8 che potrebbe non esistere) ci porta a riconoscere la gratuit\u00e0 della vita. E la gratitudine \u00e8 l\u2019inizio della vera preghiera.<\/p>\n\n\n\n<hr class=\"wp-block-separator has-alpha-channel-opacity\"\/>\n\n\n\n<h2 class=\"wp-block-heading\">3. Dalla metafisica alla liturgia: il passo decisivo<\/h2>\n\n\n\n<p>La liturgia \u00e8 il luogo in cui la verit\u00e0 diventa celebrazione, dove l\u2019invisibile diventa visibile, dove l\u2019eternit\u00e0 irrompe nel tempo. Ma per comprendere la liturgia nella sua profondit\u00e0, \u00e8 necessario un fondamento metafisico.<\/p>\n\n\n\n<p>Senza metafisica, la liturgia si riduce a un insieme di simboli vuoti o a una semplice riunione comunitaria. Con la metafisica, invece, comprendiamo che:<\/p>\n\n\n\n<ul class=\"wp-block-list\">\n<li>L\u2019Eucaristia non \u00e8 solo un simbolo, ma una realt\u00e0 ontologica: Cristo \u00e8 veramente presente.<\/li>\n\n\n\n<li>Il pane e il vino non cambiano nell\u2019apparenza, ma nella loro sostanza (transustanziazione).<\/li>\n\n\n\n<li>Il tempo liturgico non \u00e8 solo memoria, ma attualizzazione del mistero di Cristo.<\/li>\n<\/ul>\n\n\n\n<p>Qui vediamo chiaramente l\u2019influenza del pensiero di Aristotele, assunto ed elevato da Tommaso d\u2019Aquino, per spiegare il mistero eucaristico.<\/p>\n\n\n\n<p>La liturgia non pu\u00f2 essere compresa senza una visione profonda dell\u2019essere. E la metafisica, da parte sua, trova nella liturgia la sua espressione pi\u00f9 alta, perch\u00e9 l\u00ec l\u2019Essere assoluto si dona all\u2019uomo.<\/p>\n\n\n\n<hr class=\"wp-block-separator has-alpha-channel-opacity\"\/>\n\n\n\n<h2 class=\"wp-block-heading\">4. La dimensione biblica: conoscere per amare<\/h2>\n\n\n\n<p>La Sacra Scrittura non \u00e8 un trattato filosofico, ma \u00e8 impregnata di una visione profonda dell\u2019essere. Nel Vangelo secondo Giovanni leggiamo:<\/p>\n\n\n\n<blockquote class=\"wp-block-quote is-layout-flow wp-block-quote-is-layout-flow\">\n<p><em>\u00abQuesta \u00e8 la vita eterna: che conoscano te, l\u2019unico vero Dio, e colui che hai mandato, Ges\u00f9 Cristo\u00bb<\/em> (Giovanni 17,3).<\/p>\n<\/blockquote>\n\n\n\n<p>La conoscenza di Dio non \u00e8 solo intellettuale, ma non \u00e8 neppure irrazionale. \u00c8 una conoscenza che coinvolge tutta la persona: intelletto, volont\u00e0 e affettivit\u00e0.<\/p>\n\n\n\n<p>La metafisica aiuta a purificare la nostra idea di Dio, evitando riduzioni:<\/p>\n\n\n\n<ul class=\"wp-block-list\">\n<li>Dio non \u00e8 un \u201cente\u201d tra gli altri.<\/li>\n\n\n\n<li>Non \u00e8 una forza impersonale.<\/li>\n\n\n\n<li>Non \u00e8 una proiezione psicologica.<\/li>\n<\/ul>\n\n\n\n<p>Dio \u00e8 l\u2019Essere stesso, il fondamento di tutto ci\u00f2 che esiste. E da questa comprensione, la preghiera smette di essere un monologo e diventa un incontro reale.<\/p>\n\n\n\n<hr class=\"wp-block-separator has-alpha-channel-opacity\"\/>\n\n\n\n<h2 class=\"wp-block-heading\">5. Applicazioni pratiche per la vita quotidiana<\/h2>\n\n\n\n<p>Pu\u00f2 sorgere una domanda legittima: come applicare tutto questo nella vita quotidiana? Non \u00e8 troppo astratto?<\/p>\n\n\n\n<p>La risposta \u00e8 chiara: la metafisica, ben compresa, trasforma la vita concreta.<\/p>\n\n\n\n<h3 class=\"wp-block-heading\">a) Riscoprire lo stupore<\/h3>\n\n\n\n<p>Viviamo anestetizzati di fronte alla realt\u00e0. La metafisica ci insegna a guardare di nuovo il mondo con stupore. Tutto ci\u00f2 che esiste \u00e8 un dono.<\/p>\n\n\n\n<p>Questo cambiamento di sguardo trasforma il quotidiano: un pasto, una conversazione, un tramonto\u2026 tutto diventa un\u2019occasione per incontrare Dio.<\/p>\n\n\n\n<h3 class=\"wp-block-heading\">b) Approfondire la partecipazione alla liturgia<\/h3>\n\n\n\n<p>Partecipare alla Messa con una visione metafisica cambia radicalmente l\u2019esperienza. Non assistiamo pi\u00f9 a un rito esterno, ma entriamo nel mistero dell\u2019essere di Dio che si dona a noi.<\/p>\n\n\n\n<p>Ogni gesto, ogni parola, ogni silenzio ha un peso ontologico.<\/p>\n\n\n\n<h3 class=\"wp-block-heading\">c) Ordinare la vita interiore<\/h3>\n\n\n\n<p>Comprendere che Dio \u00e8 il Bene supremo ci aiuta a ordinare i nostri affetti. Molte crisi spirituali nascono da una visione confusa del bene.<\/p>\n\n\n\n<p>La metafisica illumina la morale: ci insegna ci\u00f2 che \u00e8 veramente buono, vero e bello.<\/p>\n\n\n\n<h3 class=\"wp-block-heading\">d) Affrontare la sofferenza<\/h3>\n\n\n\n<p>La sofferenza assume un nuovo significato quando \u00e8 contemplata a partire dall\u2019essere. Non \u00e8 assurda, ma una partecipazione \u2014 misteriosa ma reale \u2014 al mistero della Croce.<\/p>\n\n\n\n<p>Qui risuona l\u2019insegnamento di Agostino d\u2019Ippona: Dio non permetterebbe il male se non potesse trarne un bene pi\u00f9 grande.<\/p>\n\n\n\n<hr class=\"wp-block-separator has-alpha-channel-opacity\"\/>\n\n\n\n<h2 class=\"wp-block-heading\">6. Una sfida per il mondo contemporaneo<\/h2>\n\n\n\n<p>Oggi pi\u00f9 che mai, il cristiano \u00e8 chiamato a pensare in profondit\u00e0. Una fede superficiale non resiste alle pressioni di una cultura relativista e materialista.<\/p>\n\n\n\n<p>Recuperare la metafisica non \u00e8 un capriccio accademico: \u00e8 un\u2019urgenza pastorale. Senza di essa:<\/p>\n\n\n\n<ul class=\"wp-block-list\">\n<li>La fede si indebolisce.<\/li>\n\n\n\n<li>La liturgia si banalizza.<\/li>\n\n\n\n<li>La morale si relativizza.<\/li>\n<\/ul>\n\n\n\n<p>Ma con essa, tutto si illumina.<\/p>\n\n\n\n<hr class=\"wp-block-separator has-alpha-channel-opacity\"\/>\n\n\n\n<h2 class=\"wp-block-heading\">Conclusione: pensare per adorare, adorare per vivere<\/h2>\n\n\n\n<p>La metafisica e la liturgia non sono due realt\u00e0 separate, ma due dimensioni della stessa verit\u00e0: l\u2019incontro tra l\u2019uomo e Dio.<\/p>\n\n\n\n<p>Pensare in profondit\u00e0 non ci allontana dalla vita spirituale; ci introduce in essa pi\u00f9 profondamente. E la liturgia non \u00e8 un rifugio emotivo, ma l\u2019espressione suprema della verit\u00e0 che la ragione cerca.<\/p>\n\n\n\n<p>In un mondo che teme il silenzio e fugge dalle domande ultime, il cristiano \u00e8 chiamato a essere testimone di una fede intelligente, profonda e viva.<\/p>\n\n\n\n<p>Perch\u00e9, in definitiva, conoscere l\u2019essere significa iniziare a intravedere il volto di Dio. E questa conoscenza, quando \u00e8 autentica, diventa inevitabilmente amore, adorazione e vita.<\/p>\n","protected":false},"excerpt":{"rendered":"<p>Viviamo in un\u2019epoca segnata dalla fretta, dalla superficialit\u00e0 e dalla frammentazione del pensiero. Eppure, l\u2019anima umana continua ad avere una sete profonda di verit\u00e0, di senso e di trascendenza. In questo contesto, pu\u00f2 sembrare che la metafisica \u2014 quella disciplina filosofica che riflette sull\u2019essere, sulla causa e sul fondamento ultimo della realt\u00e0 \u2014 appartenga a &hellip;<\/p>\n","protected":false},"author":3,"featured_media":5445,"comment_status":"closed","ping_status":"closed","sticky":false,"template":"","format":"standard","meta":{"_seopress_robots_primary_cat":"","_seopress_titles_title":"","_seopress_titles_desc":"","_seopress_robots_index":"","footnotes":""},"categories":[41,63],"tags":[1958],"class_list":["post-5442","post","type-post","status-publish","format-standard","has-post-thumbnail","","category-fede-e-cultura","category-filosofia-e-fede","tag-metafisica"],"_links":{"self":[{"href":"https:\/\/catholicus.eu\/it\/wp-json\/wp\/v2\/posts\/5442","targetHints":{"allow":["GET"]}}],"collection":[{"href":"https:\/\/catholicus.eu\/it\/wp-json\/wp\/v2\/posts"}],"about":[{"href":"https:\/\/catholicus.eu\/it\/wp-json\/wp\/v2\/types\/post"}],"author":[{"embeddable":true,"href":"https:\/\/catholicus.eu\/it\/wp-json\/wp\/v2\/users\/3"}],"replies":[{"embeddable":true,"href":"https:\/\/catholicus.eu\/it\/wp-json\/wp\/v2\/comments?post=5442"}],"version-history":[{"count":1,"href":"https:\/\/catholicus.eu\/it\/wp-json\/wp\/v2\/posts\/5442\/revisions"}],"predecessor-version":[{"id":5444,"href":"https:\/\/catholicus.eu\/it\/wp-json\/wp\/v2\/posts\/5442\/revisions\/5444"}],"wp:featuredmedia":[{"embeddable":true,"href":"https:\/\/catholicus.eu\/it\/wp-json\/wp\/v2\/media\/5445"}],"wp:attachment":[{"href":"https:\/\/catholicus.eu\/it\/wp-json\/wp\/v2\/media?parent=5442"}],"wp:term":[{"taxonomy":"category","embeddable":true,"href":"https:\/\/catholicus.eu\/it\/wp-json\/wp\/v2\/categories?post=5442"},{"taxonomy":"post_tag","embeddable":true,"href":"https:\/\/catholicus.eu\/it\/wp-json\/wp\/v2\/tags?post=5442"}],"curies":[{"name":"wp","href":"https:\/\/api.w.org\/{rel}","templated":true}]}}