{"id":5418,"date":"2026-03-19T23:41:01","date_gmt":"2026-03-19T22:41:01","guid":{"rendered":"https:\/\/catholicus.eu\/it\/?p=5418"},"modified":"2026-03-19T23:41:02","modified_gmt":"2026-03-19T22:41:02","slug":"lanima-umana-e-la-filosofia-ponti-verso-la-verita-divina","status":"publish","type":"post","link":"https:\/\/catholicus.eu\/it\/lanima-umana-e-la-filosofia-ponti-verso-la-verita-divina\/","title":{"rendered":"L\u2019Anima umana e la Filosofia: Ponti verso la Verit\u00e0 divina"},"content":{"rendered":"\n<p>In un mondo accelerato, dominato dalla tecnologia, dall\u2019immediatezza e dal rumore costante, parlare dell\u2019anima pu\u00f2 sembrare, per alcuni, qualcosa di lontano o addirittura irrilevante. Eppure, nulla \u00e8 pi\u00f9 vicino a noi della nostra stessa anima. \u00c8 ci\u00f2 che abbiamo di pi\u00f9 intimo, di pi\u00f9 profondo: ci\u00f2 che siamo veramente. E, sorprendentemente, uno dei percorsi pi\u00f9 solidi per riscoprirla non \u00e8 solo la religione, ma anche la filosofia.<\/p>\n\n\n\n<p>Lungi dall\u2019opporsi, filosofia e fede hanno camminato insieme per secoli, costruendo ponti verso la verit\u00e0. In questo articolo percorreremo questo cammino: dai grandi pensatori dell\u2019antichit\u00e0 fino alla ricchezza della tradizione cattolica, per scoprire come l\u2019anima umana, illuminata dalla ragione ed elevata dalla fede, ci conduce a Dio.<\/p>\n\n\n\n<hr class=\"wp-block-separator has-alpha-channel-opacity\"\/>\n\n\n\n<h2 class=\"wp-block-heading\">1. Che cos\u2019\u00e8 l\u2019anima? Una domanda eterna<\/h2>\n\n\n\n<p>Fin dai tempi antichi, l\u2019essere umano si \u00e8 chiesto: Chi sono io? Sono solo materia? Oppure c\u2019\u00e8 qualcosa di pi\u00f9?<\/p>\n\n\n\n<p>Il filosofo greco Aristotele definiva l\u2019anima come il \u201cprincipio vitale\u201d degli esseri viventi, ci\u00f2 che d\u00e0 vita e organizzazione al corpo. Per lui, l\u2019anima non era semplicemente qualcosa di separato, ma la forma del corpo, ci\u00f2 che lo fa essere ci\u00f2 che \u00e8.<\/p>\n\n\n\n<p>Secoli dopo, il grande teologo Tommaso d&#8217;Aquino approfond\u00ec questa idea integrando la filosofia aristotelica con la rivelazione cristiana. Per lui, l\u2019anima umana \u00e8 spirituale, immortale e creata direttamente da Dio. Non \u00e8 semplicemente un\u2019energia o una forza: \u00e8 una realt\u00e0 personale, capace di conoscere la verit\u00e0 e amare il bene.<\/p>\n\n\n\n<p>La Chiesa cattolica insegna chiaramente: l\u2019anima \u00e8 il nucleo pi\u00f9 intimo dell\u2019essere umano, dove egli incontra Dio.<\/p>\n\n\n\n<hr class=\"wp-block-separator has-alpha-channel-opacity\"\/>\n\n\n\n<h2 class=\"wp-block-heading\">2. Filosofia e fede: un dialogo fecondo<\/h2>\n\n\n\n<p>Nel corso della storia, alcuni hanno cercato di separare la filosofia dalla fede, come se fossero cammini opposti. Tuttavia, la tradizione cattolica ha sempre visto nella ragione un\u2019alleata.<\/p>\n\n\n\n<p>Gi\u00e0 il grande Padre della Chiesa Agostino d&#8217;Ippona affermava: \u00abComprendi per credere, credi per comprendere\u00bb. Cio\u00e8, la ragione ci conduce fino alla soglia della fede, e la fede illumina la ragione per andare oltre.<\/p>\n\n\n\n<p>La filosofia pone domande fondamentali:<\/p>\n\n\n\n<ul class=\"wp-block-list\">\n<li>Che cos\u2019\u00e8 la verit\u00e0?<\/li>\n\n\n\n<li>Che cos\u2019\u00e8 il bene?<\/li>\n\n\n\n<li>Dio esiste?<\/li>\n\n\n\n<li>La vita ha un senso?<\/li>\n<\/ul>\n\n\n\n<p>La fede, da parte sua, non elimina queste domande, ma le compie pienamente nella rivelazione di Dio, soprattutto in Ges\u00f9 Cristo.<\/p>\n\n\n\n<p>Cos\u00ec, la filosofia \u00e8 un ponte: prepara il cuore e l\u2019intelligenza ad accogliere la verit\u00e0 divina.<\/p>\n\n\n\n<hr class=\"wp-block-separator has-alpha-channel-opacity\"\/>\n\n\n\n<h2 class=\"wp-block-heading\">3. L\u2019anima come immagine di Dio<\/h2>\n\n\n\n<p>La grandezza dell\u2019anima umana si comprende pienamente alla luce della fede. Non siamo semplicemente creature biologiche: siamo creati a immagine di Dio.<\/p>\n\n\n\n<p>La Sacra Scrittura lo esprime con una bellezza incomparabile:<\/p>\n\n\n\n<blockquote class=\"wp-block-quote is-layout-flow wp-block-quote-is-layout-flow\">\n<p>\u00abAllora il Signore Dio plasm\u00f2 l\u2019uomo con polvere del suolo e soffi\u00f2 nelle sue narici un alito di vita, e l\u2019uomo divenne un essere vivente\u00bb (Genesi 2,7).<\/p>\n<\/blockquote>\n\n\n\n<p>Questo \u201calito di vita\u201d non \u00e8 altro che l\u2019anima spirituale. In essa risiede la nostra dignit\u00e0.<\/p>\n\n\n\n<p>Grazie all\u2019anima:<\/p>\n\n\n\n<ul class=\"wp-block-list\">\n<li>Possiamo conoscere la verit\u00e0.<\/li>\n\n\n\n<li>Possiamo scegliere liberamente il bene.<\/li>\n\n\n\n<li>Possiamo amare.<\/li>\n\n\n\n<li>Possiamo entrare in comunione con Dio.<\/li>\n<\/ul>\n\n\n\n<p>Qui si rivela una verit\u00e0 fondamentale: l\u2019anima umana \u00e8 fatta per Dio. Nessuna realt\u00e0 creata pu\u00f2 colmare pienamente il cuore umano.<\/p>\n\n\n\n<hr class=\"wp-block-separator has-alpha-channel-opacity\"\/>\n\n\n\n<h2 class=\"wp-block-heading\">4. La ferita del peccato e il bisogno di redenzione<\/h2>\n\n\n\n<p>Tuttavia, l\u2019esperienza umana mostra una contraddizione: desideriamo il bene, ma spesso facciamo il male. Cerchiamo la verit\u00e0, ma cadiamo nell\u2019errore.<\/p>\n\n\n\n<p>Questa realt\u00e0 \u00e8 stata profondamente analizzata da Agostino d&#8217;Ippona, che parlava del cuore inquieto dell\u2019uomo:<\/p>\n\n\n\n<blockquote class=\"wp-block-quote is-layout-flow wp-block-quote-is-layout-flow\">\n<p>\u00abCi hai fatti per Te, Signore, e il nostro cuore \u00e8 inquieto finch\u00e9 non riposa in Te\u00bb.<\/p>\n<\/blockquote>\n\n\n\n<p>Il peccato ha ferito l\u2019anima, oscurando l\u2019intelligenza e indebolendo la volont\u00e0. La filosofia pu\u00f2 aiutarci a riconoscere questa ferita, ma solo la grazia di Dio pu\u00f2 guarirla.<\/p>\n\n\n\n<p>Qui emerge il ruolo centrale di Cristo: Egli non solo insegna la verit\u00e0, ma guarisce l\u2019anima.<\/p>\n\n\n\n<hr class=\"wp-block-separator has-alpha-channel-opacity\"\/>\n\n\n\n<h2 class=\"wp-block-heading\">5. Cristo, pienezza della verit\u00e0 sull\u2019uomo<\/h2>\n\n\n\n<p>Ogni riflessione filosofica sull\u2019anima trova la sua pienezza nella persona di Ges\u00f9 Cristo. In Lui scopriamo chi \u00e8 Dio e chi \u00e8 l\u2019uomo.<\/p>\n\n\n\n<p>Come insegna il Concilio Vaticano II, Cristo rivela l\u2019uomo all\u2019uomo stesso.<\/p>\n\n\n\n<p>In Cristo vediamo:<\/p>\n\n\n\n<ul class=\"wp-block-list\">\n<li>La verit\u00e0 perfetta.<\/li>\n\n\n\n<li>L\u2019amore portato fino all\u2019estremo.<\/li>\n\n\n\n<li>L\u2019obbedienza totale al Padre.<\/li>\n<\/ul>\n\n\n\n<p>E soprattutto vediamo il destino dell\u2019anima umana: la vita eterna.<\/p>\n\n\n\n<hr class=\"wp-block-separator has-alpha-channel-opacity\"\/>\n\n\n\n<h2 class=\"wp-block-heading\">6. Applicazioni pratiche: vivere a partire dall\u2019anima<\/h2>\n\n\n\n<p>Tutto ci\u00f2 non \u00e8 solo teoria. Ha conseguenze concrete per la vita quotidiana.<\/p>\n\n\n\n<h3 class=\"wp-block-heading\">1. Riscoprire il silenzio interiore<\/h3>\n\n\n\n<p>In una societ\u00e0 rumorosa, abbiamo bisogno di spazi di silenzio per ascoltare la nostra anima. La preghiera non \u00e8 una fuga, ma un incontro con la verit\u00e0 pi\u00f9 profonda.<\/p>\n\n\n\n<h3 class=\"wp-block-heading\">2. Formare l\u2019intelligenza<\/h3>\n\n\n\n<p>Leggere, riflettere, studiare filosofia e teologia non \u00e8 un lusso: \u00e8 una necessit\u00e0. Ci aiuta a non vivere superficialmente.<\/p>\n\n\n\n<h3 class=\"wp-block-heading\">3. Curare la vita morale<\/h3>\n\n\n\n<p>L\u2019anima si rafforza con il bene e si indebolisce con il peccato. Ogni decisione conta.<\/p>\n\n\n\n<h3 class=\"wp-block-heading\">4. Cercare Dio consapevolmente<\/h3>\n\n\n\n<p>Una fede superficiale o ereditata non basta. \u00c8 necessario un incontro personale con Dio.<\/p>\n\n\n\n<h3 class=\"wp-block-heading\">5. Vivere con senso di eternit\u00e0<\/h3>\n\n\n\n<p>L\u2019anima \u00e8 immortale. Questo cambia la nostra prospettiva: ci\u00f2 che conta non \u00e8 solo il successo temporale, ma la salvezza eterna.<\/p>\n\n\n\n<hr class=\"wp-block-separator has-alpha-channel-opacity\"\/>\n\n\n\n<h2 class=\"wp-block-heading\">7. Un ponte per il nostro tempo<\/h2>\n\n\n\n<p>Oggi pi\u00f9 che mai, l\u2019essere umano ha bisogno di riscoprire la propria anima. La crisi attuale \u2014 di senso, di identit\u00e0 e di verit\u00e0 \u2014 ha radici profonde: abbiamo dimenticato chi siamo.<\/p>\n\n\n\n<p>La filosofia, quando \u00e8 autentica, ci aiuta a recuperare le domande essenziali. La fede, quando \u00e8 vissuta, ci offre la risposta definitiva.<\/p>\n\n\n\n<p>Entrambe, unite, formano un ponte solido verso la verit\u00e0 divina.<\/p>\n\n\n\n<hr class=\"wp-block-separator has-alpha-channel-opacity\"\/>\n\n\n\n<h2 class=\"wp-block-heading\">Conclusione: il viaggio verso l\u2019interiorit\u00e0<\/h2>\n\n\n\n<p>Il cammino verso Dio non inizia fuori, ma dentro di noi. Nel silenzio dell\u2019anima, nella ricerca sincera della verit\u00e0, nel desiderio di amare ed essere amati.<\/p>\n\n\n\n<p>Come hanno insegnato i grandi maestri della tradizione, l\u2019anima umana \u00e8 un mistero aperto all\u2019infinito.<\/p>\n\n\n\n<p>E in questo mistero, se sappiamo ascoltare, scopriamo la voce di Dio.<\/p>\n\n\n\n<p>Perch\u00e9, in fondo, ogni filosofia autentica e ogni vera fede conducono alla stessa meta: la Verit\u00e0, che non \u00e8 un\u2019idea, ma una Persona.<\/p>\n\n\n\n<p>E questa Persona ci attende nel pi\u00f9 profondo della nostra anima.<\/p>\n","protected":false},"excerpt":{"rendered":"<p>In un mondo accelerato, dominato dalla tecnologia, dall\u2019immediatezza e dal rumore costante, parlare dell\u2019anima pu\u00f2 sembrare, per alcuni, qualcosa di lontano o addirittura irrilevante. Eppure, nulla \u00e8 pi\u00f9 vicino a noi della nostra stessa anima. \u00c8 ci\u00f2 che abbiamo di pi\u00f9 intimo, di pi\u00f9 profondo: ci\u00f2 che siamo veramente. E, sorprendentemente, uno dei percorsi pi\u00f9 &hellip;<\/p>\n","protected":false},"author":3,"featured_media":5419,"comment_status":"closed","ping_status":"closed","sticky":false,"template":"","format":"standard","meta":{"_seopress_robots_primary_cat":"","_seopress_titles_title":"","_seopress_titles_desc":"","_seopress_robots_index":"","footnotes":""},"categories":[41,63],"tags":[1954],"class_list":["post-5418","post","type-post","status-publish","format-standard","has-post-thumbnail","","category-fede-e-cultura","category-filosofia-e-fede","tag-anima-umana"],"_links":{"self":[{"href":"https:\/\/catholicus.eu\/it\/wp-json\/wp\/v2\/posts\/5418","targetHints":{"allow":["GET"]}}],"collection":[{"href":"https:\/\/catholicus.eu\/it\/wp-json\/wp\/v2\/posts"}],"about":[{"href":"https:\/\/catholicus.eu\/it\/wp-json\/wp\/v2\/types\/post"}],"author":[{"embeddable":true,"href":"https:\/\/catholicus.eu\/it\/wp-json\/wp\/v2\/users\/3"}],"replies":[{"embeddable":true,"href":"https:\/\/catholicus.eu\/it\/wp-json\/wp\/v2\/comments?post=5418"}],"version-history":[{"count":1,"href":"https:\/\/catholicus.eu\/it\/wp-json\/wp\/v2\/posts\/5418\/revisions"}],"predecessor-version":[{"id":5420,"href":"https:\/\/catholicus.eu\/it\/wp-json\/wp\/v2\/posts\/5418\/revisions\/5420"}],"wp:featuredmedia":[{"embeddable":true,"href":"https:\/\/catholicus.eu\/it\/wp-json\/wp\/v2\/media\/5419"}],"wp:attachment":[{"href":"https:\/\/catholicus.eu\/it\/wp-json\/wp\/v2\/media?parent=5418"}],"wp:term":[{"taxonomy":"category","embeddable":true,"href":"https:\/\/catholicus.eu\/it\/wp-json\/wp\/v2\/categories?post=5418"},{"taxonomy":"post_tag","embeddable":true,"href":"https:\/\/catholicus.eu\/it\/wp-json\/wp\/v2\/tags?post=5418"}],"curies":[{"name":"wp","href":"https:\/\/api.w.org\/{rel}","templated":true}]}}