{"id":5403,"date":"2026-03-19T15:00:57","date_gmt":"2026-03-19T14:00:57","guid":{"rendered":"https:\/\/catholicus.eu\/it\/?p=5403"},"modified":"2026-03-19T15:00:58","modified_gmt":"2026-03-19T14:00:58","slug":"leternita-e-lessere-riflessioni-filosofiche-sulla-natura-di-dio","status":"publish","type":"post","link":"https:\/\/catholicus.eu\/it\/leternita-e-lessere-riflessioni-filosofiche-sulla-natura-di-dio\/","title":{"rendered":"L\u2019Eternit\u00e0 e l\u2019Essere: Riflessioni Filosofiche sulla Natura di Dio"},"content":{"rendered":"\n<h2 class=\"wp-block-heading\">Introduzione: Quando il cuore cerca l\u2019eterno<\/h2>\n\n\n\n<p>Ci sono domande che attraversano tutta la storia dell\u2019umanit\u00e0 \u2014 domande che non si esauriscono con il passare del tempo, perch\u00e9 nascono dal pi\u00f9 profondo dell\u2019anima. Chi \u00e8 Dio? Che cosa significa che Egli sia eterno? Come pu\u00f2 essere \u201cl\u2019Essere stesso\u201d? E soprattutto, che cosa ha a che fare tutto questo con la mia vita concreta, con le mie preoccupazioni quotidiane, con le mie paure e le mie speranze?<\/p>\n\n\n\n<p>Parlare dell\u2019eternit\u00e0 e dell\u2019essere di Dio non \u00e8 un esercizio astratto riservato a filosofi o teologi. \u00c8, in realt\u00e0, un invito a scoprire il fondamento ultimo della nostra esistenza. Perch\u00e9 se Dio \u00e8 eterno ed \u00e8 l\u2019Essere stesso, allora tutto ci\u00f2 che siamo e tutto ci\u00f2 che viviamo ha la sua radice in Lui.<\/p>\n\n\n\n<p>Questo articolo vuole essere proprio questo: una guida accessibile ma profonda per entrare nel mistero di Dio a partire dalla filosofia e dalla teologia cattolica, con uno sguardo pastorale che ci aiuti a vivere meglio oggi.<\/p>\n\n\n\n<hr class=\"wp-block-separator has-alpha-channel-opacity\"\/>\n\n\n\n<h2 class=\"wp-block-heading\">1. Lo stupore originario: la domanda sull\u2019Essere<\/h2>\n\n\n\n<p>Fin dai primi filosofi, come Parmenide o Aristotele, l\u2019essere umano ha percepito che tutto ci\u00f2 che esiste partecipa di qualcosa di pi\u00f9 profondo. Le cose cambiano, nascono e muoiono, ma qualcosa rimane.<\/p>\n\n\n\n<p>Qui nasce la grande intuizione: se tutto ci\u00f2 che esiste cambia, deve esserci qualcosa che non cambia. Se tutto ci\u00f2 che \u00e8, \u00e8 \u201cper mezzo di un altro\u201d, deve esistere un Essere che sia \u201cper se stesso\u201d.<\/p>\n\n\n\n<p>Questa intuizione trova la sua pienezza nella teologia cristiana, specialmente nell\u2019opera di San Tommaso d\u2019Aquino, il quale afferma che Dio non \u00e8 \u201cun essere tra gli altri\u201d, ma <strong>l\u2019Essere stesso sussistente (Ipsum Esse Subsistens)<\/strong>.<\/p>\n\n\n\n<p>Questo significa qualcosa di rivoluzionario:<\/p>\n\n\n\n<ul class=\"wp-block-list\">\n<li>Dio non ha l\u2019essere\u2026 <strong>\u00e8 l\u2019Essere<\/strong>.<\/li>\n\n\n\n<li>Dio non esiste come le creature\u2026 <strong>\u00e8 l\u2019esistenza stessa<\/strong>.<\/li>\n\n\n\n<li>Non dipende da nulla\u2026 <strong>tutto dipende da Lui<\/strong>.<\/li>\n<\/ul>\n\n\n\n<hr class=\"wp-block-separator has-alpha-channel-opacity\"\/>\n\n\n\n<h2 class=\"wp-block-heading\">2. \u00abIo sono colui che sono\u00bb: la rivelazione dell\u2019Essere eterno<\/h2>\n\n\n\n<p>La filosofia arriva fino a un certo punto. Ma \u00e8 la rivelazione divina che illumina pienamente questo mistero.<\/p>\n\n\n\n<p>Nel libro dell\u2019Esodo, Dio si rivela a Mos\u00e8 con un nome che racchiude tutta la teologia dell\u2019essere:<\/p>\n\n\n\n<blockquote class=\"wp-block-quote is-layout-flow wp-block-quote-is-layout-flow\">\n<p>\u00abIo sono colui che sono\u00bb (Esodo 3,14)<\/p>\n<\/blockquote>\n\n\n\n<p>Questa affermazione non \u00e8 una semplice identificazione. \u00c8 una dichiarazione ontologica:<\/p>\n\n\n\n<ul class=\"wp-block-list\">\n<li>Dio <strong>non cambia<\/strong>.<\/li>\n\n\n\n<li>Dio <strong>non ha inizio n\u00e9 fine<\/strong>.<\/li>\n\n\n\n<li>Dio <strong>non dipende dal tempo<\/strong>.<\/li>\n<\/ul>\n\n\n\n<p>Qui entriamo nel mistero dell\u2019<strong>eternit\u00e0 divina<\/strong>.<\/p>\n\n\n\n<hr class=\"wp-block-separator has-alpha-channel-opacity\"\/>\n\n\n\n<h2 class=\"wp-block-heading\">3. Che cosa significa che Dio \u00e8 eterno?<\/h2>\n\n\n\n<p>Spesso pensiamo all\u2019eternit\u00e0 come \u201cmolto tempo\u201d o \u201ctempo infinito\u201d. Ma questo \u00e8 insufficiente.<\/p>\n\n\n\n<p>La teologia classica insegna che l\u2019eternit\u00e0 di Dio non \u00e8 durata, ma <strong>pienezza dell\u2019essere senza tempo<\/strong>.<\/p>\n\n\n\n<p>Sant\u2019Agostino lo esprime in modo magistrale:<\/p>\n\n\n\n<blockquote class=\"wp-block-quote is-layout-flow wp-block-quote-is-layout-flow\">\n<p>\u00abNell\u2019eternit\u00e0 nulla passa, tutto \u00e8 presente.\u00bb<\/p>\n<\/blockquote>\n\n\n\n<p>Questo ha implicazioni profonde:<\/p>\n\n\n\n<ul class=\"wp-block-list\">\n<li>Dio non vive nel passato n\u00e9 nel futuro.<\/li>\n\n\n\n<li>Dio non aspetta n\u00e9 ricorda.<\/li>\n\n\n\n<li>Dio <strong>\u00e8 un presente eterno<\/strong>.<\/li>\n<\/ul>\n\n\n\n<p>Per noi, il tempo \u00e8 una successione: passato \u2192 presente \u2192 futuro.<br>Per Dio, tutto \u00e8 un \u201cora\u201d assoluto.<\/p>\n\n\n\n<hr class=\"wp-block-separator has-alpha-channel-opacity\"\/>\n\n\n\n<h2 class=\"wp-block-heading\">4. Dio come fondamento di tutto ci\u00f2 che esiste<\/h2>\n\n\n\n<p>Se Dio \u00e8 l\u2019Essere stesso ed \u00e8 eterno, allora tutto ci\u00f2 che esiste:<\/p>\n\n\n\n<ul class=\"wp-block-list\">\n<li>Esiste perch\u00e9 Dio lo sostiene.<\/li>\n\n\n\n<li>Permane perch\u00e9 Dio lo vuole.<\/li>\n\n\n\n<li>Ha senso perch\u00e9 Dio lo ordina.<\/li>\n<\/ul>\n\n\n\n<p>San Paolo riassume questo con una frase di enorme profondit\u00e0:<\/p>\n\n\n\n<blockquote class=\"wp-block-quote is-layout-flow wp-block-quote-is-layout-flow\">\n<p>\u00abIn Lui viviamo, ci muoviamo ed esistiamo\u00bb (Atti 17,28)<\/p>\n<\/blockquote>\n\n\n\n<p>Questo cambia completamente la nostra visione del mondo:<\/p>\n\n\n\n<ul class=\"wp-block-list\">\n<li>Non siamo frutto del caso.<\/li>\n\n\n\n<li>Non siamo esseri isolati.<\/li>\n\n\n\n<li>Non siamo abbandonati.<\/li>\n<\/ul>\n\n\n\n<p>Viviamo costantemente sostenuti da Dio.<\/p>\n\n\n\n<hr class=\"wp-block-separator has-alpha-channel-opacity\"\/>\n\n\n\n<h2 class=\"wp-block-heading\">5. La differenza tra Dio e le creature<\/h2>\n\n\n\n<p>Qui \u00e8 fondamentale comprendere una distinzione essenziale:<\/p>\n\n\n\n<figure class=\"wp-block-table\"><table class=\"has-fixed-layout\"><thead><tr><th>Dio<\/th><th>Creature<\/th><\/tr><\/thead><tbody><tr><td>\u00c8 l\u2019Essere<\/td><td>Ha l\u2019essere<\/td><\/tr><tr><td>\u00c8 eterno<\/td><td>\u00c8 nel tempo<\/td><\/tr><tr><td>\u00c8 necessario<\/td><td>\u00c8 contingente<\/td><\/tr><tr><td>Non cambia<\/td><td>Cambia continuamente<\/td><\/tr><\/tbody><\/table><\/figure>\n\n\n\n<p>Noi <strong>avremmo potuto non esistere<\/strong>. Dio, invece, <strong>non pu\u00f2 non esistere<\/strong>.<\/p>\n\n\n\n<p>Questo non \u00e8 un limite, ma la sua perfezione assoluta.<\/p>\n\n\n\n<hr class=\"wp-block-separator has-alpha-channel-opacity\"\/>\n\n\n\n<h2 class=\"wp-block-heading\">6. L\u2019eternit\u00e0 e il problema della sofferenza<\/h2>\n\n\n\n<p>Una delle domande pi\u00f9 attuali \u00e8:<br><strong>Se Dio \u00e8 eterno e perfetto, perch\u00e9 permette il male e la sofferenza?<\/strong><\/p>\n\n\n\n<p>Dalla prospettiva dell\u2019eternit\u00e0:<\/p>\n\n\n\n<ul class=\"wp-block-list\">\n<li>Dio vede l\u2019insieme completo della storia.<\/li>\n\n\n\n<li>Noi vediamo solo frammenti.<\/li>\n<\/ul>\n\n\n\n<p>Ci\u00f2 che per noi \u00e8 incomprensibile nel presente pu\u00f2 avere un senso nel piano eterno di Dio.<\/p>\n\n\n\n<p>Questo non elimina il dolore, ma gli d\u00e0 un orizzonte:<\/p>\n\n\n\n<blockquote class=\"wp-block-quote is-layout-flow wp-block-quote-is-layout-flow\">\n<p>\u00abSappiamo che tutto concorre al bene di coloro che amano Dio\u00bb (Romani 8,28)<\/p>\n<\/blockquote>\n\n\n\n<hr class=\"wp-block-separator has-alpha-channel-opacity\"\/>\n\n\n\n<h2 class=\"wp-block-heading\">7. Cristo: il ponte tra il tempo e l\u2019eternit\u00e0<\/h2>\n\n\n\n<p>Il cristianesimo non resta nell\u2019astrazione filosofica. Dio entra nella storia.<\/p>\n\n\n\n<p>In Ges\u00f9 Cristo accade qualcosa di straordinario:<\/p>\n\n\n\n<ul class=\"wp-block-list\">\n<li>L\u2019Eterno entra nel tempo.<\/li>\n\n\n\n<li>L\u2019Immutabile assume la carne.<\/li>\n\n\n\n<li>L\u2019Essere stesso si fa vicino.<\/li>\n<\/ul>\n\n\n\n<p>Questo ha un valore immenso per la nostra vita spirituale:<\/p>\n\n\n\n<ul class=\"wp-block-list\">\n<li>Dio non \u00e8 un\u2019idea lontana.<\/li>\n\n\n\n<li>Dio conosce la nostra esperienza umana.<\/li>\n\n\n\n<li>Dio ha vissuto la sofferenza, la gioia e la morte.<\/li>\n<\/ul>\n\n\n\n<p>Cristo \u00e8 il ponte tra la nostra temporalit\u00e0 e l\u2019eternit\u00e0 divina.<\/p>\n\n\n\n<hr class=\"wp-block-separator has-alpha-channel-opacity\"\/>\n\n\n\n<h2 class=\"wp-block-heading\">8. Applicazioni pratiche: vivere a partire dall\u2019eternit\u00e0<\/h2>\n\n\n\n<p>Tutto questo pu\u00f2 sembrare elevato, ma ha conseguenze molto concrete.<\/p>\n\n\n\n<h3 class=\"wp-block-heading\">8.1. Relativizzare ci\u00f2 che passa<\/h3>\n\n\n\n<p>Se Dio \u00e8 eterno, allora:<\/p>\n\n\n\n<ul class=\"wp-block-list\">\n<li>I nostri problemi non sono assoluti.<\/li>\n\n\n\n<li>Le nostre preoccupazioni non sono definitive.<\/li>\n<\/ul>\n\n\n\n<p>Questo non significa ignorare la realt\u00e0, ma metterla in prospettiva.<\/p>\n\n\n\n<h3 class=\"wp-block-heading\">8.2. Cercare ci\u00f2 che rimane<\/h3>\n\n\n\n<p>Ges\u00f9 lo dice chiaramente:<\/p>\n\n\n\n<blockquote class=\"wp-block-quote is-layout-flow wp-block-quote-is-layout-flow\">\n<p>\u00abNon accumulate per voi tesori sulla terra\u2026\u00bb (Matteo 6,19)<\/p>\n<\/blockquote>\n\n\n\n<p>Vivere a partire dall\u2019eternit\u00e0 implica:<\/p>\n\n\n\n<ul class=\"wp-block-list\">\n<li>Dare priorit\u00e0 allo spirituale.<\/li>\n\n\n\n<li>Coltivare la vita interiore.<\/li>\n\n\n\n<li>Investire in ci\u00f2 che non passa: amore, fede, verit\u00e0.<\/li>\n<\/ul>\n\n\n\n<h3 class=\"wp-block-heading\">8.3. Imparare a vivere il presente<\/h3>\n\n\n\n<p>Se Dio \u00e8 un presente eterno, il luogo in cui lo incontriamo \u00e8 <strong>adesso<\/strong>.<\/p>\n\n\n\n<ul class=\"wp-block-list\">\n<li>Non nella nostalgia del passato.<\/li>\n\n\n\n<li>Non nell\u2019ansia per il futuro.<\/li>\n<\/ul>\n\n\n\n<p>Ma nel momento presente vissuto con Dio.<\/p>\n\n\n\n<h3 class=\"wp-block-heading\">8.4. Confidare nel piano di Dio<\/h3>\n\n\n\n<p>L\u2019eternit\u00e0 di Dio ci invita alla fiducia:<\/p>\n\n\n\n<ul class=\"wp-block-list\">\n<li>Egli vede ci\u00f2 che noi non vediamo.<\/li>\n\n\n\n<li>Egli guida ci\u00f2 che noi non comprendiamo.<\/li>\n<\/ul>\n\n\n\n<p>Questo si traduce in un atteggiamento spirituale concreto: l\u2019abbandono fiducioso.<\/p>\n\n\n\n<hr class=\"wp-block-separator has-alpha-channel-opacity\"\/>\n\n\n\n<h2 class=\"wp-block-heading\">9. La preghiera come incontro con l\u2019eterno<\/h2>\n\n\n\n<p>Quando preghiamo, accade qualcosa di straordinario:<\/p>\n\n\n\n<ul class=\"wp-block-list\">\n<li>Non \u201cchiamiamo\u201d un Dio lontano.<\/li>\n\n\n\n<li>Entriamo nella presenza dell\u2019Eterno.<\/li>\n<\/ul>\n\n\n\n<p>La preghiera \u00e8, in un certo senso, un\u2019anticipazione dell\u2019eternit\u00e0.<\/p>\n\n\n\n<p>Per questo anche pochi minuti di preghiera:<\/p>\n\n\n\n<ul class=\"wp-block-list\">\n<li>Ordinano l\u2019anima.<\/li>\n\n\n\n<li>Donano pace.<\/li>\n\n\n\n<li>Illuminano la vita.<\/li>\n<\/ul>\n\n\n\n<hr class=\"wp-block-separator has-alpha-channel-opacity\"\/>\n\n\n\n<h2 class=\"wp-block-heading\">10. La speranza cristiana: oltre il tempo<\/h2>\n\n\n\n<p>Infine, tutto questo culmina nella speranza:<\/p>\n\n\n\n<p>La vita non finisce con la morte. Siamo chiamati a partecipare all\u2019eternit\u00e0 di Dio.<\/p>\n\n\n\n<p>Non come un\u2019esistenza senza fine, ma come:<\/p>\n\n\n\n<ul class=\"wp-block-list\">\n<li>Pienezza dell\u2019amore.<\/li>\n\n\n\n<li>Pienezza della verit\u00e0.<\/li>\n\n\n\n<li>Pienezza della vita.<\/li>\n<\/ul>\n\n\n\n<p>Il cielo non \u00e8 \u201cmolto tempo\u201d, \u00e8 <strong>essere in Dio<\/strong>.<\/p>\n\n\n\n<hr class=\"wp-block-separator has-alpha-channel-opacity\"\/>\n\n\n\n<h2 class=\"wp-block-heading\">Conclusione: Vivere con i piedi per terra e il cuore nell\u2019eternit\u00e0<\/h2>\n\n\n\n<p>Riflettere sull\u2019eternit\u00e0 e sull\u2019essere di Dio non ci allontana dal mondo; ci aiuta a viverlo meglio.<\/p>\n\n\n\n<p>Ci insegna a:<\/p>\n\n\n\n<ul class=\"wp-block-list\">\n<li>Non assolutizzare ci\u00f2 che passa.<\/li>\n\n\n\n<li>Non disperare di fronte alla sofferenza.<\/li>\n\n\n\n<li>Non perdere il senso.<\/li>\n<\/ul>\n\n\n\n<p>Perch\u00e9, in fondo, tutto conduce a una verit\u00e0 semplice e trasformante:<\/p>\n\n\n\n<p><strong>La nostra vita ha un fondamento eterno.<\/strong><\/p>\n\n\n\n<p>E questo fondamento non \u00e8 un\u2019idea, ma un Dio vivo che ci sostiene, ci ama e ci chiama a partecipare alla sua stessa eternit\u00e0.<\/p>\n","protected":false},"excerpt":{"rendered":"<p>Introduzione: Quando il cuore cerca l\u2019eterno Ci sono domande che attraversano tutta la storia dell\u2019umanit\u00e0 \u2014 domande che non si esauriscono con il passare del tempo, perch\u00e9 nascono dal pi\u00f9 profondo dell\u2019anima. Chi \u00e8 Dio? Che cosa significa che Egli sia eterno? Come pu\u00f2 essere \u201cl\u2019Essere stesso\u201d? E soprattutto, che cosa ha a che fare &hellip;<\/p>\n","protected":false},"author":3,"featured_media":5404,"comment_status":"closed","ping_status":"closed","sticky":false,"template":"","format":"standard","meta":{"_seopress_robots_primary_cat":"","_seopress_titles_title":"","_seopress_titles_desc":"","_seopress_robots_index":"","footnotes":""},"categories":[41,63],"tags":[1950],"class_list":["post-5403","post","type-post","status-publish","format-standard","has-post-thumbnail","","category-fede-e-cultura","category-filosofia-e-fede","tag-eternita"],"_links":{"self":[{"href":"https:\/\/catholicus.eu\/it\/wp-json\/wp\/v2\/posts\/5403","targetHints":{"allow":["GET"]}}],"collection":[{"href":"https:\/\/catholicus.eu\/it\/wp-json\/wp\/v2\/posts"}],"about":[{"href":"https:\/\/catholicus.eu\/it\/wp-json\/wp\/v2\/types\/post"}],"author":[{"embeddable":true,"href":"https:\/\/catholicus.eu\/it\/wp-json\/wp\/v2\/users\/3"}],"replies":[{"embeddable":true,"href":"https:\/\/catholicus.eu\/it\/wp-json\/wp\/v2\/comments?post=5403"}],"version-history":[{"count":1,"href":"https:\/\/catholicus.eu\/it\/wp-json\/wp\/v2\/posts\/5403\/revisions"}],"predecessor-version":[{"id":5405,"href":"https:\/\/catholicus.eu\/it\/wp-json\/wp\/v2\/posts\/5403\/revisions\/5405"}],"wp:featuredmedia":[{"embeddable":true,"href":"https:\/\/catholicus.eu\/it\/wp-json\/wp\/v2\/media\/5404"}],"wp:attachment":[{"href":"https:\/\/catholicus.eu\/it\/wp-json\/wp\/v2\/media?parent=5403"}],"wp:term":[{"taxonomy":"category","embeddable":true,"href":"https:\/\/catholicus.eu\/it\/wp-json\/wp\/v2\/categories?post=5403"},{"taxonomy":"post_tag","embeddable":true,"href":"https:\/\/catholicus.eu\/it\/wp-json\/wp\/v2\/tags?post=5403"}],"curies":[{"name":"wp","href":"https:\/\/api.w.org\/{rel}","templated":true}]}}