{"id":5397,"date":"2026-03-19T12:47:32","date_gmt":"2026-03-19T11:47:32","guid":{"rendered":"https:\/\/catholicus.eu\/it\/?p=5397"},"modified":"2026-03-19T12:47:32","modified_gmt":"2026-03-19T11:47:32","slug":"lesistenza-di-dio-in-cinque-argomenti-filosofici-che-ogni-persona-deve-conoscere","status":"publish","type":"post","link":"https:\/\/catholicus.eu\/it\/lesistenza-di-dio-in-cinque-argomenti-filosofici-che-ogni-persona-deve-conoscere\/","title":{"rendered":"L\u2019Esistenza di Dio in Cinque Argomenti Filosofici che Ogni Persona Deve Conoscere"},"content":{"rendered":"\n<p><em>Una guida profonda, attuale e spiritualmente illuminante<\/em><\/p>\n\n\n\n<p>Viviamo in un\u2019epoca in cui molte certezze sembrano essere svanite. La scienza avanza, la tecnologia ci connette, ma allo stesso tempo cresce un\u2019inquietudine interiore: tutto questo ha un senso? Dio esiste davvero o \u00e8 soltanto un\u2019idea ereditata dal passato?<\/p>\n\n\n\n<p>La fede cristiana non teme queste domande. Al contrario, le accoglie. Perch\u00e9 credere non significa chiudere gli occhi, ma aprirli pi\u00f9 profondamente. Nel corso della storia, grandi pensatori come san Tommaso d\u2019Aquino, sant\u2019Agostino d\u2019Ippona e Aristotele hanno riflettuto con rigore sull\u2019esistenza di Dio, offrendo argomenti che rimangono sorprendentemente attuali.<\/p>\n\n\n\n<p>In questo articolo percorreremo cinque dei pi\u00f9 importanti argomenti filosofici che indicano l\u2019esistenza di Dio. Non sono prove matematiche \u2014 Dio non \u00e8 un oggetto che si possa racchiudere in una formula \u2014 ma sono vie ragionevoli che illuminano l\u2019intelligenza e aprono il cuore.<\/p>\n\n\n\n<hr class=\"wp-block-separator has-alpha-channel-opacity\"\/>\n\n\n\n<h2 class=\"wp-block-heading\">1. L\u2019Argomento del Movimento (Il Primo Motore)<\/h2>\n\n\n\n<p>Questo argomento, formulato magistralmente da san Tommaso d\u2019Aquino, parte da un\u2019osservazione semplice: tutto ci\u00f2 che si muove \u00e8 mosso da qualcos\u2019altro.<\/p>\n\n\n\n<p>Nulla passa dalla potenza all\u2019atto da s\u00e9 stesso. Un seme non diventa un albero senza cause esterne. Un oggetto non si muove senza che qualcosa lo metta in movimento.<\/p>\n\n\n\n<p>Ma se tutto \u00e8 mosso da altro, sorge una domanda inevitabile:<br><strong>pu\u00f2 esistere una catena infinita di motori?<\/strong><\/p>\n\n\n\n<p>La ragione risponde di no. Perch\u00e9 se non esistesse un primo motore, nulla si muoverebbe.<\/p>\n\n\n\n<p>\ud83d\udc49 Deve quindi esistere un <strong>Primo Motore immobile<\/strong>, che muove senza essere mosso: Dio.<\/p>\n\n\n\n<h3 class=\"wp-block-heading\">Applicazione spirituale<\/h3>\n\n\n\n<p>Questo argomento ci invita a contemplare il mondo non come qualcosa di caotico, ma come una realt\u00e0 sostenuta da un\u2019intelligenza e da una volont\u00e0.<\/p>\n\n\n\n<p>Quando tutto nella nostra vita sembra muoversi senza controllo, possiamo ricordare:<br><strong>c\u2019\u00e8 un\u2019origine, un fondamento, una mano invisibile che sostiene l\u2019universo\u2026 e anche la nostra storia personale.<\/strong><\/p>\n\n\n\n<hr class=\"wp-block-separator has-alpha-channel-opacity\"\/>\n\n\n\n<h2 class=\"wp-block-heading\">2. L\u2019Argomento della Causalit\u00e0 (Causa Prima)<\/h2>\n\n\n\n<p>Anch\u2019esso sviluppato da san Tommaso d\u2019Aquino, questo argomento osserva che ogni effetto ha una causa.<\/p>\n\n\n\n<p>Nulla esiste da s\u00e9 nell\u2019ordine naturale. Tutto dipende da qualcosa di precedente.<\/p>\n\n\n\n<p>Ma ancora una volta sorge la domanda:<br><strong>pu\u00f2 esistere una catena infinita di cause?<\/strong><\/p>\n\n\n\n<p>La risposta \u00e8 negativa. Se non esistesse una causa prima, non ci sarebbero cause intermedie n\u00e9 effetti.<\/p>\n\n\n\n<p>\ud83d\udc49 Deve quindi esistere una <strong>Causa Prima non causata<\/strong>: Dio.<\/p>\n\n\n\n<h3 class=\"wp-block-heading\">Applicazione spirituale<\/h3>\n\n\n\n<p>Questo ci ricorda qualcosa di profondamente consolante:<br><strong>la tua vita non \u00e8 frutto del caso.<\/strong><\/p>\n\n\n\n<p>Non sei un incidente. Sei voluto, conosciuto, causato da un Amore che \u00e8 all\u2019origine di tutto.<\/p>\n\n\n\n<p>Come dice la Scrittura:<\/p>\n\n\n\n<blockquote class=\"wp-block-quote is-layout-flow wp-block-quote-is-layout-flow\">\n<p>\u00abPrima di formarti nel grembo materno, ti conoscevo.\u00bb (Geremia 1,5)<\/p>\n<\/blockquote>\n\n\n\n<hr class=\"wp-block-separator has-alpha-channel-opacity\"\/>\n\n\n\n<h2 class=\"wp-block-heading\">3. L\u2019Argomento della Contingenza (L\u2019Essere Necessario)<\/h2>\n\n\n\n<p>Questo argomento ha le sue radici in Avicenna ed \u00e8 stato perfezionato dalla tradizione cristiana.<\/p>\n\n\n\n<p>Osserviamo che le cose nel mondo <strong>possono esistere o non esistere<\/strong>. Sono contingenti: nascono, cambiano e scompaiono.<\/p>\n\n\n\n<p>Ma se tutto fosse contingente, ci sarebbe stato un momento in cui nulla esisteva.<\/p>\n\n\n\n<p>E se a un certo punto non fosse esistito nulla\u2026<br>\ud83d\udc49 nulla esisterebbe ora.<\/p>\n\n\n\n<p>Deve quindi esistere un <strong>Essere necessario<\/strong>, che non dipende da nulla per esistere e che d\u00e0 l\u2019essere a tutto il resto: Dio.<\/p>\n\n\n\n<h3 class=\"wp-block-heading\">Applicazione spirituale<\/h3>\n\n\n\n<p>Questo argomento tocca una delle angosce pi\u00f9 profonde dell\u2019uomo moderno: il senso di vuoto.<\/p>\n\n\n\n<p>Ma la realt\u00e0 non \u00e8 sospesa sul nulla.<br>\u00c8 sostenuta da un <strong>Essere eterno, stabile e fedele<\/strong>.<\/p>\n\n\n\n<p>Dio non \u00e8 passeggero come le nostre emozioni.<br>Dio \u00e8 l\u2019\u00abIo sono\u00bb (Esodo 3,14).<\/p>\n\n\n\n<hr class=\"wp-block-separator has-alpha-channel-opacity\"\/>\n\n\n\n<h2 class=\"wp-block-heading\">4. L\u2019Argomento dell\u2019Ordine (Disegno Intelligente)<\/h2>\n\n\n\n<p>Questo argomento si trova gi\u00e0 in Aristotele e viene formulato chiaramente da san Tommaso d\u2019Aquino.<\/p>\n\n\n\n<p>Il mondo mostra un ordine impressionante:<\/p>\n\n\n\n<ul class=\"wp-block-list\">\n<li>Le leggi fisiche sono stabili<\/li>\n\n\n\n<li>L\u2019universo \u00e8 finemente regolato<\/li>\n\n\n\n<li>La vita segue schemi intelligibili<\/li>\n<\/ul>\n\n\n\n<p>Anche gli esseri privi di intelligenza (come le piante o i pianeti) agiscono in vista di un fine.<\/p>\n\n\n\n<p>\ud83d\udc49 Ci\u00f2 che non ha intelligenza non pu\u00f2 tendere a un fine se non \u00e8 diretto da un\u2019intelligenza.<\/p>\n\n\n\n<p>Deve quindi esistere un\u2019<strong>Intelligenza ordinatrice<\/strong>: Dio.<\/p>\n\n\n\n<h3 class=\"wp-block-heading\">Applicazione spirituale<\/h3>\n\n\n\n<p>Questo argomento ci invita a riscoprire la capacit\u00e0 di stupirci.<\/p>\n\n\n\n<p>In una cultura che riduce tutto al materiale, questo ragionamento ci dice:<br><strong>c\u2019\u00e8 un senso, c\u2019\u00e8 uno scopo, c\u2019\u00e8 una bellezza intenzionale.<\/strong><\/p>\n\n\n\n<p>L\u2019universo non \u00e8 un freddo incidente. \u00c8 un\u2019opera.<\/p>\n\n\n\n<p>E tu non sei un errore: fai parte di un disegno.<\/p>\n\n\n\n<hr class=\"wp-block-separator has-alpha-channel-opacity\"\/>\n\n\n\n<h2 class=\"wp-block-heading\">5. L\u2019Argomento Morale (La Legge nel Cuore)<\/h2>\n\n\n\n<p>Sviluppato da pensatori come Immanuel Kant, questo argomento parte da un\u2019esperienza universale: la coscienza morale.<\/p>\n\n\n\n<p>Tutti noi, nel profondo, distinguiamo tra il bene e il male.<\/p>\n\n\n\n<p>Non solo: sentiamo che <strong>dobbiamo fare il bene<\/strong>, anche quando \u00e8 difficile.<\/p>\n\n\n\n<p>Ma\u2026 da dove viene questa legge morale?<\/p>\n\n\n\n<ul class=\"wp-block-list\">\n<li>Non \u00e8 solo sociale (varia tra le culture, ma esistono principi universali)<\/li>\n\n\n\n<li>Non \u00e8 solo biologica (va oltre la semplice sopravvivenza)<\/li>\n<\/ul>\n\n\n\n<p>\ud83d\udc49 La legge morale rimanda a un <strong>Legislatore supremo<\/strong>: Dio.<\/p>\n\n\n\n<p>Come dice san Paolo:<\/p>\n\n\n\n<blockquote class=\"wp-block-quote is-layout-flow wp-block-quote-is-layout-flow\">\n<p>\u00abEssi dimostrano che quanto la legge esige \u00e8 scritto nei loro cuori.\u00bb (Romani 2,15)<\/p>\n<\/blockquote>\n\n\n\n<h3 class=\"wp-block-heading\">Applicazione spirituale<\/h3>\n\n\n\n<p>Questo argomento \u00e8 particolarmente attuale.<\/p>\n\n\n\n<p>In una societ\u00e0 che relativizza tutto, la coscienza diventa un faro.<\/p>\n\n\n\n<p>Ascoltare la voce interiore \u2014 ben formata \u2014 significa aprirsi a Dio.<\/p>\n\n\n\n<p>Perch\u00e9 quando scegli il bene, anche nel segreto\u2026<br><strong>stai rispondendo a Qualcuno.<\/strong><\/p>\n\n\n\n<hr class=\"wp-block-separator has-alpha-channel-opacity\"\/>\n\n\n\n<h2 class=\"wp-block-heading\">Storia e attualit\u00e0: questi argomenti sono ancora validi?<\/h2>\n\n\n\n<p>Alcuni pensano che questi argomenti siano \u201csuperati\u201d. Ma \u00e8 esattamente il contrario.<\/p>\n\n\n\n<p>Oggi, nel XXI secolo:<\/p>\n\n\n\n<ul class=\"wp-block-list\">\n<li>La cosmologia pone domande sull\u2019origine dell\u2019universo<\/li>\n\n\n\n<li>La biologia rivela una complessit\u00e0 sorprendente<\/li>\n\n\n\n<li>La filosofia continua a interrogarsi sul senso<\/li>\n<\/ul>\n\n\n\n<p>Questi argomenti non sono in competizione con la scienza.<br><strong>Vanno oltre essa.<\/strong><\/p>\n\n\n\n<p>La scienza spiega il \u201ccome\u201d.<br>La filosofia e la teologia cercano il \u201cperch\u00e9\u201d.<\/p>\n\n\n\n<hr class=\"wp-block-separator has-alpha-channel-opacity\"\/>\n\n\n\n<h2 class=\"wp-block-heading\">Fede e ragione: due ali per volare<\/h2>\n\n\n\n<p>La Chiesa ha sempre insegnato che fede e ragione non si contraddicono.<\/p>\n\n\n\n<p>Come ha insegnato san Giovanni Paolo II:<\/p>\n\n\n\n<blockquote class=\"wp-block-quote is-layout-flow wp-block-quote-is-layout-flow\">\n<p>\u00abLa fede e la ragione sono come le due ali con le quali lo spirito umano si innalza verso la contemplazione della verit\u00e0.\u00bb<\/p>\n<\/blockquote>\n\n\n\n<p>Gli argomenti filosofici non sostituiscono la fede, ma la preparano.<\/p>\n\n\n\n<p>Aprono una porta.<\/p>\n\n\n\n<p>La fede\u2026 \u00e8 entrare.<\/p>\n\n\n\n<hr class=\"wp-block-separator has-alpha-channel-opacity\"\/>\n\n\n\n<h2 class=\"wp-block-heading\">Applicazioni pratiche per la vita quotidiana<\/h2>\n\n\n\n<p>Tutto questo non \u00e8 teoria astratta. Ha conseguenze molto concrete:<\/p>\n\n\n\n<h3 class=\"wp-block-heading\">1. Vivere con senso<\/h3>\n\n\n\n<p>Se Dio esiste, la tua vita ha uno scopo.<\/p>\n\n\n\n<p>Non sei qui per caso.<\/p>\n\n\n\n<hr class=\"wp-block-separator has-alpha-channel-opacity\"\/>\n\n\n\n<h3 class=\"wp-block-heading\">2. Affrontare la sofferenza con speranza<\/h3>\n\n\n\n<p>Il dolore non \u00e8 assurdo se esiste un Dio che d\u00e0 senso anche a ci\u00f2 che non comprendiamo.<\/p>\n\n\n\n<hr class=\"wp-block-separator has-alpha-channel-opacity\"\/>\n\n\n\n<h3 class=\"wp-block-heading\">3. Cercare la verit\u00e0 con umilt\u00e0<\/h3>\n\n\n\n<p>Questi argomenti ci insegnano a pensare, ma anche a riconoscere i nostri limiti.<\/p>\n\n\n\n<hr class=\"wp-block-separator has-alpha-channel-opacity\"\/>\n\n\n\n<h3 class=\"wp-block-heading\">4. Ascoltare la coscienza<\/h3>\n\n\n\n<p>La voce interiore non \u00e8 un nemico, ma una guida verso Dio.<\/p>\n\n\n\n<hr class=\"wp-block-separator has-alpha-channel-opacity\"\/>\n\n\n\n<h3 class=\"wp-block-heading\">5. Aprirsi alla fede<\/h3>\n\n\n\n<p>La ragione ti conduce fino alla soglia.<br>La fede ti permette di entrare in una relazione personale con Dio.<\/p>\n\n\n\n<hr class=\"wp-block-separator has-alpha-channel-opacity\"\/>\n\n\n\n<h2 class=\"wp-block-heading\">Conclusione: Dalla ragione all\u2019incontro<\/h2>\n\n\n\n<p>I cinque argomenti che abbiamo percorso non obbligano a credere, ma invitano seriamente a farlo.<\/p>\n\n\n\n<p>Sono come segnali lungo il cammino.<\/p>\n\n\n\n<p>Indicano una direzione:<br><strong>non siamo soli, non siamo perduti, non veniamo dal nulla.<\/strong><\/p>\n\n\n\n<p>Dio non \u00e8 solo una conclusione filosofica.<br>\u00c8 un Padre che desidera essere trovato.<\/p>\n\n\n\n<p>E forse oggi, nel mezzo delle tue domande, dei tuoi dubbi o della tua ricerca\u2026<br>sta gi\u00e0 bussando alla tua porta.<\/p>\n\n\n\n<blockquote class=\"wp-block-quote is-layout-flow wp-block-quote-is-layout-flow\">\n<p>\u00abChiedete e vi sar\u00e0 dato; cercate e troverete.\u00bb (Matteo 7,7)<\/p>\n<\/blockquote>\n\n\n\n<p>Perch\u00e9 alla fine, la domanda non \u00e8 solo se Dio esiste.<br>La vera domanda \u00e8:<\/p>\n\n\n\n<p><strong>Sono disposto a trovarLo?<\/strong><\/p>\n","protected":false},"excerpt":{"rendered":"<p>Una guida profonda, attuale e spiritualmente illuminante Viviamo in un\u2019epoca in cui molte certezze sembrano essere svanite. La scienza avanza, la tecnologia ci connette, ma allo stesso tempo cresce un\u2019inquietudine interiore: tutto questo ha un senso? Dio esiste davvero o \u00e8 soltanto un\u2019idea ereditata dal passato? La fede cristiana non teme queste domande. Al contrario, &hellip;<\/p>\n","protected":false},"author":3,"featured_media":5398,"comment_status":"closed","ping_status":"closed","sticky":false,"template":"","format":"standard","meta":{"_seopress_robots_primary_cat":"","_seopress_titles_title":"","_seopress_titles_desc":"","_seopress_robots_index":"","footnotes":""},"categories":[41,63],"tags":[1378],"class_list":["post-5397","post","type-post","status-publish","format-standard","has-post-thumbnail","","category-fede-e-cultura","category-filosofia-e-fede","tag-esistenza-di-dio"],"_links":{"self":[{"href":"https:\/\/catholicus.eu\/it\/wp-json\/wp\/v2\/posts\/5397","targetHints":{"allow":["GET"]}}],"collection":[{"href":"https:\/\/catholicus.eu\/it\/wp-json\/wp\/v2\/posts"}],"about":[{"href":"https:\/\/catholicus.eu\/it\/wp-json\/wp\/v2\/types\/post"}],"author":[{"embeddable":true,"href":"https:\/\/catholicus.eu\/it\/wp-json\/wp\/v2\/users\/3"}],"replies":[{"embeddable":true,"href":"https:\/\/catholicus.eu\/it\/wp-json\/wp\/v2\/comments?post=5397"}],"version-history":[{"count":1,"href":"https:\/\/catholicus.eu\/it\/wp-json\/wp\/v2\/posts\/5397\/revisions"}],"predecessor-version":[{"id":5399,"href":"https:\/\/catholicus.eu\/it\/wp-json\/wp\/v2\/posts\/5397\/revisions\/5399"}],"wp:featuredmedia":[{"embeddable":true,"href":"https:\/\/catholicus.eu\/it\/wp-json\/wp\/v2\/media\/5398"}],"wp:attachment":[{"href":"https:\/\/catholicus.eu\/it\/wp-json\/wp\/v2\/media?parent=5397"}],"wp:term":[{"taxonomy":"category","embeddable":true,"href":"https:\/\/catholicus.eu\/it\/wp-json\/wp\/v2\/categories?post=5397"},{"taxonomy":"post_tag","embeddable":true,"href":"https:\/\/catholicus.eu\/it\/wp-json\/wp\/v2\/tags?post=5397"}],"curies":[{"name":"wp","href":"https:\/\/api.w.org\/{rel}","templated":true}]}}