{"id":5382,"date":"2026-03-18T09:48:02","date_gmt":"2026-03-18T08:48:02","guid":{"rendered":"https:\/\/catholicus.eu\/it\/?p=5382"},"modified":"2026-03-18T09:48:02","modified_gmt":"2026-03-18T08:48:02","slug":"pensi-che-pregare-sia-difficile-scopri-5-modi-semplici-per-parlare-con-dio-anche-se-sei-piccolo","status":"publish","type":"post","link":"https:\/\/catholicus.eu\/it\/pensi-che-pregare-sia-difficile-scopri-5-modi-semplici-per-parlare-con-dio-anche-se-sei-piccolo\/","title":{"rendered":"Pensi che pregare sia difficile? Scopri 5 modi semplici per parlare con Dio (anche se sei piccolo)"},"content":{"rendered":"\n<p>Viviamo in un mondo veloce, rumoroso, pieno di schermi e distrazioni continue. Molti pensano che la preghiera sia qualcosa di complicato, riservato ai santi, ai religiosi o a chi ha molto tempo. Ma la verit\u00e0 \u00e8 molto pi\u00f9 semplice \u2014 e profondamente bella: <strong>pregare significa parlare con Dio\u2026 e tutti possono farlo<\/strong>.<\/p>\n\n\n\n<p>S\u00ec, anche un bambino. Anche qualcuno che non ha mai pregato prima. Anche tu, cos\u00ec come sei adesso.<\/p>\n\n\n\n<p>Perch\u00e9 la preghiera non \u00e8 una tecnica complicata, ma una relazione viva con Ges\u00f9 Cristo, che ci ha insegnato che Dio \u00e8 nostro Padre e che possiamo avvicinarci a Lui con fiducia, semplicit\u00e0 e amore.<\/p>\n\n\n\n<blockquote class=\"wp-block-quote is-layout-flow wp-block-quote-is-layout-flow\">\n<p>\u00abLasciate che i bambini vengano a me e non glielo impedite, perch\u00e9 a chi \u00e8 come loro appartiene il Regno di Dio.\u00bb (Mc 10,14)<\/p>\n<\/blockquote>\n\n\n\n<p>Questo articolo \u00e8 una guida profonda ma accessibile per scoprire <strong>5 modi semplici per pregare ogni giorno<\/strong>, radicati nella Tradizione della Chiesa e applicati concretamente alla vita moderna.<\/p>\n\n\n\n<hr class=\"wp-block-separator has-alpha-channel-opacity\"\/>\n\n\n\n<h1 class=\"wp-block-heading\"><strong>1. La preghiera vocale: quando le tue labbra educano il tuo cuore<\/strong><\/h1>\n\n\n\n<h2 class=\"wp-block-heading\">\ud83d\udcdc Storia e fondamento teologico<\/h2>\n\n\n\n<p>La preghiera vocale \u00e8 la forma pi\u00f9 semplice e universale di preghiera. Fin dall\u2019Antico Testamento, il popolo d\u2019Israele pregava con parole concrete: i Salmi, le benedizioni, le suppliche\u2026<\/p>\n\n\n\n<p>La Bibbia \u00e8 piena di preghiere pronunciate ad alta voce. E Ges\u00f9 Cristo stesso ci ha insegnato a pregare con parole nel <strong>Padre Nostro<\/strong>.<\/p>\n\n\n\n<p>La Chiesa ha sempre valorizzato questa forma di preghiera perch\u00e9 <strong>educa l\u2019anima<\/strong>. Non \u00e8 qualcosa di meccanico: \u00e8 un cammino per imparare a parlare con Dio.<\/p>\n\n\n\n<h2 class=\"wp-block-heading\">\ud83d\ude4f Come praticarla?<\/h2>\n\n\n\n<ul class=\"wp-block-list\">\n<li>Prega al mattino appena ti svegli: \u00abSignore, ti offro questa giornata.\u00bb<\/li>\n\n\n\n<li>Prima di dormire: un Padre Nostro o un\u2019Ave Maria.<\/li>\n\n\n\n<li>Prima dei pasti: benedire il cibo.<\/li>\n\n\n\n<li>Nei momenti difficili: una breve giaculatoria (\u00abGes\u00f9, confido in Te\u00bb).<\/li>\n<\/ul>\n\n\n\n<h2 class=\"wp-block-heading\">\ud83d\udca1 Chiave spirituale<\/h2>\n\n\n\n<p>Anche se all\u2019inizio pu\u00f2 sembrare ripetitivo, <strong>le parole formano il cuore<\/strong>. Come un bambino che impara a parlare, l\u2019anima impara ad amare.<\/p>\n\n\n\n<hr class=\"wp-block-separator has-alpha-channel-opacity\"\/>\n\n\n\n<h1 class=\"wp-block-heading\"><strong>2. La preghiera mentale: parlare con Dio come con un amico<\/strong><\/h1>\n\n\n\n<h2 class=\"wp-block-heading\">\ud83d\udcdc Tradizione spirituale<\/h2>\n\n\n\n<p>Grandi santi come Santa Teresa d\u2019Avila definivano la preghiera mentale cos\u00ec:<\/p>\n\n\n\n<blockquote class=\"wp-block-quote is-layout-flow wp-block-quote-is-layout-flow\">\n<p>\u00abNon \u00e8 altro che un rapporto di amicizia, uno stare spesso da soli con Colui da cui sappiamo di essere amati.\u00bb<\/p>\n<\/blockquote>\n\n\n\n<p>Qui non si tratta pi\u00f9 solo di ripetere parole, ma di <strong>dialogare con Dio dal cuore<\/strong>.<\/p>\n\n\n\n<h2 class=\"wp-block-heading\">\ud83e\udde0 In cosa consiste?<\/h2>\n\n\n\n<ul class=\"wp-block-list\">\n<li>Parlare a Dio con le proprie parole.<\/li>\n\n\n\n<li>Affidargli ci\u00f2 che ti preoccupa.<\/li>\n\n\n\n<li>Ringraziarlo per ci\u00f2 che hai.<\/li>\n\n\n\n<li>Chiedergli aiuto con fiducia.<\/li>\n<\/ul>\n\n\n\n<h2 class=\"wp-block-heading\">\ud83d\ude4f Esempio semplice<\/h2>\n\n\n\n<p>Un bambino pu\u00f2 pregare cos\u00ec:<\/p>\n\n\n\n<blockquote class=\"wp-block-quote is-layout-flow wp-block-quote-is-layout-flow\">\n<p>\u00abGes\u00f9, oggi mi sono arrabbiato\u2026 aiutami a essere migliore. Grazie per la mia famiglia.\u00bb<\/p>\n<\/blockquote>\n\n\n\n<p>Questa \u00e8 vera preghiera.<\/p>\n\n\n\n<h2 class=\"wp-block-heading\">\ud83d\udca1 Chiave spirituale<\/h2>\n\n\n\n<p>Dio non si aspetta discorsi perfetti. <strong>Vuole la tua verit\u00e0, non la tua perfezione<\/strong>.<\/p>\n\n\n\n<hr class=\"wp-block-separator has-alpha-channel-opacity\"\/>\n\n\n\n<h1 class=\"wp-block-heading\"><strong>3. La preghiera con la Parola di Dio: quando \u00e8 Lui a parlarti per primo<\/strong><\/h1>\n\n\n\n<h2 class=\"wp-block-heading\">\ud83d\udcdc Fondamento teologico<\/h2>\n\n\n\n<p>La preghiera non \u00e8 solo parlare: \u00e8 anche ascoltare. E Dio parla soprattutto attraverso la Sua Parola.<\/p>\n\n\n\n<p>Per questo la Chiesa ha sempre raccomandato la lettura orante della Scrittura (lectio divina).<\/p>\n\n\n\n<blockquote class=\"wp-block-quote is-layout-flow wp-block-quote-is-layout-flow\">\n<p>\u00abLa tua parola \u00e8 lampada ai miei passi, luce sul mio cammino.\u00bb (Sal 119,105)<\/p>\n<\/blockquote>\n\n\n\n<h2 class=\"wp-block-heading\">\ud83d\udcd6 Come praticarla?<\/h2>\n\n\n\n<ul class=\"wp-block-list\">\n<li>Leggi un breve passo del Vangelo.<\/li>\n\n\n\n<li>Immagina la scena.<\/li>\n\n\n\n<li>Chiediti: cosa mi dice Dio qui?<\/li>\n\n\n\n<li>Rispondi con una preghiera.<\/li>\n<\/ul>\n\n\n\n<h2 class=\"wp-block-heading\">\u2728 Esempio<\/h2>\n\n\n\n<p>Leggi come Ges\u00f9 Cristo calma la tempesta.<\/p>\n\n\n\n<p>\u2192 Puoi dire:<br>\u00abSignore, calma anche le mie paure.\u00bb<\/p>\n\n\n\n<h2 class=\"wp-block-heading\">\ud83d\udca1 Chiave spirituale<\/h2>\n\n\n\n<p>La preghiera cristiana non nasce da noi: <strong>nasce da Dio che parla per primo<\/strong>.<\/p>\n\n\n\n<hr class=\"wp-block-separator has-alpha-channel-opacity\"\/>\n\n\n\n<h1 class=\"wp-block-heading\"><strong>4. La preghiera nella vita quotidiana: trasformare la tua vita in dialogo con Dio<\/strong><\/h1>\n\n\n\n<h2 class=\"wp-block-heading\">\ud83d\udcdc Teologia della vita ordinaria<\/h2>\n\n\n\n<p>Qui entriamo in qualcosa di profondamente rivoluzionario: <strong>tutto pu\u00f2 diventare preghiera<\/strong>.<\/p>\n\n\n\n<p>San Paolo lo dice chiaramente:<\/p>\n\n\n\n<blockquote class=\"wp-block-quote is-layout-flow wp-block-quote-is-layout-flow\">\n<p>\u00abPregate incessantemente.\u00bb (1 Ts 5,17)<\/p>\n<\/blockquote>\n\n\n\n<p>Com\u2019\u00e8 possibile? Non possiamo pregare formalmente tutto il giorno\u2026 ma possiamo <strong>vivere alla presenza di Dio<\/strong>.<\/p>\n\n\n\n<h2 class=\"wp-block-heading\">\ud83c\udfe1 Applicazione pratica<\/h2>\n\n\n\n<ul class=\"wp-block-list\">\n<li>Offrire il tuo lavoro: \u00abSignore, questo \u00e8 per Te.\u00bb<\/li>\n\n\n\n<li>Studiare con intenzione: \u00abAiutami a farlo bene.\u00bb<\/li>\n\n\n\n<li>Aiutare in casa con amore.<\/li>\n\n\n\n<li>Accettare le difficolt\u00e0 con pazienza.<\/li>\n<\/ul>\n\n\n\n<h2 class=\"wp-block-heading\">\ud83d\udca1 Chiave spirituale<\/h2>\n\n\n\n<p>Non si tratta di fare cose straordinarie, ma di <strong>fare le cose ordinarie con amore soprannaturale<\/strong>.<\/p>\n\n\n\n<hr class=\"wp-block-separator has-alpha-channel-opacity\"\/>\n\n\n\n<h1 class=\"wp-block-heading\"><strong>5. La preghiera del cuore: il silenzio che trasforma<\/strong><\/h1>\n\n\n\n<h2 class=\"wp-block-heading\">\ud83d\udcdc Radici nella tradizione<\/h2>\n\n\n\n<p>I grandi mistici parlano di una forma di preghiera pi\u00f9 profonda: <strong>il silenzio interiore<\/strong>.<\/p>\n\n\n\n<p>Non ci sono sempre parole. A volte, sei semplicemente con Dio.<\/p>\n\n\n\n<p>Come diceva San Giovanni della Croce:<\/p>\n\n\n\n<blockquote class=\"wp-block-quote is-layout-flow wp-block-quote-is-layout-flow\">\n<p>\u00abIl linguaggio di Dio \u00e8 il silenzio.\u00bb<\/p>\n<\/blockquote>\n\n\n\n<h2 class=\"wp-block-heading\">\ud83d\udd4a\ufe0f Come viverla?<\/h2>\n\n\n\n<ul class=\"wp-block-list\">\n<li>Trova un momento di silenzio (anche solo 5 minuti).<\/li>\n\n\n\n<li>Rimani alla presenza di Dio.<\/li>\n\n\n\n<li>Non forzare i pensieri.<\/li>\n\n\n\n<li>Ama semplicemente\u2026 e lasciati amare.<\/li>\n<\/ul>\n\n\n\n<h2 class=\"wp-block-heading\">\ud83d\udca1 Chiave spirituale<\/h2>\n\n\n\n<p>Qui non fai nulla\u2026 ma Dio fa tutto.<\/p>\n\n\n\n<hr class=\"wp-block-separator has-alpha-channel-opacity\"\/>\n\n\n\n<h1 class=\"wp-block-heading\"><strong>Perch\u00e9 \u00e8 cos\u00ec importante pregare ogni giorno?<\/strong><\/h1>\n\n\n\n<p>Dal punto di vista teologico, la preghiera non \u00e8 opzionale: <strong>\u00e8 vitale<\/strong>.<\/p>\n\n\n\n<ul class=\"wp-block-list\">\n<li>\u00c8 il mezzo ordinario della grazia.<\/li>\n\n\n\n<li>Rafforza la fede, la speranza e la carit\u00e0.<\/li>\n\n\n\n<li>Ci unisce a Dio e trasforma la nostra anima.<\/li>\n<\/ul>\n\n\n\n<p>Senza la preghiera, la vita cristiana si indebolisce. Con la preghiera, anche la persona pi\u00f9 semplice pu\u00f2 raggiungere una grande santit\u00e0.<\/p>\n\n\n\n<hr class=\"wp-block-separator has-alpha-channel-opacity\"\/>\n\n\n\n<h1 class=\"wp-block-heading\"><strong>Applicazione pratica: un piano semplice per iniziare oggi<\/strong><\/h1>\n\n\n\n<p>Non hai bisogno di cambiare tutta la tua vita in una volta. Inizia cos\u00ec:<\/p>\n\n\n\n<h3 class=\"wp-block-heading\">\ud83c\udf05 Al mattino<\/h3>\n\n\n\n<p>Una breve preghiera (1 minuto)<\/p>\n\n\n\n<h3 class=\"wp-block-heading\">\ud83c\udf7d\ufe0f Prima dei pasti<\/h3>\n\n\n\n<p>Benedire il cibo<\/p>\n\n\n\n<h3 class=\"wp-block-heading\">\ud83d\udcd6 Durante il giorno<\/h3>\n\n\n\n<p>Leggere un versetto del Vangelo<\/p>\n\n\n\n<h3 class=\"wp-block-heading\">\ud83d\udcac In qualsiasi momento<\/h3>\n\n\n\n<p>Parlare con Dio come con un amico<\/p>\n\n\n\n<h3 class=\"wp-block-heading\">\ud83c\udf19 Alla sera<\/h3>\n\n\n\n<p>Ringraziare e chiedere perdono<\/p>\n\n\n\n<hr class=\"wp-block-separator has-alpha-channel-opacity\"\/>\n\n\n\n<h1 class=\"wp-block-heading\"><strong>Conclusione: Dio non cerca esperti\u2026 cerca cuori<\/strong><\/h1>\n\n\n\n<p>Forse pensi di non sapere pregare. Forse ti distrai. Forse inizi e poi lasci perdere.<\/p>\n\n\n\n<p>Non importa.<\/p>\n\n\n\n<p>Dio non aspetta una preghiera perfetta. Aspetta <strong>la tua presenza<\/strong>.<\/p>\n\n\n\n<p>Perch\u00e9 pregare non significa impressionare Dio\u2026<br>ma <strong>lasciare che Dio trasformi la tua vita dall\u2019interno<\/strong>.<\/p>\n\n\n\n<p>E la cosa pi\u00f9 bella \u00e8 questa:<br><strong>non importa se sei piccolo, debole o incostante\u2026 Dio ascolta sempre.<\/strong><\/p>\n","protected":false},"excerpt":{"rendered":"<p>Viviamo in un mondo veloce, rumoroso, pieno di schermi e distrazioni continue. Molti pensano che la preghiera sia qualcosa di complicato, riservato ai santi, ai religiosi o a chi ha molto tempo. Ma la verit\u00e0 \u00e8 molto pi\u00f9 semplice \u2014 e profondamente bella: pregare significa parlare con Dio\u2026 e tutti possono farlo. S\u00ec, anche un &hellip;<\/p>\n","protected":false},"author":3,"featured_media":5383,"comment_status":"closed","ping_status":"closed","sticky":false,"template":"","format":"standard","meta":{"_seopress_robots_primary_cat":"","_seopress_titles_title":"","_seopress_titles_desc":"","_seopress_robots_index":"","footnotes":""},"categories":[40,58],"tags":[],"class_list":["post-5382","post","type-post","status-publish","format-standard","has-post-thumbnail","","category-preghiera-e-spiritualita","category-preghiera-e-vita-spirituale"],"_links":{"self":[{"href":"https:\/\/catholicus.eu\/it\/wp-json\/wp\/v2\/posts\/5382","targetHints":{"allow":["GET"]}}],"collection":[{"href":"https:\/\/catholicus.eu\/it\/wp-json\/wp\/v2\/posts"}],"about":[{"href":"https:\/\/catholicus.eu\/it\/wp-json\/wp\/v2\/types\/post"}],"author":[{"embeddable":true,"href":"https:\/\/catholicus.eu\/it\/wp-json\/wp\/v2\/users\/3"}],"replies":[{"embeddable":true,"href":"https:\/\/catholicus.eu\/it\/wp-json\/wp\/v2\/comments?post=5382"}],"version-history":[{"count":1,"href":"https:\/\/catholicus.eu\/it\/wp-json\/wp\/v2\/posts\/5382\/revisions"}],"predecessor-version":[{"id":5384,"href":"https:\/\/catholicus.eu\/it\/wp-json\/wp\/v2\/posts\/5382\/revisions\/5384"}],"wp:featuredmedia":[{"embeddable":true,"href":"https:\/\/catholicus.eu\/it\/wp-json\/wp\/v2\/media\/5383"}],"wp:attachment":[{"href":"https:\/\/catholicus.eu\/it\/wp-json\/wp\/v2\/media?parent=5382"}],"wp:term":[{"taxonomy":"category","embeddable":true,"href":"https:\/\/catholicus.eu\/it\/wp-json\/wp\/v2\/categories?post=5382"},{"taxonomy":"post_tag","embeddable":true,"href":"https:\/\/catholicus.eu\/it\/wp-json\/wp\/v2\/tags?post=5382"}],"curies":[{"name":"wp","href":"https:\/\/api.w.org\/{rel}","templated":true}]}}