{"id":5373,"date":"2026-03-17T23:35:30","date_gmt":"2026-03-17T22:35:30","guid":{"rendered":"https:\/\/catholicus.eu\/it\/?p=5373"},"modified":"2026-03-17T23:35:30","modified_gmt":"2026-03-17T22:35:30","slug":"tempo-ordinario-o-straordinario-il-mistero-nascosto-nel-quotidiano","status":"publish","type":"post","link":"https:\/\/catholicus.eu\/it\/tempo-ordinario-o-straordinario-il-mistero-nascosto-nel-quotidiano\/","title":{"rendered":"Tempo ordinario\u2026 o straordinario? Il mistero nascosto nel quotidiano"},"content":{"rendered":"\n<p class=\"wp-block-paragraph\">Viviamo in una cultura che valorizza ci\u00f2 che \u00e8 eccezionale: i grandi momenti, le esperienze intense, i successi visibili. Siamo educati \u2014 quasi senza rendercene conto \u2014 ad aspettarci che ci\u00f2 che conta davvero arrivi avvolto in qualcosa di straordinario. Eppure, la sapienza della Chiesa cattolica, radicata in secoli di tradizione, ci invita a guardare in un\u2019altra direzione: verso il quotidiano, il ripetitivo, ci\u00f2 che appare \u201cnormale\u201d. Proprio l\u00ec, esattamente l\u00ec, si nasconde un mistero profondo.<\/p>\n\n\n\n<p class=\"wp-block-paragraph\">Il cosiddetto <em>Tempo Ordinario<\/em> del calendario liturgico non \u00e8, come il suo nome potrebbe suggerire, un tempo privo di importanza. Al contrario. \u00c8 lo spazio in cui la vita cristiana si dispiega con la massima autenticit\u00e0. \u00c8 il terreno in cui la grazia agisce in silenzio, trasformando ci\u00f2 che \u00e8 piccolo in qualcosa di eterno.<\/p>\n\n\n\n<hr class=\"wp-block-separator has-alpha-channel-opacity\"\/>\n\n\n\n<h2 class=\"wp-block-heading\">1. Che cos\u2019\u00e8 realmente il Tempo Ordinario?<\/h2>\n\n\n\n<p class=\"wp-block-paragraph\">Il Tempo Ordinario \u00e8 il periodo pi\u00f9 lungo dell\u2019anno liturgico. Si estende tra i tempi forti \u2014 Avvento, Natale, Quaresima e Pasqua \u2014 ed \u00e8 organizzato in settimane numerate. Il termine \u201cordinario\u201d deriva dal latino <em>ordo<\/em>, che significa \u201cordine\u201d o \u201csuccessione\u201d, non \u201ccomune\u201d o \u201cinsignificante\u201d.<\/p>\n\n\n\n<p class=\"wp-block-paragraph\">Questo tempo \u00e8 dedicato alla contemplazione della vita pubblica di Cristo: i suoi insegnamenti, i suoi miracoli, i suoi incontri con le persone. \u00c8, per cos\u00ec dire, il tempo della \u201cvita quotidiana di Ges\u00f9\u201d. E questo ci offre gi\u00e0 una chiave fondamentale: Dio ha voluto rivelarsi non solo nei momenti straordinari, ma anche nella routine dell\u2019esistenza umana.<\/p>\n\n\n\n<hr class=\"wp-block-separator has-alpha-channel-opacity\"\/>\n\n\n\n<h2 class=\"wp-block-heading\">2. La logica di Dio: il piccolo come via al grande<\/h2>\n\n\n\n<p class=\"wp-block-paragraph\">Dal punto di vista teologico, il Tempo Ordinario riflette una delle costanti pi\u00f9 sorprendenti dell\u2019azione divina: Dio opera attraverso ci\u00f2 che \u00e8 piccolo.<\/p>\n\n\n\n<p class=\"wp-block-paragraph\">L\u2019Incarnazione stessa \u00e8 l\u2019esempio pi\u00f9 grande. Il Figlio di Dio non \u00e8 venuto nel mondo in un contesto di grandezza politica o di spettacolo visibile, ma nell\u2019umilt\u00e0 di una mangiatoia, in una famiglia semplice, in un villaggio sconosciuto.<\/p>\n\n\n\n<p class=\"wp-block-paragraph\">Ges\u00f9 ha trascorso la maggior parte della sua vita in quello che potremmo chiamare \u201ctempo ordinario\u201d: lavorando, vivendo, pregando, crescendo. Trenta anni di vita nascosta rispetto a tre anni di ministero pubblico.<\/p>\n\n\n\n<p class=\"wp-block-paragraph\">Questo non \u00e8 casuale. \u00c8 profondamente rivelatore.<\/p>\n\n\n\n<blockquote class=\"wp-block-quote is-layout-flow wp-block-quote-is-layout-flow\">\n<p class=\"wp-block-paragraph\">\u00abIl Regno di Dio \u00e8 come un granello di senape che, quando viene seminato nel terreno, \u00e8 il pi\u00f9 piccolo di tutti i semi sulla terra; ma una volta seminato, cresce\u2026\u00bb (Marco 4, 31-32)<\/p>\n<\/blockquote>\n\n\n\n<p class=\"wp-block-paragraph\">La pedagogia divina ci insegna che l\u2019ordinario non \u00e8 un ostacolo alla santit\u00e0, ma il suo cammino privilegiato.<\/p>\n\n\n\n<hr class=\"wp-block-separator has-alpha-channel-opacity\"\/>\n\n\n\n<h2 class=\"wp-block-heading\">3. Il mistero nascosto: la sacramentalit\u00e0 del quotidiano<\/h2>\n\n\n\n<p class=\"wp-block-paragraph\">Nella teologia cattolica parliamo di una realt\u00e0 fondamentale: il mondo creato \u00e8 capace di rivelare Dio. Questa realt\u00e0 raggiunge la sua pienezza nei sacramenti, ma si estende a tutta la vita del credente.<\/p>\n\n\n\n<p class=\"wp-block-paragraph\">Il Tempo Ordinario ci educa a questa visione sacramentale della realt\u00e0. Ci invita a scoprire che:<\/p>\n\n\n\n<ul class=\"wp-block-list\">\n<li>una conversazione pu\u00f2 essere uno spazio di carit\u00e0,<\/li>\n\n\n\n<li>il lavoro pu\u00f2 essere un\u2019offerta,<\/li>\n\n\n\n<li>il riposo pu\u00f2 essere un atto di fiducia in Dio,<\/li>\n\n\n\n<li>la routine pu\u00f2 essere una scuola di fedelt\u00e0.<\/li>\n<\/ul>\n\n\n\n<p class=\"wp-block-paragraph\">Qui entra in gioco una virt\u00f9 spesso dimenticata: la perseveranza. Non si tratta di fare cose straordinarie, ma di fare straordinariamente bene le cose ordinarie.<\/p>\n\n\n\n<hr class=\"wp-block-separator has-alpha-channel-opacity\"\/>\n\n\n\n<h2 class=\"wp-block-heading\">4. Una spiritualit\u00e0 per il XXI secolo<\/h2>\n\n\n\n<p class=\"wp-block-paragraph\">Nel contesto attuale \u2014 segnato dalla fretta, dalla distrazione costante e dalla ricerca continua di stimoli \u2014 il messaggio del Tempo Ordinario \u00e8 profondamente controcorrente.<\/p>\n\n\n\n<p class=\"wp-block-paragraph\">Facciamo fatica a rallentare.<br>Facciamo fatica ad abitare il presente.<br>Facciamo fatica a trovare senso nella ripetizione.<\/p>\n\n\n\n<p class=\"wp-block-paragraph\">Eppure, \u00e8 proprio l\u00ec che Dio ci aspetta.<\/p>\n\n\n\n<p class=\"wp-block-paragraph\">La spiritualit\u00e0 del Tempo Ordinario offre risposte molto concrete alle ferite del nostro tempo:<\/p>\n\n\n\n<h3 class=\"wp-block-heading\">a) Di fronte all\u2019ansia: la fedelt\u00e0 quotidiana<\/h3>\n\n\n\n<p class=\"wp-block-paragraph\">Non hai bisogno di cambiare il mondo oggi. Hai solo bisogno di essere fedele oggi.<\/p>\n\n\n\n<h3 class=\"wp-block-heading\">b) Di fronte al vuoto: il senso nascosto<\/h3>\n\n\n\n<p class=\"wp-block-paragraph\">Ci\u00f2 che fai ogni giorno ha un valore eterno se \u00e8 unito a Dio.<\/p>\n\n\n\n<h3 class=\"wp-block-heading\">c) Di fronte alla dispersione: l\u2019attenzione<\/h3>\n\n\n\n<p class=\"wp-block-paragraph\">Dio si manifesta qui e ora, non in un\u2019idea astratta del futuro.<\/p>\n\n\n\n<hr class=\"wp-block-separator has-alpha-channel-opacity\"\/>\n\n\n\n<h2 class=\"wp-block-heading\">5. Cristo nel quotidiano: una presenza reale<\/h2>\n\n\n\n<p class=\"wp-block-paragraph\">Ges\u00f9 non ha solo vissuto l\u2019ordinario, lo ha santificato. Ogni suo gesto, ogni sua parola, ogni incontro era pieno della presenza del Padre.<\/p>\n\n\n\n<p class=\"wp-block-paragraph\">Questo cambia radicalmente il nostro modo di vedere la vita:<\/p>\n\n\n\n<ul class=\"wp-block-list\">\n<li>Non esistono momenti \u201csenza Dio\u201d.<\/li>\n\n\n\n<li>Non esistono azioni insignificanti se sono fatte con amore.<\/li>\n\n\n\n<li>Non esiste routine vuota se \u00e8 vissuta nella grazia.<\/li>\n<\/ul>\n\n\n\n<blockquote class=\"wp-block-quote is-layout-flow wp-block-quote-is-layout-flow\">\n<p class=\"wp-block-paragraph\">\u00abQualunque cosa facciate, fatela di cuore come per il Signore e non per gli uomini\u00bb (Colossesi 3,23)<\/p>\n<\/blockquote>\n\n\n\n<p class=\"wp-block-paragraph\">Questo versetto riassume la spiritualit\u00e0 del Tempo Ordinario: trasformare ogni azione in un atto d\u2019amore offerto a Dio.<\/p>\n\n\n\n<hr class=\"wp-block-separator has-alpha-channel-opacity\"\/>\n\n\n\n<h2 class=\"wp-block-heading\">6. Applicazioni pratiche: vivere lo straordinario nell\u2019ordinario<\/h2>\n\n\n\n<p class=\"wp-block-paragraph\">Passare dalla teoria alla vita concreta \u00e8 essenziale. Ecco alcune chiavi pastorali per incarnare questa spiritualit\u00e0:<\/p>\n\n\n\n<h3 class=\"wp-block-heading\">1. Santificare il lavoro<\/h3>\n\n\n\n<p class=\"wp-block-paragraph\">Non si tratta solo di adempiere, ma di offrire. Prima di iniziare la giornata, fai una breve preghiera: \u00abSignore, ti offro questa giornata\u00bb.<\/p>\n\n\n\n<h3 class=\"wp-block-heading\">2. Riscoprire la routine<\/h3>\n\n\n\n<p class=\"wp-block-paragraph\">Invece di vederla come un peso, considerala come uno spazio di crescita interiore. La ripetizione forma l\u2019anima.<\/p>\n\n\n\n<h3 class=\"wp-block-heading\">3. Praticare la presenza di Dio<\/h3>\n\n\n\n<p class=\"wp-block-paragraph\">Piccoli richiami durante la giornata: una giaculatoria, una breve pausa, uno sguardo interiore.<\/p>\n\n\n\n<h3 class=\"wp-block-heading\">4. Vivere con intenzione<\/h3>\n\n\n\n<p class=\"wp-block-paragraph\">Non agire in modo automatico. Metti consapevolezza, amore e senso in ogni azione.<\/p>\n\n\n\n<h3 class=\"wp-block-heading\">5. Accogliere la semplicit\u00e0<\/h3>\n\n\n\n<p class=\"wp-block-paragraph\">Non hai bisogno di esperienze straordinarie per diventare santo. Hai bisogno di fedelt\u00e0.<\/p>\n\n\n\n<hr class=\"wp-block-separator has-alpha-channel-opacity\"\/>\n\n\n\n<h2 class=\"wp-block-heading\">7. La santit\u00e0 del quotidiano: una chiamata universale<\/h2>\n\n\n\n<p class=\"wp-block-paragraph\">Il Concilio Vaticano II ha ricordato con forza una verit\u00e0 antica: tutti sono chiamati alla santit\u00e0. Non \u00e8 un privilegio di pochi, ma una vocazione universale.<\/p>\n\n\n\n<p class=\"wp-block-paragraph\">E questa santit\u00e0 non si costruisce in momenti isolati, ma nel tessuto quotidiano della vita.<\/p>\n\n\n\n<p class=\"wp-block-paragraph\">Il Tempo Ordinario \u00e8, in questo senso, il grande laboratorio della santit\u00e0. \u00c8 l\u00ec che si mette alla prova l\u2019autenticit\u00e0 della nostra fede.<\/p>\n\n\n\n<hr class=\"wp-block-separator has-alpha-channel-opacity\"\/>\n\n\n\n<h2 class=\"wp-block-heading\">8. Una conclusione che cambia lo sguardo<\/h2>\n\n\n\n<p class=\"wp-block-paragraph\">Forse il pi\u00f9 grande errore che possiamo commettere \u00e8 pensare che la vita spirituale avvenga solo in momenti speciali: una Messa solenne, un ritiro, un\u2019esperienza intensa.<\/p>\n\n\n\n<p class=\"wp-block-paragraph\">Ma la realt\u00e0 \u00e8 pi\u00f9 profonda \u2014 e pi\u00f9 esigente:<\/p>\n\n\n\n<p class=\"wp-block-paragraph\">Dio abita nell\u2019ordinario.<\/p>\n\n\n\n<p class=\"wp-block-paragraph\">Il mistero non si trova solo nello straordinario, ma \u00e8 nascosto in ogni istante vissuto con amore, fede e dono di s\u00e9.<\/p>\n\n\n\n<p class=\"wp-block-paragraph\">Il Tempo Ordinario non \u00e8 un \u201ctempo di passaggio\u201d. \u00c8 il tempo in cui Dio opera nel silenzio, in cui l\u2019anima cresce senza rumore, in cui la grazia trasforma il quotidiano in eternit\u00e0.<\/p>\n\n\n\n<p class=\"wp-block-paragraph\">Alla fine, la domanda non \u00e8 se la nostra vita sia straordinaria.<\/p>\n\n\n\n<p class=\"wp-block-paragraph\">La vera domanda \u00e8:<br><strong>Stiamo scoprendo lo straordinario che Dio ha nascosto nell\u2019ordinario?<\/strong><\/p>\n","protected":false},"excerpt":{"rendered":"<p>Viviamo in una cultura che valorizza ci\u00f2 che \u00e8 eccezionale: i grandi momenti, le esperienze intense, i successi visibili. Siamo educati \u2014 quasi senza rendercene conto \u2014 ad aspettarci che ci\u00f2 che conta davvero arrivi avvolto in qualcosa di straordinario. Eppure, la sapienza della Chiesa cattolica, radicata in secoli di tradizione, ci invita a guardare &hellip;<\/p>\n","protected":false},"author":3,"featured_media":5374,"comment_status":"closed","ping_status":"closed","sticky":false,"template":"","format":"standard","meta":{"_seopress_titles_title":"","_seopress_titles_desc":"","_seopress_robots_index":"","_seopress_robots_follow":"","_seopress_robots_imageindex":"","_seopress_robots_snippet":"","_seopress_robots_primary_cat":"","_seopress_robots_breadcrumbs":"","_seopress_robots_freeze_modified_date":"","_seopress_robots_custom_modified_date":"","_seopress_robots_canonical":"","_seopress_social_fb_title":"","_seopress_social_fb_desc":"","_seopress_social_fb_img":"","_seopress_social_fb_img_attachment_id":0,"_seopress_social_fb_img_width":0,"_seopress_social_fb_img_height":0,"_seopress_social_twitter_title":"","_seopress_social_twitter_desc":"","_seopress_social_twitter_img":"","_seopress_social_twitter_img_attachment_id":0,"_seopress_social_twitter_img_width":0,"_seopress_social_twitter_img_height":0,"_seopress_redirections_value":"","_seopress_redirections_enabled":"","_seopress_redirections_enabled_regex":"","_seopress_redirections_logged_status":"","_seopress_redirections_param":"","_seopress_redirections_type":0,"_seopress_analysis_target_kw":"","footnotes":""},"categories":[52,38],"tags":[1945],"class_list":["post-5373","post","type-post","status-publish","format-standard","has-post-thumbnail","","category-liturgia-e-anno-liturgico","category-storia-e-tradizione","tag-tempo-ordinario"],"_links":{"self":[{"href":"https:\/\/catholicus.eu\/it\/wp-json\/wp\/v2\/posts\/5373","targetHints":{"allow":["GET"]}}],"collection":[{"href":"https:\/\/catholicus.eu\/it\/wp-json\/wp\/v2\/posts"}],"about":[{"href":"https:\/\/catholicus.eu\/it\/wp-json\/wp\/v2\/types\/post"}],"author":[{"embeddable":true,"href":"https:\/\/catholicus.eu\/it\/wp-json\/wp\/v2\/users\/3"}],"replies":[{"embeddable":true,"href":"https:\/\/catholicus.eu\/it\/wp-json\/wp\/v2\/comments?post=5373"}],"version-history":[{"count":1,"href":"https:\/\/catholicus.eu\/it\/wp-json\/wp\/v2\/posts\/5373\/revisions"}],"predecessor-version":[{"id":5375,"href":"https:\/\/catholicus.eu\/it\/wp-json\/wp\/v2\/posts\/5373\/revisions\/5375"}],"wp:featuredmedia":[{"embeddable":true,"href":"https:\/\/catholicus.eu\/it\/wp-json\/wp\/v2\/media\/5374"}],"wp:attachment":[{"href":"https:\/\/catholicus.eu\/it\/wp-json\/wp\/v2\/media?parent=5373"}],"wp:term":[{"taxonomy":"category","embeddable":true,"href":"https:\/\/catholicus.eu\/it\/wp-json\/wp\/v2\/categories?post=5373"},{"taxonomy":"post_tag","embeddable":true,"href":"https:\/\/catholicus.eu\/it\/wp-json\/wp\/v2\/tags?post=5373"}],"curies":[{"name":"wp","href":"https:\/\/api.w.org\/{rel}","templated":true}]}}