{"id":5354,"date":"2026-03-16T10:01:09","date_gmt":"2026-03-16T09:01:09","guid":{"rendered":"https:\/\/catholicus.eu\/it\/?p=5354"},"modified":"2026-03-16T10:01:10","modified_gmt":"2026-03-16T09:01:10","slug":"non-e-una-questione-di-potere-ma-di-fedelta-inter-insigniores-e-la-verita-teologica-sul-sacerdozio","status":"publish","type":"post","link":"https:\/\/catholicus.eu\/it\/non-e-una-questione-di-potere-ma-di-fedelta-inter-insigniores-e-la-verita-teologica-sul-sacerdozio\/","title":{"rendered":"\u201cNon \u00e8 una questione di potere, ma di fedelt\u00e0\u201d: Inter Insigniores e la verit\u00e0 teologica sul sacerdozio"},"content":{"rendered":"\n<p>Negli ultimi decenni, uno dei dibattiti pi\u00f9 ricorrenti all\u2019interno e all\u2019esterno della Chiesa \u00e8 stato la possibilit\u00e0 di ordinare donne come sacerdoti. In una societ\u00e0 sempre pi\u00f9 segnata da categorie politiche, sociologiche o di parit\u00e0 di potere, molti si chiedono: <strong>perch\u00e9 la Chiesa cattolica sostiene che il sacerdozio sia riservato agli uomini?<\/strong><\/p>\n\n\n\n<p>Per rispondere a questa domanda, la Chiesa ha pubblicato nel 1976 un documento chiave: <strong>Inter insigniores<\/strong>, una dichiarazione della <strong>Congregazione per la Dottrina della Fede<\/strong> approvata da <strong>Paolo VI<\/strong>.<\/p>\n\n\n\n<p>Lontano dall\u2019essere un testo ideologico o una reazione culturale, questo documento \u00e8 <strong>una riflessione profondamente teologica<\/strong>, che spiega perch\u00e9 la Chiesa <strong>non si considera autorizzata da Cristo a ordinare donne al sacerdozio<\/strong>.<\/p>\n\n\n\n<p>Comprendere <em>Inter insigniores<\/em> non significa solo capire una norma disciplinare. Significa entrare nel <strong>mistero del sacerdozio, del simbolismo sacramentale e della fedelt\u00e0 alla volont\u00e0 di Cristo<\/strong>.<\/p>\n\n\n\n<hr class=\"wp-block-separator has-alpha-channel-opacity\"\/>\n\n\n\n<h1 class=\"wp-block-heading\">1. Il contesto storico: quando la domanda emerse con forza<\/h1>\n\n\n\n<p>Negli anni successivi al <strong>Concilio Vaticano II<\/strong>, molti cambiamenti culturali scuoterono il mondo occidentale. Tra questi vi era il movimento per l\u2019uguaglianza dei diritti tra uomini e donne. In quel contesto, alcune comunit\u00e0 cristiane iniziarono a ordinare donne come pastori o sacerdoti.<\/p>\n\n\n\n<p>Ad esempio:<\/p>\n\n\n\n<ul class=\"wp-block-list\">\n<li>la <strong>Comunit\u00e0 anglicana<\/strong><\/li>\n\n\n\n<li>diverse denominazioni protestanti.<\/li>\n<\/ul>\n\n\n\n<p>Molti cattolici iniziarono a chiedersi:<br><strong>Perch\u00e9 la Chiesa cattolica non fa lo stesso?<\/strong><\/p>\n\n\n\n<p>Di fronte a questa domanda, la Santa Sede decise di rispondere con chiarezza dottrinale attraverso <em>Inter insigniores<\/em>.<\/p>\n\n\n\n<p>Ma il documento chiarisce fin dall\u2019inizio qualcosa di fondamentale:<\/p>\n\n\n\n<blockquote class=\"wp-block-quote is-layout-flow wp-block-quote-is-layout-flow\">\n<p><strong>Non si tratta di una discriminazione sociologica, ma di fedelt\u00e0 alla volont\u00e0 di Cristo.<\/strong><\/p>\n<\/blockquote>\n\n\n\n<hr class=\"wp-block-separator has-alpha-channel-opacity\"\/>\n\n\n\n<h1 class=\"wp-block-heading\">2. Il fondamento biblico: Cristo scelse i Dodici<\/h1>\n\n\n\n<p>Il primo argomento presentato da <em>Inter insigniores<\/em> \u00e8 <strong>storico e biblico<\/strong>.<\/p>\n\n\n\n<p>Ges\u00f9 aveva molte discepole femmine molto vicine a Lui:<\/p>\n\n\n\n<ul class=\"wp-block-list\">\n<li><strong>Maria Maddalena<\/strong><\/li>\n\n\n\n<li><strong>Marta di Betania<\/strong><\/li>\n\n\n\n<li><strong>Maria di Betania<\/strong><\/li>\n\n\n\n<li>e soprattutto <strong>Maria, Madre di Ges\u00f9<\/strong><\/li>\n<\/ul>\n\n\n\n<p>Tuttavia, quando istitu\u00ec il gruppo apostolico \u2014 la base del sacerdozio \u2014 <strong>scelse solo uomini<\/strong>.<\/p>\n\n\n\n<p>Il Vangelo racconta:<\/p>\n\n\n\n<blockquote class=\"wp-block-quote is-layout-flow wp-block-quote-is-layout-flow\">\n<p>\u201cSal\u00ec sul monte e chiam\u00f2 quelli che volle; essi vennero da lui. E ne costitu\u00ec dodici perch\u00e9 stessero con lui e perch\u00e9 li mandasse a predicare.\u201d<br>(Mc 3,13-14)<\/p>\n<\/blockquote>\n\n\n\n<p>Tra questi Dodici apostoli c\u2019erano:<\/p>\n\n\n\n<ul class=\"wp-block-list\">\n<li><strong>Pietro l\u2019Apostolo<\/strong><\/li>\n\n\n\n<li><strong>Giovanni l\u2019Apostolo<\/strong><\/li>\n\n\n\n<li><strong>Giacomo il Maggiore<\/strong><\/li>\n\n\n\n<li>e gli altri apostoli.<\/li>\n<\/ul>\n\n\n\n<p>Ci\u00f2 che \u00e8 importante \u00e8 che <strong>Ges\u00f9 non ag\u00ec condizionato dalla cultura<\/strong>.<\/p>\n\n\n\n<p>La prova \u00e8 che <strong>rompe molte norme sociali del suo tempo<\/strong>:<\/p>\n\n\n\n<ul class=\"wp-block-list\">\n<li>parl\u00f2 pubblicamente con la samaritana<\/li>\n\n\n\n<li>permise alle donne di essere sue discepole<\/li>\n\n\n\n<li>le lasci\u00f2 accompagnarlo nella sua missione<\/li>\n<\/ul>\n\n\n\n<p>Se avesse voluto istituire sacerdotesse, <strong>nulla glielo avrebbe impedito<\/strong>.<\/p>\n\n\n\n<p>Ma non lo fece.<\/p>\n\n\n\n<hr class=\"wp-block-separator has-alpha-channel-opacity\"\/>\n\n\n\n<h1 class=\"wp-block-heading\">3. Il sacerdozio non \u00e8 potere: \u00e8 un segno sacramentale<\/h1>\n\n\n\n<p>Qui emerge uno dei punti teologici pi\u00f9 profondi.<\/p>\n\n\n\n<p>Il sacerdote agisce <strong>\u201cin persona Christi\u201d<\/strong>, cio\u00e8 <strong>nella persona di Cristo<\/strong>.<\/p>\n\n\n\n<p>Ci\u00f2 significa che nei sacramenti \u2014 specialmente nell\u2019Eucaristia \u2014 il sacerdote rappresenta sacramentalmente Cristo.<\/p>\n\n\n\n<p>Quando celebra la Messa dice:<\/p>\n\n\n\n<blockquote class=\"wp-block-quote is-layout-flow wp-block-quote-is-layout-flow\">\n<p>\u201cQuesto \u00e8 <strong>il mio corpo<\/strong>.\u201d<\/p>\n<\/blockquote>\n\n\n\n<p>Non dice: <em>\u201cQuesto \u00e8 il corpo di Cristo\u201d<\/em>, ma <strong>\u201cil mio corpo\u201d<\/strong>, perch\u00e9 <strong>Cristo agisce attraverso di lui<\/strong>.<\/p>\n\n\n\n<p>Cristo \u00e8 presentato nelle Scritture come:<\/p>\n\n\n\n<ul class=\"wp-block-list\">\n<li>lo <strong>Sposo<\/strong><\/li>\n\n\n\n<li>e la Chiesa come <strong>la Sposa<\/strong>.<\/li>\n<\/ul>\n\n\n\n<p>L\u2019apostolo <strong>San Paolo<\/strong> lo spiega cos\u00ec:<\/p>\n\n\n\n<blockquote class=\"wp-block-quote is-layout-flow wp-block-quote-is-layout-flow\">\n<p>\u201cCristo ha amato la Chiesa e ha dato se stesso per lei.\u201d<br>(Ef 5,25)<\/p>\n<\/blockquote>\n\n\n\n<p>Questa simbologia <strong>nuziale e sacramentale<\/strong> \u00e8 fondamentale.<\/p>\n\n\n\n<p>Il sacerdote rappresenta <strong>Cristo Sposo che si dona alla sua Sposa, la Chiesa<\/strong>.<\/p>\n\n\n\n<p>Per questo il segno sacramentale richiede <strong>una rappresentazione maschile<\/strong>.<\/p>\n\n\n\n<p>Non \u00e8 una questione di dignit\u00e0, ma di <strong>significato sacramentale<\/strong>.<\/p>\n\n\n\n<hr class=\"wp-block-separator has-alpha-channel-opacity\"\/>\n\n\n\n<h1 class=\"wp-block-heading\">4. La dignit\u00e0 della donna nella Chiesa<\/h1>\n\n\n\n<p>Un errore comune \u00e8 pensare che questa dottrina implichi inferiorit\u00e0.<\/p>\n\n\n\n<p>Ma la Chiesa afferma esattamente il contrario.<\/p>\n\n\n\n<p>La creatura umana pi\u00f9 grande non \u00e8 un sacerdote.<\/p>\n\n\n\n<p>\u00c8 una donna.<\/p>\n\n\n\n<p>\u00c8 <strong>Maria, Madre di Ges\u00f9<\/strong>.<\/p>\n\n\n\n<p>Ella:<\/p>\n\n\n\n<ul class=\"wp-block-list\">\n<li>non fu sacerdotessa<\/li>\n\n\n\n<li>non fu apostola<\/li>\n\n\n\n<li>eppure \u00e8 <strong>Regina del cielo e della terra<\/strong>.<\/li>\n<\/ul>\n\n\n\n<p>Ci\u00f2 rivela qualcosa di essenziale:<\/p>\n\n\n\n<p><strong>La santit\u00e0 non dipende dal sacerdozio.<\/strong><\/p>\n\n\n\n<p>Molti dei pi\u00f9 grandi santi della Chiesa furono donne:<\/p>\n\n\n\n<ul class=\"wp-block-list\">\n<li><strong>Santa Teresa d\u2019Avila<\/strong><\/li>\n\n\n\n<li><strong>Santa Caterina da Siena<\/strong><\/li>\n\n\n\n<li><strong>Santa Teresa di Lisieux<\/strong><\/li>\n<\/ul>\n\n\n\n<p>Infatti, <strong>Santa Caterina da Siena<\/strong> fu dichiarata <strong>Dottore della Chiesa<\/strong>.<\/p>\n\n\n\n<p>Ci\u00f2 significa: <strong>una donna che insegna teologia all\u2019intera Chiesa universale<\/strong>.<\/p>\n\n\n\n<hr class=\"wp-block-separator has-alpha-channel-opacity\"\/>\n\n\n\n<h1 class=\"wp-block-heading\">5. La continuit\u00e0 della Tradizione<\/h1>\n\n\n\n<p>Un altro punto chiave di <em>Inter insigniores<\/em> \u00e8 la <strong>Tradizione costante<\/strong>.<\/p>\n\n\n\n<p>Per duemila anni:<\/p>\n\n\n\n<ul class=\"wp-block-list\">\n<li>nessuna Chiesa apostolica<\/li>\n\n\n\n<li>n\u00e9 in Oriente n\u00e9 in Occidente<\/li>\n<\/ul>\n\n\n\n<p>ha ordinato donne sacerdoti.<\/p>\n\n\n\n<p>Neanche le antiche Chiese separate, come:<\/p>\n\n\n\n<ul class=\"wp-block-list\">\n<li>la <strong>Chiesa Ortodossa Orientale<\/strong><\/li>\n\n\n\n<li>la <strong>Chiesa Copta Ortodossa<\/strong><\/li>\n<\/ul>\n\n\n\n<p>hanno mai conferito l\u2019ordinazione sacerdotale alle donne.<\/p>\n\n\n\n<p>Questo dimostra qualcosa di essenziale:<\/p>\n\n\n\n<p><strong>Non si tratta di una consuetudine latina<\/strong>, ma di una <strong>tradizione apostolica universale<\/strong>.<\/p>\n\n\n\n<hr class=\"wp-block-separator has-alpha-channel-opacity\"\/>\n\n\n\n<h1 class=\"wp-block-heading\">6. La conferma definitiva del Magistero<\/h1>\n\n\n\n<p>Anni dopo, questo insegnamento fu confermato definitivamente da <strong>Giovanni Paolo II<\/strong> in <strong>Ordinatio Sacerdotalis<\/strong> (1994).<\/p>\n\n\n\n<p>In quel documento dichiar\u00f2:<\/p>\n\n\n\n<blockquote class=\"wp-block-quote is-layout-flow wp-block-quote-is-layout-flow\">\n<p>\u201cLa Chiesa non ha in alcun modo la facolt\u00e0 di conferire l\u2019ordinazione sacerdotale alle donne.\u201d<\/p>\n<\/blockquote>\n\n\n\n<p>Non disse semplicemente che <strong>la Chiesa non lo fa<\/strong>, ma che <strong>la Chiesa non ha autorit\u00e0 per farlo<\/strong>.<\/p>\n\n\n\n<p>In altre parole:<\/p>\n\n\n\n<p><strong>Non \u00e8 una disciplina che potrebbe cambiare.<\/strong><\/p>\n\n\n\n<p>\u00c8 una questione di <strong>fedelt\u00e0 a Cristo<\/strong>.<\/p>\n\n\n\n<hr class=\"wp-block-separator has-alpha-channel-opacity\"\/>\n\n\n\n<h1 class=\"wp-block-heading\">7. Il vero genio femminile nella Chiesa<\/h1>\n\n\n\n<p>Curiosamente, quando la Chiesa parla del ruolo della donna, lo fa in termini profondamente positivi.<\/p>\n\n\n\n<p>Lo stesso <strong>Giovanni Paolo II<\/strong> parl\u00f2 del <strong>\u201cgenio femminile\u201d<\/strong>.<\/p>\n\n\n\n<p>La Chiesa ha bisogno profondamente della presenza femminile in:<\/p>\n\n\n\n<ul class=\"wp-block-list\">\n<li>famiglia<\/li>\n\n\n\n<li>educazione<\/li>\n\n\n\n<li>carit\u00e0<\/li>\n\n\n\n<li>evangelizzazione<\/li>\n\n\n\n<li>vita consacrata<\/li>\n<\/ul>\n\n\n\n<p>Molte delle maggiori trasformazioni spirituali della storia cristiana furono iniziate da donne.<\/p>\n\n\n\n<hr class=\"wp-block-separator has-alpha-channel-opacity\"\/>\n\n\n\n<h1 class=\"wp-block-heading\">8. Un\u2019applicazione spirituale per oggi<\/h1>\n\n\n\n<p>In una cultura ossessionata dal potere, il messaggio cristiano \u00e8 rivoluzionario.<\/p>\n\n\n\n<p>La grandezza nella Chiesa <strong>non dipende dalla carica<\/strong>.<\/p>\n\n\n\n<p>Ges\u00f9 disse:<\/p>\n\n\n\n<blockquote class=\"wp-block-quote is-layout-flow wp-block-quote-is-layout-flow\">\n<p>\u201cChi vuole essere il primo tra voi, sia vostro servitore.\u201d<br>(Mt 20,27)<\/p>\n<\/blockquote>\n\n\n\n<p>Il sacerdozio non \u00e8 un privilegio.<\/p>\n\n\n\n<p>\u00c8 un <strong>servizio sacrificial<\/strong>.<\/p>\n\n\n\n<p>E la santit\u00e0 \u2014 il vero obiettivo di ogni cristiano \u2014 <strong>\u00e8 aperta a tutti<\/strong>.<\/p>\n\n\n\n<p>Uomini e donne.<\/p>\n\n\n\n<p>La domanda veramente importante non \u00e8:<\/p>\n\n\n\n<p><strong>\u201cQuale posizione ho?\u201d<\/strong><\/p>\n\n\n\n<p>Ma:<\/p>\n\n\n\n<p><strong>\u201cSto rispondendo alla chiamata di Dio?\u201d<\/strong><\/p>\n\n\n\n<hr class=\"wp-block-separator has-alpha-channel-opacity\"\/>\n\n\n\n<h1 class=\"wp-block-heading\">9. Una riflessione pastorale per i nostri tempi<\/h1>\n\n\n\n<p>Oggi pi\u00f9 che mai dobbiamo comprendere il sacerdozio <strong>nella sua dimensione sacramentale e spirituale<\/strong>, non attraverso categorie ideologiche.<\/p>\n\n\n\n<p>La Chiesa non esclude le donne dal sacerdozio per disprezzo.<\/p>\n\n\n\n<p>Ma perch\u00e9 <strong>crede di non avere autorit\u00e0 per modificare ci\u00f2 che Cristo ha istituito<\/strong>.<\/p>\n\n\n\n<p>Ci\u00f2 richiede umilt\u00e0.<\/p>\n\n\n\n<p>Ma anche fede.<\/p>\n\n\n\n<p>Perch\u00e9 la Chiesa non \u00e8 un\u2019impresa umana.<\/p>\n\n\n\n<p>\u00c8 il Corpo di Cristo.<\/p>\n\n\n\n<hr class=\"wp-block-separator has-alpha-channel-opacity\"\/>\n\n\n\n<h1 class=\"wp-block-heading\">Conclusione: fedelt\u00e0 prima della popolarit\u00e0<\/h1>\n\n\n\n<p>Il messaggio di <em>Inter insigniores<\/em> pu\u00f2 essere difficile da comprendere nel mondo odierno.<\/p>\n\n\n\n<p>Ma contiene un insegnamento profondo:<\/p>\n\n\n\n<p><strong>La Chiesa non inventa i sacramenti; li riceve da Cristo.<\/strong><\/p>\n\n\n\n<p>La sua missione non \u00e8 adattarli a ogni epoca, ma <strong>custodirli fedelmente<\/strong>.<\/p>\n\n\n\n<p>In fondo, la questione del sacerdozio femminile non \u00e8 una questione di uguaglianza.<\/p>\n\n\n\n<p>\u00c8 una questione di <strong>fedelt\u00e0 al mistero che Cristo ha affidato alla sua Chiesa<\/strong>.<\/p>\n\n\n\n<p>E questo mistero continua a invitare ogni cristiano \u2014 uomo o donna \u2014 a ci\u00f2 che conta veramente:<\/p>\n\n\n\n<p><strong>la santit\u00e0.<\/strong><\/p>\n\n\n\n<p>Come ricordava <strong>Santa Teresa di Lisieux<\/strong>:<\/p>\n\n\n\n<blockquote class=\"wp-block-quote is-layout-flow wp-block-quote-is-layout-flow\">\n<p>\u201cNel cuore della Chiesa, io sar\u00f2 l\u2019amore.\u201d<\/p>\n<\/blockquote>\n\n\n\n<p>E in quel cuore <strong>ognuno di noi ha un posto insostituibile<\/strong>.<\/p>\n","protected":false},"excerpt":{"rendered":"<p>Negli ultimi decenni, uno dei dibattiti pi\u00f9 ricorrenti all\u2019interno e all\u2019esterno della Chiesa \u00e8 stato la possibilit\u00e0 di ordinare donne come sacerdoti. In una societ\u00e0 sempre pi\u00f9 segnata da categorie politiche, sociologiche o di parit\u00e0 di potere, molti si chiedono: perch\u00e9 la Chiesa cattolica sostiene che il sacerdozio sia riservato agli uomini? Per rispondere a &hellip;<\/p>\n","protected":false},"author":3,"featured_media":5355,"comment_status":"closed","ping_status":"closed","sticky":false,"template":"","format":"standard","meta":{"_seopress_robots_primary_cat":"","_seopress_titles_title":"","_seopress_titles_desc":"","_seopress_robots_index":"","footnotes":""},"categories":[51,38],"tags":[1940],"class_list":["post-5354","post","type-post","status-publish","format-standard","has-post-thumbnail","","category-magistero-della-chiesa","category-storia-e-tradizione","tag-inter-insigniores"],"_links":{"self":[{"href":"https:\/\/catholicus.eu\/it\/wp-json\/wp\/v2\/posts\/5354","targetHints":{"allow":["GET"]}}],"collection":[{"href":"https:\/\/catholicus.eu\/it\/wp-json\/wp\/v2\/posts"}],"about":[{"href":"https:\/\/catholicus.eu\/it\/wp-json\/wp\/v2\/types\/post"}],"author":[{"embeddable":true,"href":"https:\/\/catholicus.eu\/it\/wp-json\/wp\/v2\/users\/3"}],"replies":[{"embeddable":true,"href":"https:\/\/catholicus.eu\/it\/wp-json\/wp\/v2\/comments?post=5354"}],"version-history":[{"count":1,"href":"https:\/\/catholicus.eu\/it\/wp-json\/wp\/v2\/posts\/5354\/revisions"}],"predecessor-version":[{"id":5356,"href":"https:\/\/catholicus.eu\/it\/wp-json\/wp\/v2\/posts\/5354\/revisions\/5356"}],"wp:featuredmedia":[{"embeddable":true,"href":"https:\/\/catholicus.eu\/it\/wp-json\/wp\/v2\/media\/5355"}],"wp:attachment":[{"href":"https:\/\/catholicus.eu\/it\/wp-json\/wp\/v2\/media?parent=5354"}],"wp:term":[{"taxonomy":"category","embeddable":true,"href":"https:\/\/catholicus.eu\/it\/wp-json\/wp\/v2\/categories?post=5354"},{"taxonomy":"post_tag","embeddable":true,"href":"https:\/\/catholicus.eu\/it\/wp-json\/wp\/v2\/tags?post=5354"}],"curies":[{"name":"wp","href":"https:\/\/api.w.org\/{rel}","templated":true}]}}