{"id":5348,"date":"2026-03-16T09:10:49","date_gmt":"2026-03-16T08:10:49","guid":{"rendered":"https:\/\/catholicus.eu\/it\/?p=5348"},"modified":"2026-03-16T09:10:49","modified_gmt":"2026-03-16T08:10:49","slug":"peccati-che-gridano-al-cielo-le-quattro-ingiustizie-che-dio-non-ignora","status":"publish","type":"post","link":"https:\/\/catholicus.eu\/it\/peccati-che-gridano-al-cielo-le-quattro-ingiustizie-che-dio-non-ignora\/","title":{"rendered":"Peccati che gridano al cielo: le quattro ingiustizie che Dio non ignora"},"content":{"rendered":"\n<p>Viviamo in un\u2019epoca che parla molto di diritti, ma molto poco di peccato. Si parla molto di libert\u00e0, ma raramente di responsabilit\u00e0. Eppure la tradizione cristiana ha sempre insegnato che non tutti i peccati sono uguali. Alcuni hanno una gravit\u00e0 particolare perch\u00e9 non offendono solo Dio: <strong>distruggono l\u2019ordine stesso della giustizia e della dignit\u00e0 umana<\/strong>.<\/p>\n\n\n\n<p>Per questo la tradizione morale della Chiesa ha individuato una categoria molto precisa: <strong>i peccati che gridano al cielo<\/strong>.<\/p>\n\n\n\n<p>Non \u00e8 un\u2019espressione poetica o esagerata. \u00c8 una realt\u00e0 profondamente biblica e teologica. Sono peccati la cui ingiustizia \u00e8 cos\u00ec grave che <strong>la Sacra Scrittura dice che \u201cgridano\u201d davanti a Dio<\/strong>.<\/p>\n\n\n\n<p>Ma quali sono questi peccati?<br>Perch\u00e9 sono considerati particolarmente gravi?<br>E quale significato hanno oggi, nel ventunesimo secolo?<\/p>\n\n\n\n<p>Approfondiamo questa questione.<\/p>\n\n\n\n<hr class=\"wp-block-separator has-alpha-channel-opacity\"\/>\n\n\n\n<h1 class=\"wp-block-heading\">Che cosa significa che un peccato \u201cgrida al cielo\u201d?<\/h1>\n\n\n\n<p>L\u2019espressione proviene direttamente dalla <strong>Bibbia<\/strong>. In diversi passi dell\u2019Antico Testamento troviamo un\u2019idea molto forte: <strong>l\u2019ingiustizia umana produce un grido che giunge fino a Dio<\/strong>.<\/p>\n\n\n\n<p>Uno dei testi pi\u00f9 conosciuti appare nel libro della Genesi quando Dio parla a Caino dopo che ha ucciso suo fratello Abele:<\/p>\n\n\n\n<blockquote class=\"wp-block-quote is-layout-flow wp-block-quote-is-layout-flow\">\n<p>\u00abChe hai fatto? La voce del sangue di tuo fratello grida a me dalla terra.\u00bb<br>(Genesi 4,10)<\/p>\n<\/blockquote>\n\n\n\n<p>Qui troviamo la chiave.<\/p>\n\n\n\n<p>Il peccato non \u00e8 solo una colpa privata.<br>Il peccato <strong>ha una dimensione sociale e cosmica<\/strong>.<\/p>\n\n\n\n<p>Quando un\u2019ingiustizia \u00e8 particolarmente grave, <strong>rompe l\u2019ordine della creazione<\/strong>, ferisce gli innocenti e provoca un grido che reclama la giustizia divina.<\/p>\n\n\n\n<p>Per questo la teologia morale cristiana \u2014 attingendo alla tradizione biblica e patristica \u2014 ha identificato <strong>quattro peccati che gridano al cielo<\/strong>.<\/p>\n\n\n\n<p>Essi sono stati insegnati per secoli nei catechismi tradizionali e fanno ancora parte della dottrina morale cattolica.<\/p>\n\n\n\n<hr class=\"wp-block-separator has-alpha-channel-opacity\"\/>\n\n\n\n<h1 class=\"wp-block-heading\">I quattro peccati che gridano al cielo<\/h1>\n\n\n\n<p>La tradizione cattolica insegna che sono:<\/p>\n\n\n\n<ol class=\"wp-block-list\">\n<li><strong>L\u2019omicidio volontario<\/strong><\/li>\n\n\n\n<li><strong>Il peccato contro natura<\/strong><\/li>\n\n\n\n<li><strong>L\u2019oppressione dei poveri<\/strong><\/li>\n\n\n\n<li><strong>Frodare il salario ai lavoratori<\/strong><\/li>\n<\/ol>\n\n\n\n<p>Ognuno di essi \u00e8 chiaramente denunciato nella Scrittura.<\/p>\n\n\n\n<p>Esaminiamoli in profondit\u00e0.<\/p>\n\n\n\n<hr class=\"wp-block-separator has-alpha-channel-opacity\"\/>\n\n\n\n<h1 class=\"wp-block-heading\">1. L\u2019omicidio volontario: quando il sangue innocente grida a Dio<\/h1>\n\n\n\n<p>Il primo peccato che grida al cielo \u00e8 <strong>l\u2019omicidio volontario<\/strong>, specialmente l\u2019uccisione degli innocenti.<\/p>\n\n\n\n<p>Il caso paradigmatico \u00e8 quello di <strong>Caino e Abele<\/strong>.<\/p>\n\n\n\n<p>Il sangue versato ingiustamente ha un enorme peso simbolico nella Bibbia. Rappresenta una rottura radicale dell\u2019ordine voluto da Dio.<\/p>\n\n\n\n<p>La vita umana non \u00e8 una propriet\u00e0 privata.<\/p>\n\n\n\n<p>\u00c8 <strong>un dono divino<\/strong>.<\/p>\n\n\n\n<p>Per questo il quinto comandamento dice:<\/p>\n\n\n\n<blockquote class=\"wp-block-quote is-layout-flow wp-block-quote-is-layout-flow\">\n<p>\u00abNon uccidere.\u00bb<br>(Esodo 20,13)<\/p>\n<\/blockquote>\n\n\n\n<p>La gravit\u00e0 dell\u2019omicidio non consiste solo nel togliere la vita a qualcuno. Significa <strong>usurpare un\u2019autorit\u00e0 che appartiene solo a Dio<\/strong>, l\u2019autore della vita.<\/p>\n\n\n\n<p>Ma questo peccato ha anche applicazioni molto concrete oggi.<\/p>\n\n\n\n<p>La tradizione morale cattolica ha ricordato costantemente che questo principio riguarda anche realt\u00e0 contemporanee come:<\/p>\n\n\n\n<ul class=\"wp-block-list\">\n<li>l\u2019aborto<\/li>\n\n\n\n<li>l\u2019eutanasia<\/li>\n\n\n\n<li>la violenza ingiusta<\/li>\n\n\n\n<li>il terrorismo<\/li>\n\n\n\n<li>l\u2019eliminazione deliberata degli innocenti<\/li>\n<\/ul>\n\n\n\n<p>Quando la vita umana diventa qualcosa di scartabile, <strong>l\u2019intera societ\u00e0 si disumanizza<\/strong>.<\/p>\n\n\n\n<p>La storia dimostra che le civilt\u00e0 che smettono di proteggere la vita finiscono per crollare moralmente.<\/p>\n\n\n\n<hr class=\"wp-block-separator has-alpha-channel-opacity\"\/>\n\n\n\n<h1 class=\"wp-block-heading\">2. Il peccato contro natura: la ribellione contro l\u2019ordine della creazione<\/h1>\n\n\n\n<p>Il secondo peccato che grida al cielo \u00e8 ci\u00f2 che la tradizione ha chiamato <strong>il peccato contro natura<\/strong>, la cui classica riferimento biblico si trova nella storia di Sodoma.<\/p>\n\n\n\n<p>Nel libro della Genesi leggiamo:<\/p>\n\n\n\n<blockquote class=\"wp-block-quote is-layout-flow wp-block-quote-is-layout-flow\">\n<p>\u00abIl grido contro Sodoma e Gomorra \u00e8 grande e il loro peccato \u00e8 molto grave.\u00bb<br>(Genesi 18,20)<\/p>\n<\/blockquote>\n\n\n\n<p>Per secoli l\u2019interpretazione cristiana ha visto in questo racconto un avvertimento contro <strong>i peccati che contraddicono radicalmente l\u2019ordine naturale voluto da Dio<\/strong>.<\/p>\n\n\n\n<p>La morale cattolica comprende che la sessualit\u00e0 umana ha una finalit\u00e0 chiara: <strong>l\u2019unione dell\u2019amore coniugale e l\u2019apertura alla vita<\/strong>.<\/p>\n\n\n\n<p>Quando la sessualit\u00e0 viene completamente separata da questo ordine, si produce una profonda distorsione della natura umana.<\/p>\n\n\n\n<p>Questo punto \u00e8 particolarmente delicato nella nostra cultura attuale, che ha ridefinito molte realt\u00e0 morali.<\/p>\n\n\n\n<p>Tuttavia l\u2019insegnamento cristiano insiste su una cosa fondamentale: <strong>la verit\u00e0 sulla persona umana non cambia con le mode culturali<\/strong>.<\/p>\n\n\n\n<p>Allo stesso tempo, la Chiesa ha sempre insistito su qualcosa di altrettanto importante:<\/p>\n\n\n\n<p>Ogni persona merita rispetto, compassione e accompagnamento pastorale.<\/p>\n\n\n\n<p>La condanna del peccato <strong>non deve mai diventare disprezzo per il peccatore<\/strong>.<\/p>\n\n\n\n<hr class=\"wp-block-separator has-alpha-channel-opacity\"\/>\n\n\n\n<h1 class=\"wp-block-heading\">3. L\u2019oppressione dei poveri: quando l\u2019ingiustizia sociale offende Dio<\/h1>\n\n\n\n<p>Il terzo peccato che grida al cielo \u00e8 <strong>l\u2019oppressione dei poveri<\/strong>.<\/p>\n\n\n\n<p>La Bibbia \u00e8 piena di avvertimenti contro questa ingiustizia.<\/p>\n\n\n\n<p>Dio si presenta ripetutamente come <strong>il difensore dei deboli<\/strong>: l\u2019orfano, la vedova, lo straniero, il povero.<\/p>\n\n\n\n<p>Nel libro dell\u2019Esodo leggiamo un avvertimento molto serio:<\/p>\n\n\n\n<blockquote class=\"wp-block-quote is-layout-flow wp-block-quote-is-layout-flow\">\n<p>\u00abSe li opprimerete ed essi grideranno a me, io ascolter\u00f2 certamente il loro grido.\u00bb<br>(Esodo 22,22-23)<\/p>\n<\/blockquote>\n\n\n\n<p>Questo rivela qualcosa di molto importante.<\/p>\n\n\n\n<p>La fede cristiana non \u00e8 solo spirituale.<br>Ha anche una dimensione profondamente sociale.<\/p>\n\n\n\n<p>L\u2019ingiustizia strutturale, lo sfruttamento o il disprezzo verso i poveri <strong>non sono semplicemente problemi economici<\/strong>.<br>Sono <strong>gravi peccati morali<\/strong>.<\/p>\n\n\n\n<p>Nel mondo attuale questo pu\u00f2 manifestarsi in molti modi:<\/p>\n\n\n\n<ul class=\"wp-block-list\">\n<li>sfruttamento del lavoro<\/li>\n\n\n\n<li>sistemi economici profondamente ingiusti<\/li>\n\n\n\n<li>abbandono degli emarginati<\/li>\n\n\n\n<li>indifferenza verso la sofferenza degli altri<\/li>\n<\/ul>\n\n\n\n<p>Il Vangelo \u00e8 chiaro: <strong>Dio ascolta il grido dei poveri<\/strong>.<\/p>\n\n\n\n<hr class=\"wp-block-separator has-alpha-channel-opacity\"\/>\n\n\n\n<h1 class=\"wp-block-heading\">4. Frode del salario dei lavoratori<\/h1>\n\n\n\n<p>Il quarto peccato che grida al cielo \u00e8 strettamente collegato al precedente: <strong>frodare il giusto salario ai lavoratori<\/strong>.<\/p>\n\n\n\n<p>La Bibbia \u00e8 sorprendentemente esplicita su questo punto.<\/p>\n\n\n\n<p>Nella lettera di Giacomo leggiamo un avvertimento molto severo:<\/p>\n\n\n\n<blockquote class=\"wp-block-quote is-layout-flow wp-block-quote-is-layout-flow\">\n<p>\u00abEcco, il salario dei lavoratori che hanno mietuto i vostri campi, e che voi avete trattenuto con frode, grida; e le grida dei mietitori sono giunte agli orecchi del Signore.\u00bb<br>(Giacomo 5,4)<\/p>\n<\/blockquote>\n\n\n\n<p>Questo passaggio mostra qualcosa che a volte viene dimenticato: <strong>la giustizia nel lavoro \u00e8 una questione morale e spirituale<\/strong>.<\/p>\n\n\n\n<p>Non pagare ci\u00f2 che \u00e8 giusto, sfruttare i lavoratori, abusare di loro o approfittare del loro bisogno <strong>\u00e8 un\u2019ingiustizia che Dio non ignora<\/strong>.<\/p>\n\n\n\n<p>Questo punto ha una particolare rilevanza nel mondo moderno:<\/p>\n\n\n\n<ul class=\"wp-block-list\">\n<li>contratti abusivi<\/li>\n\n\n\n<li>sfruttamento dei lavoratori migranti<\/li>\n\n\n\n<li>salari ingiusti<\/li>\n\n\n\n<li>precariet\u00e0 estrema del lavoro<\/li>\n<\/ul>\n\n\n\n<p>Da pi\u00f9 di un secolo la dottrina sociale della Chiesa insiste fortemente su questa questione.<\/p>\n\n\n\n<p>La giustizia economica fa parte della morale cristiana.<\/p>\n\n\n\n<hr class=\"wp-block-separator has-alpha-channel-opacity\"\/>\n\n\n\n<h1 class=\"wp-block-heading\">Che cosa hanno in comune questi peccati?<\/h1>\n\n\n\n<p>Se osserviamo attentamente, tutti e quattro condividono qualcosa di essenziale.<\/p>\n\n\n\n<p>Tutti implicano <strong>una grave ingiustizia contro persone vulnerabili<\/strong>.<\/p>\n\n\n\n<ul class=\"wp-block-list\">\n<li>l\u2019innocente assassinato<\/li>\n\n\n\n<li>la dignit\u00e0 umana degradata<\/li>\n\n\n\n<li>il povero oppresso<\/li>\n\n\n\n<li>il lavoratore sfruttato<\/li>\n<\/ul>\n\n\n\n<p>Non sono solo peccati individuali.<br>Sono peccati <strong>che distruggono la giustizia sociale e la dignit\u00e0 umana<\/strong>.<\/p>\n\n\n\n<p>Per questo si dice che <strong>gridano al cielo<\/strong>.<\/p>\n\n\n\n<p>Perch\u00e9 le vittime spesso <strong>non hanno voce sulla terra<\/strong>.<\/p>\n\n\n\n<p>Ma ce l\u2019hanno davanti a Dio.<\/p>\n\n\n\n<hr class=\"wp-block-separator has-alpha-channel-opacity\"\/>\n\n\n\n<h1 class=\"wp-block-heading\">La risposta cristiana: conversione e giustizia<\/h1>\n\n\n\n<p>Di fronte a questa realt\u00e0, il messaggio cristiano non \u00e8 la disperazione, ma <strong>la conversione<\/strong>.<\/p>\n\n\n\n<p>La Bibbia non denuncia mai il peccato solo per condannare.<br>Lo fa per <strong>chiamare il cuore umano al cambiamento<\/strong>.<\/p>\n\n\n\n<p>Dio \u00e8 giusto, ma \u00e8 anche misericordioso.<\/p>\n\n\n\n<p>Il Vangelo \u00e8 pieno di storie di peccatori che hanno cambiato radicalmente la loro vita.<\/p>\n\n\n\n<p>La grazia pu\u00f2 trasformare anche i cuori pi\u00f9 induriti.<\/p>\n\n\n\n<hr class=\"wp-block-separator has-alpha-channel-opacity\"\/>\n\n\n\n<h1 class=\"wp-block-heading\">Applicazioni pratiche per la vita quotidiana<\/h1>\n\n\n\n<p>Questo tema non \u00e8 solo teorico. Ha conseguenze molto concrete per la nostra vita.<\/p>\n\n\n\n<p>Possiamo chiederci:<\/p>\n\n\n\n<ul class=\"wp-block-list\">\n<li>Difendo la vita umana in ogni fase?<\/li>\n\n\n\n<li>Rispetto la dignit\u00e0 degli altri nel mio comportamento?<\/li>\n\n\n\n<li>Sono indifferente alla sofferenza dei poveri?<\/li>\n\n\n\n<li>Agisco con giustizia nel mio lavoro o verso coloro che lavorano per me?<\/li>\n<\/ul>\n\n\n\n<p>La santit\u00e0 cristiana si vive <strong>nelle decisioni concrete di ogni giorno<\/strong>.<\/p>\n\n\n\n<p>Non si tratta solo di evitare il male, ma di <strong>costruire un mondo pi\u00f9 giusto secondo il Vangelo<\/strong>.<\/p>\n\n\n\n<hr class=\"wp-block-separator has-alpha-channel-opacity\"\/>\n\n\n\n<h1 class=\"wp-block-heading\">Un avvertimento\u2026 e una speranza<\/h1>\n\n\n\n<p>L\u2019espressione \u00abpeccati che gridano al cielo\u00bb pu\u00f2 sembrare dura.<\/p>\n\n\n\n<p>E lo \u00e8.<\/p>\n\n\n\n<p>Ma ricorda anche qualcosa di profondamente consolante:<\/p>\n\n\n\n<p><strong>Dio non \u00e8 indifferente alla sofferenza umana.<\/strong><\/p>\n\n\n\n<p>Quando l\u2019ingiustizia sembra trionfare, quando gli innocenti soffrono e nessuno li ascolta, la fede cristiana proclama con forza:<\/p>\n\n\n\n<p>Dio ascolta.<\/p>\n\n\n\n<p>Nulla \u00e8 nascosto davanti a Lui.<\/p>\n\n\n\n<hr class=\"wp-block-separator has-alpha-channel-opacity\"\/>\n\n\n\n<h1 class=\"wp-block-heading\">Conclusione: un invito a risvegliare la coscienza<\/h1>\n\n\n\n<p>In una cultura in cui tutto viene spesso relativizzato, la dottrina dei peccati che gridano al cielo \u00e8 un richiamo necessario.<\/p>\n\n\n\n<p>Ci ricorda che:<\/p>\n\n\n\n<ul class=\"wp-block-list\">\n<li>la vita umana \u00e8 sacra<\/li>\n\n\n\n<li>la dignit\u00e0 umana \u00e8 inviolabile<\/li>\n\n\n\n<li>la giustizia sociale conta<\/li>\n\n\n\n<li>Dio ascolta il grido degli oppressi<\/li>\n<\/ul>\n\n\n\n<p>Non \u00e8 un insegnamento destinato a incutere paura.<\/p>\n\n\n\n<p>\u00c8 <strong>un invito a risvegliare la coscienza<\/strong>.<\/p>\n\n\n\n<p>Perch\u00e9 la vera civilt\u00e0 si costruisce quando le persone vivono secondo la verit\u00e0, la giustizia e l\u2019amore.<\/p>\n\n\n\n<p>E questo cammino comincia sempre con qualcosa di molto semplice e molto profondo:<\/p>\n\n\n\n<p><strong>la conversione del cuore.<\/strong><\/p>\n","protected":false},"excerpt":{"rendered":"<p>Viviamo in un\u2019epoca che parla molto di diritti, ma molto poco di peccato. Si parla molto di libert\u00e0, ma raramente di responsabilit\u00e0. Eppure la tradizione cristiana ha sempre insegnato che non tutti i peccati sono uguali. Alcuni hanno una gravit\u00e0 particolare perch\u00e9 non offendono solo Dio: distruggono l\u2019ordine stesso della giustizia e della dignit\u00e0 umana. &hellip;<\/p>\n","protected":false},"author":3,"featured_media":5349,"comment_status":"closed","ping_status":"closed","sticky":false,"template":"","format":"standard","meta":{"_seopress_robots_primary_cat":"","_seopress_titles_title":"","_seopress_titles_desc":"","_seopress_robots_index":"","footnotes":""},"categories":[43,37],"tags":[1938],"class_list":["post-5348","post","type-post","status-publish","format-standard","has-post-thumbnail","","category-catechismo-della-chiesa-cattolica","category-dottrina-e-fede","tag-peccati-che-gridano-al-cielo"],"_links":{"self":[{"href":"https:\/\/catholicus.eu\/it\/wp-json\/wp\/v2\/posts\/5348","targetHints":{"allow":["GET"]}}],"collection":[{"href":"https:\/\/catholicus.eu\/it\/wp-json\/wp\/v2\/posts"}],"about":[{"href":"https:\/\/catholicus.eu\/it\/wp-json\/wp\/v2\/types\/post"}],"author":[{"embeddable":true,"href":"https:\/\/catholicus.eu\/it\/wp-json\/wp\/v2\/users\/3"}],"replies":[{"embeddable":true,"href":"https:\/\/catholicus.eu\/it\/wp-json\/wp\/v2\/comments?post=5348"}],"version-history":[{"count":1,"href":"https:\/\/catholicus.eu\/it\/wp-json\/wp\/v2\/posts\/5348\/revisions"}],"predecessor-version":[{"id":5350,"href":"https:\/\/catholicus.eu\/it\/wp-json\/wp\/v2\/posts\/5348\/revisions\/5350"}],"wp:featuredmedia":[{"embeddable":true,"href":"https:\/\/catholicus.eu\/it\/wp-json\/wp\/v2\/media\/5349"}],"wp:attachment":[{"href":"https:\/\/catholicus.eu\/it\/wp-json\/wp\/v2\/media?parent=5348"}],"wp:term":[{"taxonomy":"category","embeddable":true,"href":"https:\/\/catholicus.eu\/it\/wp-json\/wp\/v2\/categories?post=5348"},{"taxonomy":"post_tag","embeddable":true,"href":"https:\/\/catholicus.eu\/it\/wp-json\/wp\/v2\/tags?post=5348"}],"curies":[{"name":"wp","href":"https:\/\/api.w.org\/{rel}","templated":true}]}}