{"id":5342,"date":"2026-03-16T07:31:19","date_gmt":"2026-03-16T06:31:19","guid":{"rendered":"https:\/\/catholicus.eu\/it\/?p=5342"},"modified":"2026-03-16T07:31:20","modified_gmt":"2026-03-16T06:31:20","slug":"liniquita-il-peccato-che-corrode-lanima-e-normalizza-il-male","status":"publish","type":"post","link":"https:\/\/catholicus.eu\/it\/liniquita-il-peccato-che-corrode-lanima-e-normalizza-il-male\/","title":{"rendered":"L\u2019Iniquit\u00e0: il peccato che corrode l\u2019anima e normalizza il male"},"content":{"rendered":"\n<p>Viviamo in un\u2019epoca strana. Non ci sono mai stati cos\u00ec tanti discorsi su diritti, giustizia, uguaglianza e progresso\u2026 eppure non \u00e8 mai stato cos\u00ec facile vedere come il male si presenti come qualcosa di normale, persino ammirevole.<\/p>\n\n\n\n<p>La corruzione morale viene giustificata.<br>La menzogna diventa strategia.<br>Il peccato si traveste da libert\u00e0.<\/p>\n\n\n\n<p>La Bibbia possiede una parola molto precisa per descrivere questo fenomeno spirituale profondo: <strong>l\u2019iniquit\u00e0<\/strong>.<\/p>\n\n\n\n<p>Ma cosa significa realmente? \u00c8 la stessa cosa del peccato? Perch\u00e9 appare continuamente nelle Sacre Scritture? E perch\u00e9 oggi, pi\u00f9 che mai, abbiamo bisogno di comprenderla?<\/p>\n\n\n\n<p>Questo articolo \u00e8 una guida per capire <strong>che cos\u2019\u00e8 l\u2019iniquit\u00e0, come agisce nel mondo e come combatterla nella vita quotidiana di un cristiano.<\/strong><\/p>\n\n\n\n<hr class=\"wp-block-separator has-alpha-channel-opacity\"\/>\n\n\n\n<h1 class=\"wp-block-heading\">1. Che cos\u2019\u00e8 l\u2019iniquit\u00e0? Molto pi\u00f9 che \u201cfare qualcosa di sbagliato\u201d<\/h1>\n\n\n\n<p>Nel linguaggio comune, <strong>peccato<\/strong> e <strong>iniquit\u00e0<\/strong> vengono spesso usati come sinonimi, ma nella teologia biblica hanno sfumature diverse.<\/p>\n\n\n\n<p>Nella Scrittura, la parola ebraica <strong>\u201cavon\u201d<\/strong> e quella greca <strong>\u201canomia\u201d<\/strong> indicano qualcosa di pi\u00f9 profondo di una semplice colpa.<\/p>\n\n\n\n<p><strong>L\u2019iniquit\u00e0 \u00e8 il male interiore che deforma la coscienza fino a far apparire il peccato come qualcosa di normale o accettabile.<\/strong><\/p>\n\n\n\n<p>Potremmo dirlo cos\u00ec:<\/p>\n\n\n\n<ul class=\"wp-block-list\">\n<li><strong>Peccato:<\/strong> l\u2019atto concreto di male.<\/li>\n\n\n\n<li><strong>Iniquit\u00e0:<\/strong> la disposizione interiore che fa apparire il male come normale o accettabile.<\/li>\n<\/ul>\n\n\n\n<p>L\u2019iniquit\u00e0 <strong>non consiste soltanto nel commettere un errore<\/strong>, ma nel <strong>pervertire il senso del bene e del male<\/strong>.<\/p>\n\n\n\n<p>\u00c8 il momento in cui l\u2019uomo smette di dire:<\/p>\n\n\n\n<blockquote class=\"wp-block-quote is-layout-flow wp-block-quote-is-layout-flow\">\n<p>\u201cQuesto \u00e8 sbagliato, ma lo faccio.\u201d<\/p>\n<\/blockquote>\n\n\n\n<p>e comincia a dire:<\/p>\n\n\n\n<blockquote class=\"wp-block-quote is-layout-flow wp-block-quote-is-layout-flow\">\n<p>\u201cQuesto non \u00e8 sbagliato\u2026 il problema \u00e8 chi lo critica.\u201d<\/p>\n<\/blockquote>\n\n\n\n<p>\u00c8 l\u00ec che appare l\u2019iniquit\u00e0.<\/p>\n\n\n\n<hr class=\"wp-block-separator has-alpha-channel-opacity\"\/>\n\n\n\n<h1 class=\"wp-block-heading\">2. L\u2019iniquit\u00e0 nella Bibbia: una ferita che attraversa la storia umana<\/h1>\n\n\n\n<p>Fin dalle prime pagine della Bibbia, l\u2019iniquit\u00e0 appare come <strong>una forza che si diffonde e si accumula<\/strong>.<\/p>\n\n\n\n<p>Nell\u2019Antico Testamento si ripete continuamente l\u2019espressione <strong>\u201cportare l\u2019iniquit\u00e0\u201d<\/strong> o <strong>\u201criempire la misura dell\u2019iniquit\u00e0\u201d<\/strong>.<\/p>\n\n\n\n<p>Questo rivela qualcosa di importante:<br>l\u2019iniquit\u00e0 <strong>non \u00e8 solo individuale, pu\u00f2 anche essere collettiva<\/strong>.<\/p>\n\n\n\n<p>Quando una societ\u00e0 comincia a chiamare bene ci\u00f2 che Dio chiama male, l\u2019iniquit\u00e0 <strong>si istituzionalizza<\/strong>.<\/p>\n\n\n\n<p>Il libro della Genesi descrive cos\u00ec la situazione prima del Diluvio:<\/p>\n\n\n\n<blockquote class=\"wp-block-quote is-layout-flow wp-block-quote-is-layout-flow\">\n<p>\u201cIl Signore vide che la malvagit\u00e0 degli uomini era grande sulla terra e che ogni disegno concepito dal loro cuore non era altro che male.\u201d<br>(Genesi 6,5)<\/p>\n<\/blockquote>\n\n\n\n<p>Non si tratta solo di azioni cattive.<br><strong>Il cuore stesso si era deformato.<\/strong><\/p>\n\n\n\n<hr class=\"wp-block-separator has-alpha-channel-opacity\"\/>\n\n\n\n<h1 class=\"wp-block-heading\">3. Il mistero dell\u2019iniquit\u00e0 di cui parla San Paolo<\/h1>\n\n\n\n<p>Il Nuovo Testamento approfondisce ancora di pi\u00f9 questo fenomeno.<\/p>\n\n\n\n<p>San Paolo usa un\u2019espressione impressionante:<\/p>\n\n\n\n<blockquote class=\"wp-block-quote is-layout-flow wp-block-quote-is-layout-flow\">\n<p>\u201cIl mistero dell\u2019iniquit\u00e0 \u00e8 gi\u00e0 in atto.\u201d<br>(2 Tessalonicesi 2,7)<\/p>\n<\/blockquote>\n\n\n\n<p>Perch\u00e9 parla di <strong>mistero<\/strong>?<\/p>\n\n\n\n<p>Perch\u00e9 l\u2019iniquit\u00e0 ha qualcosa di profondamente sconcertante:<\/p>\n\n\n\n<ul class=\"wp-block-list\">\n<li>si infiltra lentamente;<\/li>\n\n\n\n<li>si traveste da bene;<\/li>\n\n\n\n<li>seduce perfino persone apparentemente buone.<\/li>\n<\/ul>\n\n\n\n<p>Non appare all\u2019improvviso.<br><strong>Cresce in silenzio nella cultura, nelle strutture sociali e nel cuore umano.<\/strong><\/p>\n\n\n\n<p>La storia dimostra che ogni volta che l\u2019iniquit\u00e0 viene normalizzata, le conseguenze sono devastanti:<\/p>\n\n\n\n<ul class=\"wp-block-list\">\n<li>persecuzioni<\/li>\n\n\n\n<li>ingiustizie<\/li>\n\n\n\n<li>decadenza morale<\/li>\n\n\n\n<li>violenza istituzionalizzata<\/li>\n<\/ul>\n\n\n\n<hr class=\"wp-block-separator has-alpha-channel-opacity\"\/>\n\n\n\n<h1 class=\"wp-block-heading\">4. L\u2019iniquit\u00e0 comincia nel cuore<\/h1>\n\n\n\n<p>Prima di manifestarsi nelle leggi, nelle ideologie o nelle strutture sociali, l\u2019iniquit\u00e0 <strong>comincia all\u2019interno dell\u2019uomo<\/strong>.<\/p>\n\n\n\n<p>Ges\u00f9 Cristo lo spieg\u00f2 chiaramente:<\/p>\n\n\n\n<blockquote class=\"wp-block-quote is-layout-flow wp-block-quote-is-layout-flow\">\n<p>\u201cDal cuore infatti provengono propositi malvagi: omicidi, adulteri, impurit\u00e0, furti, false testimonianze e bestemmie.\u201d<br>(Matteo 15,19)<\/p>\n<\/blockquote>\n\n\n\n<p>Il peccato non nasce dalle circostanze.<\/p>\n\n\n\n<p>Nasce quando il cuore smette di cercare la verit\u00e0.<\/p>\n\n\n\n<p>Prima appare una piccola giustificazione:<\/p>\n\n\n\n<ul class=\"wp-block-list\">\n<li>\u201cNon \u00e8 cos\u00ec grave.\u201d<\/li>\n\n\n\n<li>\u201cLo fanno tutti.\u201d<\/li>\n\n\n\n<li>\u201cDio capir\u00e0.\u201d<\/li>\n<\/ul>\n\n\n\n<p>Poi l\u2019anima si abitua.<\/p>\n\n\n\n<p>E infine il male diventa <strong>un modo di pensare<\/strong>.<\/p>\n\n\n\n<p>A quel punto l\u2019iniquit\u00e0 ha gi\u00e0 messo radici.<\/p>\n\n\n\n<hr class=\"wp-block-separator has-alpha-channel-opacity\"\/>\n\n\n\n<h1 class=\"wp-block-heading\">5. La normalizzazione del male: il segno pi\u00f9 chiaro dell\u2019iniquit\u00e0<\/h1>\n\n\n\n<p>L\u2019iniquit\u00e0 ha un sintomo molto chiaro:<br><strong>quando il male smette di scandalizzare.<\/strong><\/p>\n\n\n\n<p>Il profeta Isaia lo denunciava gi\u00e0 pi\u00f9 di 2700 anni fa:<\/p>\n\n\n\n<blockquote class=\"wp-block-quote is-layout-flow wp-block-quote-is-layout-flow\">\n<p>\u201cGuai a coloro che chiamano bene il male e male il bene!\u201d<br>(Isaia 5,20)<\/p>\n<\/blockquote>\n\n\n\n<p>Quel versetto sembra scritto per il nostro tempo.<\/p>\n\n\n\n<p>Oggi vediamo:<\/p>\n\n\n\n<ul class=\"wp-block-list\">\n<li>la menzogna trasformata in strategia politica<\/li>\n\n\n\n<li>la corruzione presentata come abilit\u00e0<\/li>\n\n\n\n<li>il peccato difeso come un diritto<\/li>\n\n\n\n<li>la fede ridicolizzata come arretratezza<\/li>\n<\/ul>\n\n\n\n<p>L\u2019iniquit\u00e0 non si limita a tollerare il male.<\/p>\n\n\n\n<p><strong>Lo celebra.<\/strong><\/p>\n\n\n\n<hr class=\"wp-block-separator has-alpha-channel-opacity\"\/>\n\n\n\n<h1 class=\"wp-block-heading\">6. Cristo \u00e8 venuto a distruggere l\u2019iniquit\u00e0<\/h1>\n\n\n\n<p>Il Vangelo non ignora questo problema.<br>Anzi, <strong>la missione di Cristo \u00e8 direttamente collegata alla liberazione dall\u2019iniquit\u00e0<\/strong>.<\/p>\n\n\n\n<p>Nella profezia di Isaia sul Messia leggiamo:<\/p>\n\n\n\n<blockquote class=\"wp-block-quote is-layout-flow wp-block-quote-is-layout-flow\">\n<p>\u201cIl Signore fece ricadere su di lui l\u2019iniquit\u00e0 di noi tutti.\u201d<br>(Isaia 53,6)<\/p>\n<\/blockquote>\n\n\n\n<p>Ges\u00f9 non si limita a perdonare i peccati.<\/p>\n\n\n\n<p><strong>Estirpa la radice stessa del male nel cuore umano.<\/strong><\/p>\n\n\n\n<p>Per questo il cristianesimo non \u00e8 soltanto una morale.<br>\u00c8 <strong>una trasformazione interiore<\/strong>.<\/p>\n\n\n\n<p>Cristo non \u00e8 venuto solo per migliorare il comportamento esteriore.<\/p>\n\n\n\n<p>\u00c8 venuto per <strong>rigenerare il cuore<\/strong>.<\/p>\n\n\n\n<hr class=\"wp-block-separator has-alpha-channel-opacity\"\/>\n\n\n\n<h1 class=\"wp-block-heading\">7. I tre modi in cui l\u2019iniquit\u00e0 agisce oggi<\/h1>\n\n\n\n<p>Anche se la parola pu\u00f2 sembrare antica, l\u2019iniquit\u00e0 \u00e8 molto presente nel mondo moderno.<\/p>\n\n\n\n<p>Possiamo vederla agire in tre modi.<\/p>\n\n\n\n<h3 class=\"wp-block-heading\">1. L\u2019iniquit\u00e0 personale<\/h3>\n\n\n\n<p>Quando giustifichiamo le nostre colpe e smettiamo di esaminarci.<\/p>\n\n\n\n<p>Il pericolo non \u00e8 cadere.<\/p>\n\n\n\n<p>Il pericolo \u00e8 <strong>smettere di riconoscere la caduta<\/strong>.<\/p>\n\n\n\n<hr class=\"wp-block-separator has-alpha-channel-opacity\"\/>\n\n\n\n<h3 class=\"wp-block-heading\">2. L\u2019iniquit\u00e0 culturale<\/h3>\n\n\n\n<p>Quando una societ\u00e0 promuove valori contrari al Vangelo.<\/p>\n\n\n\n<p>Questo accade quando:<\/p>\n\n\n\n<ul class=\"wp-block-list\">\n<li>la vita perde il suo valore<\/li>\n\n\n\n<li>la verit\u00e0 diventa relativa<\/li>\n\n\n\n<li>la fede viene espulsa dallo spazio pubblico<\/li>\n<\/ul>\n\n\n\n<p>La cultura comincia a modellare le coscienze.<\/p>\n\n\n\n<hr class=\"wp-block-separator has-alpha-channel-opacity\"\/>\n\n\n\n<h3 class=\"wp-block-heading\">3. L\u2019iniquit\u00e0 strutturale<\/h3>\n\n\n\n<p>\u00c8 il livello pi\u00f9 pericoloso.<\/p>\n\n\n\n<p>Accade quando <strong>le leggi e le strutture sociali legittimano il male<\/strong>.<\/p>\n\n\n\n<p>A quel punto il peccato non \u00e8 pi\u00f9 soltanto tollerato.<\/p>\n\n\n\n<p><strong>Viene imposto.<\/strong><\/p>\n\n\n\n<hr class=\"wp-block-separator has-alpha-channel-opacity\"\/>\n\n\n\n<h1 class=\"wp-block-heading\">8. Come combattere l\u2019iniquit\u00e0 nella vita cristiana<\/h1>\n\n\n\n<p>La lotta contro l\u2019iniquit\u00e0 non comincia nei parlamenti o sui social network.<\/p>\n\n\n\n<p>Comincia <strong>nell\u2019anima di ogni cristiano<\/strong>.<\/p>\n\n\n\n<p>Ecco cinque armi spirituali fondamentali.<\/p>\n\n\n\n<hr class=\"wp-block-separator has-alpha-channel-opacity\"\/>\n\n\n\n<h2 class=\"wp-block-heading\">1. Recuperare l\u2019esame di coscienza<\/h2>\n\n\n\n<p>L\u2019iniquit\u00e0 prospera quando smettiamo di guardare il nostro cuore.<\/p>\n\n\n\n<p>L\u2019esame di coscienza quotidiano \u00e8 una medicina spirituale.<\/p>\n\n\n\n<p>Ci obbliga a chiederci:<\/p>\n\n\n\n<ul class=\"wp-block-list\">\n<li>Sono stato fedele alla verit\u00e0?<\/li>\n\n\n\n<li>Ho giustificato qualcosa che so essere sbagliato?<\/li>\n\n\n\n<li>Sono rimasto in silenzio quando avrei dovuto difendere il bene?<\/li>\n<\/ul>\n\n\n\n<hr class=\"wp-block-separator has-alpha-channel-opacity\"\/>\n\n\n\n<h2 class=\"wp-block-heading\">2. Confessarsi frequentemente<\/h2>\n\n\n\n<p>Il sacramento della confessione <strong>rompe il ciclo dell\u2019auto-giustificazione<\/strong>.<\/p>\n\n\n\n<p>Quando l\u2019anima riconosce il proprio peccato, l\u2019iniquit\u00e0 perde forza.<\/p>\n\n\n\n<p>La grazia illumina di nuovo la coscienza.<\/p>\n\n\n\n<hr class=\"wp-block-separator has-alpha-channel-opacity\"\/>\n\n\n\n<h2 class=\"wp-block-heading\">3. Formare la coscienza<\/h2>\n\n\n\n<p>Molti cristiani oggi vivono nella confusione perch\u00e9 <strong>non conoscono la dottrina della Chiesa<\/strong>.<\/p>\n\n\n\n<p>L\u2019ignoranza morale rende l\u2019anima vulnerabile.<\/p>\n\n\n\n<p>Leggere la Scrittura, il Catechismo e la tradizione spirituale \u00e8 essenziale.<\/p>\n\n\n\n<hr class=\"wp-block-separator has-alpha-channel-opacity\"\/>\n\n\n\n<h2 class=\"wp-block-heading\">4. Non normalizzare il male<\/h2>\n\n\n\n<p>Il cristiano \u00e8 chiamato a vivere <strong>nel mondo ma non secondo il mondo<\/strong>.<\/p>\n\n\n\n<p>Questo richiede coraggio.<\/p>\n\n\n\n<p>A volte significher\u00e0:<\/p>\n\n\n\n<ul class=\"wp-block-list\">\n<li>andare controcorrente<\/li>\n\n\n\n<li>sopportare critiche<\/li>\n\n\n\n<li>essere fraintesi<\/li>\n<\/ul>\n\n\n\n<p>Ma la fedelt\u00e0 ha sempre un prezzo.<\/p>\n\n\n\n<hr class=\"wp-block-separator has-alpha-channel-opacity\"\/>\n\n\n\n<h2 class=\"wp-block-heading\">5. Vivere nella grazia<\/h2>\n\n\n\n<p>L\u2019iniquit\u00e0 si combatte con <strong>la santit\u00e0<\/strong>.<\/p>\n\n\n\n<p>Dove ci sono anime sante:<\/p>\n\n\n\n<ul class=\"wp-block-list\">\n<li>la menzogna perde forza<\/li>\n\n\n\n<li>il peccato perde attrazione<\/li>\n\n\n\n<li>la luce di Cristo brilla pi\u00f9 chiaramente<\/li>\n<\/ul>\n\n\n\n<p>La santit\u00e0 non \u00e8 un ideale per pochi.<\/p>\n\n\n\n<p>\u00c8 <strong>la vera rivoluzione cristiana<\/strong>.<\/p>\n\n\n\n<hr class=\"wp-block-separator has-alpha-channel-opacity\"\/>\n\n\n\n<h1 class=\"wp-block-heading\">9. Il grande inganno del nostro tempo<\/h1>\n\n\n\n<p>Forse la pi\u00f9 grande vittoria dell\u2019iniquit\u00e0 oggi \u00e8 aver convinto molte persone <strong>che non esista pi\u00f9<\/strong>.<\/p>\n\n\n\n<p>Si parla di errori, debolezze, fallimenti\u2026<\/p>\n\n\n\n<p>ma non si parla pi\u00f9 di peccato.<\/p>\n\n\n\n<p>E quando scompare la coscienza del peccato, scompare anche <strong>il bisogno di salvezza<\/strong>.<\/p>\n\n\n\n<p>Per questo i cristiani hanno una missione urgente:<br><strong>tornare a chiamare le cose con il loro vero nome<\/strong>.<\/p>\n\n\n\n<p>Non per condannare il mondo.<\/p>\n\n\n\n<p>Ma per <strong>aprire la strada alla misericordia di Dio<\/strong>.<\/p>\n\n\n\n<hr class=\"wp-block-separator has-alpha-channel-opacity\"\/>\n\n\n\n<h1 class=\"wp-block-heading\">10. Una speranza che l\u2019iniquit\u00e0 non pu\u00f2 spegnere<\/h1>\n\n\n\n<p>Anche se il male sembra crescere, la storia cristiana ci ricorda qualcosa di fondamentale:<\/p>\n\n\n\n<p><strong>l\u2019iniquit\u00e0 non ha mai l\u2019ultima parola.<\/strong><\/p>\n\n\n\n<p>Cristo ha gi\u00e0 vinto il peccato.<\/p>\n\n\n\n<p>La croce sembra una sconfitta\u2026<br>ma \u00e8 l\u2019inizio della redenzione.<\/p>\n\n\n\n<p>E ogni anima che ritorna a Dio indebolisce il potere dell\u2019iniquit\u00e0 nel mondo.<\/p>\n\n\n\n<p>Perch\u00e9 la vera battaglia non si combatte solo nelle strutture della societ\u00e0.<\/p>\n\n\n\n<p>Si combatte <strong>nel cuore umano<\/strong>.<\/p>\n\n\n\n<p>E l\u00ec, quando l\u2019uomo si apre alla grazia, <strong>la luce vince sempre sulle tenebre<\/strong>.<\/p>\n\n\n\n<hr class=\"wp-block-separator has-alpha-channel-opacity\"\/>\n\n\n\n<p>\ud83d\udca1 <strong>Riflessione finale<\/strong><\/p>\n\n\n\n<p>La domanda non \u00e8 solo se il mondo sia pieno di iniquit\u00e0.<\/p>\n\n\n\n<p>La domanda \u00e8 molto pi\u00f9 personale:<\/p>\n\n\n\n<p><strong>Quale posto occupa la verit\u00e0 di Dio nel mio cuore?<\/strong><\/p>\n\n\n\n<p>Perch\u00e9 ogni volta che un cristiano sceglie il bene, anche nelle piccole cose, accade qualcosa di invisibile ma potente:<\/p>\n\n\n\n<p>l\u2019iniquit\u00e0 perde terreno\u2026<br>e il Regno di Dio avanza.<\/p>\n","protected":false},"excerpt":{"rendered":"<p>Viviamo in un\u2019epoca strana. Non ci sono mai stati cos\u00ec tanti discorsi su diritti, giustizia, uguaglianza e progresso\u2026 eppure non \u00e8 mai stato cos\u00ec facile vedere come il male si presenti come qualcosa di normale, persino ammirevole. La corruzione morale viene giustificata.La menzogna diventa strategia.Il peccato si traveste da libert\u00e0. La Bibbia possiede una parola &hellip;<\/p>\n","protected":false},"author":3,"featured_media":5343,"comment_status":"closed","ping_status":"closed","sticky":false,"template":"","format":"standard","meta":{"_seopress_robots_primary_cat":"","_seopress_titles_title":"","_seopress_titles_desc":"","_seopress_robots_index":"","footnotes":""},"categories":[43,37],"tags":[1936],"class_list":["post-5342","post","type-post","status-publish","format-standard","has-post-thumbnail","","category-catechismo-della-chiesa-cattolica","category-dottrina-e-fede","tag-iniquita"],"_links":{"self":[{"href":"https:\/\/catholicus.eu\/it\/wp-json\/wp\/v2\/posts\/5342","targetHints":{"allow":["GET"]}}],"collection":[{"href":"https:\/\/catholicus.eu\/it\/wp-json\/wp\/v2\/posts"}],"about":[{"href":"https:\/\/catholicus.eu\/it\/wp-json\/wp\/v2\/types\/post"}],"author":[{"embeddable":true,"href":"https:\/\/catholicus.eu\/it\/wp-json\/wp\/v2\/users\/3"}],"replies":[{"embeddable":true,"href":"https:\/\/catholicus.eu\/it\/wp-json\/wp\/v2\/comments?post=5342"}],"version-history":[{"count":1,"href":"https:\/\/catholicus.eu\/it\/wp-json\/wp\/v2\/posts\/5342\/revisions"}],"predecessor-version":[{"id":5344,"href":"https:\/\/catholicus.eu\/it\/wp-json\/wp\/v2\/posts\/5342\/revisions\/5344"}],"wp:featuredmedia":[{"embeddable":true,"href":"https:\/\/catholicus.eu\/it\/wp-json\/wp\/v2\/media\/5343"}],"wp:attachment":[{"href":"https:\/\/catholicus.eu\/it\/wp-json\/wp\/v2\/media?parent=5342"}],"wp:term":[{"taxonomy":"category","embeddable":true,"href":"https:\/\/catholicus.eu\/it\/wp-json\/wp\/v2\/categories?post=5342"},{"taxonomy":"post_tag","embeddable":true,"href":"https:\/\/catholicus.eu\/it\/wp-json\/wp\/v2\/tags?post=5342"}],"curies":[{"name":"wp","href":"https:\/\/api.w.org\/{rel}","templated":true}]}}