{"id":5336,"date":"2026-03-15T22:00:05","date_gmt":"2026-03-15T21:00:05","guid":{"rendered":"https:\/\/catholicus.eu\/it\/?p=5336"},"modified":"2026-03-15T22:00:05","modified_gmt":"2026-03-15T21:00:05","slug":"il-mito-del-giudeo-cristiano-unespressione-moderna-che-molti-usano-senza-capirla","status":"publish","type":"post","link":"https:\/\/catholicus.eu\/it\/il-mito-del-giudeo-cristiano-unespressione-moderna-che-molti-usano-senza-capirla\/","title":{"rendered":"Il mito del \u201cgiudeo-cristiano\u201d: un\u2019espressione moderna che molti usano senza capirla"},"content":{"rendered":"\n<p>Nei dibattiti culturali di oggi compare spesso un\u2019espressione che sembra molto rispettabile: <strong>\u201cvalori giudeo-cristiani\u201d<\/strong>. Politici, giornalisti e commentatori la ripetono continuamente. Suona solida, conciliatrice, quasi sacra.<\/p>\n\n\n\n<p>Ma quando ci si ferma un momento a riflettere su cosa significhi davvero, emerge qualcosa di sorprendente: <strong>si tratta di un\u2019espressione relativamente recente, ambigua e spesso usata senza rigore storico o teologico.<\/strong><\/p>\n\n\n\n<p>Questo articolo non ha lo scopo di attaccare qualcuno n\u00e9 di disprezzare una tradizione religiosa. L\u2019obiettivo \u00e8 <strong>spiegare con chiarezza \u2014 da una prospettiva teologica cristiana \u2014 quale relazione esista realmente tra cristianesimo ed ebraismo<\/strong>, quali differenze fondamentali li separino e perch\u00e9 l\u2019espressione \u201cgiudeo-cristiano\u201d possa risultare fuorviante se utilizzata senza le dovute sfumature.<\/p>\n\n\n\n<p>Comprendere questo non \u00e8 solo un esercizio accademico. <strong>Ci aiuta a comprendere meglio la nostra fede, la storia della salvezza e il posto che Ges\u00f9 Cristo occupa nel piano di Dio.<\/strong><\/p>\n\n\n\n<hr class=\"wp-block-separator has-alpha-channel-opacity\"\/>\n\n\n\n<h1 class=\"wp-block-heading\">1. Un\u2019espressione sorprendentemente moderna<\/h1>\n\n\n\n<p>Molte persone credono che il termine \u201cgiudeo-cristiano\u201d provenga dai primi secoli della Chiesa. Tuttavia <strong>non \u00e8 cos\u00ec<\/strong>.<\/p>\n\n\n\n<p>L\u2019espressione si diffuse soprattutto nel <strong>XX secolo<\/strong>, in particolare dopo la Seconda guerra mondiale, quando alcuni pensatori occidentali vollero sottolineare l\u2019eredit\u00e0 religiosa comune dell\u2019Europa e dell\u2019America.<\/p>\n\n\n\n<p>Veniva usata per dire:<\/p>\n\n\n\n<ul class=\"wp-block-list\">\n<li>che la civilt\u00e0 occidentale ha radici religiose,<\/li>\n\n\n\n<li>che la Bibbia ha influenzato la cultura,<\/li>\n\n\n\n<li>e che ebrei e cristiani condividono alcuni elementi etici.<\/li>\n<\/ul>\n\n\n\n<p>Ma da un <strong>punto di vista teologico rigoroso<\/strong>, questa espressione pu\u00f2 essere problematica, perch\u00e9 <strong>cristianesimo ed ebraismo non sono semplicemente due rami della stessa religione<\/strong>.<\/p>\n\n\n\n<p>La fede cristiana afferma qualcosa di radicale: <strong>Ges\u00f9 Cristo \u00e8 il compimento definitivo della rivelazione di Dio.<\/strong><\/p>\n\n\n\n<p>E questa affermazione cambia completamente la prospettiva.<\/p>\n\n\n\n<hr class=\"wp-block-separator has-alpha-channel-opacity\"\/>\n\n\n\n<h1 class=\"wp-block-heading\">2. Il cristianesimo nasce nel giudaismo\u2026 ma non rimane in esso<\/h1>\n\n\n\n<p>Dal punto di vista storico bisogna dire qualcosa di molto importante:<\/p>\n\n\n\n<p><strong>Ges\u00f9, gli apostoli e la prima comunit\u00e0 cristiana erano ebrei.<\/strong><\/p>\n\n\n\n<p>Il cristianesimo \u00e8 nato all\u2019interno del popolo di Israele. Questo \u00e8 un fatto storico e biblico.<\/p>\n\n\n\n<p>Ges\u00f9 stesso afferma:<\/p>\n\n\n\n<blockquote class=\"wp-block-quote is-layout-flow wp-block-quote-is-layout-flow\">\n<p>\u201cLa salvezza viene dai Giudei.\u201d<br>(Giovanni 4,22)<\/p>\n<\/blockquote>\n\n\n\n<p>Per secoli Dio ha preparato la venuta del Messia attraverso:<\/p>\n\n\n\n<ul class=\"wp-block-list\">\n<li>la Legge di Mos\u00e8<\/li>\n\n\n\n<li>i profeti<\/li>\n\n\n\n<li>la storia di Israele<\/li>\n<\/ul>\n\n\n\n<p>Tutto l\u2019Antico Testamento indica Cristo.<\/p>\n\n\n\n<p>Ma qui sta il punto centrale: <strong>per il cristianesimo questa storia trova la sua pienezza in Ges\u00f9.<\/strong><\/p>\n\n\n\n<p>Come dice il Vangelo:<\/p>\n\n\n\n<blockquote class=\"wp-block-quote is-layout-flow wp-block-quote-is-layout-flow\">\n<p>\u201cNon pensate che io sia venuto ad abolire la Legge o i Profeti; non sono venuto ad abolire, ma a dare compimento.\u201d<br>(Matteo 5,17)<\/p>\n<\/blockquote>\n\n\n\n<p>La fede cristiana afferma che <strong>le promesse fatte a Israele si compiono in Cristo<\/strong>.<\/p>\n\n\n\n<p>Per questo il cristianesimo non \u00e8 semplicemente una continuazione del giudaismo.<\/p>\n\n\n\n<p>\u00c8 il suo <strong>compimento trasformante<\/strong>.<\/p>\n\n\n\n<hr class=\"wp-block-separator has-alpha-channel-opacity\"\/>\n\n\n\n<h1 class=\"wp-block-heading\">3. La separazione storica<\/h1>\n\n\n\n<p>Dopo la predicazione di Ges\u00f9 accadde qualcosa di decisivo.<\/p>\n\n\n\n<p>La maggior parte delle autorit\u00e0 religiose di Israele <strong>non accett\u00f2 Ges\u00f9 come Messia<\/strong>.<\/p>\n\n\n\n<p>Questo rifiuto appare chiaramente nei Vangeli e negli Atti degli Apostoli.<\/p>\n\n\n\n<p>San Giovanni lo esprime con parole drammatiche:<\/p>\n\n\n\n<blockquote class=\"wp-block-quote is-layout-flow wp-block-quote-is-layout-flow\">\n<p>\u201cVenne fra i suoi, e i suoi non lo hanno accolto.\u201d<br>(Giovanni 1,11)<\/p>\n<\/blockquote>\n\n\n\n<p>Da quel momento si produsse una separazione storica:<\/p>\n\n\n\n<ul class=\"wp-block-list\">\n<li>l\u2019ebraismo continu\u00f2 ad attendere il Messia;<\/li>\n\n\n\n<li>il cristianesimo proclam\u00f2 che <strong>il Messia era gi\u00e0 venuto<\/strong>.<\/li>\n<\/ul>\n\n\n\n<p>Questa differenza non \u00e8 secondaria.<\/p>\n\n\n\n<p>\u00c8 <strong>la differenza centrale tra le due religioni<\/strong>.<\/p>\n\n\n\n<hr class=\"wp-block-separator has-alpha-channel-opacity\"\/>\n\n\n\n<h1 class=\"wp-block-heading\">4. La differenza fondamentale: chi \u00e8 Ges\u00f9<\/h1>\n\n\n\n<p>Tutto ruota attorno a una sola domanda:<\/p>\n\n\n\n<p><strong>Chi \u00e8 Ges\u00f9 di Nazaret?<\/strong><\/p>\n\n\n\n<p>Per il cristiano:<\/p>\n\n\n\n<ul class=\"wp-block-list\">\n<li>Ges\u00f9 \u00e8 <strong>il Figlio di Dio<\/strong><\/li>\n\n\n\n<li>il Verbo fatto carne<\/li>\n\n\n\n<li>il Salvatore del mondo<\/li>\n\n\n\n<li>il Signore risorto.<\/li>\n<\/ul>\n\n\n\n<p>Come afferma il prologo del Vangelo di Giovanni:<\/p>\n\n\n\n<blockquote class=\"wp-block-quote is-layout-flow wp-block-quote-is-layout-flow\">\n<p>\u201cIl Verbo si fece carne e venne ad abitare in mezzo a noi.\u201d<br>(Giovanni 1,14)<\/p>\n<\/blockquote>\n\n\n\n<p>Per l\u2019ebraismo, invece:<\/p>\n\n\n\n<ul class=\"wp-block-list\">\n<li>Ges\u00f9 non \u00e8 il Messia atteso<\/li>\n\n\n\n<li>non \u00e8 divino<\/li>\n\n\n\n<li>non fa parte della rivelazione di Dio.<\/li>\n<\/ul>\n\n\n\n<p>Questa differenza \u00e8 cos\u00ec profonda che <strong>definisce due religioni distinte<\/strong>.<\/p>\n\n\n\n<hr class=\"wp-block-separator has-alpha-channel-opacity\"\/>\n\n\n\n<h1 class=\"wp-block-heading\">5. La Nuova Alleanza<\/h1>\n\n\n\n<p>Un altro punto teologico centrale \u00e8 il concetto di <strong>Nuova Alleanza<\/strong>.<\/p>\n\n\n\n<p>Durante l\u2019Ultima Cena Ges\u00f9 dichiara:<\/p>\n\n\n\n<blockquote class=\"wp-block-quote is-layout-flow wp-block-quote-is-layout-flow\">\n<p>\u201cQuesto calice \u00e8 la nuova alleanza nel mio sangue.\u201d<br>(Luca 22,20)<\/p>\n<\/blockquote>\n\n\n\n<p>Per il cristianesimo, la morte e la risurrezione di Cristo inaugurano una nuova alleanza tra Dio e l\u2019umanit\u00e0.<\/p>\n\n\n\n<p>Questo significa che:<\/p>\n\n\n\n<ul class=\"wp-block-list\">\n<li>la salvezza non dipende pi\u00f9 dalla Legge mosaica<\/li>\n\n\n\n<li>ma dalla grazia di Cristo.<\/li>\n<\/ul>\n\n\n\n<p>San Paolo lo spiega con grande forza nelle sue lettere.<\/p>\n\n\n\n<p>Nella Lettera ai Galati scrive:<\/p>\n\n\n\n<blockquote class=\"wp-block-quote is-layout-flow wp-block-quote-is-layout-flow\">\n<p>\u201cL\u2019uomo non \u00e8 giustificato per le opere della Legge, ma per mezzo della fede in Ges\u00f9 Cristo.\u201d<br>(Galati 2,16)<\/p>\n<\/blockquote>\n\n\n\n<p>Questo punto provoc\u00f2 grandi controversie nella Chiesa primitiva.<\/p>\n\n\n\n<p>Alcuni cristiani volevano mantenere tutte le norme del giudaismo.<\/p>\n\n\n\n<p>Ma gli apostoli compresero che <strong>Cristo aveva inaugurato qualcosa di nuovo<\/strong>.<\/p>\n\n\n\n<hr class=\"wp-block-separator has-alpha-channel-opacity\"\/>\n\n\n\n<h1 class=\"wp-block-heading\">6. L\u2019universalit\u00e0 del cristianesimo<\/h1>\n\n\n\n<p>L\u2019ebraismo \u00e8 storicamente legato al popolo di Israele.<\/p>\n\n\n\n<p>Il cristianesimo, invece, nasce con una vocazione universale.<\/p>\n\n\n\n<p>Ges\u00f9 invia i suoi discepoli con queste parole:<\/p>\n\n\n\n<blockquote class=\"wp-block-quote is-layout-flow wp-block-quote-is-layout-flow\">\n<p>\u201cAndate dunque e fate discepoli tutti i popoli.\u201d<br>(Matteo 28,19)<\/p>\n<\/blockquote>\n\n\n\n<p>La salvezza non \u00e8 pi\u00f9 destinata a un solo popolo, ma a tutta l\u2019umanit\u00e0.<\/p>\n\n\n\n<p>Per questo il cristianesimo si diffuse rapidamente:<\/p>\n\n\n\n<ul class=\"wp-block-list\">\n<li>nell\u2019Impero romano<\/li>\n\n\n\n<li>in Europa<\/li>\n\n\n\n<li>in Asia<\/li>\n\n\n\n<li>in Africa.<\/li>\n<\/ul>\n\n\n\n<p>Il messaggio era chiaro:<\/p>\n\n\n\n<p><strong>Cristo \u00e8 il Salvatore di tutti.<\/strong><\/p>\n\n\n\n<hr class=\"wp-block-separator has-alpha-channel-opacity\"\/>\n\n\n\n<h1 class=\"wp-block-heading\">7. Perch\u00e9 allora si parla di \u201cradici giudeo-cristiane\u201d?<\/h1>\n\n\n\n<p>Nonostante queste differenze, una cosa \u00e8 certamente vera:<\/p>\n\n\n\n<p>Il cristianesimo <strong>non pu\u00f2 essere compreso senza l\u2019Antico Testamento<\/strong>.<\/p>\n\n\n\n<p>I cristiani venerano le Scritture di Israele come <strong>Parola di Dio<\/strong>.<\/p>\n\n\n\n<p>La Bibbia cristiana comprende:<\/p>\n\n\n\n<ul class=\"wp-block-list\">\n<li>l\u2019Antico Testamento<\/li>\n\n\n\n<li>il Nuovo Testamento.<\/li>\n<\/ul>\n\n\n\n<p>I profeti, i salmi e la storia di Israele fanno parte della rivelazione divina.<\/p>\n\n\n\n<p>San Paolo usa un\u2019immagine molto bella nella Lettera ai Romani: <strong>l\u2019ulivo<\/strong>.<\/p>\n\n\n\n<p>Dice che i cristiani sono stati innestati nell\u2019albero di Israele.<\/p>\n\n\n\n<p>Questo significa che <strong>la storia della salvezza comincia l\u00ec<\/strong>, anche se raggiunge la sua pienezza in Cristo.<\/p>\n\n\n\n<hr class=\"wp-block-separator has-alpha-channel-opacity\"\/>\n\n\n\n<h1 class=\"wp-block-heading\">8. Il rischio di un linguaggio superficiale<\/h1>\n\n\n\n<p>Il problema nasce quando l\u2019espressione \u201cgiudeo-cristiano\u201d viene usata in modo semplicistico.<\/p>\n\n\n\n<p>A volte viene utilizzata per:<\/p>\n\n\n\n<ul class=\"wp-block-list\">\n<li>diluire le differenze religiose<\/li>\n\n\n\n<li>ridurre la fede a un sistema etico generico<\/li>\n\n\n\n<li>presentare il cristianesimo come una semplice evoluzione culturale.<\/li>\n<\/ul>\n\n\n\n<p>Ma il cristianesimo non \u00e8 soltanto un insieme di valori morali.<\/p>\n\n\n\n<p>\u00c8 prima di tutto <strong>una relazione viva con Ges\u00f9 Cristo<\/strong>.<\/p>\n\n\n\n<p>San Pietro lo espresse chiaramente davanti al Sinedrio:<\/p>\n\n\n\n<blockquote class=\"wp-block-quote is-layout-flow wp-block-quote-is-layout-flow\">\n<p>\u201cIn nessun altro c\u2019\u00e8 salvezza; non vi \u00e8 infatti altro nome dato agli uomini sotto il cielo nel quale \u00e8 stabilito che possiamo essere salvati.\u201d<br>(Atti 4,12)<\/p>\n<\/blockquote>\n\n\n\n<p>Il centro del cristianesimo non \u00e8 una tradizione culturale.<\/p>\n\n\n\n<p>\u00c8 <strong>Cristo stesso<\/strong>.<\/p>\n\n\n\n<hr class=\"wp-block-separator has-alpha-channel-opacity\"\/>\n\n\n\n<h1 class=\"wp-block-heading\">9. Applicazioni spirituali per la vita cristiana<\/h1>\n\n\n\n<p>Comprendere queste realt\u00e0 non \u00e8 solo una questione teorica.<\/p>\n\n\n\n<p>Ha conseguenze molto concrete per la vita spirituale.<\/p>\n\n\n\n<h3 class=\"wp-block-heading\">1. Riscoprire il centro della fede<\/h3>\n\n\n\n<p>Il cristianesimo non \u00e8 semplicemente una tradizione ereditata.<\/p>\n\n\n\n<p>\u00c8 un incontro personale con Cristo.<\/p>\n\n\n\n<h3 class=\"wp-block-heading\">2. Leggere tutta la Bibbia con una prospettiva cristocentrica<\/h3>\n\n\n\n<p>L\u2019Antico Testamento trova il suo pieno significato quando viene letto alla luce di Ges\u00f9.<\/p>\n\n\n\n<p>I Padri della Chiesa ripetevano spesso:<\/p>\n\n\n\n<p><strong>L\u2019Antico Testamento annuncia Cristo; il Nuovo lo rivela.<\/strong><\/p>\n\n\n\n<h3 class=\"wp-block-heading\">3. Vivere la fede con chiarezza<\/h3>\n\n\n\n<p>In un\u2019epoca di confusione religiosa, i cristiani sono chiamati a comprendere bene la propria fede e a viverla con coerenza.<\/p>\n\n\n\n<hr class=\"wp-block-separator has-alpha-channel-opacity\"\/>\n\n\n\n<h1 class=\"wp-block-heading\">10. Tornare al cuore del cristianesimo<\/h1>\n\n\n\n<p>La parola \u201cgiudeo-cristiano\u201d pu\u00f2 avere un\u2019utilit\u00e0 in alcuni contesti culturali o storici.<\/p>\n\n\n\n<p>Ma da un punto di vista teologico dobbiamo ricordare qualcosa di essenziale:<\/p>\n\n\n\n<p>Il cristianesimo non \u00e8 semplicemente una tradizione tra le tante nella storia delle religioni.<\/p>\n\n\n\n<p>\u00c8 l\u2019annuncio di un evento unico:<\/p>\n\n\n\n<p><strong>Dio si \u00e8 fatto uomo in Ges\u00f9 Cristo.<\/strong><\/p>\n\n\n\n<p>E questo evento ha cambiato la storia del mondo.<\/p>\n\n\n\n<p>Per questo, alla fine, rimane la stessa domanda decisiva che Ges\u00f9 pose ai suoi discepoli:<\/p>\n\n\n\n<blockquote class=\"wp-block-quote is-layout-flow wp-block-quote-is-layout-flow\">\n<p>\u201cMa voi, chi dite che io sia?\u201d<br>(Matteo 16,15)<\/p>\n<\/blockquote>\n\n\n\n<p>La risposta a questa domanda definisce tutta la fede cristiana.<\/p>\n\n\n\n<p>E definisce anche il cammino spirituale di ogni credente.<\/p>\n\n\n\n<p>Perch\u00e9 essere cristiani non significa semplicemente appartenere a una tradizione culturale.<\/p>\n\n\n\n<p>Significa <strong>seguire Cristo, confidare in Lui e permettere che la sua vita trasformi la nostra<\/strong>.<\/p>\n\n\n\n<p>Questo \u00e8 il vero cuore della fede cristiana.<\/p>\n","protected":false},"excerpt":{"rendered":"<p>Nei dibattiti culturali di oggi compare spesso un\u2019espressione che sembra molto rispettabile: \u201cvalori giudeo-cristiani\u201d. Politici, giornalisti e commentatori la ripetono continuamente. Suona solida, conciliatrice, quasi sacra. Ma quando ci si ferma un momento a riflettere su cosa significhi davvero, emerge qualcosa di sorprendente: si tratta di un\u2019espressione relativamente recente, ambigua e spesso usata senza rigore &hellip;<\/p>\n","protected":false},"author":3,"featured_media":5337,"comment_status":"closed","ping_status":"closed","sticky":false,"template":"","format":"standard","meta":{"_seopress_robots_primary_cat":"","_seopress_titles_title":"","_seopress_titles_desc":"","_seopress_robots_index":"","footnotes":""},"categories":[66,41],"tags":[1934],"class_list":["post-5336","post","type-post","status-publish","format-standard","has-post-thumbnail","","category-cultura-popolare-e-cattolicesimo","category-fede-e-cultura","tag-giudeo-cristiano"],"_links":{"self":[{"href":"https:\/\/catholicus.eu\/it\/wp-json\/wp\/v2\/posts\/5336","targetHints":{"allow":["GET"]}}],"collection":[{"href":"https:\/\/catholicus.eu\/it\/wp-json\/wp\/v2\/posts"}],"about":[{"href":"https:\/\/catholicus.eu\/it\/wp-json\/wp\/v2\/types\/post"}],"author":[{"embeddable":true,"href":"https:\/\/catholicus.eu\/it\/wp-json\/wp\/v2\/users\/3"}],"replies":[{"embeddable":true,"href":"https:\/\/catholicus.eu\/it\/wp-json\/wp\/v2\/comments?post=5336"}],"version-history":[{"count":1,"href":"https:\/\/catholicus.eu\/it\/wp-json\/wp\/v2\/posts\/5336\/revisions"}],"predecessor-version":[{"id":5338,"href":"https:\/\/catholicus.eu\/it\/wp-json\/wp\/v2\/posts\/5336\/revisions\/5338"}],"wp:featuredmedia":[{"embeddable":true,"href":"https:\/\/catholicus.eu\/it\/wp-json\/wp\/v2\/media\/5337"}],"wp:attachment":[{"href":"https:\/\/catholicus.eu\/it\/wp-json\/wp\/v2\/media?parent=5336"}],"wp:term":[{"taxonomy":"category","embeddable":true,"href":"https:\/\/catholicus.eu\/it\/wp-json\/wp\/v2\/categories?post=5336"},{"taxonomy":"post_tag","embeddable":true,"href":"https:\/\/catholicus.eu\/it\/wp-json\/wp\/v2\/tags?post=5336"}],"curies":[{"name":"wp","href":"https:\/\/api.w.org\/{rel}","templated":true}]}}