{"id":5327,"date":"2026-03-15T19:46:37","date_gmt":"2026-03-15T18:46:37","guid":{"rendered":"https:\/\/catholicus.eu\/it\/?p=5327"},"modified":"2026-03-15T19:46:37","modified_gmt":"2026-03-15T18:46:37","slug":"gesu-luce-del-mondo-la-guarigione-del-cieco-nato","status":"publish","type":"post","link":"https:\/\/catholicus.eu\/it\/gesu-luce-del-mondo-la-guarigione-del-cieco-nato\/","title":{"rendered":"Ges\u00f9, Luce del Mondo: La guarigione del cieco nato"},"content":{"rendered":"\n<p><strong>Una profonda catechesi sulla luce che trasforma il cuore<\/strong><\/p>\n\n\n\n<p>Ci sono scene nel Vangelo che possiedono una forza speciale. Non raccontano soltanto un miracolo, ma rivelano il mistero stesso di Cristo e il dramma spirituale dell\u2019essere umano. Una di queste \u00e8 <strong>la guarigione del cieco nato<\/strong>, narrata nel capitolo 9 del Vangelo di Giovanni.<\/p>\n\n\n\n<p>Non si tratta di un miracolo qualsiasi. In realt\u00e0 \u00e8 <strong>una vera e propria catechesi sulla fede, sulla cecit\u00e0 spirituale e sulla luce di Cristo<\/strong>. In questo episodio si confrontano due mondi: quello di chi riconosce il proprio bisogno di luce e quello di coloro che credono di vedere, ma vivono nell\u2019oscurit\u00e0 dell\u2019orgoglio.<\/p>\n\n\n\n<p>Oggi, in un mondo saturo di informazioni ma affamato di verit\u00e0, questa scena evangelica \u00e8 pi\u00f9 attuale che mai.<\/p>\n\n\n\n<p>Perch\u00e9 il vero dramma del nostro tempo non \u00e8 la mancanza di luce esteriore\u2026<br><strong>ma la cecit\u00e0 interiore del cuore umano.<\/strong><\/p>\n\n\n\n<hr class=\"wp-block-separator has-alpha-channel-opacity\"\/>\n\n\n\n<h1 class=\"wp-block-heading\">1. L\u2019incontro che cambia una vita<\/h1>\n\n\n\n<p>Il Vangelo inizia con una scena quotidiana. <strong>Ges\u00f9 passa e vede un uomo cieco dalla nascita<\/strong>. \u00c8 importante sottolinearlo: non aveva mai visto in tutta la sua vita. Non aveva alcun ricordo di colori, forme o volti.<\/p>\n\n\n\n<p>I discepoli pongono allora una domanda tipica del pensiero religioso dell\u2019epoca:<\/p>\n\n\n\n<blockquote class=\"wp-block-quote is-layout-flow wp-block-quote-is-layout-flow\">\n<p><strong>\u00abRabbi, chi ha peccato, lui o i suoi genitori, perch\u00e9 sia nato cieco?\u00bb<\/strong><br>(Gv 9,2)<\/p>\n<\/blockquote>\n\n\n\n<p>Era un\u2019idea abbastanza diffusa: <strong>la malattia come punizione diretta del peccato<\/strong>.<\/p>\n\n\n\n<p>Ma Cristo rompe questa logica.<\/p>\n\n\n\n<blockquote class=\"wp-block-quote is-layout-flow wp-block-quote-is-layout-flow\">\n<p><strong>\u00abN\u00e9 lui ha peccato n\u00e9 i suoi genitori; ma \u00e8 perch\u00e9 in lui siano manifestate le opere di Dio.\u00bb<\/strong><br>(Gv 9,3)<\/p>\n<\/blockquote>\n\n\n\n<p>Qui appare gi\u00e0 un insegnamento profondo: <strong>la sofferenza non \u00e8 sempre una punizione; pu\u00f2 diventare il luogo in cui si manifesta la grazia di Dio<\/strong>.<\/p>\n\n\n\n<p>Nella visione cristiana, il dolore pu\u00f2 trasformarsi in <strong>un cammino di redenzione<\/strong>.<\/p>\n\n\n\n<hr class=\"wp-block-separator has-alpha-channel-opacity\"\/>\n\n\n\n<h1 class=\"wp-block-heading\">2. Il gesto di Cristo: il fango e una nuova creazione<\/h1>\n\n\n\n<p>Il miracolo non avviene con una semplice parola. Ges\u00f9 compie un gesto sorprendente:<\/p>\n\n\n\n<blockquote class=\"wp-block-quote is-layout-flow wp-block-quote-is-layout-flow\">\n<p><strong>\u00abSput\u00f2 per terra, fece del fango con la saliva e spalm\u00f2 il fango sugli occhi del cieco.\u00bb<\/strong><br>(Gv 9,6)<\/p>\n<\/blockquote>\n\n\n\n<p>Questo gesto richiama immediatamente il racconto della creazione nel Libro della Genesi, dove Dio forma l\u2019uomo <strong>con la polvere della terra<\/strong>.<\/p>\n\n\n\n<p>Il simbolismo \u00e8 straordinario.<\/p>\n\n\n\n<p>Cristo agisce come il Creatore che <strong>rimodella l\u2019essere umano<\/strong>.<\/p>\n\n\n\n<p>Il fango rappresenta l\u2019umanit\u00e0; la saliva, che proviene da Cristo, rappresenta <strong>la vita divina che guarisce e ricrea<\/strong>.<\/p>\n\n\n\n<p>Non si tratta soltanto di restituire la vista.<br>Si tratta di <strong>creare un\u2019umanit\u00e0 nuova<\/strong>.<\/p>\n\n\n\n<hr class=\"wp-block-separator has-alpha-channel-opacity\"\/>\n\n\n\n<h1 class=\"wp-block-heading\">3. Il lavacro a Siloe: una figura del battesimo<\/h1>\n\n\n\n<p>Dopo questo gesto, Ges\u00f9 dice qualcosa di inatteso:<\/p>\n\n\n\n<blockquote class=\"wp-block-quote is-layout-flow wp-block-quote-is-layout-flow\">\n<p><strong>\u00abVa\u2019 a lavarti nella piscina di Siloe.\u00bb<\/strong><br>(Gv 9,7)<\/p>\n<\/blockquote>\n\n\n\n<p>L\u2019uomo va, si lava\u2026 e ritorna vedendo.<\/p>\n\n\n\n<p>L\u2019evangelista aggiunge un dettaglio significativo: <strong>Siloe significa \u201cInviato\u201d<\/strong>.<\/p>\n\n\n\n<p>La tradizione della Chiesa ha visto qui <strong>una chiara immagine del battesimo<\/strong>.<\/p>\n\n\n\n<p>Il parallelismo \u00e8 profondo:<\/p>\n\n\n\n<ul class=\"wp-block-list\">\n<li>l\u2019uomo si trova nelle tenebre<\/li>\n\n\n\n<li>Cristo interviene<\/li>\n\n\n\n<li>l\u2019uomo si lava nell\u2019acqua<\/li>\n\n\n\n<li>e riceve la luce<\/li>\n<\/ul>\n\n\n\n<p>Per questo, nella liturgia antica, questo Vangelo veniva letto durante <strong>il cammino catecumenale verso il battesimo<\/strong>.<\/p>\n\n\n\n<p>Perch\u00e9 il battesimo non \u00e8 soltanto un rito simbolico.<br>\u00c8 <strong>l\u2019illuminazione dell\u2019anima<\/strong>.<\/p>\n\n\n\n<p>Infatti i primi cristiani chiamavano il battesimo <strong>\u201cphotismos\u201d<\/strong>, cio\u00e8 <strong>illuminazione<\/strong>.<\/p>\n\n\n\n<hr class=\"wp-block-separator has-alpha-channel-opacity\"\/>\n\n\n\n<h1 class=\"wp-block-heading\">4. Il vero miracolo non \u00e8 fisico<\/h1>\n\n\n\n<p>Curiosamente, la guarigione fisica occupa solo poche righe del racconto. Tutto ci\u00f2 che segue riempie quasi l\u2019intero capitolo.<\/p>\n\n\n\n<p>Perch\u00e9 il vero miracolo \u00e8 <strong>la fede che nasce progressivamente nel cuore dell\u2019uomo guarito<\/strong>.<\/p>\n\n\n\n<p>Il processo spirituale \u00e8 affascinante.<\/p>\n\n\n\n<p>All\u2019inizio parla di Ges\u00f9 come di:<\/p>\n\n\n\n<p><strong>\u00abQuell\u2019uomo che si chiama Ges\u00f9.\u00bb<\/strong><\/p>\n\n\n\n<p>Poi afferma:<\/p>\n\n\n\n<p><strong>\u00ab\u00c8 un profeta.\u00bb<\/strong><\/p>\n\n\n\n<p>Pi\u00f9 tardi dichiara:<\/p>\n\n\n\n<p><strong>\u00abSe costui non venisse da Dio, non potrebbe fare nulla.\u00bb<\/strong><\/p>\n\n\n\n<p>E infine, quando Ges\u00f9 si rivela a lui, proclama:<\/p>\n\n\n\n<blockquote class=\"wp-block-quote is-layout-flow wp-block-quote-is-layout-flow\">\n<p><strong>\u00abCredo, Signore.\u00bb<\/strong><br>(Gv 9,38)<\/p>\n<\/blockquote>\n\n\n\n<p>E si prostra davanti a Lui.<\/p>\n\n\n\n<p>Questo cammino spirituale descrive <strong>l\u2019esperienza di ogni credente<\/strong>.<\/p>\n\n\n\n<p>La fede non appare sempre all\u2019improvviso.<br>Spesso <strong>cresce poco a poco<\/strong>.<\/p>\n\n\n\n<p>Prima la curiosit\u00e0.<br>Poi l\u2019ammirazione.<br>Poi la fiducia.<br>E infine l\u2019adorazione.<\/p>\n\n\n\n<hr class=\"wp-block-separator has-alpha-channel-opacity\"\/>\n\n\n\n<h1 class=\"wp-block-heading\">5. L\u2019altra cecit\u00e0: quella dei farisei<\/h1>\n\n\n\n<p>Mentre il cieco comincia a vedere, i farisei sprofondano sempre di pi\u00f9 nell\u2019oscurit\u00e0.<\/p>\n\n\n\n<p>Qui appare un\u2019ironia teologica molto profonda.<\/p>\n\n\n\n<p>Coloro che <strong>vedono fisicamente<\/strong> non riconoscono Cristo.<\/p>\n\n\n\n<p>E colui che <strong>non vedeva<\/strong> finisce per riconoscere il Figlio di Dio.<\/p>\n\n\n\n<p>La ragione \u00e8 spirituale.<\/p>\n\n\n\n<p>La cecit\u00e0 pi\u00f9 pericolosa non \u00e8 quella del corpo.<br>\u00c8 <strong>quella del cuore orgoglioso<\/strong>.<\/p>\n\n\n\n<p>Ges\u00f9 lo spiega alla fine del capitolo con una frase sorprendente:<\/p>\n\n\n\n<blockquote class=\"wp-block-quote is-layout-flow wp-block-quote-is-layout-flow\">\n<p><strong>\u00abIo sono venuto in questo mondo per un giudizio: perch\u00e9 coloro che non vedono vedano e quelli che vedono diventino ciechi.\u00bb<\/strong><br>(Gv 9,39)<\/p>\n<\/blockquote>\n\n\n\n<p>Che cosa significa?<\/p>\n\n\n\n<p>Che <strong>solo chi riconosce il proprio bisogno di luce pu\u00f2 riceverla<\/strong>.<\/p>\n\n\n\n<p>L\u2019orgoglio spirituale, invece, blocca la grazia.<\/p>\n\n\n\n<hr class=\"wp-block-separator has-alpha-channel-opacity\"\/>\n\n\n\n<h1 class=\"wp-block-heading\">6. Cristo, la vera Luce del mondo<\/h1>\n\n\n\n<p>Prima del miracolo, Ges\u00f9 pronuncia una frase fondamentale:<\/p>\n\n\n\n<blockquote class=\"wp-block-quote is-layout-flow wp-block-quote-is-layout-flow\">\n<p><strong>\u00abFinch\u00e9 sono nel mondo, sono la luce del mondo.\u00bb<\/strong><br>(Gv 9,5)<\/p>\n<\/blockquote>\n\n\n\n<p>Questa affermazione \u00e8 collegata a tutto il simbolismo della luce presente nel Vangelo di Giovanni.<\/p>\n\n\n\n<p>La luce rappresenta:<\/p>\n\n\n\n<ul class=\"wp-block-list\">\n<li>la verit\u00e0<\/li>\n\n\n\n<li>la vita<\/li>\n\n\n\n<li>la grazia<\/li>\n\n\n\n<li>la rivelazione divina<\/li>\n<\/ul>\n\n\n\n<p>Cristo non si limita <strong>a portare la luce<\/strong>.<br>Egli <strong>\u00e8 la luce<\/strong>.<\/p>\n\n\n\n<p>In un mondo in cui molte ideologie promettono di illuminare l\u2019umanit\u00e0 \u2014 la scienza, la politica, il progresso, la tecnologia \u2014 il Vangelo ricorda una verit\u00e0 fondamentale:<\/p>\n\n\n\n<p><strong>solo Dio pu\u00f2 illuminare il cuore umano.<\/strong><\/p>\n\n\n\n<p>Perch\u00e9 l\u2019oscurit\u00e0 pi\u00f9 profonda non si trova all\u2019esterno.<br>Si trova <strong>dentro l\u2019uomo<\/strong>.<\/p>\n\n\n\n<hr class=\"wp-block-separator has-alpha-channel-opacity\"\/>\n\n\n\n<h1 class=\"wp-block-heading\">7. La cecit\u00e0 spirituale del nostro tempo<\/h1>\n\n\n\n<p>Il racconto evangelico descrive perfettamente la situazione culturale del nostro tempo.<\/p>\n\n\n\n<p>Viviamo in una societ\u00e0 che pretende di vedere chiaramente, ma spesso <strong>ha perso il riferimento alla verit\u00e0 trascendente<\/strong>.<\/p>\n\n\n\n<p>Si parla molto di libert\u00e0\u2026 ma senza verit\u00e0.<br>Si parla molto di progresso\u2026 ma senza senso.<br>Si parla molto di tolleranza\u2026 ma senza sapienza.<\/p>\n\n\n\n<p>Il risultato \u00e8 un paradosso:<\/p>\n\n\n\n<p>non abbiamo mai avuto cos\u00ec tante informazioni<br>e <strong>non c\u2019\u00e8 mai stata tanta confusione morale<\/strong>.<\/p>\n\n\n\n<p>Il Vangelo ci ricorda qualcosa di essenziale:<\/p>\n\n\n\n<p><strong>senza Cristo, l\u2019essere umano finisce per camminare nelle tenebre.<\/strong><\/p>\n\n\n\n<p>Non perch\u00e9 manchi l\u2019intelligenza, ma perch\u00e9 <strong>manca la luce spirituale<\/strong>.<\/p>\n\n\n\n<hr class=\"wp-block-separator has-alpha-channel-opacity\"\/>\n\n\n\n<h1 class=\"wp-block-heading\">8. L\u2019umilt\u00e0 che apre gli occhi<\/h1>\n\n\n\n<p>C\u2019\u00e8 un dettaglio bellissimo nel racconto: il cieco <strong>obbedisce<\/strong>.<\/p>\n\n\n\n<p>Ges\u00f9 gli dice di andare a lavarsi\u2026 e lui va.<\/p>\n\n\n\n<p>Avrebbe potuto discutere.<br>Avrebbe potuto dubitare.<\/p>\n\n\n\n<p>Ma si fida.<\/p>\n\n\n\n<p>E questa fiducia apre la strada al miracolo.<\/p>\n\n\n\n<p>Lo stesso accade nella vita spirituale.<\/p>\n\n\n\n<p>La grazia spesso entra <strong>dalla porta dell\u2019umilt\u00e0<\/strong>.<\/p>\n\n\n\n<p>Chi crede di sapere tutto si chiude a Dio.<br>Chi riconosce il proprio bisogno si apre alla luce.<\/p>\n\n\n\n<hr class=\"wp-block-separator has-alpha-channel-opacity\"\/>\n\n\n\n<h1 class=\"wp-block-heading\">9. Il prezzo del vedere: la persecuzione<\/h1>\n\n\n\n<p>La storia termina in modo inatteso.<\/p>\n\n\n\n<p>Quando l\u2019uomo comincia a difendere Ges\u00f9, i capi religiosi <strong>lo espellono dalla sinagoga<\/strong>.<\/p>\n\n\n\n<p>In altre parole, <strong>paga un prezzo per la sua fede<\/strong>.<\/p>\n\n\n\n<p>Questo ci ricorda qualcosa di importante: vedere la verit\u00e0 a volte comporta difficolt\u00e0 sociali.<\/p>\n\n\n\n<p>Succede anche oggi.<\/p>\n\n\n\n<p>In molti ambienti, vivere la fede cristiana in modo coerente pu\u00f2 provocare incomprensioni, derisione o emarginazione.<\/p>\n\n\n\n<p>Ma il Vangelo mostra che <strong>ne vale la pena<\/strong>.<\/p>\n\n\n\n<p>Perch\u00e9 alla fine del racconto accade qualcosa di meraviglioso: Ges\u00f9 va a cercare l\u2019uomo che \u00e8 stato espulso.<\/p>\n\n\n\n<p>E si rivela a lui come <strong>il Figlio dell\u2019Uomo<\/strong>.<\/p>\n\n\n\n<hr class=\"wp-block-separator has-alpha-channel-opacity\"\/>\n\n\n\n<h1 class=\"wp-block-heading\">10. Applicazioni pratiche per la vita cristiana<\/h1>\n\n\n\n<p>Questo Vangelo non \u00e8 soltanto una storia del passato.<br>\u00c8 <strong>uno specchio spirituale<\/strong>.<\/p>\n\n\n\n<p>Ogni cristiano pu\u00f2 chiedersi:<\/p>\n\n\n\n<h3 class=\"wp-block-heading\">1. Riconosco le mie cecit\u00e0?<\/h3>\n\n\n\n<p>Tutti abbiamo punti ciechi: orgoglio, risentimento, superficialit\u00e0, indifferenza spirituale.<\/p>\n\n\n\n<p>La grazia inizia quando diciamo:<br><strong>\u00abSignore, ho bisogno di vedere.\u00bb<\/strong><\/p>\n\n\n\n<hr class=\"wp-block-separator has-alpha-channel-opacity\"\/>\n\n\n\n<h3 class=\"wp-block-heading\">2. Cerco la luce di Cristo?<\/h3>\n\n\n\n<p>Oggi la mente \u00e8 saturata di opinioni.<\/p>\n\n\n\n<p>Ma il cristiano deve nutrirsi di:<\/p>\n\n\n\n<ul class=\"wp-block-list\">\n<li>la Scrittura<\/li>\n\n\n\n<li>la preghiera<\/li>\n\n\n\n<li>i sacramenti<\/li>\n\n\n\n<li>l\u2019insegnamento della Chiesa<\/li>\n<\/ul>\n\n\n\n<p>\u00c8 l\u00ec che la luce di Cristo illumina il cammino.<\/p>\n\n\n\n<hr class=\"wp-block-separator has-alpha-channel-opacity\"\/>\n\n\n\n<h3 class=\"wp-block-heading\">3. Difendo la verit\u00e0 con carit\u00e0?<\/h3>\n\n\n\n<p>Il cieco guarito non diventa un polemista aggressivo, ma non rimane nemmeno in silenzio.<\/p>\n\n\n\n<p>Testimonia con semplicit\u00e0.<\/p>\n\n\n\n<p>\u00c8 esattamente ci\u00f2 che i cristiani sono chiamati a fare oggi.<\/p>\n\n\n\n<hr class=\"wp-block-separator has-alpha-channel-opacity\"\/>\n\n\n\n<h1 class=\"wp-block-heading\">11. Una preghiera per chiedere la vera luce<\/h1>\n\n\n\n<p>Possiamo concludere questa riflessione con una semplice preghiera:<\/p>\n\n\n\n<p>Signore Ges\u00f9,<br>vera Luce che illumina ogni uomo,<br>apri i miei occhi per vedere la tua verit\u00e0.<\/p>\n\n\n\n<p>Guarisci le mie cecit\u00e0,<br>il mio orgoglio e le mie paure.<\/p>\n\n\n\n<p>Insegnami a camminare nella tua luce<br>e a rifletterla nel mondo.<\/p>\n\n\n\n<p>Amen.<\/p>\n\n\n\n<hr class=\"wp-block-separator has-alpha-channel-opacity\"\/>\n\n\n\n<h1 class=\"wp-block-heading\">Conclusione: dalle tenebre alla luce<\/h1>\n\n\n\n<p>La guarigione del cieco nato \u00e8 molto pi\u00f9 di un miracolo fisico.<\/p>\n\n\n\n<p>\u00c8 <strong>una parabola della salvezza<\/strong>.<\/p>\n\n\n\n<p>Tutti noi nasciamo con una certa cecit\u00e0 spirituale.<br>Cristo viene a incontrarci.<br>Ci tocca con la sua grazia.<br>Ci conduce all\u2019acqua che purifica.<\/p>\n\n\n\n<p>E allora accade il vero miracolo:<\/p>\n\n\n\n<p><strong>cominciamo a vedere.<\/strong><\/p>\n\n\n\n<p>Vedere Dio.<br>Vedere la verit\u00e0.<br>Vedere il senso della vita.<\/p>\n\n\n\n<p>E scoprire che, in mezzo alle ombre del mondo, <strong>Cristo rimane l\u2019unica luce che non si spegne mai.<\/strong><\/p>\n","protected":false},"excerpt":{"rendered":"<p>Una profonda catechesi sulla luce che trasforma il cuore Ci sono scene nel Vangelo che possiedono una forza speciale. Non raccontano soltanto un miracolo, ma rivelano il mistero stesso di Cristo e il dramma spirituale dell\u2019essere umano. Una di queste \u00e8 la guarigione del cieco nato, narrata nel capitolo 9 del Vangelo di Giovanni. Non &hellip;<\/p>\n","protected":false},"author":3,"featured_media":5328,"comment_status":"closed","ping_status":"closed","sticky":false,"template":"","format":"standard","meta":{"_seopress_robots_primary_cat":"","_seopress_titles_title":"","_seopress_titles_desc":"","_seopress_robots_index":"","footnotes":""},"categories":[37,45],"tags":[1933],"class_list":["post-5327","post","type-post","status-publish","format-standard","has-post-thumbnail","","category-dottrina-e-fede","category-sacra-scrittura","tag-luce-del-mondo"],"_links":{"self":[{"href":"https:\/\/catholicus.eu\/it\/wp-json\/wp\/v2\/posts\/5327","targetHints":{"allow":["GET"]}}],"collection":[{"href":"https:\/\/catholicus.eu\/it\/wp-json\/wp\/v2\/posts"}],"about":[{"href":"https:\/\/catholicus.eu\/it\/wp-json\/wp\/v2\/types\/post"}],"author":[{"embeddable":true,"href":"https:\/\/catholicus.eu\/it\/wp-json\/wp\/v2\/users\/3"}],"replies":[{"embeddable":true,"href":"https:\/\/catholicus.eu\/it\/wp-json\/wp\/v2\/comments?post=5327"}],"version-history":[{"count":1,"href":"https:\/\/catholicus.eu\/it\/wp-json\/wp\/v2\/posts\/5327\/revisions"}],"predecessor-version":[{"id":5329,"href":"https:\/\/catholicus.eu\/it\/wp-json\/wp\/v2\/posts\/5327\/revisions\/5329"}],"wp:featuredmedia":[{"embeddable":true,"href":"https:\/\/catholicus.eu\/it\/wp-json\/wp\/v2\/media\/5328"}],"wp:attachment":[{"href":"https:\/\/catholicus.eu\/it\/wp-json\/wp\/v2\/media?parent=5327"}],"wp:term":[{"taxonomy":"category","embeddable":true,"href":"https:\/\/catholicus.eu\/it\/wp-json\/wp\/v2\/categories?post=5327"},{"taxonomy":"post_tag","embeddable":true,"href":"https:\/\/catholicus.eu\/it\/wp-json\/wp\/v2\/tags?post=5327"}],"curies":[{"name":"wp","href":"https:\/\/api.w.org\/{rel}","templated":true}]}}