{"id":5321,"date":"2026-03-15T15:02:51","date_gmt":"2026-03-15T14:02:51","guid":{"rendered":"https:\/\/catholicus.eu\/it\/?p=5321"},"modified":"2026-03-15T15:02:51","modified_gmt":"2026-03-15T14:02:51","slug":"non-manchero-di-nulla-il-segreto-spirituale-del-salmo-che-ha-sostenuto-milioni-di-credenti","status":"publish","type":"post","link":"https:\/\/catholicus.eu\/it\/non-manchero-di-nulla-il-segreto-spirituale-del-salmo-che-ha-sostenuto-milioni-di-credenti\/","title":{"rendered":"\u00abNon mancher\u00f2 di nulla\u00bb: il segreto spirituale del Salmo che ha sostenuto milioni di credenti"},"content":{"rendered":"\n<p>In mezzo a un mondo segnato dall\u2019incertezza, dalla fretta e dalla costante sensazione di mancanza \u2014 mancanza di tempo, di pace, di sicurezza \u2014 c\u2019\u00e8 una frase biblica che attraversa i secoli con una forza sorprendente:<\/p>\n\n\n\n<blockquote class=\"wp-block-quote is-layout-flow wp-block-quote-is-layout-flow\">\n<p><strong>\u00abIl Signore \u00e8 il mio pastore: non mancher\u00f2 di nulla.\u00bb<\/strong><br><em>(Salmo 23,1)<\/em><\/p>\n<\/blockquote>\n\n\n\n<p>Queste parole, apparentemente semplici, racchiudono una delle confessioni di fede pi\u00f9 profonde di tutta la Sacra Scrittura. Non sono uno slogan religioso n\u00e9 una promessa superficiale di benessere. Sono l\u2019espressione di una fiducia radicale in Dio, nata dall\u2019esperienza spirituale del popolo d\u2019Israele e che, per i cristiani, trova il suo compimento in Cristo.<\/p>\n\n\n\n<p>Il <strong>Salmo 23<\/strong> \u00e8 forse il salmo pi\u00f9 amato della Bibbia. Da generazioni viene pregato nei momenti di gioia, di sofferenza, di guerra, di malattia e di morte. \u00c8 preghiera, catechesi, consolazione e cammino spirituale.<\/p>\n\n\n\n<p>In questo articolo approfondiremo il suo significato da una prospettiva <strong>teologica, pastorale e pratica<\/strong>, scoprendo come questo salmo possa trasformare il modo in cui viviamo la nostra fede oggi.<\/p>\n\n\n\n<hr class=\"wp-block-separator has-alpha-channel-opacity\"\/>\n\n\n\n<h1 class=\"wp-block-heading\">1. L\u2019origine del Salmo: una preghiera nata dall\u2019esperienza<\/h1>\n\n\n\n<p>La tradizione biblica attribuisce questo salmo al <strong>re Davide<\/strong>, che prima di diventare re fu <strong>pastore di pecore<\/strong>. Questo dettaglio \u00e8 fondamentale per comprendere la profondit\u00e0 dell\u2019immagine.<\/p>\n\n\n\n<p>Davide sapeva perfettamente cosa significava prendersi cura di un gregge:<\/p>\n\n\n\n<ul class=\"wp-block-list\">\n<li>vegliare durante la notte<\/li>\n\n\n\n<li>cercare pascoli<\/li>\n\n\n\n<li>proteggere dai predatori<\/li>\n\n\n\n<li>curare le ferite<\/li>\n\n\n\n<li>guidare lungo sentieri sicuri<\/li>\n<\/ul>\n\n\n\n<p>Quando Davide dice <strong>\u00abIl Signore \u00e8 il mio pastore\u00bb<\/strong>, afferma qualcosa di straordinario:<br>Dio si prende cura del suo popolo <strong>con la stessa dedizione, pazienza e amore con cui un pastore si prende cura delle sue pecore<\/strong>.<\/p>\n\n\n\n<p>Nella Bibbia questa immagine del pastore appare pi\u00f9 volte per descrivere la relazione tra Dio e il suo popolo.<\/p>\n\n\n\n<p>Dio non \u00e8 un sovrano lontano.<br>Non \u00e8 una forza impersonale.<br>\u00c8 <strong>colui che guida, protegge e nutre<\/strong>.<\/p>\n\n\n\n<hr class=\"wp-block-separator has-alpha-channel-opacity\"\/>\n\n\n\n<h1 class=\"wp-block-heading\">2. \u00abIl Signore \u00e8 il mio pastore\u00bb: una dichiarazione di fiducia radicale<\/h1>\n\n\n\n<p>Il salmo inizia con un\u2019affermazione personale:<\/p>\n\n\n\n<blockquote class=\"wp-block-quote is-layout-flow wp-block-quote-is-layout-flow\">\n<p><strong>\u00abIl Signore \u00e8 il mio pastore.\u00bb<\/strong><\/p>\n<\/blockquote>\n\n\n\n<p>Non dice <em>il pastore<\/em> n\u00e9 <em>un pastore<\/em>. Dice <strong>il mio pastore<\/strong>.<\/p>\n\n\n\n<p>Questo rivela qualcosa di profondamente cristiano:<br>la relazione con Dio non \u00e8 soltanto collettiva o istituzionale; \u00e8 anche <strong>personale<\/strong>.<\/p>\n\n\n\n<p>Dio conosce:<\/p>\n\n\n\n<ul class=\"wp-block-list\">\n<li>la nostra storia<\/li>\n\n\n\n<li>le nostre ferite<\/li>\n\n\n\n<li>i nostri dubbi<\/li>\n\n\n\n<li>le nostre speranze<\/li>\n<\/ul>\n\n\n\n<p>Come insegna la tradizione cristiana, Dio non si prende cura dell\u2019umanit\u00e0 in modo astratto, ma di ogni persona concreta.<\/p>\n\n\n\n<p>Questa immagine raggiunge la sua pienezza nel Vangelo quando Ges\u00f9 dichiara:<\/p>\n\n\n\n<blockquote class=\"wp-block-quote is-layout-flow wp-block-quote-is-layout-flow\">\n<p><strong>\u00abIo sono il buon pastore. Il buon pastore d\u00e0 la vita per le pecore.\u00bb<\/strong><br><em>(Giovanni 10,11)<\/em><\/p>\n<\/blockquote>\n\n\n\n<p>Qui si rivela il cuore del messaggio cristiano:<br>Dio non si limita a guidare il gregge; <strong>d\u00e0 la sua vita per esso<\/strong>.<\/p>\n\n\n\n<hr class=\"wp-block-separator has-alpha-channel-opacity\"\/>\n\n\n\n<h1 class=\"wp-block-heading\">3. \u00abNon mancher\u00f2 di nulla\u00bb: il vero significato di questa promessa<\/h1>\n\n\n\n<p>A prima vista questa frase pu\u00f2 sembrare una promessa di prosperit\u00e0 materiale. Tuttavia, la tradizione teologica ha sempre compreso queste parole in modo pi\u00f9 profondo.<\/p>\n\n\n\n<p>\u00abNon mancher\u00f2 di nulla\u00bb non significa:<\/p>\n\n\n\n<ul class=\"wp-block-list\">\n<li>che non ci saranno mai problemi<\/li>\n\n\n\n<li>che avremo sempre tutto ci\u00f2 che desideriamo<\/li>\n\n\n\n<li>che la vita sar\u00e0 facile<\/li>\n<\/ul>\n\n\n\n<p>Significa qualcosa di molto pi\u00f9 grande:<\/p>\n\n\n\n<p><strong>Dio non abbandona mai coloro che confidano in Lui.<\/strong><\/p>\n\n\n\n<p>La vera abbondanza non consiste nel possedere molto, ma nel <strong>vivere sostenuti dalla provvidenza divina<\/strong>.<\/p>\n\n\n\n<p>Sant\u2019Agostino lo spiegava in modo magistrale:<br>quando Dio \u00e8 il nostro bene supremo, tutto il resto trova il suo giusto posto.<\/p>\n\n\n\n<p>Per questo un cristiano pu\u00f2 attraversare difficolt\u00e0 e affermare comunque con fede:<\/p>\n\n\n\n<p><strong>\u00abNon mi manca nulla, perch\u00e9 Dio \u00e8 con me.\u00bb<\/strong><\/p>\n\n\n\n<hr class=\"wp-block-separator has-alpha-channel-opacity\"\/>\n\n\n\n<h1 class=\"wp-block-heading\">4. \u00abMi fa riposare in verdi pascoli\u00bb: il riposo dell\u2019anima<\/h1>\n\n\n\n<p>Il salmo continua:<\/p>\n\n\n\n<blockquote class=\"wp-block-quote is-layout-flow wp-block-quote-is-layout-flow\">\n<p><strong>\u00abMi fa riposare in verdi pascoli;<br>mi conduce ad acque tranquille<br>e ristora la mia anima.\u00bb<\/strong><br><em>(Salmo 23,2-3)<\/em><\/p>\n<\/blockquote>\n\n\n\n<p>La vita moderna \u00e8 segnata dalla stanchezza:<\/p>\n\n\n\n<ul class=\"wp-block-list\">\n<li>stress lavorativo<\/li>\n\n\n\n<li>iperconnessione<\/li>\n\n\n\n<li>ansia costante<\/li>\n\n\n\n<li>la sensazione di correre senza sosta<\/li>\n<\/ul>\n\n\n\n<p>Questo versetto ci ricorda una verit\u00e0 spirituale spesso dimenticata:<br><strong>Dio vuole condurci al riposo dell\u2019anima.<\/strong><\/p>\n\n\n\n<p>I \u00abverdi pascoli\u00bb simboleggiano:<\/p>\n\n\n\n<ul class=\"wp-block-list\">\n<li>la pace interiore<\/li>\n\n\n\n<li>la fiducia<\/li>\n\n\n\n<li>la vita spirituale<\/li>\n\n\n\n<li>la comunione con Dio<\/li>\n<\/ul>\n\n\n\n<p>Nella tradizione cristiana questo riposo si sperimenta soprattutto in:<\/p>\n\n\n\n<ul class=\"wp-block-list\">\n<li>la preghiera<\/li>\n\n\n\n<li>l\u2019Eucaristia<\/li>\n\n\n\n<li>la lettura della Scrittura<\/li>\n\n\n\n<li>il silenzio interiore<\/li>\n<\/ul>\n\n\n\n<p>Dio non ci guida soltanto nella lotta; ci invita anche a <strong>fermarci e respirare la sua pace<\/strong>.<\/p>\n\n\n\n<hr class=\"wp-block-separator has-alpha-channel-opacity\"\/>\n\n\n\n<h1 class=\"wp-block-heading\">5. \u00abAnche se camminassi nella valle dell\u2019ombra della morte\u2026\u00bb<\/h1>\n\n\n\n<p>Uno dei versetti pi\u00f9 commoventi del salmo dice:<\/p>\n\n\n\n<blockquote class=\"wp-block-quote is-layout-flow wp-block-quote-is-layout-flow\">\n<p><strong>\u00abAnche se camminassi nella valle dell\u2019ombra della morte,<br>non temerei alcun male,<br>perch\u00e9 tu sei con me.\u00bb<\/strong><br><em>(Salmo 23,4)<\/em><\/p>\n<\/blockquote>\n\n\n\n<p>Qui appare una verit\u00e0 fondamentale del cristianesimo:<\/p>\n\n\n\n<p><strong>La fede non elimina la sofferenza, ma ne trasforma il significato.<\/strong><\/p>\n\n\n\n<p>Il credente non \u00e8 immune da:<\/p>\n\n\n\n<ul class=\"wp-block-list\">\n<li>malattia<\/li>\n\n\n\n<li>perdite<\/li>\n\n\n\n<li>crisi<\/li>\n\n\n\n<li>dolore<\/li>\n<\/ul>\n\n\n\n<p>Ma nel mezzo di queste oscurit\u00e0 scopre qualcosa di decisivo:<br><strong>Dio cammina con lui.<\/strong><\/p>\n\n\n\n<p>Questo versetto ha accompagnato per secoli persone nei momenti di:<\/p>\n\n\n\n<ul class=\"wp-block-list\">\n<li>guerra<\/li>\n\n\n\n<li>persecuzione<\/li>\n\n\n\n<li>malattia terminale<\/li>\n\n\n\n<li>lutto<\/li>\n<\/ul>\n\n\n\n<p>La ragione della speranza non \u00e8 l\u2019assenza del pericolo, ma <strong>la presenza di Dio<\/strong>.<\/p>\n\n\n\n<hr class=\"wp-block-separator has-alpha-channel-opacity\"\/>\n\n\n\n<h1 class=\"wp-block-heading\">6. \u00abIl tuo bastone e il tuo vincastro mi danno sicurezza\u00bb<\/h1>\n\n\n\n<p>Nella cultura del pastore biblico, il <strong>bastone<\/strong> e il <strong>vincastro<\/strong> erano strumenti di protezione e guida.<\/p>\n\n\n\n<p>Il bastone serviva a difendere il gregge dai predatori.<br>Il vincastro serviva a dirigere e a salvare le pecore.<\/p>\n\n\n\n<p>Spiritualmente, questi simboli rappresentano:<\/p>\n\n\n\n<ul class=\"wp-block-list\">\n<li>la correzione amorevole di Dio<\/li>\n\n\n\n<li>la sua guida morale<\/li>\n\n\n\n<li>la sua protezione provvidenziale<\/li>\n<\/ul>\n\n\n\n<p>A volte Dio ci conduce su strade che non comprendiamo.<br>Altre volte permette prove che ci purificano.<\/p>\n\n\n\n<p>Ma tutto fa parte della sua <strong>pedagogia dell\u2019amore<\/strong>.<\/p>\n\n\n\n<hr class=\"wp-block-separator has-alpha-channel-opacity\"\/>\n\n\n\n<h1 class=\"wp-block-heading\">7. \u00abPrepari davanti a me una mensa\u00bb<\/h1>\n\n\n\n<p>Il salmo cambia quindi immagine:<\/p>\n\n\n\n<blockquote class=\"wp-block-quote is-layout-flow wp-block-quote-is-layout-flow\">\n<p><strong>\u00abPrepari davanti a me una mensa<br>sotto gli occhi dei miei nemici.\u00bb<\/strong><br><em>(Salmo 23,5)<\/em><\/p>\n<\/blockquote>\n\n\n\n<p>Per la tradizione cristiana questo versetto ha una risonanza profondamente <strong>eucaristica<\/strong>.<\/p>\n\n\n\n<p>Dio non solo ci guida come pastore; <strong>ci nutre anche<\/strong>.<\/p>\n\n\n\n<p>La mensa preparata simboleggia:<\/p>\n\n\n\n<ul class=\"wp-block-list\">\n<li>la comunione con Dio<\/li>\n\n\n\n<li>l\u2019ospitalit\u00e0 divina<\/li>\n\n\n\n<li>l\u2019abbondanza spirituale<\/li>\n<\/ul>\n\n\n\n<p>Nella fede cristiana questa promessa trova la sua espressione pi\u00f9 piena nell\u2019<strong>Eucaristia<\/strong>, dove Cristo diventa nutrimento per l\u2019anima.<\/p>\n\n\n\n<hr class=\"wp-block-separator has-alpha-channel-opacity\"\/>\n\n\n\n<h1 class=\"wp-block-heading\">8. \u00abLa tua bont\u00e0 e la tua misericordia mi accompagneranno\u00bb<\/h1>\n\n\n\n<p>Il salmo si conclude con una dichiarazione piena di speranza:<\/p>\n\n\n\n<blockquote class=\"wp-block-quote is-layout-flow wp-block-quote-is-layout-flow\">\n<p><strong>\u00abS\u00ec, bont\u00e0 e misericordia mi accompagneranno<br>tutti i giorni della mia vita,<br>e abiter\u00f2 nella casa del Signore<br>per lunghi giorni.\u00bb<\/strong><br><em>(Salmo 23,6)<\/em><\/p>\n<\/blockquote>\n\n\n\n<p>Qui appare la dimensione <strong>escatologica<\/strong> del salmo:<br>la vita umana non termina in questo mondo.<\/p>\n\n\n\n<p>Il credente cammina verso una meta finale:<\/p>\n\n\n\n<p><strong>la comunione eterna con Dio.<\/strong><\/p>\n\n\n\n<p>La vita cristiana \u00e8, in un certo senso, un pellegrinaggio guidato dal Pastore verso <strong>la casa del Padre<\/strong>.<\/p>\n\n\n\n<hr class=\"wp-block-separator has-alpha-channel-opacity\"\/>\n\n\n\n<h1 class=\"wp-block-heading\">9. Come vivere oggi il Salmo 23<\/h1>\n\n\n\n<p>Questo salmo non \u00e8 soltanto poesia religiosa. \u00c8 un <strong>cammino spirituale concreto<\/strong>.<\/p>\n\n\n\n<p>Ecco alcuni modi per viverlo oggi:<\/p>\n\n\n\n<h3 class=\"wp-block-heading\">1. Imparare a fidarsi<\/h3>\n\n\n\n<p>In un mondo ossessionato dal controllo, il salmo ci insegna <strong>la fiducia nella provvidenza<\/strong>.<\/p>\n\n\n\n<h3 class=\"wp-block-heading\">2. Coltivare momenti di silenzio<\/h3>\n\n\n\n<p>I \u00abverdi pascoli\u00bb spirituali si trovano quando dedichiamo tempo a Dio.<\/p>\n\n\n\n<h3 class=\"wp-block-heading\">3. Non fuggire dalla valle oscura<\/h3>\n\n\n\n<p>Le difficolt\u00e0 fanno parte del cammino della fede.<\/p>\n\n\n\n<h3 class=\"wp-block-heading\">4. Nutrire la vita sacramentale<\/h3>\n\n\n\n<p>La \u00abmensa preparata\u00bb ci ricorda l\u2019importanza dei sacramenti.<\/p>\n\n\n\n<h3 class=\"wp-block-heading\">5. Vivere nella speranza<\/h3>\n\n\n\n<p>L\u2019ultima parola non appartiene alla paura, ma <strong>alla misericordia di Dio<\/strong>.<\/p>\n\n\n\n<hr class=\"wp-block-separator has-alpha-channel-opacity\"\/>\n\n\n\n<h1 class=\"wp-block-heading\">10. Il salmo che continua a parlare al cuore del mondo<\/h1>\n\n\n\n<p>Il Salmo 23 \u00e8 stato pregato da:<\/p>\n\n\n\n<ul class=\"wp-block-list\">\n<li>santi<\/li>\n\n\n\n<li>martiri<\/li>\n\n\n\n<li>monaci<\/li>\n\n\n\n<li>famiglie<\/li>\n\n\n\n<li>malati<\/li>\n\n\n\n<li>soldati<\/li>\n\n\n\n<li>credenti di tutte le culture<\/li>\n<\/ul>\n\n\n\n<p>Perch\u00e9 continua a toccare il cuore umano?<\/p>\n\n\n\n<p>Perch\u00e9 parla delle <strong>domande pi\u00f9 profonde dell\u2019esistenza<\/strong>:<\/p>\n\n\n\n<ul class=\"wp-block-list\">\n<li>Chi mi guida?<\/li>\n\n\n\n<li>Chi si prende cura di me?<\/li>\n\n\n\n<li>Sono solo nella sofferenza?<\/li>\n\n\n\n<li>La vita ha un senso?<\/li>\n<\/ul>\n\n\n\n<p>La risposta del salmo \u00e8 semplice e potente:<\/p>\n\n\n\n<p><strong>Non siamo soli.<\/strong><\/p>\n\n\n\n<p>C\u2019\u00e8 un Pastore che guida la nostra storia.<\/p>\n\n\n\n<p>E chi si lascia condurre da Lui pu\u00f2 ripetere \u2014 anche in mezzo alle incertezze del mondo moderno:<\/p>\n\n\n\n<blockquote class=\"wp-block-quote is-layout-flow wp-block-quote-is-layout-flow\">\n<p><strong>\u00abIl Signore \u00e8 il mio pastore:<br>non mancher\u00f2 di nulla.\u00bb<\/strong><\/p>\n<\/blockquote>\n","protected":false},"excerpt":{"rendered":"<p>In mezzo a un mondo segnato dall\u2019incertezza, dalla fretta e dalla costante sensazione di mancanza \u2014 mancanza di tempo, di pace, di sicurezza \u2014 c\u2019\u00e8 una frase biblica che attraversa i secoli con una forza sorprendente: \u00abIl Signore \u00e8 il mio pastore: non mancher\u00f2 di nulla.\u00bb(Salmo 23,1) Queste parole, apparentemente semplici, racchiudono una delle confessioni &hellip;<\/p>\n","protected":false},"author":3,"featured_media":5322,"comment_status":"closed","ping_status":"closed","sticky":false,"template":"","format":"standard","meta":{"_seopress_robots_primary_cat":"","_seopress_titles_title":"","_seopress_titles_desc":"","_seopress_robots_index":"","footnotes":""},"categories":[37,45],"tags":[1931],"class_list":["post-5321","post","type-post","status-publish","format-standard","has-post-thumbnail","","category-dottrina-e-fede","category-sacra-scrittura","tag-salmo-23"],"_links":{"self":[{"href":"https:\/\/catholicus.eu\/it\/wp-json\/wp\/v2\/posts\/5321","targetHints":{"allow":["GET"]}}],"collection":[{"href":"https:\/\/catholicus.eu\/it\/wp-json\/wp\/v2\/posts"}],"about":[{"href":"https:\/\/catholicus.eu\/it\/wp-json\/wp\/v2\/types\/post"}],"author":[{"embeddable":true,"href":"https:\/\/catholicus.eu\/it\/wp-json\/wp\/v2\/users\/3"}],"replies":[{"embeddable":true,"href":"https:\/\/catholicus.eu\/it\/wp-json\/wp\/v2\/comments?post=5321"}],"version-history":[{"count":1,"href":"https:\/\/catholicus.eu\/it\/wp-json\/wp\/v2\/posts\/5321\/revisions"}],"predecessor-version":[{"id":5323,"href":"https:\/\/catholicus.eu\/it\/wp-json\/wp\/v2\/posts\/5321\/revisions\/5323"}],"wp:featuredmedia":[{"embeddable":true,"href":"https:\/\/catholicus.eu\/it\/wp-json\/wp\/v2\/media\/5322"}],"wp:attachment":[{"href":"https:\/\/catholicus.eu\/it\/wp-json\/wp\/v2\/media?parent=5321"}],"wp:term":[{"taxonomy":"category","embeddable":true,"href":"https:\/\/catholicus.eu\/it\/wp-json\/wp\/v2\/categories?post=5321"},{"taxonomy":"post_tag","embeddable":true,"href":"https:\/\/catholicus.eu\/it\/wp-json\/wp\/v2\/tags?post=5321"}],"curies":[{"name":"wp","href":"https:\/\/api.w.org\/{rel}","templated":true}]}}