{"id":5312,"date":"2026-03-15T10:19:00","date_gmt":"2026-03-15T09:19:00","guid":{"rendered":"https:\/\/catholicus.eu\/it\/?p=5312"},"modified":"2026-03-15T10:19:00","modified_gmt":"2026-03-15T09:19:00","slug":"samaritani-e-giudei-due-popoli-un-solo-dio-e-una-storia-che-continua-a-parlarci-oggi","status":"publish","type":"post","link":"https:\/\/catholicus.eu\/it\/samaritani-e-giudei-due-popoli-un-solo-dio-e-una-storia-che-continua-a-parlarci-oggi\/","title":{"rendered":"Samaritani e Giudei: Due popoli, un solo Dio\u2026 e una storia che continua a parlarci oggi"},"content":{"rendered":"\n<p>Per secoli, due popoli vicini guardavano lo stesso cielo, pregavano lo stesso Dio e leggevano la stessa Legge\u2026 e tuttavia si respingevano profondamente.<\/p>\n\n\n\n<p>Erano i <strong>Giudei<\/strong> e i <strong>Samaritani<\/strong>.<\/p>\n\n\n\n<p>Per molti lettori moderni, questa rivalit\u00e0 pu\u00f2 sembrare soltanto una curiosit\u00e0 storica della Bibbia. Tuttavia, comprendere la relazione tra questi due popoli apre una finestra affascinante sul mondo di <strong>Ges\u00f9 Cristo<\/strong>, sulla profondit\u00e0 di diversi passi biblici e su un insegnamento spirituale estremamente attuale: <strong>come relazionarci con coloro che condividono la nostra fede\u2026 ma non il nostro modo di viverla<\/strong>.<\/p>\n\n\n\n<p>Perch\u00e9 la storia di Giudei e Samaritani non \u00e8 soltanto un episodio del passato.<br>\u00c8 anche uno specchio nel quale l\u2019umanit\u00e0 \u2014 e talvolta persino i cristiani \u2014 continuano a riconoscersi.<\/p>\n\n\n\n<hr class=\"wp-block-separator has-alpha-channel-opacity\"\/>\n\n\n\n<h1 class=\"wp-block-heading\">1. Due popoli fratelli\u2026 che finirono per dividersi<\/h1>\n\n\n\n<p>Per comprendere il conflitto dobbiamo tornare indietro di oltre mille anni prima di Cristo.<\/p>\n\n\n\n<p>Tutto inizia con l\u2019antico popolo d\u2019Israele, il popolo eletto da Dio.<\/p>\n\n\n\n<p>Dopo i regni di <strong>Saul<\/strong>, <strong>Davide<\/strong> e <strong>Salomone<\/strong>, il regno fu diviso in due:<\/p>\n\n\n\n<ul class=\"wp-block-list\">\n<li><strong>Il Regno del Nord<\/strong> (Israele)<\/li>\n\n\n\n<li><strong>Il Regno del Sud<\/strong> (Giuda)<\/li>\n<\/ul>\n\n\n\n<p>Il Regno del Nord aveva la sua capitale a Samaria. Da qui nacque il nome <strong>Samaritani<\/strong>.<\/p>\n\n\n\n<p>Questa divisione politica divenne presto anche una <strong>divisione religiosa<\/strong>.<\/p>\n\n\n\n<p>Il Regno del Nord inizi\u00f2 a sviluppare pratiche religiose diverse dal culto ufficiale di Gerusalemme, generando profonde tensioni con i Giudei del sud.<\/p>\n\n\n\n<p>Ma il momento decisivo arriv\u00f2 nel 722 a.C., durante la <strong>Conquista assira del Regno d\u2019Israele<\/strong>.<\/p>\n\n\n\n<p>Gli Assiri conquistarono il Regno del Nord e deportarono gran parte della popolazione. Al loro posto portarono coloni provenienti da altre nazioni. Il risultato fu una <strong>mescolanza culturale e religiosa<\/strong>.<\/p>\n\n\n\n<p>Dal punto di vista giudaico, questa fu una tragedia spirituale.<\/p>\n\n\n\n<p>Per i Giudei del sud, i Samaritani divennero:<\/p>\n\n\n\n<ul class=\"wp-block-list\">\n<li>un popolo mescolato<\/li>\n\n\n\n<li>religiosamente sospetto<\/li>\n\n\n\n<li>e soprattutto <strong>non pienamente fedele alla Legge di Dio<\/strong><\/li>\n<\/ul>\n\n\n\n<p>Cos\u00ec nacque una rivalit\u00e0 destinata a durare per secoli.<\/p>\n\n\n\n<hr class=\"wp-block-separator has-alpha-channel-opacity\"\/>\n\n\n\n<h1 class=\"wp-block-heading\">2. Il punto di rottura: dove si deve adorare Dio?<\/h1>\n\n\n\n<p>Uno dei principali disaccordi tra i due popoli riguardava <strong>il luogo legittimo del culto<\/strong>.<\/p>\n\n\n\n<p>I Giudei affermavano che l\u2019unico luogo legittimo fosse il Tempio di <strong>Gerusalemme<\/strong>.<\/p>\n\n\n\n<p>I Samaritani sostenevano invece che il vero luogo scelto da Dio fosse il <strong>Monte Garizim<\/strong>.<\/p>\n\n\n\n<p>Infatti vi costruirono il loro tempio.<\/p>\n\n\n\n<p>Questo disaccordo non era semplicemente geografico.<\/p>\n\n\n\n<p>Era <strong>teologico<\/strong>.<\/p>\n\n\n\n<p>La domanda era:<\/p>\n\n\n\n<blockquote class=\"wp-block-quote is-layout-flow wp-block-quote-is-layout-flow\">\n<p>Dove ha voluto Dio incontrare il suo popolo?<\/p>\n<\/blockquote>\n\n\n\n<p>Per i Giudei, accettare il tempio samaritano significava accettare una corruzione del vero culto.<\/p>\n\n\n\n<p>Per i Samaritani, Gerusalemme rappresentava una deviazione rispetto al luogo originariamente scelto da Dio.<\/p>\n\n\n\n<p>Cos\u00ec due popoli che veneravano lo stesso Dio iniziarono a considerarsi reciprocamente <strong>eretici<\/strong>.<\/p>\n\n\n\n<hr class=\"wp-block-separator has-alpha-channel-opacity\"\/>\n\n\n\n<h1 class=\"wp-block-heading\">3. La rottura sociale: un odio che attraversava la vita quotidiana<\/h1>\n\n\n\n<p>Ai tempi di Cristo la divisione era totale.<\/p>\n\n\n\n<p>I Giudei evitavano di attraversare la Samaria quando viaggiavano tra la Galilea e la Giudea. Preferivano fare un lungo giro.<\/p>\n\n\n\n<p>Il motivo era chiaro: <strong>non volevano avere contatti con i Samaritani<\/strong>.<\/p>\n\n\n\n<p>L\u2019ostilit\u00e0 era reciproca.<\/p>\n\n\n\n<p>Per un Giudeo devoto, un Samaritano era considerato:<\/p>\n\n\n\n<ul class=\"wp-block-list\">\n<li>impuro<\/li>\n\n\n\n<li>eterodosso<\/li>\n\n\n\n<li>nemico religioso<\/li>\n<\/ul>\n\n\n\n<p>Per questo ci\u00f2 che Ges\u00f9 fa nel Vangelo \u00e8 cos\u00ec sorprendente.<\/p>\n\n\n\n<hr class=\"wp-block-separator has-alpha-channel-opacity\"\/>\n\n\n\n<h1 class=\"wp-block-heading\">4. Ges\u00f9 rompe le barriere<\/h1>\n\n\n\n<p>Il Vangelo presenta diversi episodi nei quali Ges\u00f9 sfida questo conflitto storico.<\/p>\n\n\n\n<p>Uno dei pi\u00f9 celebri \u00e8 l\u2019incontro con la donna samaritana nel <strong>Vangelo secondo Giovanni<\/strong>.<\/p>\n\n\n\n<p>L\u00ec Ges\u00f9 inizia una conversazione che rompe ogni tab\u00f9 sociale.<\/p>\n\n\n\n<p>Prima di tutto perch\u00e9 parla con una donna.<br>In secondo luogo perch\u00e9 \u00e8 samaritana.<\/p>\n\n\n\n<p>La donna stessa \u00e8 sorpresa e dice:<\/p>\n\n\n\n<blockquote class=\"wp-block-quote is-layout-flow wp-block-quote-is-layout-flow\">\n<p><strong>\u00abCome mai tu, che sei giudeo, chiedi da bere a me che sono una donna samaritana?\u00bb<\/strong><br>(Giovanni 4,9)<\/p>\n<\/blockquote>\n\n\n\n<p>Ges\u00f9 risponde con un insegnamento straordinario sul vero culto:<\/p>\n\n\n\n<blockquote class=\"wp-block-quote is-layout-flow wp-block-quote-is-layout-flow\">\n<p><strong>\u00abCredimi, donna: viene l\u2019ora in cui n\u00e9 su questo monte n\u00e9 a Gerusalemme adorerete il Padre\u2026 i veri adoratori adoreranno il Padre in spirito e verit\u00e0.\u00bb<\/strong><br>(Giovanni 4,21\u201323)<\/p>\n<\/blockquote>\n\n\n\n<p>Qui Ges\u00f9 rivela qualcosa di rivoluzionario.<\/p>\n\n\n\n<p>Il centro della fede non sar\u00e0 pi\u00f9 un luogo geografico.<\/p>\n\n\n\n<p>Sar\u00e0 <strong>una relazione viva con Dio<\/strong>.<\/p>\n\n\n\n<hr class=\"wp-block-separator has-alpha-channel-opacity\"\/>\n\n\n\n<h1 class=\"wp-block-heading\">5. La parabola che scandalizz\u00f2 tutti<\/h1>\n\n\n\n<p>Forse l\u2019insegnamento pi\u00f9 potente appare nella famosa parabola del <strong>Buon Samaritano<\/strong>.<\/p>\n\n\n\n<p>Un uomo viene assalito e lasciato mezzo morto.<\/p>\n\n\n\n<p>Passano accanto a lui:<\/p>\n\n\n\n<ul class=\"wp-block-list\">\n<li>un sacerdote<\/li>\n\n\n\n<li>un levita<\/li>\n<\/ul>\n\n\n\n<p>Entrambi lo ignorano.<\/p>\n\n\n\n<p>Colui che si ferma ad aiutarlo\u2026 \u00e8 <strong>un samaritano<\/strong>.<\/p>\n\n\n\n<p>Ges\u00f9 conclude chiedendo:<\/p>\n\n\n\n<blockquote class=\"wp-block-quote is-layout-flow wp-block-quote-is-layout-flow\">\n<p>\u00abChi di questi tre ti sembra sia stato il prossimo di colui che \u00e8 caduto nelle mani dei briganti?\u00bb<\/p>\n<\/blockquote>\n\n\n\n<p>La risposta \u00e8 inevitabile:<\/p>\n\n\n\n<blockquote class=\"wp-block-quote is-layout-flow wp-block-quote-is-layout-flow\">\n<p>\u00abChi ha avuto compassione di lui.\u00bb<\/p>\n<\/blockquote>\n\n\n\n<p>Per un Giudeo del primo secolo questa parabola era scandalosa.<\/p>\n\n\n\n<p>Ges\u00f9 stava dicendo implicitamente:<\/p>\n\n\n\n<p><strong>Un samaritano pu\u00f2 vivere la volont\u00e0 di Dio meglio di un giudeo religioso.<\/strong><\/p>\n\n\n\n<p>Non stava negando la verit\u00e0 del giudaismo.<\/p>\n\n\n\n<p>Stava ricordando qualcosa di pi\u00f9 profondo:<\/p>\n\n\n\n<p><strong>La vera fedelt\u00e0 a Dio si dimostra nella carit\u00e0.<\/strong><\/p>\n\n\n\n<hr class=\"wp-block-separator has-alpha-channel-opacity\"\/>\n\n\n\n<h1 class=\"wp-block-heading\">6. Due popoli, un solo Dio<\/h1>\n\n\n\n<p>Dal punto di vista teologico, Giudei e Samaritani condividevano elementi fondamentali:<\/p>\n\n\n\n<ul class=\"wp-block-list\">\n<li>credevano nello stesso Dio di Abramo<\/li>\n\n\n\n<li>accettavano la Legge di <strong>Mos\u00e8<\/strong><\/li>\n\n\n\n<li>aspettavano un Messia<\/li>\n<\/ul>\n\n\n\n<p>Tuttavia differivano in vari punti importanti:<\/p>\n\n\n\n<figure class=\"wp-block-table\"><table class=\"has-fixed-layout\"><thead><tr><th>Giudei<\/th><th>Samaritani<\/th><\/tr><\/thead><tbody><tr><td>Riconoscevano tutto l\u2019Antico Testamento<\/td><td>Accettavano solo il Pentateuco<\/td><\/tr><tr><td>Tempio a Gerusalemme<\/td><td>Tempio sul Monte Garizim<\/td><\/tr><tr><td>Tradizione rabbinica<\/td><td>Tradizione propria<\/td><\/tr><tr><td>Identit\u00e0 etnica rigorosa<\/td><td>Identit\u00e0 pi\u00f9 mescolata<\/td><\/tr><\/tbody><\/table><\/figure>\n\n\n\n<p>Nonostante ci\u00f2, dal punto di vista biblico entrambi i popoli avevano <strong>una radice comune<\/strong>.<\/p>\n\n\n\n<p>Entrambi appartenevano alla storia della salvezza.<\/p>\n\n\n\n<hr class=\"wp-block-separator has-alpha-channel-opacity\"\/>\n\n\n\n<h1 class=\"wp-block-heading\">7. La lezione spirituale che molti dimenticano<\/h1>\n\n\n\n<p>Questa storia insegna qualcosa di molto profondo:<\/p>\n\n\n\n<p><strong>La divisione religiosa pu\u00f2 nascere anche tra coloro che credono nello stesso Dio.<\/strong><\/p>\n\n\n\n<p>Il problema non \u00e8 sempre l\u2019assenza di fede.<\/p>\n\n\n\n<p>A volte il problema \u00e8 <strong>il modo di viverla<\/strong>.<\/p>\n\n\n\n<p>Questo \u00e8 estremamente attuale.<\/p>\n\n\n\n<p>Ancora oggi esistono tensioni tra:<\/p>\n\n\n\n<ul class=\"wp-block-list\">\n<li>diverse sensibilit\u00e0 all\u2019interno del cristianesimo<\/li>\n\n\n\n<li>diverse tradizioni liturgiche<\/li>\n\n\n\n<li>diverse interpretazioni teologiche<\/li>\n<\/ul>\n\n\n\n<p>La storia di Giudei e Samaritani ci avverte di un pericolo:<\/p>\n\n\n\n<p><strong>trasformare l\u2019identit\u00e0 religiosa in motivo di disprezzo verso gli altri.<\/strong><\/p>\n\n\n\n<hr class=\"wp-block-separator has-alpha-channel-opacity\"\/>\n\n\n\n<h1 class=\"wp-block-heading\">8. La visione pastorale di Cristo<\/h1>\n\n\n\n<p>Ges\u00f9 non relativizza la verit\u00e0.<\/p>\n\n\n\n<p>Afferm\u00f2 chiaramente:<\/p>\n\n\n\n<blockquote class=\"wp-block-quote is-layout-flow wp-block-quote-is-layout-flow\">\n<p>\u00abLa salvezza viene dai Giudei.\u00bb (Giovanni 4,22)<\/p>\n<\/blockquote>\n\n\n\n<p>Ma allo stesso tempo apre l\u2019orizzonte universale della salvezza.<\/p>\n\n\n\n<p>La sua missione non \u00e8 alimentare rivalit\u00e0.<\/p>\n\n\n\n<p>\u00c8 <strong>riconciliare gli uomini con Dio e tra di loro<\/strong>.<\/p>\n\n\n\n<p>Per questo il Vangelo mostra qualcosa di sorprendente:<\/p>\n\n\n\n<p>Anche i Samaritani rispondono al messaggio cristiano.<\/p>\n\n\n\n<p>Negli <strong>Atti degli Apostoli<\/strong>, gli apostoli evangelizzano la Samaria con grande successo.<\/p>\n\n\n\n<p>L\u2019antica rivalit\u00e0 comincia a scomparire all\u2019interno della Chiesa nascente.<\/p>\n\n\n\n<hr class=\"wp-block-separator has-alpha-channel-opacity\"\/>\n\n\n\n<h1 class=\"wp-block-heading\">9. Applicazioni per la nostra vita oggi<\/h1>\n\n\n\n<p>La storia di Giudei e Samaritani non \u00e8 soltanto archeologia biblica.<\/p>\n\n\n\n<p>\u00c8 una guida spirituale molto concreta.<\/p>\n\n\n\n<h3 class=\"wp-block-heading\">1. Non assolutizzare le nostre differenze<\/h3>\n\n\n\n<p>Possiamo condividere la stessa fede e tuttavia avere sensibilit\u00e0 diverse.<\/p>\n\n\n\n<p>Questo non dovrebbe trasformarsi in odio.<\/p>\n\n\n\n<h3 class=\"wp-block-heading\">2. La carit\u00e0 \u00e8 la vera ortodossia<\/h3>\n\n\n\n<p>La parabola del Buon Samaritano ci ricorda che la fedelt\u00e0 a Dio si misura con l\u2019amore verso il prossimo.<\/p>\n\n\n\n<p>Non basta avere ragione.<\/p>\n\n\n\n<p>Bisogna <strong>amare<\/strong>.<\/p>\n\n\n\n<h3 class=\"wp-block-heading\">3. Dio pu\u00f2 agire dove meno ce lo aspettiamo<\/h3>\n\n\n\n<p>Ges\u00f9 scelse un samaritano come esempio morale.<\/p>\n\n\n\n<p>Questo ci insegna umilt\u00e0.<\/p>\n\n\n\n<p>La grazia di Dio non \u00e8 limitata ai nostri schemi.<\/p>\n\n\n\n<h3 class=\"wp-block-heading\">4. Evitare il disprezzo religioso<\/h3>\n\n\n\n<p>La storia dimostra che il disprezzo tra credenti produce secoli di ferite.<\/p>\n\n\n\n<p>Il cristiano \u00e8 chiamato ad essere <strong>un ponte, non un muro<\/strong>.<\/p>\n\n\n\n<hr class=\"wp-block-separator has-alpha-channel-opacity\"\/>\n\n\n\n<h1 class=\"wp-block-heading\">10. Una riflessione finale<\/h1>\n\n\n\n<p>In fondo, la storia di Giudei e Samaritani \u00e8 la storia di un\u2019umanit\u00e0 divisa.<\/p>\n\n\n\n<p>Due popoli.<br>Un solo Dio.<br>Ma cuori separati.<\/p>\n\n\n\n<p>Cristo venne proprio per guarire questa frattura.<\/p>\n\n\n\n<p>Per questo il Vangelo insiste tanto su una verit\u00e0 centrale:<\/p>\n\n\n\n<p><strong>il prossimo non \u00e8 soltanto chi pensa come noi.<\/strong><\/p>\n\n\n\n<p>\u00c8 chiunque soffra, chiunque abbia bisogno di misericordia.<\/p>\n\n\n\n<p>Forse \u00e8 per questo che Ges\u00f9 scelse un samaritano come eroe della sua parabola.<\/p>\n\n\n\n<p>Perch\u00e9 voleva che comprendessimo qualcosa di essenziale:<\/p>\n\n\n\n<p>La santit\u00e0 non appartiene a un gruppo.<\/p>\n\n\n\n<p>Appartiene a chi <strong>vive l\u2019amore di Dio<\/strong>.<\/p>\n\n\n\n<p>E questa rimane, oggi come ieri, la vera religione.<\/p>\n","protected":false},"excerpt":{"rendered":"<p>Per secoli, due popoli vicini guardavano lo stesso cielo, pregavano lo stesso Dio e leggevano la stessa Legge\u2026 e tuttavia si respingevano profondamente. Erano i Giudei e i Samaritani. Per molti lettori moderni, questa rivalit\u00e0 pu\u00f2 sembrare soltanto una curiosit\u00e0 storica della Bibbia. Tuttavia, comprendere la relazione tra questi due popoli apre una finestra affascinante &hellip;<\/p>\n","protected":false},"author":3,"featured_media":5313,"comment_status":"closed","ping_status":"closed","sticky":false,"template":"","format":"standard","meta":{"_seopress_robots_primary_cat":"","_seopress_titles_title":"","_seopress_titles_desc":"","_seopress_robots_index":"","footnotes":""},"categories":[37,45],"tags":[1929,1928],"class_list":["post-5312","post","type-post","status-publish","format-standard","has-post-thumbnail","","category-dottrina-e-fede","category-sacra-scrittura","tag-giudei","tag-samaritani"],"_links":{"self":[{"href":"https:\/\/catholicus.eu\/it\/wp-json\/wp\/v2\/posts\/5312","targetHints":{"allow":["GET"]}}],"collection":[{"href":"https:\/\/catholicus.eu\/it\/wp-json\/wp\/v2\/posts"}],"about":[{"href":"https:\/\/catholicus.eu\/it\/wp-json\/wp\/v2\/types\/post"}],"author":[{"embeddable":true,"href":"https:\/\/catholicus.eu\/it\/wp-json\/wp\/v2\/users\/3"}],"replies":[{"embeddable":true,"href":"https:\/\/catholicus.eu\/it\/wp-json\/wp\/v2\/comments?post=5312"}],"version-history":[{"count":1,"href":"https:\/\/catholicus.eu\/it\/wp-json\/wp\/v2\/posts\/5312\/revisions"}],"predecessor-version":[{"id":5314,"href":"https:\/\/catholicus.eu\/it\/wp-json\/wp\/v2\/posts\/5312\/revisions\/5314"}],"wp:featuredmedia":[{"embeddable":true,"href":"https:\/\/catholicus.eu\/it\/wp-json\/wp\/v2\/media\/5313"}],"wp:attachment":[{"href":"https:\/\/catholicus.eu\/it\/wp-json\/wp\/v2\/media?parent=5312"}],"wp:term":[{"taxonomy":"category","embeddable":true,"href":"https:\/\/catholicus.eu\/it\/wp-json\/wp\/v2\/categories?post=5312"},{"taxonomy":"post_tag","embeddable":true,"href":"https:\/\/catholicus.eu\/it\/wp-json\/wp\/v2\/tags?post=5312"}],"curies":[{"name":"wp","href":"https:\/\/api.w.org\/{rel}","templated":true}]}}