{"id":5303,"date":"2026-03-14T21:55:32","date_gmt":"2026-03-14T20:55:32","guid":{"rendered":"https:\/\/catholicus.eu\/it\/?p=5303"},"modified":"2026-03-14T21:57:12","modified_gmt":"2026-03-14T20:57:12","slug":"dove-tuo-fratello-la-domanda-di-dio-che-continua-a-scuotere-la-coscienza-del-mondo","status":"publish","type":"post","link":"https:\/\/catholicus.eu\/it\/dove-tuo-fratello-la-domanda-di-dio-che-continua-a-scuotere-la-coscienza-del-mondo\/","title":{"rendered":"\u00abDov\u2019\u00e8 tuo fratello?\u00bb : la domanda di Dio che continua a scuotere la coscienza del mondo"},"content":{"rendered":"\n<p>Ci sono domande che attraversano i secoli.<br>Domande che non appartengono soltanto a un momento della storia, ma che risuonano in ogni generazione.<\/p>\n\n\n\n<p>Una di esse appare nelle primissime pagine della Bibbia.<br>\u00c8 una domanda semplice, ma devastante.<\/p>\n\n\n\n<blockquote class=\"wp-block-quote is-layout-flow wp-block-quote-is-layout-flow\">\n<p><strong>\u00abDov\u2019\u00e8 tuo fratello?\u00bb<\/strong> (Gen 4,9)<\/p>\n<\/blockquote>\n\n\n\n<p>Dio la pronuncia dopo uno degli episodi pi\u00f9 drammatici della storia umana: l\u2019uccisione di <strong>Abele<\/strong> da parte del suo stesso fratello <strong>Caino<\/strong>, raccontata nel libro della <strong>Genesi<\/strong>.<\/p>\n\n\n\n<p>Questo racconto, apparentemente breve e semplice, contiene una profondit\u00e0 teologica straordinaria. Non \u00e8 soltanto la storia del primo omicidio. \u00c8 <strong>la radiografia del cuore umano dopo il peccato<\/strong>.<\/p>\n\n\n\n<p>E soprattutto \u00e8 una domanda che Dio continua a rivolgerci ancora oggi.<\/p>\n\n\n\n<p>Perch\u00e9 dietro di essa si nasconde una verit\u00e0 fondamentale:<br><strong>la vita cristiana comporta sempre una responsabilit\u00e0 verso l\u2019altro.<\/strong><\/p>\n\n\n\n<hr class=\"wp-block-separator has-alpha-channel-opacity\"\/>\n\n\n\n<h1 class=\"wp-block-heading\">1. Il primo dramma dell\u2019umanit\u00e0<\/h1>\n\n\n\n<p>Il racconto appare nel capitolo 4 della <strong>Genesi<\/strong>, subito dopo la caduta di <strong>Adamo<\/strong> e <strong>Eva<\/strong>.<\/p>\n\n\n\n<p>Il peccato originale \u00e8 entrato nel mondo e comincia a mostrare le sue conseguenze.<\/p>\n\n\n\n<p>I primi due figli dell\u2019umanit\u00e0 rappresentano due atteggiamenti spirituali diversi.<\/p>\n\n\n\n<ul class=\"wp-block-list\">\n<li><strong>Abele<\/strong> \u00e8 pastore.<\/li>\n\n\n\n<li><strong>Caino<\/strong> \u00e8 agricoltore.<\/li>\n<\/ul>\n\n\n\n<p>Entrambi offrono sacrifici a Dio.<\/p>\n\n\n\n<p>Ma la Scrittura dice:<\/p>\n\n\n\n<blockquote class=\"wp-block-quote is-layout-flow wp-block-quote-is-layout-flow\">\n<p>\u00abIl Signore grad\u00ec Abele e la sua offerta, ma non grad\u00ec Caino e la sua offerta.\u00bb (Gen 4,4-5)<\/p>\n<\/blockquote>\n\n\n\n<p>Qui nasce il primo grande conflitto umano: <strong>il confronto, l\u2019invidia e il risentimento<\/strong>.<\/p>\n\n\n\n<p>Caino non accetta il mistero della preferenza divina. Invece di esaminare il proprio cuore, lascia crescere il risentimento.<\/p>\n\n\n\n<p>Dio, come un buon padre, lo avverte:<\/p>\n\n\n\n<blockquote class=\"wp-block-quote is-layout-flow wp-block-quote-is-layout-flow\">\n<p>\u00abIl peccato \u00e8 accovacciato alla tua porta; verso di te \u00e8 il suo istinto, ma tu dominalo.\u00bb (Gen 4,7)<\/p>\n<\/blockquote>\n\n\n\n<p>Questo versetto \u00e8 fondamentale.<\/p>\n\n\n\n<p>Dio rivela una verit\u00e0 che attraversa tutta la teologia morale:<br><strong>il peccato cerca di dominarci, ma l\u2019uomo non \u00e8 condannato a obbedirgli.<\/strong><\/p>\n\n\n\n<p>Esiste la libert\u00e0.<\/p>\n\n\n\n<p>Esiste la responsabilit\u00e0.<\/p>\n\n\n\n<hr class=\"wp-block-separator has-alpha-channel-opacity\"\/>\n\n\n\n<h1 class=\"wp-block-heading\">2. Il primo omicidio<\/h1>\n\n\n\n<p>Il dramma si sviluppa rapidamente.<\/p>\n\n\n\n<p>Il testo biblico dice con impressionante sobriet\u00e0:<\/p>\n\n\n\n<blockquote class=\"wp-block-quote is-layout-flow wp-block-quote-is-layout-flow\">\n<p>\u00abCaino si scagli\u00f2 contro suo fratello Abele e lo uccise.\u00bb (Gen 4,8)<\/p>\n<\/blockquote>\n\n\n\n<p>La Bibbia non descrive l\u2019atto nei dettagli. Non \u00e8 necessario. L\u2019orrore \u00e8 evidente in una sola frase.<\/p>\n\n\n\n<p>Il primo omicidio della storia non avviene tra nemici.<\/p>\n\n\n\n<p>Avviene tra fratelli.<\/p>\n\n\n\n<p>Questo dettaglio non \u00e8 casuale. L\u2019autore sacro vuole mostrare che <strong>la rottura con Dio finisce sempre per spezzare la fraternit\u00e0 umana<\/strong>.<\/p>\n\n\n\n<p>Quando il cuore si separa da Dio, inevitabilmente comincia a vedere l\u2019altro come un rivale.<\/p>\n\n\n\n<hr class=\"wp-block-separator has-alpha-channel-opacity\"\/>\n\n\n\n<h1 class=\"wp-block-heading\">3. La domanda di Dio<\/h1>\n\n\n\n<p>Dopo il crimine arriva uno dei momenti pi\u00f9 potenti di tutta la Scrittura.<\/p>\n\n\n\n<p>Dio domanda:<\/p>\n\n\n\n<blockquote class=\"wp-block-quote is-layout-flow wp-block-quote-is-layout-flow\">\n<p><strong>\u00abCaino, dov\u2019\u00e8 tuo fratello Abele?\u00bb<\/strong> (Gen 4,9)<\/p>\n<\/blockquote>\n\n\n\n<p>Dio non pone la domanda perch\u00e9 ignori la risposta.<\/p>\n\n\n\n<p>Dio la pone <strong>per risvegliare la coscienza<\/strong>.<\/p>\n\n\n\n<p>Caino risponde con una delle frasi pi\u00f9 dure della Bibbia:<\/p>\n\n\n\n<blockquote class=\"wp-block-quote is-layout-flow wp-block-quote-is-layout-flow\">\n<p>\u00abNon lo so. Sono forse il custode di mio fratello?\u00bb<\/p>\n<\/blockquote>\n\n\n\n<p>Qui appare la radice dell\u2019egoismo umano.<\/p>\n\n\n\n<p>Caino tenta di negare la propria responsabilit\u00e0.<\/p>\n\n\n\n<p>Finge che la vita dell\u2019altro <strong>non lo riguardi<\/strong>.<\/p>\n\n\n\n<p>Ma Dio risponde con una rivelazione sconvolgente:<\/p>\n\n\n\n<blockquote class=\"wp-block-quote is-layout-flow wp-block-quote-is-layout-flow\">\n<p>\u00abLa voce del sangue di tuo fratello grida a me dalla terra.\u00bb (Gen 4,10)<\/p>\n<\/blockquote>\n\n\n\n<p>Nulla rimane nascosto davanti a Dio.<\/p>\n\n\n\n<p>L\u2019ingiustizia non scompare.<\/p>\n\n\n\n<p>La sofferenza innocente <strong>grida al cielo<\/strong>.<\/p>\n\n\n\n<hr class=\"wp-block-separator has-alpha-channel-opacity\"\/>\n\n\n\n<h1 class=\"wp-block-heading\">4. Una domanda che attraversa la storia<\/h1>\n\n\n\n<p>La domanda \u00abDov\u2019\u00e8 tuo fratello?\u00bb non appartiene soltanto a Caino.<\/p>\n\n\n\n<p>\u00c8 una domanda rivolta a tutta l\u2019umanit\u00e0.<\/p>\n\n\n\n<p>Ogni epoca ha i suoi modi di rispondere come Caino.<\/p>\n\n\n\n<p>Anche oggi possiamo sentire risposte simili:<\/p>\n\n\n\n<ul class=\"wp-block-list\">\n<li>\u00abNon \u00e8 un mio problema.\u00bb<\/li>\n\n\n\n<li>\u00abOgnuno pensi per s\u00e9.\u00bb<\/li>\n\n\n\n<li>\u00abIo mi occupo solo della mia vita.\u00bb<\/li>\n<\/ul>\n\n\n\n<p>Ma la rivelazione biblica afferma qualcosa di radicalmente diverso:<\/p>\n\n\n\n<p><strong>la vita umana \u00e8 interconnessa.<\/strong><\/p>\n\n\n\n<p>Siamo responsabili gli uni degli altri.<\/p>\n\n\n\n<hr class=\"wp-block-separator has-alpha-channel-opacity\"\/>\n\n\n\n<h1 class=\"wp-block-heading\">5. La lettura cristiana del racconto<\/h1>\n\n\n\n<p>I Padri della Chiesa videro in questo episodio un simbolo profetico.<\/p>\n\n\n\n<p>Abele rappresenta il giusto perseguitato.<\/p>\n\n\n\n<p>Molti interpretarono la sua figura come un\u2019anticipazione di <strong>Ges\u00f9 Cristo<\/strong>, l\u2019innocente che fu anch\u2019egli ucciso dall\u2019ingiustizia umana.<\/p>\n\n\n\n<p>Il Nuovo Testamento fa esplicitamente riferimento a questo contrasto. La Scrittura afferma che il sangue di Cristo parla <strong>\u00abmeglio di quello di Abele\u00bb<\/strong>.<\/p>\n\n\n\n<p>Il sangue di Abele grida giustizia.<br>Il sangue di Cristo grida <strong>misericordia<\/strong>.<\/p>\n\n\n\n<hr class=\"wp-block-separator has-alpha-channel-opacity\"\/>\n\n\n\n<h1 class=\"wp-block-heading\">6. Il dramma spirituale di Caino<\/h1>\n\n\n\n<p>Il peccato di Caino non comincia con l\u2019omicidio.<\/p>\n\n\n\n<p>Comincia molto prima.<\/p>\n\n\n\n<p>Nasce da tre atteggiamenti interiori:<\/p>\n\n\n\n<h3 class=\"wp-block-heading\">1. Confronto<\/h3>\n\n\n\n<p>Caino guarda suo fratello invece di guardare Dio.<\/p>\n\n\n\n<h3 class=\"wp-block-heading\">2. Invidia<\/h3>\n\n\n\n<p>Il bene dell\u2019altro diventa motivo di risentimento.<\/p>\n\n\n\n<h3 class=\"wp-block-heading\">3. Orgoglio ferito<\/h3>\n\n\n\n<p>Invece di correggersi, si ribella interiormente.<\/p>\n\n\n\n<p>Questo processo spirituale continua a ripetersi ancora oggi.<\/p>\n\n\n\n<p>Molti conflitti umani nascono dall\u2019incapacit\u00e0 di gioire del bene degli altri.<\/p>\n\n\n\n<hr class=\"wp-block-separator has-alpha-channel-opacity\"\/>\n\n\n\n<h1 class=\"wp-block-heading\">7. L\u2019attualit\u00e0 del racconto<\/h1>\n\n\n\n<p>La storia di Caino e Abele sembra scritta per il nostro tempo.<\/p>\n\n\n\n<p>Viviamo in una cultura dove competizione, confronto e rivalit\u00e0 sono ovunque:<\/p>\n\n\n\n<ul class=\"wp-block-list\">\n<li>nel lavoro<\/li>\n\n\n\n<li>nella politica<\/li>\n\n\n\n<li>nei social network<\/li>\n\n\n\n<li>perfino nella vita familiare<\/li>\n<\/ul>\n\n\n\n<p>Il racconto biblico ci ricorda una verit\u00e0 essenziale:<\/p>\n\n\n\n<p><strong>l\u2019altro non \u00e8 il mio nemico.<\/strong><\/p>\n\n\n\n<p>\u00c8 mio fratello.<\/p>\n\n\n\n<hr class=\"wp-block-separator has-alpha-channel-opacity\"\/>\n\n\n\n<h1 class=\"wp-block-heading\">8. La responsabilit\u00e0 cristiana verso il prossimo<\/h1>\n\n\n\n<p>Uno degli insegnamenti pi\u00f9 profondi di questo passo \u00e8 che <strong>siamo davvero custodi dei nostri fratelli<\/strong>.<\/p>\n\n\n\n<p>La fede cristiana non \u00e8 mai individualista.<\/p>\n\n\n\n<p>Ges\u00f9 lo riassume nel comandamento dell\u2019amore:<\/p>\n\n\n\n<blockquote class=\"wp-block-quote is-layout-flow wp-block-quote-is-layout-flow\">\n<p>\u00abAmerai il prossimo tuo come te stesso.\u00bb (Mt 22,39)<\/p>\n<\/blockquote>\n\n\n\n<p>Essere cristiani significa sviluppare una sensibilit\u00e0 spirituale verso la sofferenza degli altri.<\/p>\n\n\n\n<p>Non possiamo vivere chiusi in noi stessi.<\/p>\n\n\n\n<hr class=\"wp-block-separator has-alpha-channel-opacity\"\/>\n\n\n\n<h1 class=\"wp-block-heading\">9. Applicazioni pratiche per la vita quotidiana<\/h1>\n\n\n\n<p>La storia di Caino non \u00e8 soltanto un avvertimento. \u00c8 anche una guida spirituale.<\/p>\n\n\n\n<h3 class=\"wp-block-heading\">1. Custodire il cuore<\/h3>\n\n\n\n<p>Invidia, risentimento e confronto devono essere riconosciuti quando sono ancora piccoli.<\/p>\n\n\n\n<h3 class=\"wp-block-heading\">2. Gioire del bene degli altri<\/h3>\n\n\n\n<p>La vera carit\u00e0 si rallegra quando il prossimo prospera.<\/p>\n\n\n\n<h3 class=\"wp-block-heading\">3. Essere responsabili degli altri<\/h3>\n\n\n\n<p>Dio ci chiama a prenderci cura, proteggere e accompagnare chi ci sta accanto.<\/p>\n\n\n\n<h3 class=\"wp-block-heading\">4. Riconoscere i nostri errori<\/h3>\n\n\n\n<p>Caino tenta di nascondere la propria colpa. La conversione comincia quando smettiamo di giustificare il peccato.<\/p>\n\n\n\n<hr class=\"wp-block-separator has-alpha-channel-opacity\"\/>\n\n\n\n<h1 class=\"wp-block-heading\">10. La domanda che Dio continua a fare<\/h1>\n\n\n\n<p>La storia di <strong>Caino<\/strong> termina con una punizione, ma anche con un segno di misericordia: Dio non permette che venga ucciso.<\/p>\n\n\n\n<p>Anche dopo il crimine, Dio continua ad agire con giustizia e compassione.<\/p>\n\n\n\n<p>Questo dettaglio rivela qualcosa di importante: <strong>Dio non abbandona il peccatore<\/strong>.<\/p>\n\n\n\n<p>Ma la domanda rimane aperta.<\/p>\n\n\n\n<p>Ogni giorno Dio continua a chiedere all\u2019umanit\u00e0:<\/p>\n\n\n\n<p><strong>Dov\u2019\u00e8 tuo fratello?<\/strong><\/p>\n\n\n\n<ul class=\"wp-block-list\">\n<li>Dov\u2019\u00e8 colui che soffre?<\/li>\n\n\n\n<li>Dov\u2019\u00e8 colui che \u00e8 solo?<\/li>\n\n\n\n<li>Dov\u2019\u00e8 colui che ha bisogno di aiuto?<\/li>\n<\/ul>\n\n\n\n<p>Rispondere a questa domanda con amore \u00e8 uno dei modi pi\u00f9 concreti di vivere il Vangelo.<\/p>\n\n\n\n<p>Perch\u00e9, in fondo, la santit\u00e0 cristiana consiste in qualcosa di semplice e allo stesso tempo profondo:<\/p>\n\n\n\n<p><strong>riconoscere in ogni persona un fratello che Dio ci ha affidato.<\/strong><\/p>\n","protected":false},"excerpt":{"rendered":"<p>Ci sono domande che attraversano i secoli.Domande che non appartengono soltanto a un momento della storia, ma che risuonano in ogni generazione. Una di esse appare nelle primissime pagine della Bibbia.\u00c8 una domanda semplice, ma devastante. \u00abDov\u2019\u00e8 tuo fratello?\u00bb (Gen 4,9) Dio la pronuncia dopo uno degli episodi pi\u00f9 drammatici della storia umana: l\u2019uccisione di &hellip;<\/p>\n","protected":false},"author":3,"featured_media":5304,"comment_status":"closed","ping_status":"closed","sticky":false,"template":"","format":"standard","meta":{"_seopress_robots_primary_cat":"","_seopress_titles_title":"","_seopress_titles_desc":"","_seopress_robots_index":"","footnotes":""},"categories":[37,45],"tags":[1926],"class_list":["post-5303","post","type-post","status-publish","format-standard","has-post-thumbnail","","category-dottrina-e-fede","category-sacra-scrittura","tag-caino"],"_links":{"self":[{"href":"https:\/\/catholicus.eu\/it\/wp-json\/wp\/v2\/posts\/5303","targetHints":{"allow":["GET"]}}],"collection":[{"href":"https:\/\/catholicus.eu\/it\/wp-json\/wp\/v2\/posts"}],"about":[{"href":"https:\/\/catholicus.eu\/it\/wp-json\/wp\/v2\/types\/post"}],"author":[{"embeddable":true,"href":"https:\/\/catholicus.eu\/it\/wp-json\/wp\/v2\/users\/3"}],"replies":[{"embeddable":true,"href":"https:\/\/catholicus.eu\/it\/wp-json\/wp\/v2\/comments?post=5303"}],"version-history":[{"count":1,"href":"https:\/\/catholicus.eu\/it\/wp-json\/wp\/v2\/posts\/5303\/revisions"}],"predecessor-version":[{"id":5305,"href":"https:\/\/catholicus.eu\/it\/wp-json\/wp\/v2\/posts\/5303\/revisions\/5305"}],"wp:featuredmedia":[{"embeddable":true,"href":"https:\/\/catholicus.eu\/it\/wp-json\/wp\/v2\/media\/5304"}],"wp:attachment":[{"href":"https:\/\/catholicus.eu\/it\/wp-json\/wp\/v2\/media?parent=5303"}],"wp:term":[{"taxonomy":"category","embeddable":true,"href":"https:\/\/catholicus.eu\/it\/wp-json\/wp\/v2\/categories?post=5303"},{"taxonomy":"post_tag","embeddable":true,"href":"https:\/\/catholicus.eu\/it\/wp-json\/wp\/v2\/tags?post=5303"}],"curies":[{"name":"wp","href":"https:\/\/api.w.org\/{rel}","templated":true}]}}