{"id":5288,"date":"2026-03-13T18:30:50","date_gmt":"2026-03-13T17:30:50","guid":{"rendered":"https:\/\/catholicus.eu\/it\/?p=5288"},"modified":"2026-03-13T18:30:51","modified_gmt":"2026-03-13T17:30:51","slug":"potentia-obediencialis-il-potere-nascosto-dellanima-di-obbedire-a-dio","status":"publish","type":"post","link":"https:\/\/catholicus.eu\/it\/potentia-obediencialis-il-potere-nascosto-dellanima-di-obbedire-a-dio\/","title":{"rendered":"Potentia Obediencialis: il potere nascosto dell\u2019anima di obbedire a Dio"},"content":{"rendered":"\n<p>Viviamo in un\u2019epoca ossessionata dal potere.<\/p>\n\n\n\n<p>Potere economico.<br>Potere politico.<br>Potere tecnologico.<\/p>\n\n\n\n<p>Eppure il cristianesimo ha sempre parlato di <strong>un altro tipo di potere<\/strong>, molto pi\u00f9 profondo e decisivo: <strong>la capacit\u00e0 dell\u2019anima di ricevere Dio<\/strong>.<\/p>\n\n\n\n<p>I grandi teologi della Chiesa hanno chiamato questa misteriosa capacit\u00e0 <strong><em>potentia obediencialis<\/em><\/strong>.<\/p>\n\n\n\n<p>Un termine latino che pu\u00f2 sembrare complesso\u2026 ma che in realt\u00e0 racchiude una verit\u00e0 spirituale affascinante:<\/p>\n\n\n\n<p><strong>L\u2019essere umano possiede un\u2019apertura interiore che gli permette di ricevere ci\u00f2 che Dio vuole operare in lui.<\/strong><\/p>\n\n\n\n<p>In altre parole:<\/p>\n\n\n\n<blockquote class=\"wp-block-quote is-layout-flow wp-block-quote-is-layout-flow\">\n<p><strong>La nostra anima \u00e8 fatta per obbedire a Dio\u2026 ed \u00e8 proprio in questa obbedienza che si trova la sua pi\u00f9 grande grandezza.<\/strong><\/p>\n<\/blockquote>\n\n\n\n<p>In questo articolo esploreremo a fondo questo affascinante concetto:<br>la sua origine, il suo sviluppo nella teologia cattolica, la sua profondit\u00e0 spirituale e, soprattutto, <strong>come pu\u00f2 trasformare la nostra vita quotidiana oggi<\/strong>.<\/p>\n\n\n\n<hr class=\"wp-block-separator has-alpha-channel-opacity\"\/>\n\n\n\n<h1 class=\"wp-block-heading\">1. Che cosa significa \u201cPotentia Obediencialis\u201d?<\/h1>\n\n\n\n<p>L\u2019espressione <strong><em>potentia obediencialis<\/em><\/strong> significa letteralmente:<\/p>\n\n\n\n<p><strong>\u201cpotenza obbedienziale\u201d o \u201ccapacit\u00e0 di obbedire\u201d.<\/strong><\/p>\n\n\n\n<p>Ma non si riferisce semplicemente all\u2019obbedire a degli ordini.<\/p>\n\n\n\n<p>Nella teologia classica significa qualcosa di molto pi\u00f9 profondo:<\/p>\n\n\n\n<blockquote class=\"wp-block-quote is-layout-flow wp-block-quote-is-layout-flow\">\n<p><strong>La capacit\u00e0 che ha una creatura di ricevere un\u2019azione di Dio che supera la sua stessa natura.<\/strong><\/p>\n<\/blockquote>\n\n\n\n<p>Cio\u00e8:<\/p>\n\n\n\n<p>Una creatura non pu\u00f2 produrre da sola alcune realt\u00e0 soprannaturali\u2026<br>ma <strong>pu\u00f2 riceverle se Dio vuole concederle<\/strong>.<\/p>\n\n\n\n<p>Questo accade, per esempio, con:<\/p>\n\n\n\n<ul class=\"wp-block-list\">\n<li><strong>la grazia santificante<\/strong><\/li>\n\n\n\n<li><strong>i miracoli<\/strong><\/li>\n\n\n\n<li><strong>la visione beatifica<\/strong><\/li>\n\n\n\n<li><strong>i sacramenti<\/strong><\/li>\n<\/ul>\n\n\n\n<p>L\u2019essere umano non pu\u00f2 produrre queste realt\u00e0 da s\u00e9.<\/p>\n\n\n\n<p>Ma <strong>la sua natura \u00e8 aperta a riceverle<\/strong>.<\/p>\n\n\n\n<p>Questo \u201cspazio interiore\u201d per Dio \u00e8 ci\u00f2 che i teologi chiamano:<\/p>\n\n\n\n<p><strong>potentia obediencialis.<\/strong><\/p>\n\n\n\n<hr class=\"wp-block-separator has-alpha-channel-opacity\"\/>\n\n\n\n<h1 class=\"wp-block-heading\">2. Un concetto profondamente biblico<\/h1>\n\n\n\n<p>Sebbene il termine sia scolastico, l\u2019idea \u00e8 profondamente presente nella Bibbia.<\/p>\n\n\n\n<p>Dio non tratta l\u2019uomo come un oggetto.<\/p>\n\n\n\n<p>Lo chiama <strong>a cooperare con Lui<\/strong>.<\/p>\n\n\n\n<p>La Scrittura \u00e8 piena di esempi in cui Dio agisce <strong>quando l\u2019uomo risponde con obbedienza<\/strong>.<\/p>\n\n\n\n<p>L\u2019esempio pi\u00f9 perfetto \u00e8 la Vergine Maria.<\/p>\n\n\n\n<p>Quando l\u2019angelo annuncia l\u2019Incarnazione, ella risponde:<\/p>\n\n\n\n<blockquote class=\"wp-block-quote is-layout-flow wp-block-quote-is-layout-flow\">\n<p>\u201cEcco la serva del Signore: avvenga per me secondo la tua parola.\u201d<br><em>(Luca 1,38)<\/em><\/p>\n<\/blockquote>\n\n\n\n<p>Quel <strong>\u201cavvenga\u201d<\/strong> \u00e8 l\u2019atto supremo della <strong>potentia obediencialis umana<\/strong>.<\/p>\n\n\n\n<p>Maria non produce l\u2019Incarnazione.<\/p>\n\n\n\n<p>Ma <strong>si apre completamente all\u2019azione di Dio<\/strong>.<\/p>\n\n\n\n<p>E allora accade il pi\u00f9 grande miracolo della storia.<\/p>\n\n\n\n<p>Dio entra nel mondo.<\/p>\n\n\n\n<hr class=\"wp-block-separator has-alpha-channel-opacity\"\/>\n\n\n\n<h1 class=\"wp-block-heading\">3. Lo sviluppo teologico del concetto<\/h1>\n\n\n\n<p>Il concetto fu sviluppato soprattutto dai grandi teologi medievali.<\/p>\n\n\n\n<p>Tra essi spiccano:<\/p>\n\n\n\n<ul class=\"wp-block-list\">\n<li><strong>Sant\u2019Agostino<\/strong><\/li>\n\n\n\n<li><strong>San Tommaso d\u2019Aquino<\/strong><\/li>\n\n\n\n<li>la teologia scolastica successiva<\/li>\n<\/ul>\n\n\n\n<h3 class=\"wp-block-heading\">Sant\u2019Agostino: il cuore inquieto<\/h3>\n\n\n\n<p>Sant\u2019Agostino aveva gi\u00e0 intuito questa apertura dell\u2019anima quando scrisse:<\/p>\n\n\n\n<blockquote class=\"wp-block-quote is-layout-flow wp-block-quote-is-layout-flow\">\n<p>\u201cCi hai fatti per Te, Signore, e il nostro cuore \u00e8 inquieto finch\u00e9 non riposa in Te.\u201d<\/p>\n<\/blockquote>\n\n\n\n<p>L\u2019anima umana possiede <strong>un orientamento naturale verso Dio<\/strong>.<\/p>\n\n\n\n<p>\u00c8 come una porta interiore che attende di essere aperta.<\/p>\n\n\n\n<hr class=\"wp-block-separator has-alpha-channel-opacity\"\/>\n\n\n\n<h3 class=\"wp-block-heading\">San Tommaso d\u2019Aquino<\/h3>\n\n\n\n<p>San Tommaso svilupp\u00f2 questa idea con precisione filosofica.<\/p>\n\n\n\n<p>Spieg\u00f2 che esistono due tipi di potenze:<\/p>\n\n\n\n<ol class=\"wp-block-list\">\n<li><strong>Potenza naturale<\/strong><\/li>\n<\/ol>\n\n\n\n<p>La capacit\u00e0 di produrre qualcosa secondo la propria natura.<\/p>\n\n\n\n<p>Esempio:<br>un albero pu\u00f2 dare frutto.<\/p>\n\n\n\n<ol start=\"2\" class=\"wp-block-list\">\n<li><strong>Potenza obbedienziale<\/strong><\/li>\n<\/ol>\n\n\n\n<p>La capacit\u00e0 di ricevere qualcosa <strong>se Dio lo compie<\/strong>.<\/p>\n\n\n\n<p>Esempio:<\/p>\n\n\n\n<p>L\u2019acqua non pu\u00f2 trasformarsi da sola in vino.<\/p>\n\n\n\n<p>Ma alle <strong>Nozze di Cana<\/strong>, Cristo la trasforma.<\/p>\n\n\n\n<p>Questo cambiamento avviene perch\u00e9 <strong>la creatura \u00e8 aperta all\u2019azione divina<\/strong>.<\/p>\n\n\n\n<hr class=\"wp-block-separator has-alpha-channel-opacity\"\/>\n\n\n\n<h1 class=\"wp-block-heading\">4. La chiave per comprendere il soprannaturale<\/h1>\n\n\n\n<p>Senza la <strong>potentia obediencialis<\/strong>, sarebbe impossibile spiegare molti misteri cristiani.<\/p>\n\n\n\n<p>Per esempio:<\/p>\n\n\n\n<h3 class=\"wp-block-heading\">La grazia<\/h3>\n\n\n\n<p>La grazia non \u00e8 qualcosa che l\u2019uomo pu\u00f2 fabbricare.<\/p>\n\n\n\n<p>\u00c8 <strong>un dono soprannaturale<\/strong>.<\/p>\n\n\n\n<p>Ma l\u2019anima possiede la capacit\u00e0 di riceverlo.<\/p>\n\n\n\n<hr class=\"wp-block-separator has-alpha-channel-opacity\"\/>\n\n\n\n<h3 class=\"wp-block-heading\">I sacramenti<\/h3>\n\n\n\n<p>Quando il sacerdote battezza, accade qualcosa di invisibile:<\/p>\n\n\n\n<p>l\u2019anima riceve la grazia.<\/p>\n\n\n\n<p>Non \u00e8 magia.<\/p>\n\n\n\n<p>\u00c8 l\u2019azione di Dio <strong>che opera su una creatura capace di riceverla<\/strong>.<\/p>\n\n\n\n<hr class=\"wp-block-separator has-alpha-channel-opacity\"\/>\n\n\n\n<h3 class=\"wp-block-heading\">La santit\u00e0<\/h3>\n\n\n\n<p>Nessuno pu\u00f2 \u201cfabbricare\u201d la santit\u00e0.<\/p>\n\n\n\n<p>Ma tutti possiamo <strong>aprirci ad essa<\/strong>.<\/p>\n\n\n\n<hr class=\"wp-block-separator has-alpha-channel-opacity\"\/>\n\n\n\n<h1 class=\"wp-block-heading\">5. Una verit\u00e0 che sfida l\u2019orgoglio moderno<\/h1>\n\n\n\n<p>La nostra cultura attuale insiste su un\u2019idea pericolosa:<\/p>\n\n\n\n<blockquote class=\"wp-block-quote is-layout-flow wp-block-quote-is-layout-flow\">\n<p>\u201cPuoi fare tutto.\u201d<\/p>\n<\/blockquote>\n\n\n\n<p>Ma la teologia cattolica dice qualcosa di pi\u00f9 realistico:<\/p>\n\n\n\n<p><strong>Non puoi fare tutto\u2026 ma puoi ricevere tutto da Dio.<\/strong><\/p>\n\n\n\n<p>La differenza \u00e8 enorme.<\/p>\n\n\n\n<p>Il mondo moderno idolatra <strong>l\u2019autosufficienza<\/strong>.<\/p>\n\n\n\n<p>Il cristianesimo propone <strong>la docilit\u00e0 a Dio<\/strong>.<\/p>\n\n\n\n<p>Ed \u00e8 qui che appare il paradosso cristiano:<\/p>\n\n\n\n<p><strong>Pi\u00f9 l\u2019anima \u00e8 obbediente a Dio, pi\u00f9 diventa grande.<\/strong><\/p>\n\n\n\n<hr class=\"wp-block-separator has-alpha-channel-opacity\"\/>\n\n\n\n<h1 class=\"wp-block-heading\">6. Il dramma spirituale del nostro tempo<\/h1>\n\n\n\n<p>Oggi viviamo in una cultura che ha dimenticato l\u2019obbedienza.<\/p>\n\n\n\n<p>La stessa parola sembra sospetta.<\/p>\n\n\n\n<p>\u00c8 associata a:<\/p>\n\n\n\n<ul class=\"wp-block-list\">\n<li>oppressione<\/li>\n\n\n\n<li>mancanza di libert\u00e0<\/li>\n\n\n\n<li>sottomissione cieca<\/li>\n<\/ul>\n\n\n\n<p>Ma nella tradizione cristiana <strong>obbedire a Dio non rende schiavi<\/strong>.<\/p>\n\n\n\n<p><strong>Libera.<\/strong><\/p>\n\n\n\n<p>Ges\u00f9 stesso disse:<\/p>\n\n\n\n<blockquote class=\"wp-block-quote is-layout-flow wp-block-quote-is-layout-flow\">\n<p>\u201cSe rimanete nella mia parola, siete davvero miei discepoli; conoscerete la verit\u00e0 e la verit\u00e0 vi far\u00e0 liberi.\u201d<br><em>(Giovanni 8,31-32)<\/em><\/p>\n<\/blockquote>\n\n\n\n<p>La vera libert\u00e0 non consiste nel fare ci\u00f2 che vogliamo.<\/p>\n\n\n\n<p>Consiste nell\u2019<strong>essere capaci di rispondere a Dio<\/strong>.<\/p>\n\n\n\n<hr class=\"wp-block-separator has-alpha-channel-opacity\"\/>\n\n\n\n<h1 class=\"wp-block-heading\">7. La potentia obediencialis nella vita spirituale<\/h1>\n\n\n\n<p>Questo concetto non \u00e8 solo teorico.<\/p>\n\n\n\n<p>Ha conseguenze molto pratiche.<\/p>\n\n\n\n<p>Ogni volta che un cristiano dice <strong>\u201cs\u00ec\u201d a Dio<\/strong>, attiva questa capacit\u00e0 interiore.<\/p>\n\n\n\n<p>Per esempio:<\/p>\n\n\n\n<p>Quando qualcuno\u2026<\/p>\n\n\n\n<ul class=\"wp-block-list\">\n<li>perdona un\u2019offesa<\/li>\n\n\n\n<li>accetta una croce<\/li>\n\n\n\n<li>prega quando non ne ha voglia<\/li>\n\n\n\n<li>rimane fedele in una tentazione<\/li>\n\n\n\n<li>aiuta qualcuno nel bisogno<\/li>\n<\/ul>\n\n\n\n<p>Sta permettendo <strong>a Dio di agire nella sua vita<\/strong>.<\/p>\n\n\n\n<p>E molto spesso accade qualcosa di misterioso:<\/p>\n\n\n\n<p><strong>Dio fa molto pi\u00f9 di quanto immaginavamo.<\/strong><\/p>\n\n\n\n<hr class=\"wp-block-separator has-alpha-channel-opacity\"\/>\n\n\n\n<h1 class=\"wp-block-heading\">8. L\u2019esempio dei santi<\/h1>\n\n\n\n<p>I santi hanno compreso profondamente questa verit\u00e0.<\/p>\n\n\n\n<p>Non erano supereroi spirituali.<\/p>\n\n\n\n<p>Erano <strong>persone profondamente disponibili a Dio<\/strong>.<\/p>\n\n\n\n<p>San Francesco d\u2019Assisi<br>Santa Teresa d\u2019Avila<br>San Giovanni della Croce<\/p>\n\n\n\n<p>Tutti ripetono la stessa idea:<\/p>\n\n\n\n<p><strong>la santit\u00e0 nasce dalla docilit\u00e0 a Dio.<\/strong><\/p>\n\n\n\n<p>Non dal talento.<\/p>\n\n\n\n<p>Non solo dallo sforzo umano.<\/p>\n\n\n\n<p>Ma da una vita che dice costantemente:<\/p>\n\n\n\n<blockquote class=\"wp-block-quote is-layout-flow wp-block-quote-is-layout-flow\">\n<p>\u201cSignore, fa\u2019 in me ci\u00f2 che vuoi.\u201d<\/p>\n<\/blockquote>\n\n\n\n<hr class=\"wp-block-separator has-alpha-channel-opacity\"\/>\n\n\n\n<h1 class=\"wp-block-heading\">9. Il grande nemico della potentia obediencialis<\/h1>\n\n\n\n<p>Se l\u2019anima possiede questa apertura a Dio, perch\u00e9 molte persone non sperimentano la sua azione?<\/p>\n\n\n\n<p>La risposta \u00e8 chiara:<\/p>\n\n\n\n<p><strong>l\u2019orgoglio.<\/strong><\/p>\n\n\n\n<p>L\u2019orgoglio chiude il cuore.<\/p>\n\n\n\n<p>L\u2019orgoglio dice:<\/p>\n\n\n\n<ul class=\"wp-block-list\">\n<li>\u201cso io cosa \u00e8 meglio\u201d<\/li>\n\n\n\n<li>\u201cdecido io\u201d<\/li>\n\n\n\n<li>\u201cnon ho bisogno di Dio\u201d<\/li>\n<\/ul>\n\n\n\n<p>Ma la Scrittura avverte chiaramente:<\/p>\n\n\n\n<blockquote class=\"wp-block-quote is-layout-flow wp-block-quote-is-layout-flow\">\n<p>\u201cDio resiste ai superbi, ma d\u00e0 la sua grazia agli umili.\u201d<br><em>(Giacomo 4,6)<\/em><\/p>\n<\/blockquote>\n\n\n\n<p>L\u2019umilt\u00e0 \u00e8 la porta attraverso cui entra la grazia.<\/p>\n\n\n\n<hr class=\"wp-block-separator has-alpha-channel-opacity\"\/>\n\n\n\n<h1 class=\"wp-block-heading\">10. Applicazioni pratiche per la vita quotidiana<\/h1>\n\n\n\n<p>Come possiamo vivere questa verit\u00e0 oggi?<\/p>\n\n\n\n<p>Ecco alcune chiavi concrete.<\/p>\n\n\n\n<hr class=\"wp-block-separator has-alpha-channel-opacity\"\/>\n\n\n\n<h3 class=\"wp-block-heading\">1. Imparare a dire \u201cs\u00ec\u201d a Dio<\/h3>\n\n\n\n<p>A volte pensiamo che Dio parli solo nelle cose straordinarie.<\/p>\n\n\n\n<p>Ma normalmente parla nelle cose ordinarie:<\/p>\n\n\n\n<ul class=\"wp-block-list\">\n<li>un dovere<\/li>\n\n\n\n<li>una responsabilit\u00e0<\/li>\n\n\n\n<li>una chiamata interiore al bene<\/li>\n<\/ul>\n\n\n\n<p>Rispondere a questo <strong>apre l\u2019anima alla grazia<\/strong>.<\/p>\n\n\n\n<hr class=\"wp-block-separator has-alpha-channel-opacity\"\/>\n\n\n\n<h3 class=\"wp-block-heading\">2. Coltivare la preghiera<\/h3>\n\n\n\n<p>La preghiera non consiste solo nel chiedere cose.<\/p>\n\n\n\n<p>\u00c8 <strong>mettersi a disposizione di Dio<\/strong>.<\/p>\n\n\n\n<p>\u00c8 dire:<\/p>\n\n\n\n<p>\u201cSignore, eccomi.\u201d<\/p>\n\n\n\n<hr class=\"wp-block-separator has-alpha-channel-opacity\"\/>\n\n\n\n<h3 class=\"wp-block-heading\">3. Accettare la volont\u00e0 di Dio<\/h3>\n\n\n\n<p>Molte volte Dio agisce attraverso la croce.<\/p>\n\n\n\n<p>Le difficolt\u00e0 possono diventare luoghi di grazia.<\/p>\n\n\n\n<p>Se l\u2019anima si apre.<\/p>\n\n\n\n<hr class=\"wp-block-separator has-alpha-channel-opacity\"\/>\n\n\n\n<h3 class=\"wp-block-heading\">4. Vivere i sacramenti<\/h3>\n\n\n\n<p>I sacramenti sono <strong>i principali canali dell\u2019azione divina<\/strong>.<\/p>\n\n\n\n<p>Soprattutto:<\/p>\n\n\n\n<ul class=\"wp-block-list\">\n<li>la confessione<\/li>\n\n\n\n<li>l\u2019Eucaristia<\/li>\n<\/ul>\n\n\n\n<p>Ogni sacramento \u00e8 un\u2019opportunit\u00e0 perch\u00e9 Dio agisca in noi.<\/p>\n\n\n\n<hr class=\"wp-block-separator has-alpha-channel-opacity\"\/>\n\n\n\n<h1 class=\"wp-block-heading\">11. Il mistero pi\u00f9 grande: Dio vuole agire in te<\/h1>\n\n\n\n<p>Forse la verit\u00e0 pi\u00f9 sorprendente di tutto questo \u00e8 questa:<\/p>\n\n\n\n<p><strong>Dio vuole agire nella tua vita.<\/strong><\/p>\n\n\n\n<p>Non solo nella vita dei santi.<\/p>\n\n\n\n<p>Non solo nei monasteri.<\/p>\n\n\n\n<p>Anche:<\/p>\n\n\n\n<ul class=\"wp-block-list\">\n<li>nel tuo lavoro<\/li>\n\n\n\n<li>nella tua famiglia<\/li>\n\n\n\n<li>nelle tue lotte<\/li>\n\n\n\n<li>nelle tue cadute<\/li>\n<\/ul>\n\n\n\n<p>La <strong>potentia obediencialis<\/strong> significa che la tua anima \u00e8 fatta per qualcosa di immenso:<\/p>\n\n\n\n<p><strong>ricevere la vita di Dio.<\/strong><\/p>\n\n\n\n<hr class=\"wp-block-separator has-alpha-channel-opacity\"\/>\n\n\n\n<h1 class=\"wp-block-heading\">12. Un invito finale<\/h1>\n\n\n\n<p>Alla fine, tutto il cristianesimo potrebbe essere riassunto in una sola parola:<\/p>\n\n\n\n<p><strong>\u201cS\u00ec\u201d.<\/strong><\/p>\n\n\n\n<p>Il s\u00ec di Maria.<br>Il s\u00ec dei santi.<br>Il s\u00ec che ogni cristiano \u00e8 chiamato a dare.<\/p>\n\n\n\n<p>Quando l\u2019anima dice <strong>s\u00ec a Dio<\/strong>, accade qualcosa di straordinario.<\/p>\n\n\n\n<p>La grazia agisce.<\/p>\n\n\n\n<p>La vita cambia.<\/p>\n\n\n\n<p>E il cuore scopre qualcosa di sorprendente:<\/p>\n\n\n\n<p><strong>l\u2019obbedienza a Dio non riduce l\u2019uomo\u2026<\/strong><\/p>\n\n\n\n<p><strong>lo eleva fino al divino.<\/strong><\/p>\n\n\n\n<p>Perch\u00e9, in fondo, la vera grandezza dell\u2019essere umano non sta nel dominare il mondo.<\/p>\n\n\n\n<p>Sta nel <strong>lasciare che Dio trasformi la sua anima<\/strong>.<\/p>\n\n\n\n<p>E questa capacit\u00e0 \u2014 cos\u00ec silenziosa, cos\u00ec profonda \u2014 \u00e8 precisamente ci\u00f2 che la teologia chiama:<\/p>\n\n\n\n<p><strong>Potentia Obediencialis.<\/strong><\/p>\n","protected":false},"excerpt":{"rendered":"<p>Viviamo in un\u2019epoca ossessionata dal potere. Potere economico.Potere politico.Potere tecnologico. Eppure il cristianesimo ha sempre parlato di un altro tipo di potere, molto pi\u00f9 profondo e decisivo: la capacit\u00e0 dell\u2019anima di ricevere Dio. I grandi teologi della Chiesa hanno chiamato questa misteriosa capacit\u00e0 potentia obediencialis. Un termine latino che pu\u00f2 sembrare complesso\u2026 ma che in &hellip;<\/p>\n","protected":false},"author":3,"featured_media":5289,"comment_status":"closed","ping_status":"closed","sticky":false,"template":"","format":"standard","meta":{"_seopress_robots_primary_cat":"","_seopress_titles_title":"","_seopress_titles_desc":"","_seopress_robots_index":"","footnotes":""},"categories":[51,38],"tags":[1922],"class_list":["post-5288","post","type-post","status-publish","format-standard","has-post-thumbnail","","category-magistero-della-chiesa","category-storia-e-tradizione","tag-potentia-obediencialis"],"_links":{"self":[{"href":"https:\/\/catholicus.eu\/it\/wp-json\/wp\/v2\/posts\/5288","targetHints":{"allow":["GET"]}}],"collection":[{"href":"https:\/\/catholicus.eu\/it\/wp-json\/wp\/v2\/posts"}],"about":[{"href":"https:\/\/catholicus.eu\/it\/wp-json\/wp\/v2\/types\/post"}],"author":[{"embeddable":true,"href":"https:\/\/catholicus.eu\/it\/wp-json\/wp\/v2\/users\/3"}],"replies":[{"embeddable":true,"href":"https:\/\/catholicus.eu\/it\/wp-json\/wp\/v2\/comments?post=5288"}],"version-history":[{"count":1,"href":"https:\/\/catholicus.eu\/it\/wp-json\/wp\/v2\/posts\/5288\/revisions"}],"predecessor-version":[{"id":5290,"href":"https:\/\/catholicus.eu\/it\/wp-json\/wp\/v2\/posts\/5288\/revisions\/5290"}],"wp:featuredmedia":[{"embeddable":true,"href":"https:\/\/catholicus.eu\/it\/wp-json\/wp\/v2\/media\/5289"}],"wp:attachment":[{"href":"https:\/\/catholicus.eu\/it\/wp-json\/wp\/v2\/media?parent=5288"}],"wp:term":[{"taxonomy":"category","embeddable":true,"href":"https:\/\/catholicus.eu\/it\/wp-json\/wp\/v2\/categories?post=5288"},{"taxonomy":"post_tag","embeddable":true,"href":"https:\/\/catholicus.eu\/it\/wp-json\/wp\/v2\/tags?post=5288"}],"curies":[{"name":"wp","href":"https:\/\/api.w.org\/{rel}","templated":true}]}}