{"id":5282,"date":"2026-03-13T17:46:06","date_gmt":"2026-03-13T16:46:06","guid":{"rendered":"https:\/\/catholicus.eu\/it\/?p=5282"},"modified":"2026-03-13T17:46:06","modified_gmt":"2026-03-13T16:46:06","slug":"i-maccabei-i-guerrieri-della-fede-che-difesero-dio-quando-il-mondo-cerco-di-cancellarlo","status":"publish","type":"post","link":"https:\/\/catholicus.eu\/it\/i-maccabei-i-guerrieri-della-fede-che-difesero-dio-quando-il-mondo-cerco-di-cancellarlo\/","title":{"rendered":"I Maccabei: i guerrieri della fede che difesero Dio quando il mondo cerc\u00f2 di cancellarlo"},"content":{"rendered":"\n<p class=\"wp-block-paragraph\">Nella storia del popolo di Dio ci sono stati momenti in cui la fede sembrava sul punto di scomparire. Tempi in cui il potere politico, la pressione culturale e la paura cercavano di sradicare l\u2019identit\u00e0 religiosa. In uno di questi momenti apparvero i <strong>Maccabei<\/strong>, una famiglia che decise di resistere, difendere la Legge di Dio e preservare la fede d\u2019Israele.<\/p>\n\n\n\n<p class=\"wp-block-paragraph\">I <strong>Libri dei Maccabei<\/strong>, che fanno parte dell\u2019Antico Testamento nella tradizione cattolica, non sono semplicemente cronache di guerra. Sono una testimonianza di <strong>fedelt\u00e0 radicale a Dio<\/strong>, di <strong>martirio<\/strong>, di <strong>speranza nella risurrezione<\/strong> e di <strong>resistenza spirituale di fronte alla pressione culturale<\/strong>.<\/p>\n\n\n\n<p class=\"wp-block-paragraph\">Oggi, pi\u00f9 di duemila anni dopo, la storia dei Maccabei risuona con una sorprendente attualit\u00e0. In un\u2019epoca in cui molti credenti sentono la pressione di tacere la propria fede, la storia di questi uomini e donne ci ricorda che <strong>la fedelt\u00e0 a Dio richiede sempre coraggio<\/strong>.<\/p>\n\n\n\n<hr class=\"wp-block-separator has-alpha-channel-opacity\"\/>\n\n\n\n<h1 class=\"wp-block-heading\">1. Il contesto storico: quando la fede fu proibita<\/h1>\n\n\n\n<p class=\"wp-block-paragraph\">Per comprendere l\u2019importanza dei Maccabei, dobbiamo collocarci nel II secolo prima di Cristo.<\/p>\n\n\n\n<p class=\"wp-block-paragraph\">Dopo le conquiste di <strong>Alexander the Great<\/strong>, gran parte del mondo antico cadde sotto l\u2019influenza greca. Questo fenomeno \u00e8 noto come <strong>ellenizzazione<\/strong>, cio\u00e8 la diffusione della cultura, della lingua e della religione greca.<\/p>\n\n\n\n<p class=\"wp-block-paragraph\">Per un certo periodo gli ebrei poterono conservare la loro identit\u00e0 religiosa. Ma la situazione cambi\u00f2 drasticamente sotto il regno del sovrano seleucide <strong>Antiochus IV Epiphanes<\/strong>.<\/p>\n\n\n\n<p class=\"wp-block-paragraph\">Questo sovrano cerc\u00f2 di imporre la cultura greca con la forza. Proib\u00ec pratiche fondamentali della fede ebraica:<\/p>\n\n\n\n<ul class=\"wp-block-list\">\n<li>la circoncisione<\/li>\n\n\n\n<li>l\u2019osservanza del sabato<\/li>\n\n\n\n<li>la lettura della Legge<\/li>\n\n\n\n<li>i sacrifici nel Tempio secondo la tradizione<\/li>\n<\/ul>\n\n\n\n<p class=\"wp-block-paragraph\">Arriv\u00f2 persino a <strong>profanare il Tempio di Gerusalemme<\/strong>, erigendo un altare pagano.<\/p>\n\n\n\n<p class=\"wp-block-paragraph\">Per il popolo d\u2019Israele non si trattava semplicemente di un conflitto politico. Era <strong>un attacco diretto all\u2019alleanza con Dio<\/strong>.<\/p>\n\n\n\n<hr class=\"wp-block-separator has-alpha-channel-opacity\"\/>\n\n\n\n<h1 class=\"wp-block-heading\">2. L\u2019origine della rivolta dei Maccabei<\/h1>\n\n\n\n<p class=\"wp-block-paragraph\">In questo contesto appare un sacerdote chiamato <strong>Mattathias<\/strong>, appartenente alla famiglia degli Asmonei.<\/p>\n\n\n\n<p class=\"wp-block-paragraph\">Quando gli emissari del re cercarono di costringerlo a offrire sacrifici pagani, Mattatia rifiut\u00f2 e pronunci\u00f2 un grido che avrebbe risuonato nella storia:<\/p>\n\n\n\n<blockquote class=\"wp-block-quote is-layout-flow wp-block-quote-is-layout-flow\">\n<p class=\"wp-block-paragraph\">\u00abChiunque abbia zelo per la Legge e resti fedele all\u2019alleanza, mi segua!\u00bb<br>(1 Maccabei 2,27)<\/p>\n<\/blockquote>\n\n\n\n<p class=\"wp-block-paragraph\">Con questo gesto ebbe inizio una rivolta che avrebbe cambiato la storia del giudaismo.<\/p>\n\n\n\n<p class=\"wp-block-paragraph\">Dopo la sua morte, la guida pass\u00f2 a suo figlio <strong>Judas Maccabeus<\/strong>, il cui soprannome <em>Maccabeo<\/em> probabilmente significa <strong>\u201cmartello\u201d<\/strong>, simbolo della sua forza contro gli oppressori.<\/p>\n\n\n\n<p class=\"wp-block-paragraph\">Giuda organizz\u00f2 un piccolo esercito di fedeli che combattevano non solo per l\u2019indipendenza politica, ma per qualcosa di pi\u00f9 profondo:<\/p>\n\n\n\n<p class=\"wp-block-paragraph\"><strong>la libert\u00e0 di adorare Dio.<\/strong><\/p>\n\n\n\n<hr class=\"wp-block-separator has-alpha-channel-opacity\"\/>\n\n\n\n<h1 class=\"wp-block-heading\">3. I Libri dei Maccabei nella Bibbia<\/h1>\n\n\n\n<p class=\"wp-block-paragraph\">Nella tradizione cattolica troviamo due libri principali:<\/p>\n\n\n\n<ul class=\"wp-block-list\">\n<li><strong>First Book of Maccabees<\/strong><\/li>\n\n\n\n<li><strong>Second Book of Maccabees<\/strong><\/li>\n<\/ul>\n\n\n\n<p class=\"wp-block-paragraph\">Entrambi raccontano gli stessi eventi da prospettive diverse.<\/p>\n\n\n\n<h3 class=\"wp-block-heading\">1 Maccabei<\/h3>\n\n\n\n<p class=\"wp-block-paragraph\">\u00c8 un racconto storico dettagliato riguardante:<\/p>\n\n\n\n<ul class=\"wp-block-list\">\n<li>la rivolta<\/li>\n\n\n\n<li>le battaglie<\/li>\n\n\n\n<li>la purificazione del Tempio<\/li>\n\n\n\n<li>l\u2019indipendenza ebraica<\/li>\n<\/ul>\n\n\n\n<p class=\"wp-block-paragraph\">Il suo stile ricorda quello dei libri storici dell\u2019Antico Testamento.<\/p>\n\n\n\n<h3 class=\"wp-block-heading\">2 Maccabei<\/h3>\n\n\n\n<p class=\"wp-block-paragraph\">Non \u00e8 una continuazione, ma piuttosto <strong>un\u2019interpretazione teologica degli eventi<\/strong>.<\/p>\n\n\n\n<p class=\"wp-block-paragraph\">Si concentra in particolare su:<\/p>\n\n\n\n<ul class=\"wp-block-list\">\n<li>il martirio<\/li>\n\n\n\n<li>la fedelt\u00e0 alla Legge<\/li>\n\n\n\n<li>la speranza nella risurrezione<\/li>\n\n\n\n<li>il valore redentivo della sofferenza<\/li>\n<\/ul>\n\n\n\n<hr class=\"wp-block-separator has-alpha-channel-opacity\"\/>\n\n\n\n<h1 class=\"wp-block-heading\">4. Il martirio dei sette fratelli: una delle scene pi\u00f9 impressionanti della Bibbia<\/h1>\n\n\n\n<p class=\"wp-block-paragraph\">Uno dei racconti pi\u00f9 commoventi di tutta la Scrittura appare in <strong>2 Maccabei capitolo 7<\/strong>.<\/p>\n\n\n\n<p class=\"wp-block-paragraph\">Un gruppo di <strong>sette fratelli e la loro madre<\/strong> viene arrestato per essersi rifiutato di mangiare carne proibita dalla Legge.<\/p>\n\n\n\n<p class=\"wp-block-paragraph\">Uno dopo l\u2019altro vengono torturati e uccisi.<\/p>\n\n\n\n<p class=\"wp-block-paragraph\">Ma ci\u00f2 che colpisce di pi\u00f9 non \u00e8 la loro sofferenza, bens\u00ec la loro fede.<\/p>\n\n\n\n<p class=\"wp-block-paragraph\">Uno di loro dichiara al re:<\/p>\n\n\n\n<blockquote class=\"wp-block-quote is-layout-flow wp-block-quote-is-layout-flow\">\n<p class=\"wp-block-paragraph\">\u00abIl Re dell\u2019universo ci risusciter\u00e0 a una vita eterna, perch\u00e9 moriamo per le sue leggi.\u00bb<br>(2 Maccabei 7,9)<\/p>\n<\/blockquote>\n\n\n\n<p class=\"wp-block-paragraph\">Questa frase contiene una delle prime proclamazioni chiare della <strong>fede nella risurrezione dei morti<\/strong> nell\u2019Antico Testamento.<\/p>\n\n\n\n<p class=\"wp-block-paragraph\">La madre, vedendo morire i suoi figli, li incoraggia con parole di fede eroica:<\/p>\n\n\n\n<blockquote class=\"wp-block-quote is-layout-flow wp-block-quote-is-layout-flow\">\n<p class=\"wp-block-paragraph\">\u00abNon so come siate apparsi nel mio seno\u2026 ma il Creatore del mondo vi restituir\u00e0 il respiro e la vita.\u00bb<\/p>\n<\/blockquote>\n\n\n\n<p class=\"wp-block-paragraph\">Questa testimonianza ha ispirato i martiri cristiani per secoli.<\/p>\n\n\n\n<hr class=\"wp-block-separator has-alpha-channel-opacity\"\/>\n\n\n\n<h1 class=\"wp-block-heading\">5. Un insegnamento fondamentale: la preghiera per i defunti<\/h1>\n\n\n\n<p class=\"wp-block-paragraph\">Il Secondo Libro dei Maccabei contiene anche un passaggio che \u00e8 stato fondamentale per la teologia cattolica riguardo <strong>al purgatorio e alla preghiera per i defunti<\/strong>.<\/p>\n\n\n\n<p class=\"wp-block-paragraph\">Dopo una battaglia, <strong>Giuda Maccabeo<\/strong> scopre che alcuni soldati caduti portavano amuleti pagani. Riconoscendo il loro peccato, decide di offrire un sacrificio per loro.<\/p>\n\n\n\n<p class=\"wp-block-paragraph\">Il testo afferma:<\/p>\n\n\n\n<blockquote class=\"wp-block-quote is-layout-flow wp-block-quote-is-layout-flow\">\n<p class=\"wp-block-paragraph\">\u00abFece offrire questo sacrificio espiatorio per i morti affinch\u00e9 fossero liberati dal peccato.\u00bb<br>(2 Maccabei 12,46)<\/p>\n<\/blockquote>\n\n\n\n<p class=\"wp-block-paragraph\">Per secoli la Chiesa ha citato questo passo come fondamento biblico della pratica cristiana di <strong>pregare per le anime dei defunti<\/strong>.<\/p>\n\n\n\n<hr class=\"wp-block-separator has-alpha-channel-opacity\"\/>\n\n\n\n<h1 class=\"wp-block-heading\">6. La purificazione del Tempio e l\u2019origine di una grande festa<\/h1>\n\n\n\n<p class=\"wp-block-paragraph\">Dopo diverse vittorie, Giuda Maccabeo riusc\u00ec a riconquistare Gerusalemme e a purificare il Tempio profanato.<\/p>\n\n\n\n<p class=\"wp-block-paragraph\">Questo evento diede origine alla festa ebraica di <strong>Hanukkah<\/strong>, chiamata anche <strong>Festa della Dedicazione<\/strong>.<\/p>\n\n\n\n<p class=\"wp-block-paragraph\">Curiosamente, il Vangelo di Giovanni menziona che <strong>Jesus Christ<\/strong> si trovava a Gerusalemme durante questa celebrazione:<\/p>\n\n\n\n<blockquote class=\"wp-block-quote is-layout-flow wp-block-quote-is-layout-flow\">\n<p class=\"wp-block-paragraph\">\u00abSi celebrava a Gerusalemme la festa della Dedicazione.\u00bb<br>(Giovanni 10,22)<\/p>\n<\/blockquote>\n\n\n\n<p class=\"wp-block-paragraph\">Questo dimostra come gli eventi narrati nei Maccabei facessero parte viva della memoria religiosa del popolo.<\/p>\n\n\n\n<hr class=\"wp-block-separator has-alpha-channel-opacity\"\/>\n\n\n\n<h1 class=\"wp-block-heading\">7. La rilevanza teologica dei Maccabei<\/h1>\n\n\n\n<p class=\"wp-block-paragraph\">I libri dei Maccabei contengono insegnamenti fondamentali per la fede.<\/p>\n\n\n\n<h2 class=\"wp-block-heading\">1. Fedelt\u00e0 a Dio al di sopra della pressione culturale<\/h2>\n\n\n\n<p class=\"wp-block-paragraph\">I Maccabei si rifiutarono di sacrificare la loro fede per adattarsi al mondo.<\/p>\n\n\n\n<p class=\"wp-block-paragraph\">Questa \u00e8 una lezione profondamente attuale.<\/p>\n\n\n\n<p class=\"wp-block-paragraph\">In molte societ\u00e0 moderne esiste una pressione per:<\/p>\n\n\n\n<ul class=\"wp-block-list\">\n<li>relativizzare la fede<\/li>\n\n\n\n<li>privatizzare la religione<\/li>\n\n\n\n<li>mettere a tacere le convinzioni cristiane<\/li>\n<\/ul>\n\n\n\n<p class=\"wp-block-paragraph\">I Maccabei ci ricordano che <strong>la fede autentica richiede coraggio<\/strong>.<\/p>\n\n\n\n<hr class=\"wp-block-separator has-alpha-channel-opacity\"\/>\n\n\n\n<h2 class=\"wp-block-heading\">2. Il valore del martirio<\/h2>\n\n\n\n<p class=\"wp-block-paragraph\">Nella teologia cristiana, il martirio \u00e8 la testimonianza suprema della fede.<\/p>\n\n\n\n<p class=\"wp-block-paragraph\">I martiri dei Maccabei anticipano i martiri cristiani dei primi secoli.<\/p>\n\n\n\n<p class=\"wp-block-paragraph\">Il loro messaggio \u00e8 chiaro:<\/p>\n\n\n\n<p class=\"wp-block-paragraph\"><strong>la vita eterna vale pi\u00f9 della vita terrena.<\/strong><\/p>\n\n\n\n<hr class=\"wp-block-separator has-alpha-channel-opacity\"\/>\n\n\n\n<h2 class=\"wp-block-heading\">3. La speranza nella risurrezione<\/h2>\n\n\n\n<p class=\"wp-block-paragraph\">La fede dei Maccabei prepar\u00f2 la strada alla piena rivelazione della risurrezione in Cristo.<\/p>\n\n\n\n<p class=\"wp-block-paragraph\">Quando i fratelli dicono:<\/p>\n\n\n\n<blockquote class=\"wp-block-quote is-layout-flow wp-block-quote-is-layout-flow\">\n<p class=\"wp-block-paragraph\">\u00abIl Re dell\u2019universo ci risusciter\u00e0.\u00bb<\/p>\n<\/blockquote>\n\n\n\n<p class=\"wp-block-paragraph\">Stanno annunciando, secoli prima, la vittoria finale di Cristo sulla morte.<\/p>\n\n\n\n<hr class=\"wp-block-separator has-alpha-channel-opacity\"\/>\n\n\n\n<h1 class=\"wp-block-heading\">8. Applicazioni spirituali per la nostra vita oggi<\/h1>\n\n\n\n<p class=\"wp-block-paragraph\">La storia dei Maccabei non \u00e8 solo un racconto antico. \u00c8 una guida spirituale per il presente.<\/p>\n\n\n\n<h3 class=\"wp-block-heading\">1. Difendere la fede nella vita quotidiana<\/h3>\n\n\n\n<p class=\"wp-block-paragraph\">Oggi la battaglia raramente \u00e8 militare, ma culturale.<\/p>\n\n\n\n<p class=\"wp-block-paragraph\">Difendere la fede pu\u00f2 significare:<\/p>\n\n\n\n<ul class=\"wp-block-list\">\n<li>educare i figli nei valori cristiani<\/li>\n\n\n\n<li>non vergognarsi della propria fede<\/li>\n\n\n\n<li>vivere con coerenza nel lavoro e nella societ\u00e0<\/li>\n<\/ul>\n\n\n\n<hr class=\"wp-block-separator has-alpha-channel-opacity\"\/>\n\n\n\n<h3 class=\"wp-block-heading\">2. L\u2019importanza della famiglia nella trasmissione della fede<\/h3>\n\n\n\n<p class=\"wp-block-paragraph\">La madre dei sette fratelli \u00e8 un esempio straordinario di formazione spirituale.<\/p>\n\n\n\n<p class=\"wp-block-paragraph\">Ha insegnato ai suoi figli che <strong>Dio vale pi\u00f9 della vita stessa<\/strong>.<\/p>\n\n\n\n<p class=\"wp-block-paragraph\">Questo ci ricorda una verit\u00e0 pastorale fondamentale:<\/p>\n\n\n\n<p class=\"wp-block-paragraph\"><strong>la fede si impara prima di tutto in famiglia.<\/strong><\/p>\n\n\n\n<hr class=\"wp-block-separator has-alpha-channel-opacity\"\/>\n\n\n\n<h3 class=\"wp-block-heading\">3. Pregare per i defunti<\/h3>\n\n\n\n<p class=\"wp-block-paragraph\">Il gesto di Giuda Maccabeo ci invita a mantenere viva una tradizione profondamente cristiana:<\/p>\n\n\n\n<ul class=\"wp-block-list\">\n<li>pregare per i nostri cari defunti<\/li>\n\n\n\n<li>offrire Messe per loro<\/li>\n\n\n\n<li>confidare nella misericordia di Dio<\/li>\n<\/ul>\n\n\n\n<hr class=\"wp-block-separator has-alpha-channel-opacity\"\/>\n\n\n\n<h1 class=\"wp-block-heading\">9. I Maccabei e il cristiano del XXI secolo<\/h1>\n\n\n\n<p class=\"wp-block-paragraph\">Il mondo moderno presenta sfide diverse, ma la domanda essenziale rimane la stessa:<\/p>\n\n\n\n<p class=\"wp-block-paragraph\"><strong>Siamo disposti a rimanere fedeli a Dio quando \u00e8 difficile?<\/strong><\/p>\n\n\n\n<p class=\"wp-block-paragraph\">I Maccabei ci insegnano che la fedelt\u00e0 non \u00e8 sempre comoda.<\/p>\n\n\n\n<p class=\"wp-block-paragraph\">A volte significa:<\/p>\n\n\n\n<ul class=\"wp-block-list\">\n<li>andare controcorrente<\/li>\n\n\n\n<li>sopportare critiche<\/li>\n\n\n\n<li>difendere la verit\u00e0 quando non \u00e8 popolare<\/li>\n<\/ul>\n\n\n\n<p class=\"wp-block-paragraph\">Ma ci ricordano anche che <strong>Dio non abbandona mai coloro che gli restano fedeli<\/strong>.<\/p>\n","protected":false},"excerpt":{"rendered":"<p>Nella storia del popolo di Dio ci sono stati momenti in cui la fede sembrava sul punto di scomparire. Tempi in cui il potere politico, la pressione culturale e la paura cercavano di sradicare l\u2019identit\u00e0 religiosa. In uno di questi momenti apparvero i Maccabei, una famiglia che decise di resistere, difendere la Legge di Dio &hellip;<\/p>\n","protected":false},"author":3,"featured_media":5283,"comment_status":"closed","ping_status":"closed","sticky":false,"template":"","format":"standard","meta":{"_seopress_titles_title":"","_seopress_titles_desc":"","_seopress_robots_index":"","_seopress_robots_follow":"","_seopress_robots_imageindex":"","_seopress_robots_snippet":"","_seopress_robots_primary_cat":"","_seopress_robots_breadcrumbs":"","_seopress_robots_freeze_modified_date":"","_seopress_robots_custom_modified_date":"","_seopress_robots_canonical":"","_seopress_social_fb_title":"","_seopress_social_fb_desc":"","_seopress_social_fb_img":"","_seopress_social_fb_img_attachment_id":0,"_seopress_social_fb_img_width":0,"_seopress_social_fb_img_height":0,"_seopress_social_twitter_title":"","_seopress_social_twitter_desc":"","_seopress_social_twitter_img":"","_seopress_social_twitter_img_attachment_id":0,"_seopress_social_twitter_img_width":0,"_seopress_social_twitter_img_height":0,"_seopress_redirections_value":"","_seopress_redirections_enabled":"","_seopress_redirections_enabled_regex":"","_seopress_redirections_logged_status":"","_seopress_redirections_param":"","_seopress_redirections_type":0,"_seopress_analysis_target_kw":"","footnotes":""},"categories":[37,45],"tags":[1921],"class_list":["post-5282","post","type-post","status-publish","format-standard","has-post-thumbnail","","category-dottrina-e-fede","category-sacra-scrittura","tag-maccabei"],"_links":{"self":[{"href":"https:\/\/catholicus.eu\/it\/wp-json\/wp\/v2\/posts\/5282","targetHints":{"allow":["GET"]}}],"collection":[{"href":"https:\/\/catholicus.eu\/it\/wp-json\/wp\/v2\/posts"}],"about":[{"href":"https:\/\/catholicus.eu\/it\/wp-json\/wp\/v2\/types\/post"}],"author":[{"embeddable":true,"href":"https:\/\/catholicus.eu\/it\/wp-json\/wp\/v2\/users\/3"}],"replies":[{"embeddable":true,"href":"https:\/\/catholicus.eu\/it\/wp-json\/wp\/v2\/comments?post=5282"}],"version-history":[{"count":1,"href":"https:\/\/catholicus.eu\/it\/wp-json\/wp\/v2\/posts\/5282\/revisions"}],"predecessor-version":[{"id":5284,"href":"https:\/\/catholicus.eu\/it\/wp-json\/wp\/v2\/posts\/5282\/revisions\/5284"}],"wp:featuredmedia":[{"embeddable":true,"href":"https:\/\/catholicus.eu\/it\/wp-json\/wp\/v2\/media\/5283"}],"wp:attachment":[{"href":"https:\/\/catholicus.eu\/it\/wp-json\/wp\/v2\/media?parent=5282"}],"wp:term":[{"taxonomy":"category","embeddable":true,"href":"https:\/\/catholicus.eu\/it\/wp-json\/wp\/v2\/categories?post=5282"},{"taxonomy":"post_tag","embeddable":true,"href":"https:\/\/catholicus.eu\/it\/wp-json\/wp\/v2\/tags?post=5282"}],"curies":[{"name":"wp","href":"https:\/\/api.w.org\/{rel}","templated":true}]}}