{"id":5273,"date":"2026-03-12T22:27:02","date_gmt":"2026-03-12T21:27:02","guid":{"rendered":"https:\/\/catholicus.eu\/it\/?p=5273"},"modified":"2026-03-12T22:27:02","modified_gmt":"2026-03-12T21:27:02","slug":"la-caduta-dellimpero-romano-e-la-nascita-del-papato-medievale","status":"publish","type":"post","link":"https:\/\/catholicus.eu\/it\/la-caduta-dellimpero-romano-e-la-nascita-del-papato-medievale\/","title":{"rendered":"La caduta dell\u2019Impero Romano e la nascita del Papato medievale"},"content":{"rendered":"\n<h2 class=\"wp-block-heading\">Come la Chiesa salv\u00f2 la cultura europea<\/h2>\n\n\n\n<p>Per secoli, l\u2019Impero Romano fu il centro del mondo conosciuto. Le sue strade collegavano continenti, il suo diritto organizzava intere societ\u00e0 e la sua lingua \u2014 il latino \u2014 divenne il veicolo della cultura, della filosofia e dell\u2019amministrazione.<\/p>\n\n\n\n<p>Ma ogni impero umano ha una fine.<\/p>\n\n\n\n<p>Tra il IV e il V secolo, il mondo romano inizi\u00f2 a crollare. Invasioni, crisi politiche, decadenza morale e disordine economico accelerarono la caduta di una civilt\u00e0 che sembrava eterna.<\/p>\n\n\n\n<p>Eppure accadde qualcosa di straordinario.<\/p>\n\n\n\n<p>Mentre le strutture politiche dell\u2019impero si disgregavano, <strong>la Chiesa rimaneva in piedi<\/strong>.<\/p>\n\n\n\n<p>In realt\u00e0 non solo sopravvisse: <strong>divenne il pilastro che preserv\u00f2 la cultura europea<\/strong>.<\/p>\n\n\n\n<p>Nel mezzo del caos emerse una figura destinata a segnare la storia: il Papa, successore di Pietro, che poco a poco divenne il punto di riferimento spirituale, morale e culturale dell\u2019Europa.<\/p>\n\n\n\n<p>Questo momento storico non fu soltanto una transizione politica.<br>Fu <strong>un momento provvidenziale nella storia della salvezza<\/strong>.<\/p>\n\n\n\n<hr class=\"wp-block-separator has-alpha-channel-opacity\"\/>\n\n\n\n<h1 class=\"wp-block-heading\">1. Il mondo prima della caduta: Roma e il cristianesimo nascente<\/h1>\n\n\n\n<p>Per comprendere ci\u00f2 che accadde, dobbiamo immaginare il contesto.<\/p>\n\n\n\n<p>Nel I secolo, quando nasce la Chiesa, l\u2019Impero Romano dominava:<\/p>\n\n\n\n<ul class=\"wp-block-list\">\n<li>l\u2019Europa<\/li>\n\n\n\n<li>il Nord Africa<\/li>\n\n\n\n<li>il Medio Oriente<\/li>\n<\/ul>\n\n\n\n<p>Le citt\u00e0 romane erano collegate da <strong>80.000 chilometri di strade<\/strong> e da un sistema amministrativo centralizzato.<\/p>\n\n\n\n<p>Paradossalmente, <strong>l\u2019impero che perseguitava i cristiani fu anche lo strumento che permise la diffusione del Vangelo<\/strong>.<\/p>\n\n\n\n<p>Gli apostoli viaggiarono sulle strade romane.<br>Le lettere dei primi cristiani circolavano grazie al sistema postale imperiale.<\/p>\n\n\n\n<p>San Paolo stesso era <strong>cittadino romano<\/strong>, e questo gli permise di appellarsi all\u2019imperatore.<\/p>\n\n\n\n<p>Ma Roma aveva un problema profondo.<\/p>\n\n\n\n<p>La sua crisi non era soltanto politica o militare.<br>Era <strong>una crisi spirituale<\/strong>.<\/p>\n\n\n\n<hr class=\"wp-block-separator has-alpha-channel-opacity\"\/>\n\n\n\n<h1 class=\"wp-block-heading\">2. La decadenza morale di Roma<\/h1>\n\n\n\n<p>Molti storici concordano sul fatto che il declino di Roma inizi\u00f2 molto prima della sua caduta politica.<\/p>\n\n\n\n<p>La societ\u00e0 romana era entrata in un periodo di:<\/p>\n\n\n\n<ul class=\"wp-block-list\">\n<li>corruzione politica<\/li>\n\n\n\n<li>decadenza morale<\/li>\n\n\n\n<li>culto del potere<\/li>\n\n\n\n<li>relativismo religioso<\/li>\n<\/ul>\n\n\n\n<p>Lo storico romano <strong>Sallust<\/strong> lo denunciava gi\u00e0 secoli prima:<\/p>\n\n\n\n<blockquote class=\"wp-block-quote is-layout-flow wp-block-quote-is-layout-flow\">\n<p>\u00abQuando l\u2019amore per la patria e per la virt\u00f9 scomparve, l\u2019avidit\u00e0 e l\u2019ambizione invasero ogni cosa.\u00bb<\/p>\n<\/blockquote>\n\n\n\n<p>La cultura romana si stava svuotando di significato.<\/p>\n\n\n\n<p>In questo contesto, il cristianesimo offriva qualcosa di rivoluzionario:<\/p>\n\n\n\n<ul class=\"wp-block-list\">\n<li>la dignit\u00e0 di ogni persona<\/li>\n\n\n\n<li>l\u2019uguaglianza davanti a Dio<\/li>\n\n\n\n<li>una morale oggettiva<\/li>\n\n\n\n<li>una speranza eterna<\/li>\n<\/ul>\n\n\n\n<p>Per questo il Vangelo si diffuse con tanta forza.<\/p>\n\n\n\n<hr class=\"wp-block-separator has-alpha-channel-opacity\"\/>\n\n\n\n<h1 class=\"wp-block-heading\">3. La caduta dell\u2019Impero Romano d\u2019Occidente<\/h1>\n\n\n\n<p>Il colpo definitivo arriv\u00f2 nell\u2019anno 476.<\/p>\n\n\n\n<p>In quell\u2019anno il capo germanico <strong>Odoacer<\/strong> depose l\u2019ultimo imperatore romano d\u2019Occidente, <strong>Romulus Augustulus<\/strong>.<\/p>\n\n\n\n<p>Roma non governava pi\u00f9 l\u2019Europa.<\/p>\n\n\n\n<p>La mappa si framment\u00f2 in regni germanici:<\/p>\n\n\n\n<ul class=\"wp-block-list\">\n<li>visigoti<\/li>\n\n\n\n<li>ostrogoti<\/li>\n\n\n\n<li>longobardi<\/li>\n\n\n\n<li>franchi<\/li>\n<\/ul>\n\n\n\n<p>Le istituzioni romane crollarono:<\/p>\n\n\n\n<ul class=\"wp-block-list\">\n<li>l\u2019esercito scomparve<\/li>\n\n\n\n<li>l\u2019amministrazione si disintegr\u00f2<\/li>\n\n\n\n<li>il commercio diminu\u00ec drasticamente<\/li>\n<\/ul>\n\n\n\n<p>L\u2019Europa entr\u00f2 in un periodo di incertezza che pi\u00f9 tardi sar\u00e0 chiamato <strong>Alto Medioevo<\/strong>.<\/p>\n\n\n\n<p>Ma in mezzo al caos c\u2019era un\u2019istituzione che continuava a funzionare.<\/p>\n\n\n\n<p>La Chiesa.<\/p>\n\n\n\n<hr class=\"wp-block-separator has-alpha-channel-opacity\"\/>\n\n\n\n<h1 class=\"wp-block-heading\">4. Il Papa come figura di stabilit\u00e0<\/h1>\n\n\n\n<p>Mentre imperatori e re cadevano, il vescovo di Roma rimaneva.<\/p>\n\n\n\n<p>I Papi iniziarono ad assumere responsabilit\u00e0 che prima appartenevano all\u2019impero:<\/p>\n\n\n\n<ul class=\"wp-block-list\">\n<li>mediazione politica<\/li>\n\n\n\n<li>aiuto ai poveri<\/li>\n\n\n\n<li>difesa della citt\u00e0<\/li>\n\n\n\n<li>organizzazione sociale<\/li>\n<\/ul>\n\n\n\n<p>Uno degli esempi pi\u00f9 famosi fu <strong>Leo I<\/strong>.<\/p>\n\n\n\n<p>Nell\u2019anno 452 si incontr\u00f2 con <strong>Attila<\/strong>, che avanzava verso Roma con il suo esercito.<\/p>\n\n\n\n<p>La tradizione racconta che il Papa riusc\u00ec a convincerlo a non attaccare la citt\u00e0.<\/p>\n\n\n\n<p>Al di l\u00e0 dei dettagli storici, ci\u00f2 che conta \u00e8 ci\u00f2 che questo evento simboleggia:<\/p>\n\n\n\n<p><strong>quando il potere politico scomparve, la guida morale della Chiesa rimase<\/strong>.<\/p>\n\n\n\n<hr class=\"wp-block-separator has-alpha-channel-opacity\"\/>\n\n\n\n<h1 class=\"wp-block-heading\">5. La nascita del Papato medievale<\/h1>\n\n\n\n<p>Nei secoli successivi, il Papa inizi\u00f2 ad assumere un ruolo sempre pi\u00f9 ampio.<\/p>\n\n\n\n<p>Non come imperatore, ma come <strong>padre spirituale dell\u2019Europa<\/strong>.<\/p>\n\n\n\n<p>Il Papato divenne:<\/p>\n\n\n\n<ul class=\"wp-block-list\">\n<li>arbitro morale tra i re<\/li>\n\n\n\n<li>difensore dei poveri<\/li>\n\n\n\n<li>custode della cultura classica<\/li>\n<\/ul>\n\n\n\n<p>Una figura chiave di questa trasformazione fu <strong>Gregory I<\/strong>.<\/p>\n\n\n\n<p>Durante il suo pontificato (590\u2013604):<\/p>\n\n\n\n<ul class=\"wp-block-list\">\n<li>organizz\u00f2 aiuti per i poveri<\/li>\n\n\n\n<li>riform\u00f2 la liturgia<\/li>\n\n\n\n<li>promosse l\u2019evangelizzazione dell\u2019Europa<\/li>\n<\/ul>\n\n\n\n<p>Fu lui a inviare missionari in Inghilterra.<\/p>\n\n\n\n<p>Tra loro c\u2019era <strong>Augustine of Canterbury<\/strong>.<\/p>\n\n\n\n<p>Cos\u00ec inizi\u00f2 la cristianizzazione dei popoli germanici.<\/p>\n\n\n\n<hr class=\"wp-block-separator has-alpha-channel-opacity\"\/>\n\n\n\n<h1 class=\"wp-block-heading\">6. I monasteri: custodi della cultura<\/h1>\n\n\n\n<p>Mentre l\u2019Europa soffriva guerre e crisi, i monasteri divennero <strong>rifugi della cultura<\/strong>.<\/p>\n\n\n\n<p>Il grande protagonista di questa rivoluzione spirituale fu <strong>Benedict of Nursia<\/strong>.<\/p>\n\n\n\n<p>Fond\u00f2 il monachesimo occidentale con la sua famosa regola:<\/p>\n\n\n\n<p><strong>\u00abOra et labora\u00bb \u2014 prega e lavora.<\/strong><\/p>\n\n\n\n<p>I monaci benedettini fecero qualcosa che cambi\u00f2 la storia:<\/p>\n\n\n\n<p>copiarono libri.<\/p>\n\n\n\n<p>Negli scriptoria monastici copiarono:<\/p>\n\n\n\n<ul class=\"wp-block-list\">\n<li>la Bibbia<\/li>\n\n\n\n<li>gli scritti dei Padri della Chiesa<\/li>\n\n\n\n<li>opere filosofiche classiche<\/li>\n\n\n\n<li>letteratura latina<\/li>\n<\/ul>\n\n\n\n<p>Senza i monasteri, gran parte del sapere antico sarebbe scomparso.<\/p>\n\n\n\n<p>L\u2019Europa <strong>rinacque culturalmente grazie ai monaci<\/strong>.<\/p>\n\n\n\n<hr class=\"wp-block-separator has-alpha-channel-opacity\"\/>\n\n\n\n<h1 class=\"wp-block-heading\">7. La visione teologica: Dio governa la storia<\/h1>\n\n\n\n<p>Dal punto di vista cristiano, questi eventi non sono soltanto storia politica.<\/p>\n\n\n\n<p>Fanno parte della <strong>Provvidenza divina<\/strong>.<\/p>\n\n\n\n<p>Dio permise la caduta di un impero per far nascere una nuova civilt\u00e0: <strong>la Cristianit\u00e0<\/strong>.<\/p>\n\n\n\n<p>Come dice la Scrittura:<\/p>\n\n\n\n<blockquote class=\"wp-block-quote is-layout-flow wp-block-quote-is-layout-flow\">\n<p>\u00abEgli muta i tempi e le stagioni;<br>depone i re e li stabilisce.\u00bb<br>(Daniele 2,21)<\/p>\n<\/blockquote>\n\n\n\n<p>La Chiesa comprese che la sua missione non dipendeva dagli imperi umani.<\/p>\n\n\n\n<p>La sua missione \u00e8 eterna.<\/p>\n\n\n\n<p>Cristo promise:<\/p>\n\n\n\n<blockquote class=\"wp-block-quote is-layout-flow wp-block-quote-is-layout-flow\">\n<p>\u00abLe porte degli inferi non prevarranno contro di essa.\u00bb<br>(Matteo 16,18)<\/p>\n<\/blockquote>\n\n\n\n<p>E la storia lo ha confermato.<\/p>\n\n\n\n<hr class=\"wp-block-separator has-alpha-channel-opacity\"\/>\n\n\n\n<h1 class=\"wp-block-heading\">8. L\u2019Europa nasce cristiana<\/h1>\n\n\n\n<p>Nei secoli successivi la Chiesa evangelizz\u00f2 i popoli germanici.<\/p>\n\n\n\n<p>I re barbari si convertirono al cristianesimo.<\/p>\n\n\n\n<p>Uno dei momenti decisivi fu il battesimo di <strong>Clovis I<\/strong>, re dei Franchi, nell\u2019anno 496.<\/p>\n\n\n\n<p>Questo evento segn\u00f2 l\u2019inizio dell\u2019alleanza tra la fede cristiana e la costruzione dell\u2019Europa.<\/p>\n\n\n\n<p>Da questa radice nacquero:<\/p>\n\n\n\n<ul class=\"wp-block-list\">\n<li>universit\u00e0<\/li>\n\n\n\n<li>ospedali<\/li>\n\n\n\n<li>cattedrali<\/li>\n\n\n\n<li>arte cristiana<\/li>\n\n\n\n<li>diritto naturale<\/li>\n<\/ul>\n\n\n\n<p>L\u2019Europa non era soltanto un continente geografico.<\/p>\n\n\n\n<p>Era <strong>una civilt\u00e0 cristiana<\/strong>.<\/p>\n\n\n\n<hr class=\"wp-block-separator has-alpha-channel-opacity\"\/>\n\n\n\n<h1 class=\"wp-block-heading\">9. La lezione per il nostro tempo<\/h1>\n\n\n\n<p>Oggi molti parlano di una \u201ccrisi di civilt\u00e0\u201d.<\/p>\n\n\n\n<p>Alcuni storici paragonano persino la nostra epoca agli ultimi secoli di Roma.<\/p>\n\n\n\n<p>Osserviamo fenomeni simili:<\/p>\n\n\n\n<ul class=\"wp-block-list\">\n<li>relativismo morale<\/li>\n\n\n\n<li>crisi demografica<\/li>\n\n\n\n<li>declino culturale<\/li>\n\n\n\n<li>perdita di identit\u00e0<\/li>\n<\/ul>\n\n\n\n<p>La storia della caduta di Roma ci insegna qualcosa di profondo:<\/p>\n\n\n\n<p><strong>quando una civilt\u00e0 perde la sua anima, inizia a crollare<\/strong>.<\/p>\n\n\n\n<p>Ma ci insegna anche qualcosa di pieno di speranza.<\/p>\n\n\n\n<p>Dio pu\u00f2 far nascere qualcosa di nuovo.<\/p>\n\n\n\n<p>La Chiesa sopravvisse all\u2019Impero Romano.<\/p>\n\n\n\n<p>Sopravvivr\u00e0 anche a qualsiasi crisi moderna.<\/p>\n\n\n\n<hr class=\"wp-block-separator has-alpha-channel-opacity\"\/>\n\n\n\n<h1 class=\"wp-block-heading\">10. Applicazioni spirituali per la vita quotidiana<\/h1>\n\n\n\n<p>La storia non \u00e8 solo un racconto del passato.<\/p>\n\n\n\n<p>\u00c8 anche <strong>una guida per la nostra vita cristiana<\/strong>.<\/p>\n\n\n\n<p>Ecco alcune lezioni concrete.<\/p>\n\n\n\n<h3 class=\"wp-block-heading\">1. La fede deve sostenere la cultura<\/h3>\n\n\n\n<p>I cristiani non sono chiamati a vivere la loro fede solo in privato.<\/p>\n\n\n\n<p>Siamo chiamati a <strong>trasformare la societ\u00e0<\/strong>.<\/p>\n\n\n\n<p>Come dice Ges\u00f9:<\/p>\n\n\n\n<blockquote class=\"wp-block-quote is-layout-flow wp-block-quote-is-layout-flow\">\n<p>\u00abVoi siete la luce del mondo.\u00bb<br>(Matteo 5,14)<\/p>\n<\/blockquote>\n\n\n\n<hr class=\"wp-block-separator has-alpha-channel-opacity\"\/>\n\n\n\n<h3 class=\"wp-block-heading\">2. La santit\u00e0 cambia la storia<\/h3>\n\n\n\n<p>L\u2019Europa non fu salvata dagli eserciti.<\/p>\n\n\n\n<p>Fu trasformata dai santi:<\/p>\n\n\n\n<ul class=\"wp-block-list\">\n<li>monaci<\/li>\n\n\n\n<li>missionari<\/li>\n\n\n\n<li>vescovi<\/li>\n\n\n\n<li>papi<\/li>\n<\/ul>\n\n\n\n<p>La storia dimostra che <strong>un santo pu\u00f2 cambiare il mondo<\/strong>.<\/p>\n\n\n\n<hr class=\"wp-block-separator has-alpha-channel-opacity\"\/>\n\n\n\n<h3 class=\"wp-block-heading\">3. La cultura inizia in casa<\/h3>\n\n\n\n<p>I monasteri preservarono la cultura copiando libri.<\/p>\n\n\n\n<p>Oggi l\u2019equivalente pu\u00f2 essere:<\/p>\n\n\n\n<ul class=\"wp-block-list\">\n<li>insegnare la fede ai figli<\/li>\n\n\n\n<li>leggere la Bibbia in famiglia<\/li>\n\n\n\n<li>trasmettere i valori cristiani<\/li>\n<\/ul>\n\n\n\n<p>Ogni famiglia cristiana pu\u00f2 diventare <strong>un piccolo monastero domestico<\/strong>.<\/p>\n\n\n\n<hr class=\"wp-block-separator has-alpha-channel-opacity\"\/>\n\n\n\n<h1 class=\"wp-block-heading\">11. Un messaggio di speranza<\/h1>\n\n\n\n<p>La caduta dell\u2019Impero Romano sembrava la fine della civilt\u00e0.<\/p>\n\n\n\n<p>Ma in realt\u00e0 fu <strong>la nascita di una nuova Europa cristiana<\/strong>.<\/p>\n\n\n\n<p>La storia rivela una verit\u00e0 profonda:<\/p>\n\n\n\n<p>Dio scrive diritto su righe storte.<\/p>\n\n\n\n<p>Nei momenti di maggiore oscurit\u00e0, il Signore suscita santi, leader e comunit\u00e0 che ricostruiscono il mondo.<\/p>\n\n\n\n<p>Forse oggi stiamo vivendo un momento simile.<\/p>\n\n\n\n<p>E forse la domanda non \u00e8 soltanto storica.<\/p>\n\n\n\n<p>La domanda \u00e8 personale:<\/p>\n\n\n\n<p><strong>Saremo parte del declino\u2026 o parte della ricostruzione cristiana della cultura?<\/strong><\/p>\n\n\n\n<p>Perch\u00e9, alla fine, la storia dell\u2019Europa non fu salvata nei palazzi imperiali.<\/p>\n\n\n\n<p>Fu salvata in:<\/p>\n\n\n\n<ul class=\"wp-block-list\">\n<li>piccole chiese<\/li>\n\n\n\n<li>umili monasteri<\/li>\n\n\n\n<li>cuori convertiti<\/li>\n<\/ul>\n\n\n\n<p>E questo continua ad essere vero anche oggi.<\/p>\n\n\n\n<p>Come scrisse <strong>Augustine of Hippo<\/strong>:<\/p>\n\n\n\n<blockquote class=\"wp-block-quote is-layout-flow wp-block-quote-is-layout-flow\">\n<p>\u00abDue amori hanno fatto due citt\u00e0:<br>l\u2019amore di Dio fino al disprezzo di s\u00e9,<br>e l\u2019amore di s\u00e9 fino al disprezzo di Dio.\u00bb<\/p>\n<\/blockquote>\n\n\n\n<p>La storia dell\u2019Europa fu, in fondo, <strong>la storia di questa lotta spirituale<\/strong>.<\/p>\n\n\n\n<p>E questa lotta continua\u2026 dentro ciascuno di noi.<\/p>\n","protected":false},"excerpt":{"rendered":"<p>Come la Chiesa salv\u00f2 la cultura europea Per secoli, l\u2019Impero Romano fu il centro del mondo conosciuto. Le sue strade collegavano continenti, il suo diritto organizzava intere societ\u00e0 e la sua lingua \u2014 il latino \u2014 divenne il veicolo della cultura, della filosofia e dell\u2019amministrazione. Ma ogni impero umano ha una fine. Tra il IV &hellip;<\/p>\n","protected":false},"author":3,"featured_media":5274,"comment_status":"closed","ping_status":"closed","sticky":false,"template":"","format":"standard","meta":{"_seopress_robots_primary_cat":"","_seopress_titles_title":"","_seopress_titles_desc":"","_seopress_robots_index":"","footnotes":""},"categories":[48,38],"tags":[1918],"class_list":["post-5273","post","type-post","status-publish","format-standard","has-post-thumbnail","","category-storia-della-chiesa","category-storia-e-tradizione","tag-caduta-dellimpero-romano"],"_links":{"self":[{"href":"https:\/\/catholicus.eu\/it\/wp-json\/wp\/v2\/posts\/5273","targetHints":{"allow":["GET"]}}],"collection":[{"href":"https:\/\/catholicus.eu\/it\/wp-json\/wp\/v2\/posts"}],"about":[{"href":"https:\/\/catholicus.eu\/it\/wp-json\/wp\/v2\/types\/post"}],"author":[{"embeddable":true,"href":"https:\/\/catholicus.eu\/it\/wp-json\/wp\/v2\/users\/3"}],"replies":[{"embeddable":true,"href":"https:\/\/catholicus.eu\/it\/wp-json\/wp\/v2\/comments?post=5273"}],"version-history":[{"count":1,"href":"https:\/\/catholicus.eu\/it\/wp-json\/wp\/v2\/posts\/5273\/revisions"}],"predecessor-version":[{"id":5275,"href":"https:\/\/catholicus.eu\/it\/wp-json\/wp\/v2\/posts\/5273\/revisions\/5275"}],"wp:featuredmedia":[{"embeddable":true,"href":"https:\/\/catholicus.eu\/it\/wp-json\/wp\/v2\/media\/5274"}],"wp:attachment":[{"href":"https:\/\/catholicus.eu\/it\/wp-json\/wp\/v2\/media?parent=5273"}],"wp:term":[{"taxonomy":"category","embeddable":true,"href":"https:\/\/catholicus.eu\/it\/wp-json\/wp\/v2\/categories?post=5273"},{"taxonomy":"post_tag","embeddable":true,"href":"https:\/\/catholicus.eu\/it\/wp-json\/wp\/v2\/tags?post=5273"}],"curies":[{"name":"wp","href":"https:\/\/api.w.org\/{rel}","templated":true}]}}