{"id":5264,"date":"2026-03-12T17:47:08","date_gmt":"2026-03-12T16:47:08","guid":{"rendered":"https:\/\/catholicus.eu\/it\/?p=5264"},"modified":"2026-03-12T17:47:08","modified_gmt":"2026-03-12T16:47:08","slug":"versiculus-e-responsum-il-dialogo-sacro-che-mantiene-viva-la-preghiera-della-chiesa","status":"publish","type":"post","link":"https:\/\/catholicus.eu\/it\/versiculus-e-responsum-il-dialogo-sacro-che-mantiene-viva-la-preghiera-della-chiesa\/","title":{"rendered":"\u201cVersiculus e Responsum\u201d: il dialogo sacro che mantiene viva la preghiera della Chiesa"},"content":{"rendered":"\n<p>In un\u2019epoca segnata dalla velocit\u00e0, dal rumore costante e da una comunicazione spesso superficiale, la tradizione liturgica della Chiesa cattolica conserva una forma di dialogo profondamente spirituale che, pur essendo composta da poche parole, \u00e8 carica di secoli di fede: il <strong>\u201cVersiculus\u201d<\/strong> e il <strong>\u201cResponsum\u201d<\/strong>.<\/p>\n\n\n\n<p>Molti cattolici probabilmente hanno ascoltato queste espressioni nella liturgia senza fermarsi a riflettere sul loro significato. Appaiono nella <strong>Liturgia delle Ore<\/strong>, nella <strong>Santa Messa tradizionale<\/strong>, nel <strong>Rosario<\/strong>, nell\u2019<strong>adorazione eucaristica<\/strong> e in molte devozioni popolari. Sono frasi brevi, quasi come un battito del cuore della preghiera tra il sacerdote e il popolo.<\/p>\n\n\n\n<p>Ma dietro queste brevi formule si nasconde qualcosa di molto pi\u00f9 profondo: <strong>una forma di preghiera dialogata che riflette la comunione tra Dio e il suo popolo, tra Cristo e la sua Chiesa<\/strong>.<\/p>\n\n\n\n<p>In questo articolo esploreremo che cosa significano <strong>Versiculus<\/strong> e <strong>Responsum<\/strong>, la loro origine storica, il loro profondo significato teologico e come questa forma di preghiera possa diventare uno strumento spirituale molto concreto per la nostra vita quotidiana.<\/p>\n\n\n\n<hr class=\"wp-block-separator has-alpha-channel-opacity\"\/>\n\n\n\n<h1 class=\"wp-block-heading\">1. Che cosa significano \u201cVersiculus\u201d e \u201cResponsum\u201d?<\/h1>\n\n\n\n<p>Le parole provengono dal latino liturgico.<\/p>\n\n\n\n<ul class=\"wp-block-list\">\n<li><strong>Versiculus<\/strong> significa letteralmente <em>\u201cpiccolo versetto\u201d<\/em> o <em>\u201cbreve frase\u201d<\/em>.<\/li>\n\n\n\n<li><strong>Responsum<\/strong> significa <em>\u201crisposta\u201d<\/em>.<\/li>\n<\/ul>\n\n\n\n<p>Nella liturgia, il <strong>Versiculus<\/strong> \u00e8 una breve invocazione generalmente pronunciata dal sacerdote, dal diacono o dal cantore. Il <strong>Responsum<\/strong> \u00e8 la risposta data dal popolo o dal coro.<\/p>\n\n\n\n<p>Per esempio, uno degli scambi pi\u00f9 conosciuti \u00e8:<\/p>\n\n\n\n<p><strong>V.<\/strong> <em>Dominus vobiscum<\/em><br><strong>R.<\/strong> <em>Et cum spiritu tuo<\/em><\/p>\n\n\n\n<p>In italiano:<\/p>\n\n\n\n<p><strong>V.<\/strong> Il Signore sia con voi<br><strong>R.<\/strong> E con il tuo spirito<\/p>\n\n\n\n<p>Questo breve scambio avviene molte volte nella liturgia, ma non \u00e8 una semplice formalit\u00e0. <strong>\u00c8 un dialogo spirituale che esprime l\u2019unit\u00e0 del Corpo di Cristo nella preghiera.<\/strong><\/p>\n\n\n\n<hr class=\"wp-block-separator has-alpha-channel-opacity\"\/>\n\n\n\n<h1 class=\"wp-block-heading\">2. Un\u2019origine che risale alla Bibbia<\/h1>\n\n\n\n<p>La struttura di <strong>invocazione e risposta<\/strong> non \u00e8 un\u2019invenzione medievale n\u00e9 una semplice convenzione liturgica.<\/p>\n\n\n\n<p>In realt\u00e0 <strong>nasce nella stessa Sacra Scrittura<\/strong>.<\/p>\n\n\n\n<p>Nei Salmi troviamo numerosi esempi di preghiera responsoriale, in cui il popolo risponde a una proclamazione.<\/p>\n\n\n\n<p>Un esempio molto chiaro appare nel Salmo 136, dove il popolo risponde continuamente:<\/p>\n\n\n\n<blockquote class=\"wp-block-quote is-layout-flow wp-block-quote-is-layout-flow\">\n<p>\u201cPerch\u00e9 eterna \u00e8 la sua misericordia.\u201d<br>(Salmo 136)<\/p>\n<\/blockquote>\n\n\n\n<p>Ogni versetto proclamato \u00e8 seguito dalla stessa risposta del popolo. Questo stile di preghiera <strong>crea un ritmo spirituale collettivo<\/strong>, nel quale tutta la comunit\u00e0 partecipa alla lode.<\/p>\n\n\n\n<p>Anche nel Nuovo Testamento troviamo esempi di risposte comunitarie nella predicazione apostolica.<\/p>\n\n\n\n<p>Quando san Paolo spiega la fede, il popolo risponde con affermazioni di fede, mostrando che <strong>la fede cristiana non \u00e8 solo individuale, ma anche comunitaria<\/strong>.<\/p>\n\n\n\n<hr class=\"wp-block-separator has-alpha-channel-opacity\"\/>\n\n\n\n<h1 class=\"wp-block-heading\">3. La Chiesa primitiva e la preghiera dialogata<\/h1>\n\n\n\n<p>I primi cristiani ereditarono questa forma di preghiera dalla tradizione ebraica.<\/p>\n\n\n\n<p>Nelle prime liturgie cristiane \u2014 soprattutto a Gerusalemme e ad Antiochia \u2014 esistevano gi\u00e0 <strong>acclamazioni responsoriali<\/strong>.<\/p>\n\n\n\n<p>Tra le pi\u00f9 antiche troviamo:<\/p>\n\n\n\n<ul class=\"wp-block-list\">\n<li><strong>Kyrie eleison<\/strong> (Signore, piet\u00e0)<\/li>\n\n\n\n<li><strong>Amen<\/strong><\/li>\n\n\n\n<li><strong>Alleluia<\/strong><\/li>\n<\/ul>\n\n\n\n<p>Queste risposte non erano semplici ornamenti liturgici. Rappresentavano <strong>la partecipazione attiva del popolo al culto<\/strong>.<\/p>\n\n\n\n<p>Sant\u2019Agostino descriveva la risposta liturgica come:<\/p>\n\n\n\n<blockquote class=\"wp-block-quote is-layout-flow wp-block-quote-is-layout-flow\">\n<p>\u201cLa voce di tutta la Chiesa che risponde al Signore.\u201d<\/p>\n<\/blockquote>\n\n\n\n<p>In altre parole, <strong>la comunit\u00e0 diventa un unico corpo che risponde a Dio<\/strong>.<\/p>\n\n\n\n<hr class=\"wp-block-separator has-alpha-channel-opacity\"\/>\n\n\n\n<h1 class=\"wp-block-heading\">4. Il Versiculus nella Liturgia delle Ore<\/h1>\n\n\n\n<p>Uno dei luoghi in cui <strong>Versiculus<\/strong> e <strong>Responsum<\/strong> appaiono pi\u00f9 frequentemente \u00e8 la <strong>Liturgia delle Ore<\/strong>, chiamata anche <strong>Ufficio Divino<\/strong>.<\/p>\n\n\n\n<p>Questa preghiera quotidiana della Chiesa struttura la giornata in diversi momenti:<\/p>\n\n\n\n<ul class=\"wp-block-list\">\n<li>Lodi<\/li>\n\n\n\n<li>Vespri<\/li>\n\n\n\n<li>Compieta<\/li>\n\n\n\n<li>Ufficio delle letture<\/li>\n<\/ul>\n\n\n\n<p>In ognuno di essi compaiono piccoli versetti come:<\/p>\n\n\n\n<p><strong>V.<\/strong> <em>Deus, in adiutorium meum intende<\/em><br><strong>R.<\/strong> <em>Domine, ad adiuvandum me festina<\/em><\/p>\n\n\n\n<p>In italiano:<\/p>\n\n\n\n<p><strong>V.<\/strong> O Dio, vieni a salvarmi<br><strong>R.<\/strong> Signore, vieni presto in mio aiuto<\/p>\n\n\n\n<p>Questa preghiera ha radici antichissime. Secondo la tradizione monastica, <strong>san Benedetto la pose all\u2019inizio di ogni ora liturgica nel VI secolo<\/strong>.<\/p>\n\n\n\n<p>Tuttavia, la sua vera origine si trova nel <strong>Salmo 70<\/strong>:<\/p>\n\n\n\n<blockquote class=\"wp-block-quote is-layout-flow wp-block-quote-is-layout-flow\">\n<p>\u201cO Dio, vieni a salvarmi; Signore, vieni presto in mio aiuto.\u201d<br>(Salmo 70,2)<\/p>\n<\/blockquote>\n\n\n\n<p>In questo modo, ogni preghiera inizia ricordando qualcosa di fondamentale: <strong>la dipendenza assoluta dell\u2019uomo da Dio<\/strong>.<\/p>\n\n\n\n<hr class=\"wp-block-separator has-alpha-channel-opacity\"\/>\n\n\n\n<h1 class=\"wp-block-heading\">5. Un significato teologico profondo<\/h1>\n\n\n\n<p>Anche se possono sembrare semplici frasi, <strong>Versiculus<\/strong> e <strong>Responsum<\/strong> esprimono una verit\u00e0 teologica molto profonda.<\/p>\n\n\n\n<h3 class=\"wp-block-heading\">1. La Chiesa \u00e8 comunione<\/h3>\n\n\n\n<p>La fede cristiana non \u00e8 individualista. Il dialogo liturgico mostra che <strong>la Chiesa prega come un solo corpo<\/strong>.<\/p>\n\n\n\n<p>Il sacerdote proclama, ma il popolo risponde.<\/p>\n\n\n\n<p>Cos\u00ec si riflette ci\u00f2 che insegna san Paolo:<\/p>\n\n\n\n<blockquote class=\"wp-block-quote is-layout-flow wp-block-quote-is-layout-flow\">\n<p>\u201cVoi siete il corpo di Cristo.\u201d<br>(1 Corinzi 12,27)<\/p>\n<\/blockquote>\n\n\n\n<p>La liturgia non \u00e8 uno spettacolo: <strong>\u00e8 un\u2019azione di tutto il popolo di Dio<\/strong>.<\/p>\n\n\n\n<hr class=\"wp-block-separator has-alpha-channel-opacity\"\/>\n\n\n\n<h3 class=\"wp-block-heading\">2. Dio parla per primo<\/h3>\n\n\n\n<p>Nella struttura versetto-risposta esiste anche una dimensione spirituale.<\/p>\n\n\n\n<p>Prima viene proclamata la parola (versetto). Poi arriva la risposta.<\/p>\n\n\n\n<p>Questo ricorda una verit\u00e0 fondamentale: <strong>Dio prende sempre l\u2019iniziativa<\/strong>.<\/p>\n\n\n\n<p>Come dice san Giovanni:<\/p>\n\n\n\n<blockquote class=\"wp-block-quote is-layout-flow wp-block-quote-is-layout-flow\">\n<p>\u201cNoi amiamo perch\u00e9 Egli ci ha amati per primo.\u201d<br>(1 Giovanni 4,19)<\/p>\n<\/blockquote>\n\n\n\n<p>Ogni preghiera cristiana \u00e8, in realt\u00e0, <strong>una risposta all\u2019amore precedente di Dio<\/strong>.<\/p>\n\n\n\n<hr class=\"wp-block-separator has-alpha-channel-opacity\"\/>\n\n\n\n<h3 class=\"wp-block-heading\">3. Cristo e la Chiesa in dialogo<\/h3>\n\n\n\n<p>Molti teologi interpretano lo scambio liturgico come un simbolo del <strong>dialogo tra Cristo e la sua Chiesa<\/strong>.<\/p>\n\n\n\n<p>Cristo parla attraverso la liturgia.<br>La Chiesa risponde con fede.<\/p>\n\n\n\n<p>Per questo il Responsum non \u00e8 solo una formula rituale: <strong>\u00e8 la voce della Sposa che risponde allo Sposo<\/strong>.<\/p>\n\n\n\n<hr class=\"wp-block-separator has-alpha-channel-opacity\"\/>\n\n\n\n<h1 class=\"wp-block-heading\">6. La forza spirituale delle risposte brevi<\/h1>\n\n\n\n<p>Nel nostro tempo, in cui molte persone trovano difficile pregare per lunghi periodi, la sapienza liturgica della Chiesa offre una soluzione molto semplice:<\/p>\n\n\n\n<p><strong>brevi preghiere ripetute durante la giornata.<\/strong><\/p>\n\n\n\n<p>Le risposte liturgiche funzionano come <strong>giaculatorie<\/strong>.<\/p>\n\n\n\n<p>Per esempio:<\/p>\n\n\n\n<ul class=\"wp-block-list\">\n<li>\u201cAmen\u201d<\/li>\n\n\n\n<li>\u201cSignore, piet\u00e0\u201d<\/li>\n\n\n\n<li>\u201cE con il tuo spirito\u201d<\/li>\n<\/ul>\n\n\n\n<p>Queste frasi, anche se brevi, <strong>racchiudono immense verit\u00e0 spirituali<\/strong>.<\/p>\n\n\n\n<p>San Giovanni Crisostomo insegnava che anche una sola parola pronunciata con fede pu\u00f2 elevare l\u2019anima a Dio.<\/p>\n\n\n\n<hr class=\"wp-block-separator has-alpha-channel-opacity\"\/>\n\n\n\n<h1 class=\"wp-block-heading\">7. Applicazioni pratiche per la vita quotidiana<\/h1>\n\n\n\n<p>\u00c8 qui che Versiculus e Responsum smettono di essere un semplice dettaglio liturgico e diventano <strong>una guida spirituale molto concreta<\/strong>.<\/p>\n\n\n\n<h3 class=\"wp-block-heading\">1. Brevi preghiere durante la giornata<\/h3>\n\n\n\n<p>Possiamo adottare lo stile della liturgia con piccole risposte spirituali.<\/p>\n\n\n\n<p>Per esempio:<\/p>\n\n\n\n<p>All\u2019inizio della giornata:<\/p>\n\n\n\n<p><strong>V. Signore, apri le mie labbra<\/strong><br><strong>R. E la mia bocca proclamer\u00e0 la tua lode<\/strong><\/p>\n\n\n\n<p>Quando sorgono difficolt\u00e0:<\/p>\n\n\n\n<p><strong>Signore, vieni in mio aiuto.<\/strong><\/p>\n\n\n\n<p>Questa forma di preghiera \u00e8 particolarmente utile nel mezzo del lavoro, degli studi o delle responsabilit\u00e0 familiari.<\/p>\n\n\n\n<hr class=\"wp-block-separator has-alpha-channel-opacity\"\/>\n\n\n\n<h3 class=\"wp-block-heading\">2. La preghiera in famiglia<\/h3>\n\n\n\n<p>Le famiglie cristiane possono riscoprire la preghiera dialogata.<\/p>\n\n\n\n<p>Per esempio:<\/p>\n\n\n\n<p>Padre o madre:<\/p>\n\n\n\n<p><strong>V. Benediciamo il Signore<\/strong><\/p>\n\n\n\n<p>Figli:<\/p>\n\n\n\n<p><strong>R. Rendiamo grazie a Dio<\/strong><\/p>\n\n\n\n<p>Questo trasforma la casa in <strong>una piccola Chiesa domestica<\/strong>.<\/p>\n\n\n\n<hr class=\"wp-block-separator has-alpha-channel-opacity\"\/>\n\n\n\n<h3 class=\"wp-block-heading\">3. Recuperare la partecipazione alla liturgia<\/h3>\n\n\n\n<p>Versiculus e Responsum ci ricordano che la liturgia non \u00e8 qualcosa che semplicemente \u201cascoltiamo\u201d. <strong>\u00c8 qualcosa a cui partecipiamo.<\/strong><\/p>\n\n\n\n<p>Rispondere con attenzione, fede e consapevolezza <strong>\u00e8 un vero atto spirituale<\/strong>.<\/p>\n\n\n\n<hr class=\"wp-block-separator has-alpha-channel-opacity\"\/>\n\n\n\n<h1 class=\"wp-block-heading\">8. Un antidoto all\u2019individualismo moderno<\/h1>\n\n\n\n<p>Viviamo in una cultura profondamente individualista.<\/p>\n\n\n\n<p>La liturgia responsoriale ci insegna qualcosa di diverso:<\/p>\n\n\n\n<p><strong>la fede si vive insieme.<\/strong><\/p>\n\n\n\n<p>Quando la comunit\u00e0 risponde nell\u2019unit\u00e0, accade qualcosa di molto profondo: <strong>la Chiesa diventa visibile<\/strong>.<\/p>\n\n\n\n<p>Non siamo credenti isolati.<\/p>\n\n\n\n<p>Siamo un popolo che risponde a Dio.<\/p>\n\n\n\n<hr class=\"wp-block-separator has-alpha-channel-opacity\"\/>\n\n\n\n<h1 class=\"wp-block-heading\">9. L\u2019eco eterno della preghiera della Chiesa<\/h1>\n\n\n\n<p>Forse l\u2019aspetto pi\u00f9 bello del Versiculus e del Responsum \u00e8 che <strong>ci uniscono a secoli di preghiera cristiana<\/strong>.<\/p>\n\n\n\n<p>Le stesse risposte che pronunciamo oggi:<\/p>\n\n\n\n<ul class=\"wp-block-list\">\n<li>sono state pregate dai monaci medievali<\/li>\n\n\n\n<li>dai primi cristiani<\/li>\n\n\n\n<li>da santi come san Benedetto, san Tommaso d\u2019Aquino e santa Teresa<\/li>\n<\/ul>\n\n\n\n<p>Ogni volta che rispondiamo nella liturgia, <strong>entriamo in una catena di preghiera che attraversa i secoli<\/strong>.<\/p>\n\n\n\n<p>\u00c8 la voce della Chiesa pellegrina unita alla Chiesa celeste.<\/p>\n\n\n\n<hr class=\"wp-block-separator has-alpha-channel-opacity\"\/>\n\n\n\n<h1 class=\"wp-block-heading\">Conclusione: imparare a rispondere a Dio<\/h1>\n\n\n\n<p>Alla fine, tutta la vita cristiana pu\u00f2 essere riassunta in una risposta.<\/p>\n\n\n\n<p>Dio chiama.<br>Dio parla.<br>Dio ama per primo.<\/p>\n\n\n\n<p>La nostra vita diventa il <strong>Responsum<\/strong>.<\/p>\n\n\n\n<p>Ogni decisione, ogni preghiera, ogni atto di carit\u00e0 \u00e8 una risposta al versetto che Dio pronuncia sulla nostra vita.<\/p>\n\n\n\n<p>Come rispose la Vergine Maria nell\u2019Annunciazione:<\/p>\n\n\n\n<blockquote class=\"wp-block-quote is-layout-flow wp-block-quote-is-layout-flow\">\n<p>\u201cEcco la serva del Signore: avvenga per me secondo la tua parola.\u201d<br>(Luca 1,38)<\/p>\n<\/blockquote>\n\n\n\n<p>Forse la grande lezione spirituale del <strong>Versiculus e del Responsum<\/strong> \u00e8 proprio questa:<\/p>\n\n\n\n<p><strong>imparare a rispondere a Dio con tutta la nostra vita.<\/strong><\/p>\n\n\n\n<p>Perch\u00e9, in fondo, la liturgia non termina quando finisce la Messa.<\/p>\n\n\n\n<p>Continua in ogni momento della nostra esistenza.<\/p>\n\n\n\n<p>E Dio continua a pronunciare il suo versetto.<\/p>\n\n\n\n<p>La domanda rimane sempre la stessa:<\/p>\n\n\n\n<p><strong>Quale sar\u00e0 la nostra risposta?<\/strong><\/p>\n","protected":false},"excerpt":{"rendered":"<p>In un\u2019epoca segnata dalla velocit\u00e0, dal rumore costante e da una comunicazione spesso superficiale, la tradizione liturgica della Chiesa cattolica conserva una forma di dialogo profondamente spirituale che, pur essendo composta da poche parole, \u00e8 carica di secoli di fede: il \u201cVersiculus\u201d e il \u201cResponsum\u201d. Molti cattolici probabilmente hanno ascoltato queste espressioni nella liturgia senza &hellip;<\/p>\n","protected":false},"author":3,"featured_media":5265,"comment_status":"closed","ping_status":"closed","sticky":false,"template":"","format":"standard","meta":{"_seopress_robots_primary_cat":"","_seopress_titles_title":"","_seopress_titles_desc":"","_seopress_robots_index":"","footnotes":""},"categories":[40,58],"tags":[1915],"class_list":["post-5264","post","type-post","status-publish","format-standard","has-post-thumbnail","","category-preghiera-e-spiritualita","category-preghiera-e-vita-spirituale","tag-versiculus-e-responsum"],"_links":{"self":[{"href":"https:\/\/catholicus.eu\/it\/wp-json\/wp\/v2\/posts\/5264","targetHints":{"allow":["GET"]}}],"collection":[{"href":"https:\/\/catholicus.eu\/it\/wp-json\/wp\/v2\/posts"}],"about":[{"href":"https:\/\/catholicus.eu\/it\/wp-json\/wp\/v2\/types\/post"}],"author":[{"embeddable":true,"href":"https:\/\/catholicus.eu\/it\/wp-json\/wp\/v2\/users\/3"}],"replies":[{"embeddable":true,"href":"https:\/\/catholicus.eu\/it\/wp-json\/wp\/v2\/comments?post=5264"}],"version-history":[{"count":1,"href":"https:\/\/catholicus.eu\/it\/wp-json\/wp\/v2\/posts\/5264\/revisions"}],"predecessor-version":[{"id":5266,"href":"https:\/\/catholicus.eu\/it\/wp-json\/wp\/v2\/posts\/5264\/revisions\/5266"}],"wp:featuredmedia":[{"embeddable":true,"href":"https:\/\/catholicus.eu\/it\/wp-json\/wp\/v2\/media\/5265"}],"wp:attachment":[{"href":"https:\/\/catholicus.eu\/it\/wp-json\/wp\/v2\/media?parent=5264"}],"wp:term":[{"taxonomy":"category","embeddable":true,"href":"https:\/\/catholicus.eu\/it\/wp-json\/wp\/v2\/categories?post=5264"},{"taxonomy":"post_tag","embeddable":true,"href":"https:\/\/catholicus.eu\/it\/wp-json\/wp\/v2\/tags?post=5264"}],"curies":[{"name":"wp","href":"https:\/\/api.w.org\/{rel}","templated":true}]}}