{"id":5261,"date":"2026-03-11T21:24:37","date_gmt":"2026-03-11T20:24:37","guid":{"rendered":"https:\/\/catholicus.eu\/it\/?p=5261"},"modified":"2026-03-11T21:24:38","modified_gmt":"2026-03-11T20:24:38","slug":"acerbo-nimis-lavvertimento-profetico-della-chiesa-sullignoranza-religiosa-che-risuona-ancora-oggi","status":"publish","type":"post","link":"https:\/\/catholicus.eu\/it\/acerbo-nimis-lavvertimento-profetico-della-chiesa-sullignoranza-religiosa-che-risuona-ancora-oggi\/","title":{"rendered":"\u201cAcerbo Nimis\u201d: L\u2019avvertimento profetico della Chiesa sull\u2019ignoranza religiosa che risuona ancora oggi"},"content":{"rendered":"\n<p>Nella storia della Chiesa ci sono documenti nati per rispondere a problemi concreti di un\u2019epoca\u2026 ma che finiscono per risultare straordinariamente attuali per le generazioni future. Uno di questi \u00e8 <strong>Acerbo Nimis<\/strong>, l\u2019enciclica pubblicata nel 1905 da <strong>Pope Pius X<\/strong>, un Papa profondamente preoccupato per lo stato spirituale del popolo cristiano.<\/p>\n\n\n\n<p>Il titolo latino <strong>\u201cAcerbo Nimis\u201d<\/strong> pu\u00f2 essere tradotto approssimativamente come <em>\u201ceccessivamente doloroso\u201d<\/em> o <em>\u201ctroppo amaro\u201d<\/em>. E il dolore del Papa aveva una causa molto concreta: <strong>la profonda ignoranza religiosa tra i fedeli cattolici<\/strong>.<\/p>\n\n\n\n<p>Pi\u00f9 di un secolo dopo, la sua diagnosi risulta sorprendentemente attuale.<\/p>\n\n\n\n<p>Viviamo in una societ\u00e0 con accesso quasi illimitato alle informazioni, ma spesso con <strong>poca conoscenza reale della fede cristiana<\/strong>. Molti battezzati non conoscono i fondamenti della loro fede, non comprendono il significato dei sacramenti n\u00e9 la ricchezza del Vangelo.<\/p>\n\n\n\n<p>Per questo motivo, rileggere <em>Acerbo Nimis<\/em> non \u00e8 semplicemente un esercizio storico. \u00c8 <strong>un richiamo urgente a riscoprire la catechesi, la formazione spirituale e l\u2019amore per la verit\u00e0 rivelata<\/strong>.<\/p>\n\n\n\n<hr class=\"wp-block-separator has-alpha-channel-opacity\"\/>\n\n\n\n<h2 class=\"wp-block-heading\">Il contesto storico di \u201cAcerbo Nimis\u201d<\/h2>\n\n\n\n<p>All\u2019inizio del XX secolo, l\u2019Europa attraversava profondi cambiamenti:<\/p>\n\n\n\n<ul class=\"wp-block-list\">\n<li>crescente laicizzazione<\/li>\n\n\n\n<li>anticlericalismo politico<\/li>\n\n\n\n<li>indebolimento della vita parrocchiale<\/li>\n\n\n\n<li>abbandono della formazione religiosa<\/li>\n<\/ul>\n\n\n\n<p>In questo contesto, <strong>San Pio X<\/strong> individu\u00f2 un problema che considerava <strong>la radice di molti mali spirituali<\/strong>: i fedeli non conoscevano la loro fede.<\/p>\n\n\n\n<p>Non si trattava sempre di incredulit\u00e0. Molto spesso era semplicemente <strong>ignoranza<\/strong>.<\/p>\n\n\n\n<p>Il Papa scriveva con preoccupazione che molti cristiani:<\/p>\n\n\n\n<ul class=\"wp-block-list\">\n<li>non conoscevano i comandamenti<\/li>\n\n\n\n<li>ignoravano le verit\u00e0 fondamentali del catechismo<\/li>\n\n\n\n<li>non comprendevano il significato della Messa<\/li>\n\n\n\n<li>vivevano la fede in modo superficiale<\/li>\n<\/ul>\n\n\n\n<p>Per lui, questa situazione era spiritualmente pericolosa.<\/p>\n\n\n\n<p>Per questo affermava che <strong>l\u2019ignoranza religiosa \u00e8 una delle cause principali della perdita della fede<\/strong>.<\/p>\n\n\n\n<hr class=\"wp-block-separator has-alpha-channel-opacity\"\/>\n\n\n\n<h2 class=\"wp-block-heading\">La radice del problema: l\u2019ignoranza di Dio<\/h2>\n\n\n\n<p>Il Papa parte da una convinzione profondamente biblica: <strong>non si pu\u00f2 amare ci\u00f2 che non si conosce<\/strong>.<\/p>\n\n\n\n<p>La fede cristiana non \u00e8 una vaga emozione n\u00e9 una mera tradizione culturale. \u00c8 <strong>una relazione personale con Dio fondata sulla verit\u00e0 rivelata<\/strong>.<\/p>\n\n\n\n<p>Le Sacre Scritture avevano gi\u00e0 avvertito di questo pericolo secoli prima.<\/p>\n\n\n\n<blockquote class=\"wp-block-quote is-layout-flow wp-block-quote-is-layout-flow\">\n<p><strong>\u201cIl mio popolo perisce per mancanza di conoscenza.\u201d<\/strong><br>\u2014 (Book of Hosea 4,6)<\/p>\n<\/blockquote>\n\n\n\n<p>Quando l\u2019uomo smette di conoscere Dio, inevitabilmente si allontana da Lui.<\/p>\n\n\n\n<p>San Pio X vedeva chiaramente che se i fedeli non conoscono il Vangelo, non possono viverlo.<\/p>\n\n\n\n<hr class=\"wp-block-separator has-alpha-channel-opacity\"\/>\n\n\n\n<h2 class=\"wp-block-heading\">La catechesi: il cuore della missione della Chiesa<\/h2>\n\n\n\n<p>Uno dei messaggi centrali di <em>Acerbo Nimis<\/em> \u00e8 che <strong>la catechesi non \u00e8 un\u2019attivit\u00e0 secondaria nella Chiesa<\/strong>.<\/p>\n\n\n\n<p>\u00c8 essenziale.<\/p>\n\n\n\n<p>La catechesi consiste nel:<\/p>\n\n\n\n<ul class=\"wp-block-list\">\n<li>trasmettere la fede<\/li>\n\n\n\n<li>spiegare il Vangelo<\/li>\n\n\n\n<li>formare la coscienza morale<\/li>\n\n\n\n<li>preparare ai sacramenti<\/li>\n\n\n\n<li>insegnare a vivere da discepoli di Cristo<\/li>\n<\/ul>\n\n\n\n<p>Senza catechesi, la fede si indebolisce.<\/p>\n\n\n\n<p>Senza formazione, la religione diventa una tradizione vuota.<\/p>\n\n\n\n<p>Per questo San Pio X insisteva affinch\u00e9 <strong>i sacerdoti dedicassero tempo ed energie a insegnare la dottrina cristiana in modo chiaro e costante<\/strong>.<\/p>\n\n\n\n<p>Ma non solo i sacerdoti.<\/p>\n\n\n\n<p>Anche i genitori, i catechisti e l\u2019intera comunit\u00e0 cristiana hanno un ruolo fondamentale.<\/p>\n\n\n\n<hr class=\"wp-block-separator has-alpha-channel-opacity\"\/>\n\n\n\n<h2 class=\"wp-block-heading\">La responsabilit\u00e0 dei genitori: i primi catechisti<\/h2>\n\n\n\n<p>Uno degli aspetti pi\u00f9 pastorali dell\u2019enciclica \u00e8 l\u2019insistenza sul ruolo della famiglia.<\/p>\n\n\n\n<p>Per la Chiesa, <strong>i genitori sono i primi educatori nella fede<\/strong>.<\/p>\n\n\n\n<p>Prima della parrocchia, prima della scuola, prima di qualsiasi istituzione\u2026 c\u2019\u00e8 la casa.<\/p>\n\n\n\n<p>In famiglia si impara:<\/p>\n\n\n\n<ul class=\"wp-block-list\">\n<li>a pregare<\/li>\n\n\n\n<li>a fidarsi di Dio<\/li>\n\n\n\n<li>ad amare il prossimo<\/li>\n\n\n\n<li>a vivere il Vangelo<\/li>\n<\/ul>\n\n\n\n<p>Per questo motivo, la trasmissione della fede non pu\u00f2 essere completamente delegata.<\/p>\n\n\n\n<p>San Pio X ricordava che <strong>i genitori hanno una grave responsabilit\u00e0 davanti a Dio di insegnare la fede ai propri figli<\/strong>.<\/p>\n\n\n\n<p>Oggi questo insegnamento \u00e8 ancora urgente.<\/p>\n\n\n\n<p>In un mondo saturo di informazioni ma spesso privo di senso spirituale, <strong>la famiglia cristiana pu\u00f2 diventare una piccola chiesa domestica<\/strong>.<\/p>\n\n\n\n<hr class=\"wp-block-separator has-alpha-channel-opacity\"\/>\n\n\n\n<h2 class=\"wp-block-heading\">La fede deve essere compresa per poter essere vissuta<\/h2>\n\n\n\n<p>Una delle grandi intuizioni teologiche di <em>Acerbo Nimis<\/em> \u00e8 che <strong>la fede deve essere compresa<\/strong>.<\/p>\n\n\n\n<p>Questo non significa che ogni mistero divino possa essere completamente compreso.<\/p>\n\n\n\n<p>Ma significa che la fede deve essere <strong>spiegata, meditata e riflettuta<\/strong>.<\/p>\n\n\n\n<p>La tradizione cristiana ha sempre attribuito grande valore alla conoscenza della fede.<\/p>\n\n\n\n<p>Grandi santi e teologi come:<\/p>\n\n\n\n<ul class=\"wp-block-list\">\n<li><strong>Thomas Aquinas<\/strong><\/li>\n\n\n\n<li><strong>Augustine of Hippo<\/strong><\/li>\n\n\n\n<li><strong>Teresa of \u00c1vila<\/strong><\/li>\n<\/ul>\n\n\n\n<p>hanno compreso che la vita spirituale cresce quando anche l\u2019intelletto umano cerca la verit\u00e0.<\/p>\n\n\n\n<p>Fede e ragione non sono nemiche.<\/p>\n\n\n\n<p>Sono alleate.<\/p>\n\n\n\n<hr class=\"wp-block-separator has-alpha-channel-opacity\"\/>\n\n\n\n<h2 class=\"wp-block-heading\">La catechesi come medicina spirituale per il mondo moderno<\/h2>\n\n\n\n<p>Se San Pio X denunciava l\u2019ignoranza religiosa pi\u00f9 di cento anni fa, oggi la situazione \u00e8 probabilmente ancora pi\u00f9 complessa.<\/p>\n\n\n\n<p>Viviamo in una cultura segnata da:<\/p>\n\n\n\n<ul class=\"wp-block-list\">\n<li>relativismo morale<\/li>\n\n\n\n<li>perdita del senso del peccato<\/li>\n\n\n\n<li>individualismo radicale<\/li>\n\n\n\n<li>confusione spirituale<\/li>\n<\/ul>\n\n\n\n<p>Molti cristiani conoscono frasi del Vangelo, ma non la loro profondit\u00e0.<\/p>\n\n\n\n<p>Altri riducono la fede a valori generici come \u201cessere una brava persona\u201d.<\/p>\n\n\n\n<p>Eppure il cristianesimo \u00e8 molto di pi\u00f9.<\/p>\n\n\n\n<p>\u00c8 <strong>un incontro trasformante con Ges\u00f9 Cristo<\/strong>.<\/p>\n\n\n\n<p>La catechesi aiuta a scoprire:<\/p>\n\n\n\n<ul class=\"wp-block-list\">\n<li>chi \u00e8 veramente Cristo<\/li>\n\n\n\n<li>cosa significa la salvezza<\/li>\n\n\n\n<li>cos\u2019\u00e8 la grazia<\/li>\n\n\n\n<li>cos\u2019\u00e8 la Chiesa<\/li>\n\n\n\n<li>come vivere i comandamenti<\/li>\n<\/ul>\n\n\n\n<p>In altre parole: <strong>insegna a vivere pienamente la fede<\/strong>.<\/p>\n\n\n\n<hr class=\"wp-block-separator has-alpha-channel-opacity\"\/>\n\n\n\n<h2 class=\"wp-block-heading\">Applicazioni pratiche nella vita quotidiana<\/h2>\n\n\n\n<p>Come possiamo applicare oggi il messaggio di <em>Acerbo Nimis<\/em>?<\/p>\n\n\n\n<p>Ecco alcune pratiche concrete che possono trasformare la vita spirituale.<\/p>\n\n\n\n<h3 class=\"wp-block-heading\">1. Riscoprire il catechismo<\/h3>\n\n\n\n<p>Molti cristiani non hanno mai letto il catechismo da adulti.<\/p>\n\n\n\n<p>Eppure \u00e8 una fonte straordinaria di formazione.<\/p>\n\n\n\n<p>Dedicarvi anche solo pochi minuti al giorno pu\u00f2 aprire orizzonti spirituali immensi.<\/p>\n\n\n\n<hr class=\"wp-block-separator has-alpha-channel-opacity\"\/>\n\n\n\n<h3 class=\"wp-block-heading\">2. Leggere regolarmente la Bibbia<\/h3>\n\n\n\n<p>La Parola di Dio \u00e8 nutrimento per l\u2019anima.<\/p>\n\n\n\n<p>Lo stesso Ges\u00f9 insegnava:<\/p>\n\n\n\n<blockquote class=\"wp-block-quote is-layout-flow wp-block-quote-is-layout-flow\">\n<p><strong>\u201cLa verit\u00e0 vi far\u00e0 liberi.\u201d<\/strong><br>\u2014 (Gospel of John 8,32)<\/p>\n<\/blockquote>\n\n\n\n<p>La lettura orante delle Scritture aiuta a conoscere Dio pi\u00f9 profondamente.<\/p>\n\n\n\n<hr class=\"wp-block-separator has-alpha-channel-opacity\"\/>\n\n\n\n<h3 class=\"wp-block-heading\">3. Formarsi continuamente<\/h3>\n\n\n\n<p>La fede non si impara solo durante l\u2019infanzia.<\/p>\n\n\n\n<p>\u00c8 un cammino che dura tutta la vita.<\/p>\n\n\n\n<p>Oggi esistono molte opportunit\u00e0:<\/p>\n\n\n\n<ul class=\"wp-block-list\">\n<li>corsi di teologia per laici<\/li>\n\n\n\n<li>libri spirituali<\/li>\n\n\n\n<li>conferenze<\/li>\n\n\n\n<li>programmi di formazione parrocchiale<\/li>\n<\/ul>\n\n\n\n<p>La fede matura quando viene coltivata.<\/p>\n\n\n\n<hr class=\"wp-block-separator has-alpha-channel-opacity\"\/>\n\n\n\n<h3 class=\"wp-block-heading\">4. Insegnare la fede in casa<\/h3>\n\n\n\n<p>I genitori possono fare molto con gesti semplici:<\/p>\n\n\n\n<ul class=\"wp-block-list\">\n<li>pregare insieme<\/li>\n\n\n\n<li>leggere il Vangelo<\/li>\n\n\n\n<li>spiegare le feste liturgiche<\/li>\n\n\n\n<li>parlare di Dio con naturalezza<\/li>\n<\/ul>\n\n\n\n<p>Questi piccoli atti costruiscono una base spirituale solida.<\/p>\n\n\n\n<hr class=\"wp-block-separator has-alpha-channel-opacity\"\/>\n\n\n\n<h3 class=\"wp-block-heading\">5. Vivere ci\u00f2 che si apprende<\/h3>\n\n\n\n<p>La conoscenza della fede non \u00e8 solo intellettuale.<\/p>\n\n\n\n<p>Deve diventare vita.<\/p>\n\n\n\n<p>Ges\u00f9 lo espresse chiaramente:<\/p>\n\n\n\n<blockquote class=\"wp-block-quote is-layout-flow wp-block-quote-is-layout-flow\">\n<p><strong>\u201cChi ascolta queste mie parole e le mette in pratica \u00e8 simile a un uomo saggio che ha costruito la sua casa sulla roccia.\u201d<\/strong><br>\u2014 (Gospel of Matthew 7,24)<\/p>\n<\/blockquote>\n\n\n\n<p>La vera catechesi forma <strong>discepoli<\/strong>, non solo studenti.<\/p>\n\n\n\n<hr class=\"wp-block-separator has-alpha-channel-opacity\"\/>\n\n\n\n<h2 class=\"wp-block-heading\">Un richiamo urgente per i nostri tempi<\/h2>\n\n\n\n<p>Il messaggio di <em>Acerbo Nimis<\/em> \u00e8 straordinariamente attuale.<\/p>\n\n\n\n<p>In un mondo pieno di rumore, opinioni e relativismo, la Chiesa continua a ricordare qualcosa di essenziale:<\/p>\n\n\n\n<p><strong>la fede deve essere conosciuta per poter essere vissuta e trasmessa<\/strong>.<\/p>\n\n\n\n<p>La religiosit\u00e0 superficiale non basta.<\/p>\n\n\n\n<p>Dio ci invita a una relazione profonda, consapevole e matura.<\/p>\n\n\n\n<p>San Pio X aveva compreso che <strong>il rinnovamento della Chiesa comincia con la formazione dei fedeli<\/strong>.<\/p>\n\n\n\n<p>Quando i cristiani conoscono davvero la loro fede:<\/p>\n\n\n\n<ul class=\"wp-block-list\">\n<li>amano Dio pi\u00f9 profondamente<\/li>\n\n\n\n<li>vivono con maggiore coerenza<\/li>\n\n\n\n<li>trasmettono la fede con gioia<\/li>\n\n\n\n<li>diventano luce per il mondo<\/li>\n<\/ul>\n\n\n\n<p>E cos\u00ec la Chiesa compie la sua missione.<\/p>\n\n\n\n<hr class=\"wp-block-separator has-alpha-channel-opacity\"\/>\n\n\n\n<h2 class=\"wp-block-heading\">Conclusione: tornare a conoscere Dio<\/h2>\n\n\n\n<p>L\u2019enciclica <em>Acerbo Nimis<\/em> non \u00e8 un documento pessimista.<\/p>\n\n\n\n<p>\u00c8 <strong>un invito a svegliarsi<\/strong>.<\/p>\n\n\n\n<p>Dio desidera essere conosciuto.<\/p>\n\n\n\n<p>Desidera essere amato.<\/p>\n\n\n\n<p>Desidera che la sua verit\u00e0 illumini la nostra vita.<\/p>\n\n\n\n<p>L\u2019ignoranza spirituale non \u00e8 inevitabile. Pu\u00f2 essere superata con umilt\u00e0, studio, preghiera e sincero desiderio di cercare la verit\u00e0.<\/p>\n\n\n\n<p>Perch\u00e9, in fondo, conoscere la fede non significa solo apprendere idee.<\/p>\n\n\n\n<p>Significa <strong>scoprire Colui che d\u00e0 senso a tutta la vita<\/strong>.<\/p>\n\n\n\n<p>E come ci ricorda il Vangelo:<\/p>\n\n\n\n<blockquote class=\"wp-block-quote is-layout-flow wp-block-quote-is-layout-flow\">\n<p><strong>\u201cQuesta \u00e8 la vita eterna: che conoscano te, l\u2019unico vero Dio, e Ges\u00f9 Cristo, che hai mandato.\u201d<\/strong><br>\u2014 (Gospel of John 17,3)<\/p>\n<\/blockquote>\n\n\n\n<p>Conoscere Dio\u2026<br>per amarlo.<\/p>\n\n\n\n<p>Amarlo\u2026<br>per vivere pienamente.<\/p>\n\n\n\n<p>Questo era il desiderio di San Pio X.<br>E resta la missione della Chiesa oggi.<\/p>\n","protected":false},"excerpt":{"rendered":"<p>Nella storia della Chiesa ci sono documenti nati per rispondere a problemi concreti di un\u2019epoca\u2026 ma che finiscono per risultare straordinariamente attuali per le generazioni future. Uno di questi \u00e8 Acerbo Nimis, l\u2019enciclica pubblicata nel 1905 da Pope Pius X, un Papa profondamente preoccupato per lo stato spirituale del popolo cristiano. Il titolo latino \u201cAcerbo &hellip;<\/p>\n","protected":false},"author":3,"featured_media":5262,"comment_status":"closed","ping_status":"closed","sticky":false,"template":"","format":"standard","meta":{"_seopress_robots_primary_cat":"","_seopress_titles_title":"","_seopress_titles_desc":"","_seopress_robots_index":"","footnotes":""},"categories":[51,38],"tags":[1914],"class_list":["post-5261","post","type-post","status-publish","format-standard","has-post-thumbnail","","category-magistero-della-chiesa","category-storia-e-tradizione","tag-acerbo-nimis"],"_links":{"self":[{"href":"https:\/\/catholicus.eu\/it\/wp-json\/wp\/v2\/posts\/5261","targetHints":{"allow":["GET"]}}],"collection":[{"href":"https:\/\/catholicus.eu\/it\/wp-json\/wp\/v2\/posts"}],"about":[{"href":"https:\/\/catholicus.eu\/it\/wp-json\/wp\/v2\/types\/post"}],"author":[{"embeddable":true,"href":"https:\/\/catholicus.eu\/it\/wp-json\/wp\/v2\/users\/3"}],"replies":[{"embeddable":true,"href":"https:\/\/catholicus.eu\/it\/wp-json\/wp\/v2\/comments?post=5261"}],"version-history":[{"count":1,"href":"https:\/\/catholicus.eu\/it\/wp-json\/wp\/v2\/posts\/5261\/revisions"}],"predecessor-version":[{"id":5263,"href":"https:\/\/catholicus.eu\/it\/wp-json\/wp\/v2\/posts\/5261\/revisions\/5263"}],"wp:featuredmedia":[{"embeddable":true,"href":"https:\/\/catholicus.eu\/it\/wp-json\/wp\/v2\/media\/5262"}],"wp:attachment":[{"href":"https:\/\/catholicus.eu\/it\/wp-json\/wp\/v2\/media?parent=5261"}],"wp:term":[{"taxonomy":"category","embeddable":true,"href":"https:\/\/catholicus.eu\/it\/wp-json\/wp\/v2\/categories?post=5261"},{"taxonomy":"post_tag","embeddable":true,"href":"https:\/\/catholicus.eu\/it\/wp-json\/wp\/v2\/tags?post=5261"}],"curies":[{"name":"wp","href":"https:\/\/api.w.org\/{rel}","templated":true}]}}