{"id":5258,"date":"2026-03-11T20:45:54","date_gmt":"2026-03-11T19:45:54","guid":{"rendered":"https:\/\/catholicus.eu\/it\/?p=5258"},"modified":"2026-03-11T20:45:54","modified_gmt":"2026-03-11T19:45:54","slug":"aeterni-patris-lenciclica-che-voleva-restituire-lintelligenza-alla-fede-e-di-cui-abbiamo-piu-che-mai-bisogno-oggi","status":"publish","type":"post","link":"https:\/\/catholicus.eu\/it\/aeterni-patris-lenciclica-che-voleva-restituire-lintelligenza-alla-fede-e-di-cui-abbiamo-piu-che-mai-bisogno-oggi\/","title":{"rendered":"Aeterni Patris: L\u2019Enciclica che voleva Restituire l\u2019Intelligenza alla Fede (e di cui abbiamo pi\u00f9 che mai bisogno oggi)"},"content":{"rendered":"\n<p>In un\u2019epoca di confusione intellettuale, relativismo morale e superficialit\u00e0 spirituale, la Chiesa ci ricorda una verit\u00e0 fondamentale: <strong>fede e ragione non sono nemiche<\/strong>.<\/p>\n\n\n\n<p>Al contrario, <strong>la ragione \u00e8 un\u2019alleata della fede<\/strong>, e quando entrambe camminano insieme, l\u2019essere umano trova la verit\u00e0.<\/p>\n\n\n\n<p>Questa convinzione fu proclamata con forza da Papa Leone XIII nel <strong>1879<\/strong>, quando pubblic\u00f2 una delle encicliche pi\u00f9 influenti dal punto di vista intellettuale nella storia della Chiesa: <strong>Aeterni Patris<\/strong>.<\/p>\n\n\n\n<p>Questo documento non trattava principalmente di politica o questioni sociali immediate.<br>Il suo obiettivo era <strong>molto pi\u00f9 profondo<\/strong>: riportare la filosofia cristiana al cuore del pensiero cattolico.<\/p>\n\n\n\n<p>In particolare, il Papa proponeva di <strong>tornare allo studio e all\u2019insegnamento del pensiero di Tommaso d&#8217;Aquino<\/strong>, il grande maestro medievale la cui sintesi tra fede e ragione rimane una delle massime realizzazioni del pensiero umano.<\/p>\n\n\n\n<p>Ma <strong>Aeterni Patris non \u00e8 solo un testo per teologi o professori<\/strong>.<br>In realt\u00e0, \u00e8 <strong>una guida intellettuale e spirituale per ogni cristiano che voglia vivere la propria fede in profondit\u00e0 in un mondo pieno di confusione<\/strong>.<\/p>\n\n\n\n<p>Vediamo perch\u00e9.<\/p>\n\n\n\n<hr class=\"wp-block-separator has-alpha-channel-opacity\"\/>\n\n\n\n<h1 class=\"wp-block-heading\">1. Un mondo in crisi intellettuale\u2026 molto simile al nostro<\/h1>\n\n\n\n<p>Per comprendere questa enciclica, dobbiamo collocarla nel suo contesto storico.<\/p>\n\n\n\n<p>Il XIX secolo fu un\u2019epoca di <strong>grandi sconvolgimenti ideologici<\/strong>.<\/p>\n\n\n\n<p>L\u2019Europa era segnata da correnti filosofiche come:<\/p>\n\n\n\n<ul class=\"wp-block-list\">\n<li><strong>razionalismo<\/strong><\/li>\n\n\n\n<li><strong>positivismo<\/strong><\/li>\n\n\n\n<li><strong>materialismo<\/strong><\/li>\n\n\n\n<li><strong>liberalismo radicale<\/strong><\/li>\n\n\n\n<li><strong>ateismo filosofico<\/strong><\/li>\n<\/ul>\n\n\n\n<p>Molti intellettuali affermavano che <strong>la fede fosse solo un residuo del passato<\/strong>, e che il progresso scientifico avrebbe infine sostituito la religione.<\/p>\n\n\n\n<p>La Chiesa osservava con preoccupazione che <strong>molti cattolici non possedevano una solida formazione intellettuale<\/strong> per rispondere a queste correnti.<\/p>\n\n\n\n<p>Per questo motivo, Leone XIII decise di agire.<\/p>\n\n\n\n<p>Non lo fece con semplici condanne.<\/p>\n\n\n\n<p>Fece qualcosa di molto pi\u00f9 audace:<\/p>\n\n\n\n<p><strong>propose di riscoprire la grande tradizione filosofica cristiana.<\/strong><\/p>\n\n\n\n<hr class=\"wp-block-separator has-alpha-channel-opacity\"\/>\n\n\n\n<h1 class=\"wp-block-heading\">2. Cosa significa realmente \u201cAeterni Patris\u201d?<\/h1>\n\n\n\n<p>Il titolo deriva dalle prime parole latine del documento:<\/p>\n\n\n\n<p><strong>\u201cAeterni Patris Filius\u2026\u201d<\/strong><\/p>\n\n\n\n<p>Che significa:<\/p>\n\n\n\n<p><strong>\u201cIl Figlio del Padre Eterno\u2026\u201d<\/strong><\/p>\n\n\n\n<p>Fin dall\u2019inizio, l\u2019enciclica stabilisce un\u2019idea fondamentale:<\/p>\n\n\n\n<p><strong>Cristo \u00e8 la fonte di ogni verit\u00e0.<\/strong><\/p>\n\n\n\n<p>Pertanto:<\/p>\n\n\n\n<ul class=\"wp-block-list\">\n<li>la verit\u00e0 rivelata<\/li>\n\n\n\n<li>la verit\u00e0 filosofica<\/li>\n\n\n\n<li>la verit\u00e0 morale<\/li>\n<\/ul>\n\n\n\n<p>non possono contraddirsi.<\/p>\n\n\n\n<p>Perch\u00e9 <strong>tutta la verit\u00e0 proviene da Dio<\/strong>.<\/p>\n\n\n\n<p>Le Sacre Scritture lo esprimono chiaramente:<\/p>\n\n\n\n<blockquote class=\"wp-block-quote is-layout-flow wp-block-quote-is-layout-flow\">\n<p>\u201cConoscerete la verit\u00e0 e la verit\u00e0 vi far\u00e0 liberi.\u201d<br>\u2014 (Giovanni 8,32)<\/p>\n<\/blockquote>\n\n\n\n<hr class=\"wp-block-separator has-alpha-channel-opacity\"\/>\n\n\n\n<h1 class=\"wp-block-heading\">3. Il grande problema: una fede senza intelligenza<\/h1>\n\n\n\n<p>Il Papa individu\u00f2 un problema serio all\u2019interno della Chiesa.<\/p>\n\n\n\n<p>Molti credenti avevano <strong>buona volont\u00e0<\/strong>, ma <strong>poca formazione intellettuale<\/strong>.<\/p>\n\n\n\n<p>Questo comportava due pericoli:<\/p>\n\n\n\n<h3 class=\"wp-block-heading\">1\ufe0f\u20e3 Una fede sentimentale<\/h3>\n\n\n\n<p>Basata esclusivamente sulle emozioni.<\/p>\n\n\n\n<h3 class=\"wp-block-heading\">2\ufe0f\u20e3 Una fede debole<\/h3>\n\n\n\n<p>Incapace di rispondere alle obiezioni del mondo moderno.<\/p>\n\n\n\n<p>Per questo <strong>Aeterni Patris<\/strong> insiste su qualcosa di molto importante:<\/p>\n\n\n\n<p><strong>la fede deve essere pensata.<\/strong><\/p>\n\n\n\n<p>Non basta sentire.<\/p>\n\n\n\n<p>Occorre <strong>comprendere<\/strong>.<\/p>\n\n\n\n<p>Come scrisse lo stesso Papa:<\/p>\n\n\n\n<blockquote class=\"wp-block-quote is-layout-flow wp-block-quote-is-layout-flow\">\n<p>\u201cLa filosofia, quando \u00e8 coltivata correttamente, prepara la via alla fede.\u201d<\/p>\n<\/blockquote>\n\n\n\n<hr class=\"wp-block-separator has-alpha-channel-opacity\"\/>\n\n\n\n<h1 class=\"wp-block-heading\">4. La proposta del Papa: tornare a Tommaso d\u2019Aquino<\/h1>\n\n\n\n<p>Il cuore dell\u2019enciclica \u00e8 l\u2019invito a riscoprire il pensiero di Tommaso d&#8217;Aquino.<\/p>\n\n\n\n<p>Perch\u00e9 lui?<\/p>\n\n\n\n<p>Perch\u00e9 raggiunse qualcosa di straordinario:<\/p>\n\n\n\n<p><strong>un\u00ec fede e ragione senza confonderle n\u00e9 separarle.<\/strong><\/p>\n\n\n\n<p>La sua opera monumentale, la Summa Theologiae, \u00e8 una sintesi impressionante di:<\/p>\n\n\n\n<ul class=\"wp-block-list\">\n<li>filosofia<\/li>\n\n\n\n<li>teologia<\/li>\n\n\n\n<li>morale<\/li>\n\n\n\n<li>antropologia<\/li>\n\n\n\n<li>metafisica<\/li>\n<\/ul>\n\n\n\n<p>Per Tommaso d\u2019Aquino:<\/p>\n\n\n\n<ul class=\"wp-block-list\">\n<li>la ragione pu\u00f2 scoprire molte verit\u00e0 su Dio<\/li>\n\n\n\n<li>la rivelazione completa ci\u00f2 che la ragione non pu\u00f2 raggiungere da sola<\/li>\n<\/ul>\n\n\n\n<p>Non c\u2019\u00e8 opposizione.<\/p>\n\n\n\n<p>C\u2019\u00e8 <strong>armonia<\/strong>.<\/p>\n\n\n\n<hr class=\"wp-block-separator has-alpha-channel-opacity\"\/>\n\n\n\n<h1 class=\"wp-block-heading\">5. Fede e ragione: due ali per elevarsi verso la verit\u00e0<\/h1>\n\n\n\n<p>Una delle idee centrali della tradizione tomista \u00e8 la seguente:<\/p>\n\n\n\n<p><strong>fede e ragione si necessitano a vicenda.<\/strong><\/p>\n\n\n\n<p>La ragione senza fede pu\u00f2 cadere in:<\/p>\n\n\n\n<ul class=\"wp-block-list\">\n<li>relativismo<\/li>\n\n\n\n<li>nichilismo<\/li>\n\n\n\n<li>materialismo<\/li>\n<\/ul>\n\n\n\n<p>La fede senza ragione pu\u00f2 cadere in:<\/p>\n\n\n\n<ul class=\"wp-block-list\">\n<li>superstizione<\/li>\n\n\n\n<li>sentimentalismo<\/li>\n\n\n\n<li>fanatismo<\/li>\n<\/ul>\n\n\n\n<p>Quando entrambe sono unite, l\u2019essere umano <strong>raggiunge la pienezza della verit\u00e0<\/strong>.<\/p>\n\n\n\n<p>Le Scritture lo esprimono magnificamente:<\/p>\n\n\n\n<blockquote class=\"wp-block-quote is-layout-flow wp-block-quote-is-layout-flow\">\n<p>\u201cAmerai il Signore Dio tuo con tutto il cuore, con tutta l\u2019anima e con tutta la mente.\u201d<br>\u2014 (Matteo 22,37)<\/p>\n<\/blockquote>\n\n\n\n<p>Dio desidera anche <strong>la nostra intelligenza<\/strong>.<\/p>\n\n\n\n<hr class=\"wp-block-separator has-alpha-channel-opacity\"\/>\n\n\n\n<h1 class=\"wp-block-heading\">6. La rivoluzione silenziosa provocata dall\u2019enciclica<\/h1>\n\n\n\n<p>Dopo la pubblicazione di <strong>Aeterni Patris<\/strong>, accadde qualcosa di straordinario.<\/p>\n\n\n\n<p>In tutto il mondo cattolico nacque un grande movimento intellettuale:<\/p>\n\n\n\n<p><strong>il rinascimento tomista.<\/strong><\/p>\n\n\n\n<p>Universit\u00e0, seminari e centri di studio ricominciarono a studiare le opere di Tommaso d&#8217;Aquino.<\/p>\n\n\n\n<p>Sorsero:<\/p>\n\n\n\n<ul class=\"wp-block-list\">\n<li>accademie tomiste<\/li>\n\n\n\n<li>riviste filosofiche<\/li>\n\n\n\n<li>scuole teologiche<\/li>\n<\/ul>\n\n\n\n<p>Questo movimento influenz\u00f2 profondamente il pensiero cattolico del XX secolo.<\/p>\n\n\n\n<p>Perfino grandi teologi moderni come:<\/p>\n\n\n\n<ul class=\"wp-block-list\">\n<li>Jacques Maritain<\/li>\n\n\n\n<li>\u00c9tienne Gilson<\/li>\n<\/ul>\n\n\n\n<p>furono ispirati da questo rinnovamento.<\/p>\n\n\n\n<hr class=\"wp-block-separator has-alpha-channel-opacity\"\/>\n\n\n\n<h1 class=\"wp-block-heading\">7. Perch\u00e9 questa enciclica \u00e8 pi\u00f9 attuale che mai<\/h1>\n\n\n\n<p>Sebbene scritta nel 1879, <strong>il suo messaggio sembra rivolgersi al XXI secolo<\/strong>.<\/p>\n\n\n\n<p>Oggi viviamo un\u2019altra crisi intellettuale.<\/p>\n\n\n\n<p>Molti problemi attuali hanno radici filosofiche:<\/p>\n\n\n\n<ul class=\"wp-block-list\">\n<li>relativismo morale<\/li>\n\n\n\n<li>ideologie identitarie<\/li>\n\n\n\n<li>materialismo culturale<\/li>\n\n\n\n<li>perdita del senso della verit\u00e0<\/li>\n<\/ul>\n\n\n\n<p>Viviamo in un\u2019epoca in cui si ripete costantemente:<\/p>\n\n\n\n<p><strong>\u201cOgnuno ha la propria verit\u00e0.\u201d<\/strong><\/p>\n\n\n\n<p>Ma la fede cristiana afferma qualcosa di radicalmente diverso:<\/p>\n\n\n\n<p><strong>la verit\u00e0 esiste.<\/strong><\/p>\n\n\n\n<p>E quella verit\u00e0 ha un volto.<\/p>\n\n\n\n<p>Quel volto \u00e8 <strong>Ges\u00f9 Cristo<\/strong>.<\/p>\n\n\n\n<p>Come Egli stesso disse:<\/p>\n\n\n\n<blockquote class=\"wp-block-quote is-layout-flow wp-block-quote-is-layout-flow\">\n<p>\u201cIo sono la via, la verit\u00e0 e la vita.\u201d<br>\u2014 (Giovanni 14,6)<\/p>\n<\/blockquote>\n\n\n\n<hr class=\"wp-block-separator has-alpha-channel-opacity\"\/>\n\n\n\n<h1 class=\"wp-block-heading\">8. Applicazioni pratiche per la vita cristiana<\/h1>\n\n\n\n<p>L\u2019enciclica non \u00e8 solo un trattato filosofico.<\/p>\n\n\n\n<p>Offre anche <strong>indicazioni molto concrete per la vita spirituale<\/strong>.<\/p>\n\n\n\n<h2 class=\"wp-block-heading\">1\ufe0f\u20e3 Formare l\u2019intelligenza<\/h2>\n\n\n\n<p>Un cattolico non deve accontentarsi di una fede superficiale.<\/p>\n\n\n\n<p>\u00c8 necessario:<\/p>\n\n\n\n<ul class=\"wp-block-list\">\n<li>leggere<\/li>\n\n\n\n<li>studiare<\/li>\n\n\n\n<li>formarsi<\/li>\n\n\n\n<li>approfondire la dottrina<\/li>\n<\/ul>\n\n\n\n<p>L\u2019ignoranza religiosa \u00e8 una delle cause principali della crisi della fede.<\/p>\n\n\n\n<hr class=\"wp-block-separator has-alpha-channel-opacity\"\/>\n\n\n\n<h2 class=\"wp-block-heading\">2\ufe0f\u20e3 Non avere paura delle domande<\/h2>\n\n\n\n<p>La fede autentica <strong>non teme le domande<\/strong>.<\/p>\n\n\n\n<p>Perch\u00e9 la verit\u00e0 non pu\u00f2 contraddirsi.<\/p>\n\n\n\n<p>Quando una domanda sembra sfidare la fede, pu\u00f2 diventare <strong>un\u2019opportunit\u00e0 per comprendere meglio Dio<\/strong>.<\/p>\n\n\n\n<hr class=\"wp-block-separator has-alpha-channel-opacity\"\/>\n\n\n\n<h2 class=\"wp-block-heading\">3\ufe0f\u20e3 Cercare sempre la verit\u00e0<\/h2>\n\n\n\n<p>La cultura odierna cerca spesso <strong>ci\u00f2 che \u00e8 comodo o popolare<\/strong>.<\/p>\n\n\n\n<p>Ma il cristiano cerca <strong>la verit\u00e0<\/strong>.<\/p>\n\n\n\n<p>Anche se \u00e8 esigente.<\/p>\n\n\n\n<hr class=\"wp-block-separator has-alpha-channel-opacity\"\/>\n\n\n\n<h2 class=\"wp-block-heading\">4\ufe0f\u20e3 Evangelizzare anche con l\u2019intelligenza<\/h2>\n\n\n\n<p>Non basta dire:<\/p>\n\n\n\n<p>\u201cIo credo.\u201d<\/p>\n\n\n\n<p>Il mondo ha bisogno anche <strong>di ragioni per credere<\/strong>.<\/p>\n\n\n\n<p>L\u2019evangelizzazione passa anche per:<\/p>\n\n\n\n<ul class=\"wp-block-list\">\n<li>il pensiero<\/li>\n\n\n\n<li>il dialogo<\/li>\n\n\n\n<li>l\u2019argomentazione<\/li>\n<\/ul>\n\n\n\n<p>La Chiesa \u00e8 sempre stata <strong>amica della ragione<\/strong>.<\/p>\n\n\n\n<hr class=\"wp-block-separator has-alpha-channel-opacity\"\/>\n\n\n\n<h1 class=\"wp-block-heading\">9. Il grande messaggio spirituale di Aeterni Patris<\/h1>\n\n\n\n<p>Nel profondo, questa enciclica ci ricorda qualcosa di profondamente cristiano:<\/p>\n\n\n\n<p><strong>Dio non vuole solo il tuo cuore.<br>Vuole anche la tua intelligenza.<\/strong><\/p>\n\n\n\n<p>Credere non significa smettere di pensare.<\/p>\n\n\n\n<p>Significa <strong>pensare pi\u00f9 profondamente<\/strong>.<\/p>\n\n\n\n<p>Perch\u00e9 ogni verit\u00e0 autentica conduce infine a Dio.<\/p>\n\n\n\n<p>Come scrisse Tommaso d&#8217;Aquino:<\/p>\n\n\n\n<blockquote class=\"wp-block-quote is-layout-flow wp-block-quote-is-layout-flow\">\n<p>\u201cOgni verit\u00e0, chiunque la dica, viene dallo Spirito Santo.\u201d<\/p>\n<\/blockquote>\n\n\n\n<hr class=\"wp-block-separator has-alpha-channel-opacity\"\/>\n\n\n\n<h1 class=\"wp-block-heading\">10. Un invito per i nostri tempi<\/h1>\n\n\n\n<p>In una cultura dominata dalla superficialit\u00e0, <strong>Aeterni Patris \u00e8 un richiamo a riscoprire la profondit\u00e0<\/strong>.<\/p>\n\n\n\n<p>Ci ricorda che il cristianesimo non \u00e8 semplicemente un\u2019ideologia.<\/p>\n\n\n\n<p>\u00c8 <strong>la verit\u00e0 su Dio, sull\u2019uomo e sul senso della vita<\/strong>.<\/p>\n\n\n\n<p>Per questo oggi pi\u00f9 che mai, i cristiani hanno bisogno di:<\/p>\n\n\n\n<ul class=\"wp-block-list\">\n<li>fede profonda<\/li>\n\n\n\n<li>mente formata<\/li>\n\n\n\n<li>amore per la verit\u00e0<\/li>\n<\/ul>\n\n\n\n<p>Perch\u00e9 quando fede e ragione si abbracciano, accade qualcosa di straordinario:<\/p>\n\n\n\n<p><strong>la mente si illumina<br>e il cuore trova Dio.<\/strong><\/p>\n\n\n\n<hr class=\"wp-block-separator has-alpha-channel-opacity\"\/>\n\n\n\n<p>\u2705 <strong>In definitiva:<\/strong><br>L\u2019enciclica <strong>Aeterni Patris<\/strong> non \u00e8 solo un documento del XIX secolo.<\/p>\n\n\n\n<p>\u00c8 <strong>una bussola per il cristiano del XXI secolo<\/strong>.<\/p>\n\n\n\n<p>Un invito a riscoprire che <strong>la fede non spegne la ragione\u2026<\/strong><\/p>\n\n\n\n<p><strong>la eleva.<\/strong><\/p>\n","protected":false},"excerpt":{"rendered":"<p>In un\u2019epoca di confusione intellettuale, relativismo morale e superficialit\u00e0 spirituale, la Chiesa ci ricorda una verit\u00e0 fondamentale: fede e ragione non sono nemiche. Al contrario, la ragione \u00e8 un\u2019alleata della fede, e quando entrambe camminano insieme, l\u2019essere umano trova la verit\u00e0. Questa convinzione fu proclamata con forza da Papa Leone XIII nel 1879, quando pubblic\u00f2 &hellip;<\/p>\n","protected":false},"author":3,"featured_media":5259,"comment_status":"closed","ping_status":"closed","sticky":false,"template":"","format":"standard","meta":{"_seopress_robots_primary_cat":"","_seopress_titles_title":"","_seopress_titles_desc":"","_seopress_robots_index":"","footnotes":""},"categories":[51,38],"tags":[1913],"class_list":["post-5258","post","type-post","status-publish","format-standard","has-post-thumbnail","","category-magistero-della-chiesa","category-storia-e-tradizione","tag-aeterni-patris"],"_links":{"self":[{"href":"https:\/\/catholicus.eu\/it\/wp-json\/wp\/v2\/posts\/5258","targetHints":{"allow":["GET"]}}],"collection":[{"href":"https:\/\/catholicus.eu\/it\/wp-json\/wp\/v2\/posts"}],"about":[{"href":"https:\/\/catholicus.eu\/it\/wp-json\/wp\/v2\/types\/post"}],"author":[{"embeddable":true,"href":"https:\/\/catholicus.eu\/it\/wp-json\/wp\/v2\/users\/3"}],"replies":[{"embeddable":true,"href":"https:\/\/catholicus.eu\/it\/wp-json\/wp\/v2\/comments?post=5258"}],"version-history":[{"count":1,"href":"https:\/\/catholicus.eu\/it\/wp-json\/wp\/v2\/posts\/5258\/revisions"}],"predecessor-version":[{"id":5260,"href":"https:\/\/catholicus.eu\/it\/wp-json\/wp\/v2\/posts\/5258\/revisions\/5260"}],"wp:featuredmedia":[{"embeddable":true,"href":"https:\/\/catholicus.eu\/it\/wp-json\/wp\/v2\/media\/5259"}],"wp:attachment":[{"href":"https:\/\/catholicus.eu\/it\/wp-json\/wp\/v2\/media?parent=5258"}],"wp:term":[{"taxonomy":"category","embeddable":true,"href":"https:\/\/catholicus.eu\/it\/wp-json\/wp\/v2\/categories?post=5258"},{"taxonomy":"post_tag","embeddable":true,"href":"https:\/\/catholicus.eu\/it\/wp-json\/wp\/v2\/tags?post=5258"}],"curies":[{"name":"wp","href":"https:\/\/api.w.org\/{rel}","templated":true}]}}