{"id":5255,"date":"2026-03-11T20:11:20","date_gmt":"2026-03-11T19:11:20","guid":{"rendered":"https:\/\/catholicus.eu\/it\/?p=5255"},"modified":"2026-03-11T20:11:20","modified_gmt":"2026-03-11T19:11:20","slug":"timoteo-il-giovane-discepolo-che-custodi-la-fede-quando-il-mondo-sembrava-crollare","status":"publish","type":"post","link":"https:\/\/catholicus.eu\/it\/timoteo-il-giovane-discepolo-che-custodi-la-fede-quando-il-mondo-sembrava-crollare\/","title":{"rendered":"Timoteo: il giovane discepolo che custod\u00ec la fede quando il mondo sembrava crollare"},"content":{"rendered":"\n<p>Nella storia del cristianesimo ci sono nomi che risuonano con grande forza: Pietro, Paolo, Giovanni\u2026 giganti spirituali che fondarono comunit\u00e0 e versarono il loro sangue per Cristo.<\/p>\n\n\n\n<p>Ma accanto a loro appare una figura pi\u00f9 silenziosa, pi\u00f9 discreta\u2026 e tuttavia assolutamente fondamentale.<\/p>\n\n\n\n<p>Quest\u2019uomo fu <strong>Timoteo<\/strong>.<\/p>\n\n\n\n<p>Un giovane cristiano che ricevette la fiducia di uno dei pi\u00f9 grandi apostoli della Chiesa e che alla fine divenne <strong>pastore, vescovo, missionario e modello di fedelt\u00e0<\/strong>.<\/p>\n\n\n\n<p>Le sue due lettere nel <strong>Prima Lettera a Timoteo<\/strong> e nella <strong>Seconda Lettera a Timoteo<\/strong> fanno parte di ci\u00f2 che la tradizione chiama <strong>Lettere Pastorali<\/strong>, testi profondamente pratici nei quali <strong>San Paolo<\/strong> insegna come governare la Chiesa, difendere la fede e vivere il ministero in tempi difficili.<\/p>\n\n\n\n<p>E ci\u00f2 che sorprende \u00e8 che, duemila anni dopo, <strong>i loro insegnamenti sembrano scritti per il nostro tempo<\/strong>.<\/p>\n\n\n\n<p>Anche noi viviamo in un\u2019epoca di confusione dottrinale, crisi morale e cristiani che hanno bisogno di tornare all\u2019essenziale.<\/p>\n\n\n\n<p>Per questo conoscere Timoteo \u00e8 molto pi\u00f9 che studiare un personaggio biblico.<\/p>\n\n\n\n<p>Significa scoprire <strong>come vivere la fede quando il mondo cambia rapidamente<\/strong>.<\/p>\n\n\n\n<hr class=\"wp-block-separator has-alpha-channel-opacity\"\/>\n\n\n\n<h1 class=\"wp-block-heading\">1. Chi era Timoteo? Il giovane discepolo che conquist\u00f2 il cuore di Paolo<\/h1>\n\n\n\n<p>Timoteo appare per la prima volta negli <strong>Atti degli Apostoli<\/strong>.<\/p>\n\n\n\n<p>Era originario di <strong>Listra<\/strong>, una citt\u00e0 dell\u2019Asia Minore (nell\u2019attuale Turchia).<\/p>\n\n\n\n<p>La sua storia familiare \u00e8 affascinante:<\/p>\n\n\n\n<ul class=\"wp-block-list\">\n<li>Sua <strong>madre Eunice<\/strong> era una giudea cristiana.<\/li>\n\n\n\n<li>Sua <strong>nonna Loide<\/strong> era anch\u2019essa credente.<\/li>\n\n\n\n<li>Suo <strong>padre era greco<\/strong>.<\/li>\n<\/ul>\n\n\n\n<p>Questo significa che Timoteo crebbe <strong>tra due culture: quella ebraica e quella pagana<\/strong>.<\/p>\n\n\n\n<p>Ma ci\u00f2 che realmente defin\u00ec la sua vita fu la fede ricevuta in famiglia.<\/p>\n\n\n\n<p>Paolo lo ricorder\u00e0 con affetto:<\/p>\n\n\n\n<blockquote class=\"wp-block-quote is-layout-flow wp-block-quote-is-layout-flow\">\n<p>\u00abRicordo la fede sincera che \u00e8 in te, quella che abit\u00f2 prima in tua nonna Loide e in tua madre Eunice.\u00bb<br>(2 Tm 1,5)<\/p>\n<\/blockquote>\n\n\n\n<p>Qui appare un insegnamento fondamentale:<\/p>\n\n\n\n<p><strong>la fede si trasmette nella famiglia.<\/strong><\/p>\n\n\n\n<p>Molti santi sono nati perch\u00e9 qualcuno in casa <strong>pregava per loro<\/strong>.<\/p>\n\n\n\n<hr class=\"wp-block-separator has-alpha-channel-opacity\"\/>\n\n\n\n<h1 class=\"wp-block-heading\">2. L\u2019incontro che cambi\u00f2 la sua vita<\/h1>\n\n\n\n<p>Quando <strong>San Paolo<\/strong> arriv\u00f2 a Listra durante il suo secondo viaggio missionario, trov\u00f2 in Timoteo qualcosa di speciale.<\/p>\n\n\n\n<p>Il testo biblico dice che <strong>i fratelli davano buona testimonianza di lui<\/strong>.<\/p>\n\n\n\n<p>Paolo vide in quel giovane qualcosa di pi\u00f9 dell\u2019entusiasmo.<\/p>\n\n\n\n<p>Vide <strong>una vocazione<\/strong>.<\/p>\n\n\n\n<p>Per questo lo prese come compagno di missione.<\/p>\n\n\n\n<p>Da quel momento Timoteo divenne:<\/p>\n\n\n\n<ul class=\"wp-block-list\">\n<li>discepolo<\/li>\n\n\n\n<li>collaboratore<\/li>\n\n\n\n<li>figlio spirituale di Paolo<\/li>\n<\/ul>\n\n\n\n<p>Infatti Paolo lo chiamer\u00e0 spesso:<\/p>\n\n\n\n<blockquote class=\"wp-block-quote is-layout-flow wp-block-quote-is-layout-flow\">\n<p>\u00abmio vero figlio nella fede\u00bb<br>(1 Tm 1,2)<\/p>\n<\/blockquote>\n\n\n\n<p>Il rapporto tra loro \u00e8 una delle <strong>pi\u00f9 belle amicizie spirituali del Nuovo Testamento<\/strong>.<\/p>\n\n\n\n<hr class=\"wp-block-separator has-alpha-channel-opacity\"\/>\n\n\n\n<h1 class=\"wp-block-heading\">3. Timoteo, il collaboratore pi\u00f9 vicino di Paolo<\/h1>\n\n\n\n<p>Timoteo accompagn\u00f2 Paolo in molte delle sue missioni:<\/p>\n\n\n\n<ul class=\"wp-block-list\">\n<li>in Macedonia<\/li>\n\n\n\n<li>a Corinto<\/li>\n\n\n\n<li>a Tessalonica<\/li>\n\n\n\n<li>a Efeso<\/li>\n<\/ul>\n\n\n\n<p>\u00c8 menzionato in diverse lettere apostoliche:<\/p>\n\n\n\n<ul class=\"wp-block-list\">\n<li><strong>Lettera ai Filippesi<\/strong><\/li>\n\n\n\n<li><strong>Prima Lettera ai Tessalonicesi<\/strong><\/li>\n\n\n\n<li><strong>Seconda Lettera ai Corinzi<\/strong><\/li>\n<\/ul>\n\n\n\n<p>Paolo lo invi\u00f2 persino come <strong>suo rappresentante<\/strong> presso comunit\u00e0 problematiche.<\/p>\n\n\n\n<p>Per esempio scrive ai Corinzi:<\/p>\n\n\n\n<blockquote class=\"wp-block-quote is-layout-flow wp-block-quote-is-layout-flow\">\n<p>\u00abVi ho mandato Timoteo, che \u00e8 mio figlio carissimo e fedele nel Signore.\u00bb<br>(1 Cor 4,17)<\/p>\n<\/blockquote>\n\n\n\n<p>Questo mostra qualcosa di importante:<\/p>\n\n\n\n<p>Timoteo <strong>non era semplicemente un assistente<\/strong>.<\/p>\n\n\n\n<p>Era <strong>un leader in formazione<\/strong>.<\/p>\n\n\n\n<hr class=\"wp-block-separator has-alpha-channel-opacity\"\/>\n\n\n\n<h1 class=\"wp-block-heading\">4. Timoteo, vescovo di Efeso<\/h1>\n\n\n\n<p>La tradizione della Chiesa afferma che Timoteo divenne infine <strong>vescovo di Efeso<\/strong>, una delle comunit\u00e0 cristiane pi\u00f9 importanti del primo secolo.<\/p>\n\n\n\n<p>Efeso era una citt\u00e0 complessa:<\/p>\n\n\n\n<ul class=\"wp-block-list\">\n<li>centro commerciale<\/li>\n\n\n\n<li>metropoli pagana<\/li>\n\n\n\n<li>piena di culti idolatrici<\/li>\n<\/ul>\n\n\n\n<p>L\u00ec si trovava il famoso tempio dedicato alla dea <strong>Artemide<\/strong>.<\/p>\n\n\n\n<p>Guidare una Chiesa in un ambiente simile non era facile.<\/p>\n\n\n\n<p>Per questo Paolo scrisse le sue <strong>lettere pastorali<\/strong> per aiutare Timoteo.<\/p>\n\n\n\n<hr class=\"wp-block-separator has-alpha-channel-opacity\"\/>\n\n\n\n<h1 class=\"wp-block-heading\">5. La Prima Lettera a Timoteo: come governare la Chiesa<\/h1>\n\n\n\n<p>La <strong>Prima Lettera a Timoteo<\/strong> \u00e8 uno dei testi pi\u00f9 importanti per comprendere la struttura della Chiesa primitiva.<\/p>\n\n\n\n<p>In essa Paolo affronta questioni molto concrete.<\/p>\n\n\n\n<h3 class=\"wp-block-heading\">1. Difendere la vera dottrina<\/h3>\n\n\n\n<p>Gi\u00e0 nel primo secolo esistevano <strong>falsi maestri<\/strong>.<\/p>\n\n\n\n<p>Paolo avverte:<\/p>\n\n\n\n<blockquote class=\"wp-block-quote is-layout-flow wp-block-quote-is-layout-flow\">\n<p>\u00abOrdina ad alcuni di non insegnare dottrine diverse.\u00bb<br>(1 Tm 1,3)<\/p>\n<\/blockquote>\n\n\n\n<p>Fin dall\u2019inizio la Chiesa dovette <strong>difendere la verit\u00e0 rivelata<\/strong>.<\/p>\n\n\n\n<p>Non tutto \u00e8 valido.<\/p>\n\n\n\n<p>Non ogni interpretazione \u00e8 accettabile.<\/p>\n\n\n\n<p>La fede cristiana possiede <strong>un contenuto oggettivo<\/strong>.<\/p>\n\n\n\n<hr class=\"wp-block-separator has-alpha-channel-opacity\"\/>\n\n\n\n<h3 class=\"wp-block-heading\">2. L\u2019importanza della preghiera<\/h3>\n\n\n\n<p>Paolo insiste perch\u00e9 la comunit\u00e0 preghi per tutti:<\/p>\n\n\n\n<blockquote class=\"wp-block-quote is-layout-flow wp-block-quote-is-layout-flow\">\n<p>\u00abRaccomando dunque, prima di tutto, che si facciano suppliche, preghiere, intercessioni e ringraziamenti per tutti gli uomini.\u00bb<br>(1 Tm 2,1)<\/p>\n<\/blockquote>\n\n\n\n<p>Questo mostra che la Chiesa ha una missione universale.<\/p>\n\n\n\n<p>La preghiera non \u00e8 solo un atto privato.<\/p>\n\n\n\n<p>\u00c8 <strong>intercessione per il mondo intero<\/strong>.<\/p>\n\n\n\n<hr class=\"wp-block-separator has-alpha-channel-opacity\"\/>\n\n\n\n<h3 class=\"wp-block-heading\">3. L\u2019organizzazione del ministero<\/h3>\n\n\n\n<p>Uno degli aspetti pi\u00f9 affascinanti di questa lettera \u00e8 la descrizione dei ministri della Chiesa.<\/p>\n\n\n\n<p>Paolo parla di:<\/p>\n\n\n\n<ul class=\"wp-block-list\">\n<li><strong>vescovi<\/strong><\/li>\n\n\n\n<li><strong>diaconi<\/strong><\/li>\n<\/ul>\n\n\n\n<p>E descrive le qualit\u00e0 che devono possedere.<\/p>\n\n\n\n<p>Per esempio:<\/p>\n\n\n\n<blockquote class=\"wp-block-quote is-layout-flow wp-block-quote-is-layout-flow\">\n<p>\u00abIl vescovo deve essere irreprensibile, sobrio, prudente, ospitale, capace di insegnare.\u00bb<br>(1 Tm 3,2)<\/p>\n<\/blockquote>\n\n\n\n<p>Questo dimostra che fin dall\u2019inizio la guida cristiana non era soltanto spirituale.<\/p>\n\n\n\n<p>Era anche <strong>morale e pastorale<\/strong>.<\/p>\n\n\n\n<hr class=\"wp-block-separator has-alpha-channel-opacity\"\/>\n\n\n\n<h1 class=\"wp-block-heading\">6. \u00abNessuno disprezzi la tua giovinezza\u00bb: il consiglio eterno di Paolo<\/h1>\n\n\n\n<p>Uno dei versetti pi\u00f9 famosi di questa lettera dice:<\/p>\n\n\n\n<blockquote class=\"wp-block-quote is-layout-flow wp-block-quote-is-layout-flow\">\n<p>\u00abNessuno disprezzi la tua giovinezza; sii invece di esempio ai fedeli nella parola, nella condotta, nella carit\u00e0, nella fede e nella purezza.\u00bb<br>(1 Tm 4,12)<\/p>\n<\/blockquote>\n\n\n\n<p>Questo consiglio attraversa i secoli.<\/p>\n\n\n\n<p>Essere giovani <strong>non \u00e8 un ostacolo alla santit\u00e0<\/strong>.<\/p>\n\n\n\n<p>Molti santi cambiarono il mondo quando erano ancora giovani:<\/p>\n\n\n\n<ul class=\"wp-block-list\">\n<li><strong>San Francesco d\u2019Assisi<\/strong><\/li>\n\n\n\n<li><strong>Santa Teresa di Lisieux<\/strong><\/li>\n\n\n\n<li><strong>San Luigi Gonzaga<\/strong><\/li>\n<\/ul>\n\n\n\n<p>La santit\u00e0 non dipende dall\u2019et\u00e0.<\/p>\n\n\n\n<p>Dipende dalla <strong>fedelt\u00e0<\/strong>.<\/p>\n\n\n\n<hr class=\"wp-block-separator has-alpha-channel-opacity\"\/>\n\n\n\n<h1 class=\"wp-block-heading\">7. La Seconda Lettera a Timoteo: il testamento spirituale di Paolo<\/h1>\n\n\n\n<p>La <strong>Seconda Lettera a Timoteo<\/strong> \u00e8 probabilmente <strong>l\u2019ultima lettera scritta da Paolo<\/strong>.<\/p>\n\n\n\n<p>Fu scritta dalla prigione.<\/p>\n\n\n\n<p>E ha il tono di un <strong>testamento spirituale<\/strong>.<\/p>\n\n\n\n<p>Qui troviamo uno dei passaggi pi\u00f9 commoventi di tutta la Bibbia:<\/p>\n\n\n\n<blockquote class=\"wp-block-quote is-layout-flow wp-block-quote-is-layout-flow\">\n<p>\u00abHo combattuto la buona battaglia, ho terminato la corsa, ho conservato la fede.\u00bb<br>(2 Tm 4,7)<\/p>\n<\/blockquote>\n\n\n\n<p>Paolo sa che la sua morte \u00e8 vicina.<\/p>\n\n\n\n<p>E le sue parole sono rivolte a Timoteo come <strong>un\u2019eredit\u00e0 spirituale<\/strong>.<\/p>\n\n\n\n<hr class=\"wp-block-separator has-alpha-channel-opacity\"\/>\n\n\n\n<h1 class=\"wp-block-heading\">8. Il pericolo dell\u2019apostasia<\/h1>\n\n\n\n<p>In questa lettera Paolo avverte di qualcosa di molto attuale:<\/p>\n\n\n\n<blockquote class=\"wp-block-quote is-layout-flow wp-block-quote-is-layout-flow\">\n<p>\u00abVerr\u00e0 infatti il tempo in cui non si sopporter\u00e0 pi\u00f9 la sana dottrina.\u00bb<br>(2 Tm 4,3)<\/p>\n<\/blockquote>\n\n\n\n<p>Non sembra forse descrivere il nostro tempo?<\/p>\n\n\n\n<p>Oggi molte persone preferiscono:<\/p>\n\n\n\n<ul class=\"wp-block-list\">\n<li>una religione comoda<\/li>\n\n\n\n<li>una morale senza esigenze<\/li>\n\n\n\n<li>una spiritualit\u00e0 senza la croce<\/li>\n<\/ul>\n\n\n\n<p>Ma il cristianesimo autentico <strong>non si adatta al mondo<\/strong>.<\/p>\n\n\n\n<p>Chiama il mondo alla conversione.<\/p>\n\n\n\n<hr class=\"wp-block-separator has-alpha-channel-opacity\"\/>\n\n\n\n<h1 class=\"wp-block-heading\">9. \u00abAnnuncia la Parola\u00bb: la missione eterna della Chiesa<\/h1>\n\n\n\n<p>Paolo d\u00e0 a Timoteo un ordine molto chiaro:<\/p>\n\n\n\n<blockquote class=\"wp-block-quote is-layout-flow wp-block-quote-is-layout-flow\">\n<p>\u00abAnnuncia la parola; insisti in ogni occasione opportuna e non opportuna.\u00bb<br>(2 Tm 4,2)<\/p>\n<\/blockquote>\n\n\n\n<p>Questo significa:<\/p>\n\n\n\n<p>la verit\u00e0 deve essere proclamata <strong>anche quando non \u00e8 popolare<\/strong>.<\/p>\n\n\n\n<p>Il Vangelo non si modifica per piacere agli altri.<\/p>\n\n\n\n<p>Si annuncia <strong>con fedelt\u00e0<\/strong>.<\/p>\n\n\n\n<hr class=\"wp-block-separator has-alpha-channel-opacity\"\/>\n\n\n\n<h1 class=\"wp-block-heading\">10. Il martirio di Timoteo<\/h1>\n\n\n\n<p>La tradizione afferma che Timoteo mor\u00ec <strong>martire a Efeso<\/strong> intorno all\u2019anno 97.<\/p>\n\n\n\n<p>Secondo racconti antichi, fu ucciso da pagani mentre cercava di fermare una processione idolatrica.<\/p>\n\n\n\n<p>Cos\u00ec termin\u00f2 la sua vita:<\/p>\n\n\n\n<p>non come una figura famosa\u2026<\/p>\n\n\n\n<p>ma come <strong>un pastore fedele fino alla fine<\/strong>.<\/p>\n\n\n\n<hr class=\"wp-block-separator has-alpha-channel-opacity\"\/>\n\n\n\n<h1 class=\"wp-block-heading\">11. Che cosa pu\u00f2 insegnarci Timoteo oggi<\/h1>\n\n\n\n<p>La figura di Timoteo ha una grande attualit\u00e0.<\/p>\n\n\n\n<p>Ci ricorda diverse verit\u00e0 essenziali.<\/p>\n\n\n\n<h3 class=\"wp-block-heading\">1. La fede si trasmette in casa<\/h3>\n\n\n\n<p>La storia di Eunice e Loide mostra la forza della famiglia cristiana.<\/p>\n\n\n\n<h3 class=\"wp-block-heading\">2. La Chiesa ha bisogno di discepoli fedeli<\/h3>\n\n\n\n<p>Non solo di grandi leader.<\/p>\n\n\n\n<p>Ma anche di collaboratori umili.<\/p>\n\n\n\n<h3 class=\"wp-block-heading\">3. I giovani possono cambiare il mondo<\/h3>\n\n\n\n<p>Timoteo inizi\u00f2 la sua missione quando era molto giovane.<\/p>\n\n\n\n<h3 class=\"wp-block-heading\">4. Difendere la verit\u00e0 \u00e8 una missione permanente<\/h3>\n\n\n\n<p>Ogni generazione deve custodire la fede.<\/p>\n\n\n\n<hr class=\"wp-block-separator has-alpha-channel-opacity\"\/>\n\n\n\n<h1 class=\"wp-block-heading\">12. Applicazioni pratiche per la vita spirituale<\/h1>\n\n\n\n<p>Per vivere oggi lo spirito di Timoteo possiamo:<\/p>\n\n\n\n<p><strong>1\ufe0f\u20e3 Formarci nella fede<\/strong><br>Leggere la Scrittura, studiare la dottrina e conoscere la tradizione.<\/p>\n\n\n\n<p><strong>2\ufe0f\u20e3 Essere coraggiosi<\/strong><br>Non nascondere la nostra fede per paura dell\u2019opinione pubblica.<\/p>\n\n\n\n<p><strong>3\ufe0f\u20e3 Coltivare la vita interiore<\/strong><br>Preghiera, sacramenti e guida spirituale.<\/p>\n\n\n\n<p><strong>4\ufe0f\u20e3 Trasmettere la fede agli altri<\/strong><br>Soprattutto ai giovani.<\/p>\n\n\n\n<hr class=\"wp-block-separator has-alpha-channel-opacity\"\/>\n\n\n\n<h1 class=\"wp-block-heading\">Conclusione: il discepolo silenzioso che cambi\u00f2 la storia<\/h1>\n\n\n\n<p>Nella storia della Chiesa ricordiamo spesso i grandi protagonisti.<\/p>\n\n\n\n<p>Ma Dio opera anche attraverso <strong>discepoli fedeli<\/strong>.<\/p>\n\n\n\n<p>Timoteo non scrisse grandi trattati teologici.<\/p>\n\n\n\n<p>Non fond\u00f2 ordini religiosi.<\/p>\n\n\n\n<p>Non govern\u00f2 imperi.<\/p>\n\n\n\n<p>Ma fu <strong>fedele al Vangelo<\/strong>.<\/p>\n\n\n\n<p>E questa fedelt\u00e0 cambi\u00f2 il corso della storia cristiana.<\/p>\n\n\n\n<p>Forse la grande domanda che la sua vita ci lascia \u00e8 questa:<\/p>\n\n\n\n<p><strong>Siamo disposti a essere discepoli fedeli\u2026 anche quando nessuno ci vede?<\/strong><\/p>\n\n\n\n<p>Perch\u00e9 alla fine l\u2019unica cosa che conta \u00e8 poter dire un giorno, come Paolo:<\/p>\n\n\n\n<blockquote class=\"wp-block-quote is-layout-flow wp-block-quote-is-layout-flow\">\n<p>\u00abHo combattuto la buona battaglia, ho terminato la corsa, ho conservato la fede.\u00bb (2 Tm 4,7)<\/p>\n<\/blockquote>\n\n\n\n<p>E allora scopriremo che la vera grandezza non consiste nell\u2019essere famosi\u2026<\/p>\n\n\n\n<p>ma nel <strong>rimanere fedeli a Cristo fino alla fine<\/strong>.<\/p>\n","protected":false},"excerpt":{"rendered":"<p>Nella storia del cristianesimo ci sono nomi che risuonano con grande forza: Pietro, Paolo, Giovanni\u2026 giganti spirituali che fondarono comunit\u00e0 e versarono il loro sangue per Cristo. Ma accanto a loro appare una figura pi\u00f9 silenziosa, pi\u00f9 discreta\u2026 e tuttavia assolutamente fondamentale. Quest\u2019uomo fu Timoteo. Un giovane cristiano che ricevette la fiducia di uno dei &hellip;<\/p>\n","protected":false},"author":3,"featured_media":5256,"comment_status":"closed","ping_status":"closed","sticky":false,"template":"","format":"standard","meta":{"_seopress_robots_primary_cat":"","_seopress_titles_title":"","_seopress_titles_desc":"","_seopress_robots_index":"","footnotes":""},"categories":[37,45],"tags":[1912],"class_list":["post-5255","post","type-post","status-publish","format-standard","has-post-thumbnail","","category-dottrina-e-fede","category-sacra-scrittura","tag-timoteo"],"_links":{"self":[{"href":"https:\/\/catholicus.eu\/it\/wp-json\/wp\/v2\/posts\/5255","targetHints":{"allow":["GET"]}}],"collection":[{"href":"https:\/\/catholicus.eu\/it\/wp-json\/wp\/v2\/posts"}],"about":[{"href":"https:\/\/catholicus.eu\/it\/wp-json\/wp\/v2\/types\/post"}],"author":[{"embeddable":true,"href":"https:\/\/catholicus.eu\/it\/wp-json\/wp\/v2\/users\/3"}],"replies":[{"embeddable":true,"href":"https:\/\/catholicus.eu\/it\/wp-json\/wp\/v2\/comments?post=5255"}],"version-history":[{"count":1,"href":"https:\/\/catholicus.eu\/it\/wp-json\/wp\/v2\/posts\/5255\/revisions"}],"predecessor-version":[{"id":5257,"href":"https:\/\/catholicus.eu\/it\/wp-json\/wp\/v2\/posts\/5255\/revisions\/5257"}],"wp:featuredmedia":[{"embeddable":true,"href":"https:\/\/catholicus.eu\/it\/wp-json\/wp\/v2\/media\/5256"}],"wp:attachment":[{"href":"https:\/\/catholicus.eu\/it\/wp-json\/wp\/v2\/media?parent=5255"}],"wp:term":[{"taxonomy":"category","embeddable":true,"href":"https:\/\/catholicus.eu\/it\/wp-json\/wp\/v2\/categories?post=5255"},{"taxonomy":"post_tag","embeddable":true,"href":"https:\/\/catholicus.eu\/it\/wp-json\/wp\/v2\/tags?post=5255"}],"curies":[{"name":"wp","href":"https:\/\/api.w.org\/{rel}","templated":true}]}}