{"id":5197,"date":"2026-03-08T23:23:15","date_gmt":"2026-03-08T22:23:15","guid":{"rendered":"https:\/\/catholicus.eu\/it\/?p=5197"},"modified":"2026-03-08T23:23:15","modified_gmt":"2026-03-08T22:23:15","slug":"lodore-di-santita-esiste-una-spiegazione-fisica-per-questo-fenomeno-mistico","status":"publish","type":"post","link":"https:\/\/catholicus.eu\/it\/lodore-di-santita-esiste-una-spiegazione-fisica-per-questo-fenomeno-mistico\/","title":{"rendered":"L\u2019\u201cOdore di Santit\u00e0\u201d: Esiste una spiegazione fisica per questo fenomeno mistico?"},"content":{"rendered":"\n<p>Nel corso della storia del cristianesimo esiste un fenomeno che ha affascinato credenti, teologi e persino scienziati: il cosiddetto <strong>\u201codore di santit\u00e0\u201d<\/strong>. Per secoli numerosi testimoni hanno affermato che alcuni santi, reliquie o perfino luoghi di preghiera emanavano <strong>un profumo inspiegabile<\/strong>, spesso descritto come aroma di rose, gelsomino o incenso.<\/p>\n\n\n\n<p>Si tratta di un miracolo?<br>\u00c8 una metafora spirituale?<br>Potrebbe esistere una spiegazione fisica o scientifica?<\/p>\n\n\n\n<p>La Chiesa cattolica ha riflettuto profondamente su questo fenomeno, e la sua interpretazione ci permette di comprendere qualcosa di pi\u00f9 profondo di un semplice aroma: <strong>la relazione tra la santit\u00e0 dell\u2019anima e la trasformazione del corpo<\/strong>.<\/p>\n\n\n\n<p>Questo articolo intende esplorare l\u2019argomento da tre prospettive:<\/p>\n\n\n\n<ul class=\"wp-block-list\">\n<li><strong>Storica<\/strong>: come si \u00e8 manifestato nel corso dei secoli.<\/li>\n\n\n\n<li><strong>Teologica<\/strong>: che cosa significa spiritualmente.<\/li>\n\n\n\n<li><strong>Pastorale<\/strong>: che cosa pu\u00f2 insegnarci oggi per la nostra vita cristiana.<\/li>\n<\/ul>\n\n\n\n<hr class=\"wp-block-separator has-alpha-channel-opacity\"\/>\n\n\n\n<h1 class=\"wp-block-heading\">1. Che cos\u2019\u00e8 esattamente l\u2019\u201codore di santit\u00e0\u201d?<\/h1>\n\n\n\n<p>Tradizionalmente, l\u2019\u201codore di santit\u00e0\u201d si riferisce a <strong>un profumo gradevole che emana da una persona santa, viva o defunta, senza una causa naturale evidente<\/strong>.<\/p>\n\n\n\n<p>Questo aroma pu\u00f2 apparire:<\/p>\n\n\n\n<ul class=\"wp-block-list\">\n<li>nel corpo di un santo dopo la morte<\/li>\n\n\n\n<li>nelle reliquie o nelle tombe<\/li>\n\n\n\n<li>durante esperienze mistiche o momenti di preghiera<\/li>\n\n\n\n<li>nelle ferite delle stimmate<\/li>\n<\/ul>\n\n\n\n<p>I testimoni descrivono spesso <strong>una fragranza dolce e intensa<\/strong>, generalmente associata a fiori o incenso.<\/p>\n\n\n\n<p>La tradizione spirituale ha persino dato un nome tecnico a questo fenomeno: <strong>osmogenesi<\/strong>, cio\u00e8 la percezione di profumi che sembrano avere un\u2019origine soprannaturale.<\/p>\n\n\n\n<p>Tuttavia la Chiesa \u00e8 sempre stata prudente:<br>non lo considera una prova definitiva di santit\u00e0, ma piuttosto <strong>un possibile segno straordinario<\/strong>.<\/p>\n\n\n\n<hr class=\"wp-block-separator has-alpha-channel-opacity\"\/>\n\n\n\n<h1 class=\"wp-block-heading\">2. Un fenomeno conosciuto fin dai primi cristiani<\/h1>\n\n\n\n<p>Questo fenomeno non \u00e8 un\u2019invenzione medievale n\u00e9 una leggenda tardiva. Esistono testimonianze che risalgono ai <strong>primi secoli del cristianesimo<\/strong>.<\/p>\n\n\n\n<p>Uno dei casi pi\u00f9 antichi si trova nel martirio di <strong>san Policarpo di Smirne<\/strong> (II secolo).<\/p>\n\n\n\n<p>Gli atti del suo martirio raccontano che, quando fu bruciato sul rogo, <strong>l\u2019odore percepito non era quello della carne bruciata, ma quello dell\u2019incenso o del profumo<\/strong>.<\/p>\n\n\n\n<p>Nel corso dei secoli il fenomeno \u00e8 apparso nella vita di molti santi, tra cui:<\/p>\n\n\n\n<ul class=\"wp-block-list\">\n<li><strong>Santa Teresa d\u2019Avila<\/strong><\/li>\n\n\n\n<li><strong>San Francesco d\u2019Assisi<\/strong><\/li>\n\n\n\n<li><strong>Padre Pio<\/strong><\/li>\n\n\n\n<li><strong>Santa Rosa da Lima<\/strong><\/li>\n<\/ul>\n\n\n\n<p>In molti casi i testimoni affermavano che il profumo appariva <strong>senza alcuna fonte materiale<\/strong>, e talvolta rimaneva per mesi o persino per anni.<\/p>\n\n\n\n<hr class=\"wp-block-separator has-alpha-channel-opacity\"\/>\n\n\n\n<h1 class=\"wp-block-heading\">3. Il fondamento biblico del simbolismo del profumo<\/h1>\n\n\n\n<p>Nella Bibbia <strong>il profumo simboleggia la santit\u00e0, la grazia e la presenza di Dio<\/strong>.<\/p>\n\n\n\n<p>Un passaggio particolarmente significativo si trova nella seconda lettera di san Paolo:<\/p>\n\n\n\n<blockquote class=\"wp-block-quote is-layout-flow wp-block-quote-is-layout-flow\">\n<p>\u201cNoi siamo infatti per Dio <strong>il profumo di Cristo<\/strong> tra quelli che si salvano.\u201d<br>(2 Corinzi 2,15)<\/p>\n<\/blockquote>\n\n\n\n<p>Qui l\u2019Apostolo utilizza il linguaggio del profumo per descrivere <strong>l\u2019influenza spirituale dei cristiani<\/strong>.<\/p>\n\n\n\n<p>Anche nel <strong>Cantico dei Cantici<\/strong> l\u2019amata \u00e8 paragonata a un giardino pieno di aromi preziosi (Cantico 4,14), immagine che la tradizione cristiana interpreta come simbolo dell\u2019anima unita a Dio.<\/p>\n\n\n\n<p>Dunque, ancora prima di qualsiasi fenomeno mistico, la Scrittura collegava gi\u00e0 <strong>la santit\u00e0 alla fragranza spirituale<\/strong>.<\/p>\n\n\n\n<hr class=\"wp-block-separator has-alpha-channel-opacity\"\/>\n\n\n\n<h1 class=\"wp-block-heading\">4. Il significato teologico dell\u2019odore di santit\u00e0<\/h1>\n\n\n\n<p>Dal punto di vista teologico, l\u2019odore di santit\u00e0 possiede un significato profondo.<\/p>\n\n\n\n<h3 class=\"wp-block-heading\">1. Anticipazione della Risurrezione<\/h3>\n\n\n\n<p>La decomposizione del corpo produce un cattivo odore.<br>Il profumo, al contrario, simboleggia <strong>l\u2019incorruttibilit\u00e0<\/strong>.<\/p>\n\n\n\n<p>Per questo motivo alcuni teologi interpretano il fenomeno come <strong>un\u2019anticipazione della risurrezione gloriosa<\/strong>, quando il corpo umano sar\u00e0 trasformato dalla grazia.<\/p>\n\n\n\n<h3 class=\"wp-block-heading\">2. Manifestazione della grazia<\/h3>\n\n\n\n<p>La santit\u00e0 trasforma l\u2019intero essere umano:<\/p>\n\n\n\n<ul class=\"wp-block-list\">\n<li>l\u2019anima<\/li>\n\n\n\n<li>la mente<\/li>\n\n\n\n<li>il corpo<\/li>\n<\/ul>\n\n\n\n<p>Secondo alcuni autori spirituali, l\u2019odore di santit\u00e0 sarebbe <strong>un segno visibile dell\u2019opera interiore dello Spirito Santo<\/strong>.<\/p>\n\n\n\n<h3 class=\"wp-block-heading\">3. Un segno di consolazione per i fedeli<\/h3>\n\n\n\n<p>Nel corso della storia questi profumi sono stati percepiti da persone che pregavano o soffrivano, producendo:<\/p>\n\n\n\n<ul class=\"wp-block-list\">\n<li>pace interiore<\/li>\n\n\n\n<li>conversione<\/li>\n\n\n\n<li>consolazione spirituale<\/li>\n<\/ul>\n\n\n\n<p>In questo senso, pi\u00f9 che uno spettacolo soprannaturale, si tratta <strong>di un segno pastorale<\/strong>.<\/p>\n\n\n\n<hr class=\"wp-block-separator has-alpha-channel-opacity\"\/>\n\n\n\n<h1 class=\"wp-block-heading\">5. Esiste una spiegazione scientifica?<\/h1>\n\n\n\n<p>La domanda \u00e8 legittima.<\/p>\n\n\n\n<p>La Chiesa stessa la pone durante i processi di canonizzazione, ai quali partecipano medici, chimici e specialisti.<\/p>\n\n\n\n<p>Alcune ipotesi scientifiche includono:<\/p>\n\n\n\n<h3 class=\"wp-block-heading\">Processi chimici del corpo<\/h3>\n\n\n\n<p>Alcuni corpi incorrotti possono produrre composti aromatici durante processi naturali di conservazione.<\/p>\n\n\n\n<p>Tuttavia questo non spiega i casi in cui il profumo appare:<\/p>\n\n\n\n<ul class=\"wp-block-list\">\n<li>anni dopo la morte<\/li>\n\n\n\n<li>in oggetti o luoghi<\/li>\n\n\n\n<li>in modo intermittente<\/li>\n<\/ul>\n\n\n\n<h3 class=\"wp-block-heading\">Suggestione psicologica<\/h3>\n\n\n\n<p>Un\u2019altra teoria sostiene che il fenomeno possa essere il risultato di una suggestione collettiva.<\/p>\n\n\n\n<p>Ma in alcuni casi la fragranza \u00e8 stata percepita <strong>simultaneamente da molte persone<\/strong>, il che rende questa spiegazione pi\u00f9 difficile.<\/p>\n\n\n\n<h3 class=\"wp-block-heading\">Osmogenesi extrasensoriale<\/h3>\n\n\n\n<p>La psicologia e la parapsicologia usano il termine <strong>osmogenesi<\/strong> per descrivere percezioni olfattive senza una fonte materiale rilevabile.<\/p>\n\n\n\n<p>Tuttavia anche questa spiegazione <strong>non chiarisce completamente il fenomeno<\/strong>.<\/p>\n\n\n\n<hr class=\"wp-block-separator has-alpha-channel-opacity\"\/>\n\n\n\n<h1 class=\"wp-block-heading\">6. La prudenza della Chiesa<\/h1>\n\n\n\n<p>\u00c8 importante sottolineare qualcosa di fondamentale:<\/p>\n\n\n\n<p><strong>La Chiesa non canonizza nessuno perch\u00e9 profuma bene.<\/strong><\/p>\n\n\n\n<p>La santit\u00e0 viene riconosciuta attraverso:<\/p>\n\n\n\n<ul class=\"wp-block-list\">\n<li>la pratica eroica delle virt\u00f9<\/li>\n\n\n\n<li>la fedelt\u00e0 a Cristo<\/li>\n\n\n\n<li>la testimonianza della vita<\/li>\n<\/ul>\n\n\n\n<p>L\u2019odore di santit\u00e0 pu\u00f2 essere un segno, ma <strong>non \u00e8 mai la prova principale<\/strong>.<\/p>\n\n\n\n<p>In realt\u00e0 molti santi non hanno mai sperimentato fenomeni straordinari.<\/p>\n\n\n\n<hr class=\"wp-block-separator has-alpha-channel-opacity\"\/>\n\n\n\n<h1 class=\"wp-block-heading\">7. Il vero \u201codore di santit\u00e0\u201d<\/h1>\n\n\n\n<p>In realt\u00e0 il significato pi\u00f9 profondo di questo concetto non \u00e8 fisico.<\/p>\n\n\n\n<p>San Paolo lo esprime chiaramente: il cristiano deve essere <strong>\u201cil profumo di Cristo\u201d<\/strong> nel mondo.<\/p>\n\n\n\n<p>Ci\u00f2 significa:<\/p>\n\n\n\n<ul class=\"wp-block-list\">\n<li>irradiare carit\u00e0<\/li>\n\n\n\n<li>trasmettere speranza<\/li>\n\n\n\n<li>diffondere la fede<\/li>\n<\/ul>\n\n\n\n<p>La vera santit\u00e0 <strong>si percepisce spiritualmente<\/strong>.<\/p>\n\n\n\n<hr class=\"wp-block-separator has-alpha-channel-opacity\"\/>\n\n\n\n<h1 class=\"wp-block-heading\">8. Come vivere oggi l\u2019\u201codore di santit\u00e0\u201d<\/h1>\n\n\n\n<p>Anche se la maggior parte di noi non sperimenter\u00e0 mai fenomeni mistici, <strong>tutti siamo chiamati a diffondere il profumo di Cristo<\/strong>.<\/p>\n\n\n\n<p>Come possiamo farlo nella vita quotidiana?<\/p>\n\n\n\n<h3 class=\"wp-block-heading\">1. Vivere con coerenza<\/h3>\n\n\n\n<p>La santit\u00e0 inizia nelle cose ordinarie:<\/p>\n\n\n\n<ul class=\"wp-block-list\">\n<li>onest\u00e0<\/li>\n\n\n\n<li>fedelt\u00e0<\/li>\n\n\n\n<li>responsabilit\u00e0<\/li>\n<\/ul>\n\n\n\n<h3 class=\"wp-block-heading\">2. Praticare la carit\u00e0<\/h3>\n\n\n\n<p>L\u2019amore concreto \u00e8 il vero profumo del cristiano.<\/p>\n\n\n\n<p>Un solo atto di carit\u00e0 pu\u00f2 cambiare la vita di qualcuno.<\/p>\n\n\n\n<h3 class=\"wp-block-heading\">3. Coltivare la vita interiore<\/h3>\n\n\n\n<p>La preghiera trasforma il cuore.<\/p>\n\n\n\n<p>E quando il cuore cambia, cambia anche l\u2019ambiente intorno a noi.<\/p>\n\n\n\n<h3 class=\"wp-block-heading\">4. Portare speranza nel mondo<\/h3>\n\n\n\n<p>Oggi viviamo in una societ\u00e0 segnata da:<\/p>\n\n\n\n<ul class=\"wp-block-list\">\n<li>ansia<\/li>\n\n\n\n<li>materialismo<\/li>\n\n\n\n<li>disperazione<\/li>\n<\/ul>\n\n\n\n<p>Il cristiano \u00e8 chiamato a essere <strong>un segno di luce<\/strong>.<\/p>\n\n\n\n<hr class=\"wp-block-separator has-alpha-channel-opacity\"\/>\n\n\n\n<h1 class=\"wp-block-heading\">9. Un insegnamento per il nostro tempo<\/h1>\n\n\n\n<p>Il mondo moderno cerca prove, spiegazioni e dati.<\/p>\n\n\n\n<p>Ma il fenomeno dell\u2019odore di santit\u00e0 ci ricorda qualcosa di essenziale:<\/p>\n\n\n\n<p><strong>la santit\u00e0 \u00e8 reale.<\/strong><\/p>\n\n\n\n<p>Non \u00e8 un\u2019idea astratta n\u00e9 un semplice concetto morale.<\/p>\n\n\n\n<p>\u00c8 una trasformazione profonda che pu\u00f2 lasciare tracce persino nel mondo materiale.<\/p>\n\n\n\n<p>La storia dei santi ci insegna che <strong>Dio non ha abbandonato il mondo<\/strong>.<\/p>\n\n\n\n<p>Continua ad agire nel nascosto, nel silenzioso e nell\u2019umile.<\/p>\n\n\n\n<hr class=\"wp-block-separator has-alpha-channel-opacity\"\/>\n\n\n\n<h1 class=\"wp-block-heading\">Conclusione<\/h1>\n\n\n\n<p>Esiste una spiegazione fisica per l\u2019odore di santit\u00e0?<\/p>\n\n\n\n<p>Forse alcuni aspetti del fenomeno possono essere spiegati dalla scienza.<br>Altri rimangono un mistero.<\/p>\n\n\n\n<p>Ma la cosa pi\u00f9 importante non \u00e8 il profumo che alcuni santi hanno emanato, bens\u00ec <strong>la vita che hanno vissuto<\/strong>.<\/p>\n\n\n\n<p>Perch\u00e9 la vera santit\u00e0 non consiste nei prodigi, ma nell\u2019amare Dio e il prossimo con radicalit\u00e0.<\/p>\n\n\n\n<p>E quando una vita \u00e8 completamente unita a Cristo, accade qualcosa di sorprendente:<\/p>\n\n\n\n<p>anche se non profuma di rose\u2026<\/p>\n\n\n\n<p><strong>la sua presenza lascia nel mondo il profumo di Dio.<\/strong><\/p>\n","protected":false},"excerpt":{"rendered":"<p>Nel corso della storia del cristianesimo esiste un fenomeno che ha affascinato credenti, teologi e persino scienziati: il cosiddetto \u201codore di santit\u00e0\u201d. Per secoli numerosi testimoni hanno affermato che alcuni santi, reliquie o perfino luoghi di preghiera emanavano un profumo inspiegabile, spesso descritto come aroma di rose, gelsomino o incenso. Si tratta di un miracolo?\u00c8 &hellip;<\/p>\n","protected":false},"author":3,"featured_media":5198,"comment_status":"closed","ping_status":"closed","sticky":false,"template":"","format":"standard","meta":{"_seopress_robots_primary_cat":"","_seopress_titles_title":"","_seopress_titles_desc":"","_seopress_robots_index":"","footnotes":""},"categories":[40,61],"tags":[1898],"class_list":["post-5197","post","type-post","status-publish","format-standard","has-post-thumbnail","","category-preghiera-e-spiritualita","category-santi-e-calendario-liturgico","tag-odore-di-santita"],"_links":{"self":[{"href":"https:\/\/catholicus.eu\/it\/wp-json\/wp\/v2\/posts\/5197","targetHints":{"allow":["GET"]}}],"collection":[{"href":"https:\/\/catholicus.eu\/it\/wp-json\/wp\/v2\/posts"}],"about":[{"href":"https:\/\/catholicus.eu\/it\/wp-json\/wp\/v2\/types\/post"}],"author":[{"embeddable":true,"href":"https:\/\/catholicus.eu\/it\/wp-json\/wp\/v2\/users\/3"}],"replies":[{"embeddable":true,"href":"https:\/\/catholicus.eu\/it\/wp-json\/wp\/v2\/comments?post=5197"}],"version-history":[{"count":1,"href":"https:\/\/catholicus.eu\/it\/wp-json\/wp\/v2\/posts\/5197\/revisions"}],"predecessor-version":[{"id":5199,"href":"https:\/\/catholicus.eu\/it\/wp-json\/wp\/v2\/posts\/5197\/revisions\/5199"}],"wp:featuredmedia":[{"embeddable":true,"href":"https:\/\/catholicus.eu\/it\/wp-json\/wp\/v2\/media\/5198"}],"wp:attachment":[{"href":"https:\/\/catholicus.eu\/it\/wp-json\/wp\/v2\/media?parent=5197"}],"wp:term":[{"taxonomy":"category","embeddable":true,"href":"https:\/\/catholicus.eu\/it\/wp-json\/wp\/v2\/categories?post=5197"},{"taxonomy":"post_tag","embeddable":true,"href":"https:\/\/catholicus.eu\/it\/wp-json\/wp\/v2\/tags?post=5197"}],"curies":[{"name":"wp","href":"https:\/\/api.w.org\/{rel}","templated":true}]}}