{"id":5163,"date":"2026-03-05T21:43:52","date_gmt":"2026-03-05T20:43:52","guid":{"rendered":"https:\/\/catholicus.eu\/it\/?p=5163"},"modified":"2026-03-05T21:43:52","modified_gmt":"2026-03-05T20:43:52","slug":"san-massimiliano-kolbe-il-sacerdote-che-diede-la-sua-vita-per-un-padre-di-famiglia","status":"publish","type":"post","link":"https:\/\/catholicus.eu\/it\/san-massimiliano-kolbe-il-sacerdote-che-diede-la-sua-vita-per-un-padre-di-famiglia\/","title":{"rendered":"San Massimiliano Kolbe: il sacerdote che diede la sua vita per un padre di famiglia"},"content":{"rendered":"\n<h3 class=\"wp-block-heading\">Una testimonianza di amore cristiano vissuto fino alle sue ultime conseguenze<\/h3>\n\n\n\n<p>Nella storia del cristianesimo ci sono figure che non insegnano soltanto con le parole, ma predicano con l\u2019intera loro vita. Tra queste spicca <strong>San Massimiliano Maria Kolbe<\/strong>, un sacerdote francescano che, nel cuore di uno degli episodi pi\u00f9 oscuri del XX secolo \u2014 i campi di concentramento nazisti \u2014 visse il Vangelo con una radicalit\u00e0 tale che il suo nome \u00e8 diventato sinonimo di <strong>carit\u00e0 eroica<\/strong>.<\/p>\n\n\n\n<p>La sua storia non \u00e8 soltanto un racconto commovente del passato. \u00c8 una <strong>lezione spirituale profondamente attuale<\/strong> per un mondo che spesso sembra dominato dall\u2019individualismo, dalla paura e dalla ricerca del proprio interesse. Kolbe ci ricorda che l\u2019amore cristiano, quando \u00e8 vissuto pienamente, ha il potere di trasformare anche i luoghi pi\u00f9 segnati dall\u2019odio.<\/p>\n\n\n\n<p>Il suo gesto \u2014 offrire la propria vita per salvare quella di un padre di famiglia condannato a morire ad Auschwitz \u2014 rappresenta una delle testimonianze pi\u00f9 luminose della fede cattolica contemporanea.<\/p>\n\n\n\n<p>Ma per comprendere la profondit\u00e0 di questo atto, \u00e8 necessario conoscere la sua vita, la sua spiritualit\u00e0 e il significato teologico del suo sacrificio.<\/p>\n\n\n\n<hr class=\"wp-block-separator has-alpha-channel-opacity\"\/>\n\n\n\n<h1 class=\"wp-block-heading\">Un bambino segnato da una visione spirituale<\/h1>\n\n\n\n<p>Massimiliano Kolbe nacque <strong>l\u20198 gennaio 1894 in Polonia<\/strong>, con il nome di <strong>Raymund Kolbe<\/strong>. La sua famiglia era profondamente cristiana e viveva la fede in modo semplice ma intenso.<\/p>\n\n\n\n<p>Quando aveva circa <strong>dodici anni<\/strong>, accadde qualcosa che avrebbe segnato tutta la sua vita spirituale. Lo stesso Kolbe raccont\u00f2 di aver avuto una visione della <strong>Vergine Maria<\/strong>, che gli offr\u00ec due corone:<\/p>\n\n\n\n<ul class=\"wp-block-list\">\n<li>una <strong>bianca<\/strong>, simbolo di purezza<\/li>\n\n\n\n<li>una <strong>rossa<\/strong>, simbolo del martirio<\/li>\n<\/ul>\n\n\n\n<p>La Vergine gli chiese quale delle due accettasse. Il giovane Raymund rispose:<\/p>\n\n\n\n<p><strong>\u00abAccetto entrambe.\u00bb<\/strong><\/p>\n\n\n\n<p>Questa esperienza non fu soltanto un momento emotivo. Dal punto di vista teologico e spirituale rappresent\u00f2 una <strong>consacrazione interiore<\/strong> che avrebbe segnato la sua vocazione sacerdotale e la sua totale donazione a Dio.<\/p>\n\n\n\n<p>Il cristianesimo insegna che la santit\u00e0 non nasce dall\u2019improvvisazione, ma da una <strong>risposta libera all\u2019amore di Dio<\/strong>. Nel caso di Kolbe, questa risposta inizi\u00f2 molto presto.<\/p>\n\n\n\n<hr class=\"wp-block-separator has-alpha-channel-opacity\"\/>\n\n\n\n<h1 class=\"wp-block-heading\">Vocazione francescana e passione missionaria<\/h1>\n\n\n\n<p>Raymund entr\u00f2 nell\u2019<strong>Ordine dei Francescani Conventuali<\/strong>, dove assunse il nome di <strong>Massimiliano Maria<\/strong>, riflettendo la sua profonda devozione alla Vergine.<\/p>\n\n\n\n<p>Fu ordinato sacerdote nel <strong>1918 a Roma<\/strong>.<\/p>\n\n\n\n<p>Ma il suo sacerdozio non sarebbe stato convenzionale.<\/p>\n\n\n\n<p>San Massimiliano comprese che il XX secolo stava entrando in un\u2019epoca segnata da <strong>ideologie anticristiane<\/strong>, dalla secolarizzazione e da una profonda crisi spirituale. Di fronte a questa realt\u00e0 decise di combattere non con la violenza, ma con i mezzi del Vangelo.<\/p>\n\n\n\n<p>Fond\u00f2 un movimento spirituale chiamato:<\/p>\n\n\n\n<p><strong>Milizia dell\u2019Immacolata (Militia Immaculatae)<\/strong><\/p>\n\n\n\n<p>Il suo obiettivo era semplice ma radicale:<\/p>\n\n\n\n<ul class=\"wp-block-list\">\n<li>condurre le anime a Cristo<\/li>\n\n\n\n<li>consacrarle alla Vergine Maria<\/li>\n\n\n\n<li>combattere il male attraverso l\u2019amore, la preghiera e l\u2019evangelizzazione<\/li>\n<\/ul>\n\n\n\n<p>Kolbe utilizz\u00f2 <strong>mezzi moderni<\/strong> per la sua epoca: tipografie, riviste, pubblicazioni su larga scala e radio. Fond\u00f2 infine una grande comunit\u00e0 francescana chiamata <strong>Niepokalan\u00f3w<\/strong>, che divenne uno dei pi\u00f9 grandi centri di evangelizzazione del mondo.<\/p>\n\n\n\n<p>La sua visione era chiara:<\/p>\n\n\n\n<p><strong>L\u2019evangelizzazione deve raggiungere ogni angolo del mondo.<\/strong><\/p>\n\n\n\n<hr class=\"wp-block-separator has-alpha-channel-opacity\"\/>\n\n\n\n<h1 class=\"wp-block-heading\">Il cuore teologico della sua spiritualit\u00e0: la consacrazione a Maria<\/h1>\n\n\n\n<p>Per comprendere San Massimiliano Kolbe \u00e8 necessario comprendere la sua spiritualit\u00e0 mariana.<\/p>\n\n\n\n<p>Egli vedeva la Vergine Maria come <strong>la via pi\u00f9 sicura verso Cristo<\/strong>.<\/p>\n\n\n\n<p>Non si trattava per\u00f2 di una devozione superficiale. La sua teologia mariana era profondamente ricca. Kolbe riflett\u00e9 a lungo sul mistero di Maria come <strong>creatura totalmente unita allo Spirito Santo<\/strong>, arrivando a chiamarla nei suoi scritti:<\/p>\n\n\n\n<p><strong>\u00abL\u2019Immacolata Concezione creata.\u00bb<\/strong><\/p>\n\n\n\n<p>La sua idea centrale era che il cristiano, consacrandosi a Maria, diventa uno strumento totalmente disponibile per Dio.<\/p>\n\n\n\n<p>In altre parole:<\/p>\n\n\n\n<ul class=\"wp-block-list\">\n<li>Maria forma Cristo nell\u2019anima<\/li>\n\n\n\n<li>il cristiano diventa missionario dell\u2019amore di Dio<\/li>\n<\/ul>\n\n\n\n<p>Questa visione continua ancora oggi a influenzare la spiritualit\u00e0 cattolica.<\/p>\n\n\n\n<hr class=\"wp-block-separator has-alpha-channel-opacity\"\/>\n\n\n\n<h1 class=\"wp-block-heading\">Il mondo entra in guerra<\/h1>\n\n\n\n<p>Nel <strong>1939<\/strong> la Germania invase la Polonia e inizi\u00f2 la Seconda guerra mondiale.<\/p>\n\n\n\n<p>Il monastero di Kolbe fu chiuso dai nazisti. Tuttavia i francescani continuarono ad aiutare i rifugiati, compresi gli ebrei perseguitati.<\/p>\n\n\n\n<p>Nel <strong>1941<\/strong> Kolbe fu arrestato dalla Gestapo.<\/p>\n\n\n\n<p>La sua destinazione: <strong>il campo di concentramento di Auschwitz<\/strong>.<\/p>\n\n\n\n<p>L\u00ec ricevette il numero <strong>16670<\/strong>.<\/p>\n\n\n\n<p>Nei campi nazisti l\u2019obiettivo non era solo distruggere il corpo, ma anche la dignit\u00e0 umana. Tuttavia le testimonianze dei prigionieri mostrano che Kolbe agiva come un vero <strong>pastore anche nell\u2019inferno di Auschwitz<\/strong>:<\/p>\n\n\n\n<ul class=\"wp-block-list\">\n<li>ascoltava le confessioni<\/li>\n\n\n\n<li>condivideva il suo cibo<\/li>\n\n\n\n<li>consolava i prigionieri<\/li>\n\n\n\n<li>pregava con loro in segreto<\/li>\n<\/ul>\n\n\n\n<p>La sua fede divenne una <strong>fonte di speranza<\/strong> in un luogo progettato per eliminare ogni speranza.<\/p>\n\n\n\n<hr class=\"wp-block-separator has-alpha-channel-opacity\"\/>\n\n\n\n<h1 class=\"wp-block-heading\">Il momento che cambi\u00f2 la storia<\/h1>\n\n\n\n<p>Nel luglio del <strong>1941<\/strong> accadde qualcosa che avrebbe segnato per sempre la memoria del mondo.<\/p>\n\n\n\n<p>Un prigioniero era fuggito dal campo.<\/p>\n\n\n\n<p>Come punizione, i nazisti decisero di scegliere <strong>dieci uomini a caso<\/strong> per morire di fame in un bunker sotterraneo.<\/p>\n\n\n\n<p>Tra i condannati c\u2019era un uomo di nome <strong>Franciszek Gajowniczek<\/strong>, un padre di famiglia.<\/p>\n\n\n\n<p>Quando sent\u00ec la condanna grid\u00f2 disperatamente:<\/p>\n\n\n\n<p><strong>\u00abMia moglie! I miei figli!\u00bb<\/strong><\/p>\n\n\n\n<p>Allora accadde qualcosa di inaspettato.<\/p>\n\n\n\n<p>Padre Kolbe usc\u00ec dalla fila.<\/p>\n\n\n\n<p>Si avvicin\u00f2 all\u2019ufficiale nazista.<\/p>\n\n\n\n<p>E disse:<\/p>\n\n\n\n<p><strong>\u00abSono un sacerdote cattolico. Voglio morire al posto di quest\u2019uomo.\u00bb<\/strong><\/p>\n\n\n\n<p>Sorprendentemente l\u2019ufficiale accett\u00f2.<\/p>\n\n\n\n<p>Gajowniczek fu salvato.<\/p>\n\n\n\n<p>Kolbe entr\u00f2 nel bunker della morte.<\/p>\n\n\n\n<hr class=\"wp-block-separator has-alpha-channel-opacity\"\/>\n\n\n\n<h1 class=\"wp-block-heading\">Il bunker della morte: una chiesa nel cuore dell\u2019orrore<\/h1>\n\n\n\n<p>Per diversi giorni i prigionieri nel bunker sentirono qualcosa di incredibile.<\/p>\n\n\n\n<p>Invece delle urla di disperazione, udivano <strong>preghiere e canti<\/strong>.<\/p>\n\n\n\n<p>Kolbe guidava la recita del rosario e incoraggiava gli altri condannati.<\/p>\n\n\n\n<p>Le guardie testimoniarono che il bunker sembrava <strong>una cappella<\/strong>.<\/p>\n\n\n\n<p>Dopo due settimane solo Kolbe era ancora vivo.<\/p>\n\n\n\n<p>Alla fine fu ucciso con una <strong>iniezione di acido fenico il 14 agosto 1941<\/strong>.<\/p>\n\n\n\n<p>Mor\u00ec nella pace.<\/p>\n\n\n\n<p>Il suo gesto divenne uno degli esempi di amore pi\u00f9 straordinari del XX secolo.<\/p>\n\n\n\n<hr class=\"wp-block-separator has-alpha-channel-opacity\"\/>\n\n\n\n<h1 class=\"wp-block-heading\">Il significato teologico del suo sacrificio<\/h1>\n\n\n\n<p>La Chiesa considera Kolbe un <strong>martire della carit\u00e0<\/strong>.<\/p>\n\n\n\n<p>La sua morte incarna letteralmente le parole di Cristo:<\/p>\n\n\n\n<blockquote class=\"wp-block-quote is-layout-flow wp-block-quote-is-layout-flow\">\n<p>\u00abNessuno ha un amore pi\u00f9 grande di questo: dare la vita per i propri amici.\u00bb<br><em>(Giovanni 15,13)<\/em><\/p>\n<\/blockquote>\n\n\n\n<p>Questo versetto \u00e8 essenziale per comprendere la teologia del sacrificio cristiano.<\/p>\n\n\n\n<p>Cristo non ha soltanto predicato l\u2019amore \u2014 <strong>lo ha vissuto fino alla Croce<\/strong>.<\/p>\n\n\n\n<p>I santi imitano questa logica del Vangelo.<\/p>\n\n\n\n<p>Kolbe non mor\u00ec semplicemente per altruismo umano.<\/p>\n\n\n\n<p>Mor\u00ec <strong>per amore cristiano<\/strong>, che possiede caratteristiche concrete:<\/p>\n\n\n\n<ul class=\"wp-block-list\">\n<li>\u00e8 libero<\/li>\n\n\n\n<li>\u00e8 sacrificiale<\/li>\n\n\n\n<li>cerca il bene dell\u2019altro prima del proprio<\/li>\n<\/ul>\n\n\n\n<p>Il suo gesto riflette ci\u00f2 che la teologia chiama <strong>imitatio Christi<\/strong> (imitazione di Cristo).<\/p>\n\n\n\n<p>Ad Auschwitz Kolbe visse una piccola \u201ccroce\u201d personale che rifletteva la grande Croce di Cristo.<\/p>\n\n\n\n<hr class=\"wp-block-separator has-alpha-channel-opacity\"\/>\n\n\n\n<h1 class=\"wp-block-heading\">Un messaggio urgente per il mondo di oggi<\/h1>\n\n\n\n<p>La storia di San Massimiliano Kolbe non appartiene soltanto al passato.<\/p>\n\n\n\n<p>Viviamo in un\u2019epoca segnata da:<\/p>\n\n\n\n<ul class=\"wp-block-list\">\n<li>polarizzazione sociale<\/li>\n\n\n\n<li>cultura dello scarto<\/li>\n\n\n\n<li>individualismo<\/li>\n\n\n\n<li>paura del sacrificio<\/li>\n<\/ul>\n\n\n\n<p>Il gesto di Kolbe ci pone una domanda fondamentale:<\/p>\n\n\n\n<p><strong>Fino a che punto siamo disposti ad amare?<\/strong><\/p>\n\n\n\n<p>La santit\u00e0 non consiste necessariamente in gesti eroici come il suo. Tuttavia consiste nel vivere l\u2019amore cristiano nella vita quotidiana.<\/p>\n\n\n\n<hr class=\"wp-block-separator has-alpha-channel-opacity\"\/>\n\n\n\n<h1 class=\"wp-block-heading\">Come applicare oggi l\u2019esempio di San Massimiliano Kolbe<\/h1>\n\n\n\n<h2 class=\"wp-block-heading\">1. Riscoprire il valore del sacrificio<\/h2>\n\n\n\n<p>La nostra cultura evita la sofferenza a tutti i costi. Tuttavia il cristianesimo insegna che il vero amore implica sacrificio.<\/p>\n\n\n\n<p>Questo pu\u00f2 essere vissuto in cose semplici:<\/p>\n\n\n\n<ul class=\"wp-block-list\">\n<li>dedicare tempo a qualcuno nel bisogno<\/li>\n\n\n\n<li>perdonare un\u2019offesa<\/li>\n\n\n\n<li>aiutare senza aspettarsi ricompensa<\/li>\n<\/ul>\n\n\n\n<hr class=\"wp-block-separator has-alpha-channel-opacity\"\/>\n\n\n\n<h2 class=\"wp-block-heading\">2. Vivere una spiritualit\u00e0 mariana profonda<\/h2>\n\n\n\n<p>Kolbe ci ricorda che la Vergine Maria non \u00e8 un elemento decorativo della fede, ma una guida spirituale.<\/p>\n\n\n\n<p>Consacrarsi a Maria significa chiederle di:<\/p>\n\n\n\n<ul class=\"wp-block-list\">\n<li>trasformare il nostro cuore<\/li>\n\n\n\n<li>avvicinarci a Cristo<\/li>\n\n\n\n<li>insegnarci ad amare come lei ama<\/li>\n<\/ul>\n\n\n\n<hr class=\"wp-block-separator has-alpha-channel-opacity\"\/>\n\n\n\n<h2 class=\"wp-block-heading\">3. Difendere la dignit\u00e0 umana<\/h2>\n\n\n\n<p>Kolbe vedeva in ogni persona l\u2019immagine di Dio.<\/p>\n\n\n\n<p>In un mondo in cui molti sono emarginati \u2014 anziani, poveri, migranti, malati \u2014 il suo esempio ci invita a difendere la dignit\u00e0 di ogni essere umano.<\/p>\n\n\n\n<hr class=\"wp-block-separator has-alpha-channel-opacity\"\/>\n\n\n\n<h2 class=\"wp-block-heading\">4. Essere luce anche negli ambienti difficili<\/h2>\n\n\n\n<p>Kolbe non predicava in una chiesa piena.<\/p>\n\n\n\n<p>Predicava ad Auschwitz.<\/p>\n\n\n\n<p>Questo ci insegna che il cristiano \u00e8 chiamato a vivere la propria fede:<\/p>\n\n\n\n<ul class=\"wp-block-list\">\n<li>nel lavoro<\/li>\n\n\n\n<li>all\u2019universit\u00e0<\/li>\n\n\n\n<li>nella famiglia<\/li>\n\n\n\n<li>nella societ\u00e0<\/li>\n<\/ul>\n\n\n\n<p>Anche quando l\u2019ambiente non \u00e8 favorevole.<\/p>\n\n\n\n<hr class=\"wp-block-separator has-alpha-channel-opacity\"\/>\n\n\n\n<h1 class=\"wp-block-heading\">Un\u2019eredit\u00e0 che rimane viva<\/h1>\n\n\n\n<p>Nel <strong>1982<\/strong> <strong>Papa Giovanni Paolo II<\/strong> canonizz\u00f2 Massimiliano Kolbe e lo dichiar\u00f2:<\/p>\n\n\n\n<p><strong>\u00abMartire della carit\u00e0.\u00bb<\/strong><\/p>\n\n\n\n<p>Alla cerimonia era presente l\u2019uomo la cui vita aveva salvato.<\/p>\n\n\n\n<p>Franciszek Gajowniczek visse fino al <strong>1995<\/strong>, potendo vedere crescere la sua famiglia grazie al sacrificio del sacerdote.<\/p>\n\n\n\n<p>Questo fatto ci ricorda che il vero amore <strong>genera vita anche dopo la morte<\/strong>.<\/p>\n\n\n\n<hr class=\"wp-block-separator has-alpha-channel-opacity\"\/>\n\n\n\n<h1 class=\"wp-block-heading\">Conclusione: l\u2019amore che vince l\u2019odio<\/h1>\n\n\n\n<p>San Massimiliano Kolbe non aveva potere politico.<\/p>\n\n\n\n<p>Non aveva armi.<\/p>\n\n\n\n<p>Non aveva influenza militare.<\/p>\n\n\n\n<p>Ma possedeva qualcosa di pi\u00f9 forte:<\/p>\n\n\n\n<p><strong>un cuore trasformato dal Vangelo.<\/strong><\/p>\n\n\n\n<p>Nel luogo in cui l\u2019odio sembrava trionfare, scelse di amare.<\/p>\n\n\n\n<p>Nel luogo in cui tutti lottavano per sopravvivere, scelse di donarsi.<\/p>\n\n\n\n<p>E nel luogo in cui regnava la morte, lasci\u00f2 un messaggio eterno:<\/p>\n\n\n\n<p>L\u2019amore di Cristo \u00e8 pi\u00f9 forte di ogni oscurit\u00e0.<\/p>\n\n\n\n<p>Oggi ogni cristiano \u00e8 chiamato a continuare questa eredit\u00e0 \u2014 non necessariamente morendo per qualcuno, ma <strong>vivendo ogni giorno per gli altri<\/strong>.<\/p>\n\n\n\n<p>Perch\u00e9 alla fine la vera grandezza della vita cristiana si misura con una sola domanda:<\/p>\n\n\n\n<p><strong>Quanto abbiamo amato?<\/strong><\/p>\n","protected":false},"excerpt":{"rendered":"<p>Una testimonianza di amore cristiano vissuto fino alle sue ultime conseguenze Nella storia del cristianesimo ci sono figure che non insegnano soltanto con le parole, ma predicano con l\u2019intera loro vita. Tra queste spicca San Massimiliano Maria Kolbe, un sacerdote francescano che, nel cuore di uno degli episodi pi\u00f9 oscuri del XX secolo \u2014 i &hellip;<\/p>\n","protected":false},"author":3,"featured_media":5164,"comment_status":"closed","ping_status":"closed","sticky":false,"template":"","format":"standard","meta":{"_seopress_robots_primary_cat":"","_seopress_titles_title":"","_seopress_titles_desc":"","_seopress_robots_index":"","footnotes":""},"categories":[41,67],"tags":[1889],"class_list":["post-5163","post","type-post","status-publish","format-standard","has-post-thumbnail","","category-fede-e-cultura","category-testimonianze-di-fede","tag-massimiliano-kolbe"],"_links":{"self":[{"href":"https:\/\/catholicus.eu\/it\/wp-json\/wp\/v2\/posts\/5163","targetHints":{"allow":["GET"]}}],"collection":[{"href":"https:\/\/catholicus.eu\/it\/wp-json\/wp\/v2\/posts"}],"about":[{"href":"https:\/\/catholicus.eu\/it\/wp-json\/wp\/v2\/types\/post"}],"author":[{"embeddable":true,"href":"https:\/\/catholicus.eu\/it\/wp-json\/wp\/v2\/users\/3"}],"replies":[{"embeddable":true,"href":"https:\/\/catholicus.eu\/it\/wp-json\/wp\/v2\/comments?post=5163"}],"version-history":[{"count":1,"href":"https:\/\/catholicus.eu\/it\/wp-json\/wp\/v2\/posts\/5163\/revisions"}],"predecessor-version":[{"id":5165,"href":"https:\/\/catholicus.eu\/it\/wp-json\/wp\/v2\/posts\/5163\/revisions\/5165"}],"wp:featuredmedia":[{"embeddable":true,"href":"https:\/\/catholicus.eu\/it\/wp-json\/wp\/v2\/media\/5164"}],"wp:attachment":[{"href":"https:\/\/catholicus.eu\/it\/wp-json\/wp\/v2\/media?parent=5163"}],"wp:term":[{"taxonomy":"category","embeddable":true,"href":"https:\/\/catholicus.eu\/it\/wp-json\/wp\/v2\/categories?post=5163"},{"taxonomy":"post_tag","embeddable":true,"href":"https:\/\/catholicus.eu\/it\/wp-json\/wp\/v2\/tags?post=5163"}],"curies":[{"name":"wp","href":"https:\/\/api.w.org\/{rel}","templated":true}]}}