{"id":5120,"date":"2026-02-27T11:35:09","date_gmt":"2026-02-27T10:35:09","guid":{"rendered":"https:\/\/catholicus.eu\/it\/?p=5120"},"modified":"2026-02-27T11:35:09","modified_gmt":"2026-02-27T10:35:09","slug":"un-solo-dio-ma-non-come-pensi-il-modalismo-leresia-che-sfigura-il-volto-della-trinita","status":"publish","type":"post","link":"https:\/\/catholicus.eu\/it\/un-solo-dio-ma-non-come-pensi-il-modalismo-leresia-che-sfigura-il-volto-della-trinita\/","title":{"rendered":"Un solo Dio\u2026 ma non come pensi: il modalismo, l\u2019eresia che sfigura il volto della Trinit\u00e0"},"content":{"rendered":"\n<p>In un\u2019epoca di video brevi, frasi semplificate e spiegazioni \u201cfacili\u201d su Dio, non \u00e8 sorprendente che antiche confusioni teologiche riemergano. Una di esse \u2014 apparentemente innocua, perfino ben intenzionata \u2014 \u00e8 il <strong>modalismo<\/strong>.<\/p>\n\n\n\n<p>Pu\u00f2 sembrare qualcosa di tecnico. Pu\u00f2 apparire come una questione del passato. Ma non lo \u00e8.<\/p>\n\n\n\n<p>Il modalismo non \u00e8 soltanto un\u2019eresia del III secolo. \u00c8 una tentazione permanente: la tentazione di semplificare il mistero di Dio fino a renderlo gestibile. E quando semplifichiamo il mistero della Santissima Trinit\u00e0, non commettiamo solo un errore intellettuale: deformiamo il cuore stesso del cristianesimo.<\/p>\n\n\n\n<p>Oggi smonteremo questa eresia con rigore teologico, chiarezza pastorale e applicazioni concrete per la tua vita quotidiana.<\/p>\n\n\n\n<p>Perch\u00e9 comprendere chi \u00e8 Dio\u2026 cambia tutto.<\/p>\n\n\n\n<hr class=\"wp-block-separator has-alpha-channel-opacity\"\/>\n\n\n\n<h2 class=\"wp-block-heading\">1\ufe0f\u20e3 Che cos\u2019\u00e8 il modalismo?<\/h2>\n\n\n\n<p>Il modalismo insegna che <strong>Dio \u00e8 un\u2019unica Persona che si manifesta in modi diversi<\/strong>: talvolta come Padre, talvolta come Figlio, talvolta come Spirito Santo.<\/p>\n\n\n\n<p>Secondo questa posizione:<\/p>\n\n\n\n<ul class=\"wp-block-list\">\n<li>Non esistono tre Persone reali.<\/li>\n\n\n\n<li>Esiste un unico soggetto divino che assume diversi \u201cruoli\u201d o \u201cmaschere\u201d nel corso della storia.<\/li>\n<\/ul>\n\n\n\n<p>In altre parole, il Padre, il Figlio e lo Spirito Santo non esisterebbero simultaneamente come Persone distinte, ma sarebbero diverse manifestazioni dello stesso individuo divino.<\/p>\n\n\n\n<p>Pu\u00f2 sembrare logico. Pu\u00f2 perfino apparire come una difesa dell\u2019unit\u00e0 di Dio.<\/p>\n\n\n\n<p>Ma \u00e8 profondamente incompatibile con la fede cattolica.<\/p>\n\n\n\n<hr class=\"wp-block-separator has-alpha-channel-opacity\"\/>\n\n\n\n<h2 class=\"wp-block-heading\">2\ufe0f\u20e3 Origini storiche: da Sabellio ai nostri giorni<\/h2>\n\n\n\n<p>Il principale promotore del modalismo fu <strong>Sabelio<\/strong>, teologo del III secolo. Per questo motivo l\u2019eresia \u00e8 chiamata anche <em>sabellianesimo<\/em>.<\/p>\n\n\n\n<p>Nel tentativo di difendere il monoteismo contro interpretazioni che sembravano dividere Dio in tre d\u00e8i, fin\u00ec per negare la distinzione reale tra le Persone divine.<\/p>\n\n\n\n<p>La Chiesa reag\u00ec con chiarezza. Padri come <strong>Tertuliano<\/strong> e <strong>Hip\u00f3lito de Roma<\/strong> combatterono questa dottrina, difendendo che:<\/p>\n\n\n\n<ul class=\"wp-block-list\">\n<li>Dio \u00e8 uno nell\u2019essenza.<\/li>\n\n\n\n<li>Ma trino nelle Persone.<\/li>\n<\/ul>\n\n\n\n<p>Successivamente, il <strong>Concilio de Nicea<\/strong> (325 d.C.) e il <strong>Concilio de Constantinopla<\/strong> (381 d.C.) definirono solennemente la fede trinitaria contro varie eresie.<\/p>\n\n\n\n<p>La formula cattolica divenne chiara:<\/p>\n\n\n\n<blockquote class=\"wp-block-quote is-layout-flow wp-block-quote-is-layout-flow\">\n<p><strong>Un solo Dio in tre Persone realmente distinte, consustanziali ed eterne.<\/strong><\/p>\n<\/blockquote>\n\n\n\n<hr class=\"wp-block-separator has-alpha-channel-opacity\"\/>\n\n\n\n<h2 class=\"wp-block-heading\">3\ufe0f\u20e3 Perch\u00e9 il modalismo \u00e8 un\u2019eresia?<\/h2>\n\n\n\n<p>Perch\u00e9 distrugge il mistero centrale del cristianesimo: la Trinit\u00e0.<\/p>\n\n\n\n<p>La fede cattolica afferma che:<\/p>\n\n\n\n<ul class=\"wp-block-list\">\n<li>Il Padre \u00e8 Dio.<\/li>\n\n\n\n<li>Il Figlio \u00e8 Dio.<\/li>\n\n\n\n<li>Lo Spirito Santo \u00e8 Dio.<\/li>\n\n\n\n<li>Non sono tre d\u00e8i.<\/li>\n\n\n\n<li>Non sono una sola Persona con tre travestimenti.<\/li>\n\n\n\n<li>Sono tre Persone distinte che condividono un\u2019unica natura divina.<\/li>\n<\/ul>\n\n\n\n<p>Se il modalismo fosse vero, i Vangeli sarebbero incoerenti.<\/p>\n\n\n\n<h3 class=\"wp-block-heading\">\ud83d\udcd6 Il Battesimo di Cristo<\/h3>\n\n\n\n<p>Nel battesimo di Ges\u00f9 vediamo:<\/p>\n\n\n\n<ul class=\"wp-block-list\">\n<li>Il Figlio nel Giordano.<\/li>\n\n\n\n<li>Lo Spirito che scende come colomba.<\/li>\n\n\n\n<li>La voce del Padre dal cielo.<\/li>\n<\/ul>\n\n\n\n<blockquote class=\"wp-block-quote is-layout-flow wp-block-quote-is-layout-flow\">\n<p>\u00abQuesti \u00e8 il Figlio mio prediletto, nel quale mi sono compiaciuto\u00bb (Matteo 3,17).<\/p>\n<\/blockquote>\n\n\n\n<p>Qui non c\u2019\u00e8 un \u201cmodo\u201d successivo. C\u2019\u00e8 una simultaneit\u00e0 reale.<\/p>\n\n\n\n<p>Se Dio fosse un\u2019unica Persona che cambia maschera, questa scena sarebbe un teatro divino. Ma Dio non interpreta ruoli: Dio \u00e8 comunione eterna.<\/p>\n\n\n\n<hr class=\"wp-block-separator has-alpha-channel-opacity\"\/>\n\n\n\n<h2 class=\"wp-block-heading\">4\ufe0f\u20e3 Il problema teologico profondo<\/h2>\n\n\n\n<p>Il modalismo elimina qualcosa di essenziale: <strong>la relazione eterna all\u2019interno di Dio<\/strong>.<\/p>\n\n\n\n<p>Nella teologia cattolica:<\/p>\n\n\n\n<ul class=\"wp-block-list\">\n<li>Il Padre genera eternamente il Figlio.<\/li>\n\n\n\n<li>Il Figlio \u00e8 eternamente generato.<\/li>\n\n\n\n<li>Lo Spirito Santo procede dal Padre e dal Figlio come Amore sussistente.<\/li>\n<\/ul>\n\n\n\n<p>Dio non \u00e8 solitudine.<br>Dio \u00e8 comunione.<br>Dio \u00e8 relazione.<\/p>\n\n\n\n<p>Come scrive san Giovanni:<\/p>\n\n\n\n<blockquote class=\"wp-block-quote is-layout-flow wp-block-quote-is-layout-flow\">\n<p>\u00abDio \u00e8 amore\u00bb (1 Giovanni 4,8).<\/p>\n<\/blockquote>\n\n\n\n<p>Ma l\u2019amore richiede alterit\u00e0. Se non c\u2019\u00e8 distinzione reale delle Persone, non c\u2019\u00e8 amore eterno in Dio. E allora Dio avrebbe avuto bisogno di creare il mondo per poter amare.<\/p>\n\n\n\n<p>Ci\u00f2 sarebbe teologicamente inaccettabile.<\/p>\n\n\n\n<hr class=\"wp-block-separator has-alpha-channel-opacity\"\/>\n\n\n\n<h2 class=\"wp-block-heading\">5\ufe0f\u20e3 Perch\u00e9 il modalismo ritorna oggi?<\/h2>\n\n\n\n<p>Perch\u00e9 viviamo in una cultura che:<\/p>\n\n\n\n<ul class=\"wp-block-list\">\n<li>Rifiuta il mistero.<\/li>\n\n\n\n<li>Cerca spiegazioni semplificate.<\/li>\n\n\n\n<li>Preferisce metafore facili.<\/li>\n<\/ul>\n\n\n\n<p>Molti cristiani oggi spiegano la Trinit\u00e0 cos\u00ec:<\/p>\n\n\n\n<ul class=\"wp-block-list\">\n<li>\u00abDio \u00e8 come l\u2019acqua: ghiaccio, vapore e liquido.\u00bb<\/li>\n\n\n\n<li>\u00abDio \u00e8 come un uomo che \u00e8 padre, figlio e marito.\u00bb<\/li>\n<\/ul>\n\n\n\n<p>Queste analogie, pur animate da buone intenzioni, tendono verso il modalismo.<\/p>\n\n\n\n<p>Perch\u00e9 in questi esempi c\u2019\u00e8 un\u2019unica persona o sostanza che assume stati diversi \u2014 non tre soggetti reali in relazione eterna.<\/p>\n\n\n\n<p>La Trinit\u00e0 non \u00e8 un enigma logico da risolvere.<br>\u00c8 un mistero rivelato.<\/p>\n\n\n\n<hr class=\"wp-block-separator has-alpha-channel-opacity\"\/>\n\n\n\n<h2 class=\"wp-block-heading\">6\ufe0f\u20e3 Conseguenze spirituali del modalismo<\/h2>\n\n\n\n<p>Non si tratta solo di un dibattito accademico.<\/p>\n\n\n\n<p>Se Dio \u00e8 un\u2019unica Persona che agisce in modi diversi:<\/p>\n\n\n\n<ul class=\"wp-block-list\">\n<li>La preghiera perde profondit\u00e0.<\/li>\n\n\n\n<li>La liturgia perde significato.<\/li>\n\n\n\n<li>L\u2019Incarnazione viene banalizzata.<\/li>\n<\/ul>\n\n\n\n<p>Nella fede cattolica, quando preghi il Padre per mezzo di Cristo nello Spirito Santo, entri nella vita intima della Trinit\u00e0.<\/p>\n\n\n\n<p>Non \u00e8 un formalismo.<br>\u00c8 una partecipazione reale.<\/p>\n\n\n\n<p>La Messa non \u00e8 una rappresentazione simbolica di un Dio che cambia ruolo.<br>\u00c8 l\u2019attualizzazione del sacrificio del Figlio offerto al Padre nello Spirito.<\/p>\n\n\n\n<p>Se neghiamo la distinzione personale, rompiamo l\u2019intera architettura della vita sacramentale.<\/p>\n\n\n\n<hr class=\"wp-block-separator has-alpha-channel-opacity\"\/>\n\n\n\n<h2 class=\"wp-block-heading\">7\ufe0f\u20e3 Sviluppo dogmatico: precisione teologica<\/h2>\n\n\n\n<p>Dal punto di vista della teologia classica:<\/p>\n\n\n\n<ul class=\"wp-block-list\">\n<li>In Dio c\u2019\u00e8 una sola <em>ousia<\/em> (essenza).<\/li>\n\n\n\n<li>Tre <em>ipostasi<\/em> (Persone).<\/li>\n\n\n\n<li>Distinzione reale per relazioni di origine.<\/li>\n\n\n\n<li>Nessuna divisione di sostanza.<\/li>\n<\/ul>\n\n\n\n<p>Il Padre non \u00e8 il Figlio.<br>Il Figlio non \u00e8 lo Spirito.<br>Lo Spirito non \u00e8 il Padre.<\/p>\n\n\n\n<p>Ma nessuno \u00e8 pi\u00f9 Dio dell\u2019altro.<br>Nessuno \u00e8 anteriore.<br>Nessuno \u00e8 inferiore.<\/p>\n\n\n\n<p>Questa precisione fu sviluppata magistralmente da figure come <strong>San Agust\u00edn de Hipona<\/strong>, specialmente nella sua opera <em>De Trinitate<\/em>.<\/p>\n\n\n\n<hr class=\"wp-block-separator has-alpha-channel-opacity\"\/>\n\n\n\n<h2 class=\"wp-block-heading\">8\ufe0f\u20e3 Applicazione pratica: che cosa cambia nella tua vita?<\/h2>\n\n\n\n<p>Tutto.<\/p>\n\n\n\n<h3 class=\"wp-block-heading\">\ud83d\udd39 1. Il tuo modo di amare<\/h3>\n\n\n\n<p>Se Dio \u00e8 Trinit\u00e0, la realt\u00e0 ultima \u00e8 comunione.<br>Dunque:<\/p>\n\n\n\n<ul class=\"wp-block-list\">\n<li>L\u2019individualismo \u00e8 una menzogna.<\/li>\n\n\n\n<li>L\u2019amore \u00e8 ontologicamente superiore all\u2019egoismo.<\/li>\n\n\n\n<li>La famiglia riflette il mistero trinitario.<\/li>\n<\/ul>\n\n\n\n<h3 class=\"wp-block-heading\">\ud83d\udd39 2. Il tuo modo di pregare<\/h3>\n\n\n\n<p>Non preghi una forza impersonale.<br>Preghi un Padre.<br>Per mezzo del Figlio.<br>Nello Spirito.<\/p>\n\n\n\n<p>Ogni preghiera cristiana autentica \u00e8 trinitaria.<\/p>\n\n\n\n<h3 class=\"wp-block-heading\">\ud83d\udd39 3. La tua identit\u00e0<\/h3>\n\n\n\n<p>Sei stato battezzato \u00abnel nome del Padre e del Figlio e dello Spirito Santo\u00bb.<\/p>\n\n\n\n<p>Non nei \u201cnomi\u201d.<br>Nel nome \u2014 singolare \u2014 dell\u2019unico Dio trino.<\/p>\n\n\n\n<p>La tua vita \u00e8 segnata dalla Trinit\u00e0.<br>La tua anima \u00e8 dimora della Santissima Trinit\u00e0.<\/p>\n\n\n\n<hr class=\"wp-block-separator has-alpha-channel-opacity\"\/>\n\n\n\n<h2 class=\"wp-block-heading\">9\ufe0f\u20e3 Come custodire la tua fede oggi<\/h2>\n\n\n\n<ol class=\"wp-block-list\">\n<li>Evita spiegazioni semplicistiche della Trinit\u00e0.<\/li>\n\n\n\n<li>Studia il Credo.<\/li>\n\n\n\n<li>Recita il <em>Gloria<\/em> con consapevolezza teologica.<\/li>\n\n\n\n<li>Medita i Vangeli osservando le relazioni tra Padre, Figlio e Spirito.<\/li>\n\n\n\n<li>Vivi la comunione nella tua famiglia e nella tua comunit\u00e0.<\/li>\n<\/ol>\n\n\n\n<p>L\u2019ortodossia non \u00e8 rigidit\u00e0.<br>\u00c8 fedelt\u00e0 al Dio reale.<\/p>\n\n\n\n<hr class=\"wp-block-separator has-alpha-channel-opacity\"\/>\n\n\n\n<h2 class=\"wp-block-heading\">\ud83d\udd1f Conclusione: non ridurre Dio<\/h2>\n\n\n\n<p>Il modalismo nasce dal desiderio di semplificare.<br>Ma il mistero non si semplifica.<br>Si adora.<\/p>\n\n\n\n<p>La Trinit\u00e0 non \u00e8 un problema logico da risolvere.<br>\u00c8 il cuore del cristianesimo.<\/p>\n\n\n\n<p>Se Dio fosse un\u2019unica Persona con diversi modi, il Vangelo sarebbe una metafora.<br>Ma se Dio \u00e8 Padre, Figlio e Spirito Santo in comunione eterna, allora:<\/p>\n\n\n\n<ul class=\"wp-block-list\">\n<li>L\u2019amore \u00e8 eterno.<\/li>\n\n\n\n<li>La relazione \u00e8 divina.<\/li>\n\n\n\n<li>E la tua vocazione \u00e8 entrare in quella comunione.<\/li>\n<\/ul>\n\n\n\n<p>L\u2019eresia del modalismo non \u00e8 solo un errore del passato.<br>\u00c8 una tentazione permanente di addomesticare Dio.<\/p>\n\n\n\n<p>Non farlo.<\/p>\n\n\n\n<p>Adora.<br>Contempla.<br>Approfondisci.<\/p>\n\n\n\n<p>Perch\u00e9 nel mistero della Santissima Trinit\u00e0 non c\u2019\u00e8 confusione\u2026<br>c\u2019\u00e8 comunione.<\/p>\n\n\n\n<p>E l\u00ec si trova il tuo destino eterno.<\/p>\n","protected":false},"excerpt":{"rendered":"<p>In un\u2019epoca di video brevi, frasi semplificate e spiegazioni \u201cfacili\u201d su Dio, non \u00e8 sorprendente che antiche confusioni teologiche riemergano. Una di esse \u2014 apparentemente innocua, perfino ben intenzionata \u2014 \u00e8 il modalismo. Pu\u00f2 sembrare qualcosa di tecnico. Pu\u00f2 apparire come una questione del passato. Ma non lo \u00e8. Il modalismo non \u00e8 soltanto un\u2019eresia &hellip;<\/p>\n","protected":false},"author":3,"featured_media":5121,"comment_status":"closed","ping_status":"closed","sticky":false,"template":"","format":"standard","meta":{"_seopress_robots_primary_cat":"","_seopress_titles_title":"","_seopress_titles_desc":"","_seopress_robots_index":"","footnotes":""},"categories":[51,38],"tags":[1876],"class_list":["post-5120","post","type-post","status-publish","format-standard","has-post-thumbnail","","category-magistero-della-chiesa","category-storia-e-tradizione","tag-modalismo"],"_links":{"self":[{"href":"https:\/\/catholicus.eu\/it\/wp-json\/wp\/v2\/posts\/5120","targetHints":{"allow":["GET"]}}],"collection":[{"href":"https:\/\/catholicus.eu\/it\/wp-json\/wp\/v2\/posts"}],"about":[{"href":"https:\/\/catholicus.eu\/it\/wp-json\/wp\/v2\/types\/post"}],"author":[{"embeddable":true,"href":"https:\/\/catholicus.eu\/it\/wp-json\/wp\/v2\/users\/3"}],"replies":[{"embeddable":true,"href":"https:\/\/catholicus.eu\/it\/wp-json\/wp\/v2\/comments?post=5120"}],"version-history":[{"count":1,"href":"https:\/\/catholicus.eu\/it\/wp-json\/wp\/v2\/posts\/5120\/revisions"}],"predecessor-version":[{"id":5122,"href":"https:\/\/catholicus.eu\/it\/wp-json\/wp\/v2\/posts\/5120\/revisions\/5122"}],"wp:featuredmedia":[{"embeddable":true,"href":"https:\/\/catholicus.eu\/it\/wp-json\/wp\/v2\/media\/5121"}],"wp:attachment":[{"href":"https:\/\/catholicus.eu\/it\/wp-json\/wp\/v2\/media?parent=5120"}],"wp:term":[{"taxonomy":"category","embeddable":true,"href":"https:\/\/catholicus.eu\/it\/wp-json\/wp\/v2\/categories?post=5120"},{"taxonomy":"post_tag","embeddable":true,"href":"https:\/\/catholicus.eu\/it\/wp-json\/wp\/v2\/tags?post=5120"}],"curies":[{"name":"wp","href":"https:\/\/api.w.org\/{rel}","templated":true}]}}