{"id":5104,"date":"2026-02-25T21:17:39","date_gmt":"2026-02-25T20:17:39","guid":{"rendered":"https:\/\/catholicus.eu\/it\/?p=5104"},"modified":"2026-02-25T21:18:18","modified_gmt":"2026-02-25T20:18:18","slug":"san-tito-brandsma-il-martire-che-sfido-il-nazismo-con-la-forza-del-carmelo","status":"publish","type":"post","link":"https:\/\/catholicus.eu\/it\/san-tito-brandsma-il-martire-che-sfido-il-nazismo-con-la-forza-del-carmelo\/","title":{"rendered":"San Tito Brandsma: Il martire che sfid\u00f2 il nazismo con la forza del Carmelo"},"content":{"rendered":"\n<p>In un secolo segnato da ideologie totalitarie, guerre mondiali e una profonda crisi spirituale, Dio ha suscitato testimoni luminosi. Uno di essi fu <strong>San Tito Brandsma<\/strong>, carmelitano, giornalista, professore universitario e martire del nazismo. La sua vita \u00e8 un grido silenzioso che attraversa il tempo: si pu\u00f2 resistere al male senza odio, si pu\u00f2 difendere la verit\u00e0 senza violenza, si pu\u00f2 morire perdonando.<\/p>\n\n\n\n<p>Oggi, mentre la verit\u00e0 viene nuovamente manipolata, la libert\u00e0 religiosa \u00e8 messa in discussione e molti cristiani avvertono la pressione di tacere la propria fede, la figura di San Tito diventa sorprendentemente attuale.<\/p>\n\n\n\n<p>Questo articolo non \u00e8 solo una biografia. \u00c8 un invito. Una guida spirituale. Una chiamata alla coerenza.<\/p>\n\n\n\n<hr class=\"wp-block-separator has-alpha-channel-opacity\"\/>\n\n\n\n<h2 class=\"wp-block-heading\">1. Un figlio del Carmelo in terra protestante<\/h2>\n\n\n\n<p>Tito Brandsma nacque nel 1881 nei Paesi Bassi, in una famiglia contadina profondamente cattolica, in un ambiente prevalentemente protestante. Fin dall\u2019infanzia respir\u00f2 una fede vissuta, concreta, sacrificata. Non era una fede culturale; era una fede consapevole.<\/p>\n\n\n\n<p>Entr\u00f2 nell\u2019Ordine del Carmelo e prese il nome di Tito. Il Carmelo, scuola di preghiera e contemplazione, segn\u00f2 per sempre la sua spiritualit\u00e0. Il suo amore per <strong>Santa Teresa d&#8217;Avila<\/strong> e <strong>San Giovanni della Croce<\/strong> non fu meramente accademico. Egli comprese che la mistica non \u00e8 evasione, ma profondit\u00e0; non \u00e8 fuga dal mondo, ma radice per trasformarlo.<\/p>\n\n\n\n<p>In seguito divenne professore e rettore dell\u2019Universit\u00e0 Cattolica di Nimega. Intellettuale brillante, storico, filosofo, giornalista. Ma prima di tutto: sacerdote.<\/p>\n\n\n\n<hr class=\"wp-block-separator has-alpha-channel-opacity\"\/>\n\n\n\n<h2 class=\"wp-block-heading\">2. Quando la verit\u00e0 ha un prezzo<\/h2>\n\n\n\n<p>Negli anni Trenta il nazismo si diffondeva in Europa. Nel 1940 i Paesi Bassi furono invasi dalla Germania di <strong>Adolf Hitler<\/strong>.<\/p>\n\n\n\n<p>Il regime esigeva che i giornali cattolici pubblicassero propaganda nazista. Tito, in qualit\u00e0 di consigliere ecclesiastico della stampa cattolica, trasmise la chiara istruzione dei vescovi: <strong>non collaborare con la menzogna<\/strong>.<\/p>\n\n\n\n<p>Sapeva ci\u00f2 che stava facendo. Conosceva le conseguenze.<\/p>\n\n\n\n<p>Fu arrestato nel 1942. Interrogato. Umiliato. Trasferito in diverse carceri fino ad arrivare al campo di concentramento di <strong>Dachau<\/strong>.<\/p>\n\n\n\n<p>L\u00ec, tra il freddo, la fame e le torture, non cess\u00f2 mai di essere sacerdote. Ascoltava confessioni clandestine. Incoraggiava i prigionieri. Pregava. Consolava.<\/p>\n\n\n\n<p>Il 26 luglio 1942 fu assassinato con un\u2019iniezione letale.<\/p>\n\n\n\n<p>Ma la sua morte non fu una sconfitta. Fu un\u2019offerta.<\/p>\n\n\n\n<hr class=\"wp-block-separator has-alpha-channel-opacity\"\/>\n\n\n\n<h2 class=\"wp-block-heading\">3. La teologia del suo martirio: verit\u00e0, libert\u00e0 e carit\u00e0<\/h2>\n\n\n\n<p>Il martirio di San Tito non fu una reazione politica. Fu una conseguenza teologica.<\/p>\n\n\n\n<h3 class=\"wp-block-heading\">a) La verit\u00e0 non \u00e8 negoziabile<\/h3>\n\n\n\n<p>Ges\u00f9 dice:<\/p>\n\n\n\n<blockquote class=\"wp-block-quote is-layout-flow wp-block-quote-is-layout-flow\">\n<p>\u00abLa verit\u00e0 vi far\u00e0 liberi\u00bb (Gv 8,32).<\/p>\n<\/blockquote>\n\n\n\n<p>San Tito comprese che quando la stampa mente sistematicamente, l\u2019anima di un popolo si corrompe. Difendere la verit\u00e0 era un atto di carit\u00e0. Perch\u00e9 la menzogna non solo inganna; schiavizza.<\/p>\n\n\n\n<p>Oggi, nell\u2019era della post-verit\u00e0, delle fake news e della manipolazione ideologica, la sua testimonianza interpella direttamente giornalisti, comunicatori e anche ogni cristiano che condivide contenuti senza discernimento.<\/p>\n\n\n\n<p>La verit\u00e0 non \u00e8 un\u2019opinione. \u00c8 una Persona: Cristo.<\/p>\n\n\n\n<h3 class=\"wp-block-heading\">b) La libert\u00e0 cristiana di fronte al totalitarismo<\/h3>\n\n\n\n<p>Il nazismo non voleva soltanto dominare territori; voleva dominare le coscienze. Il cristianesimo afferma che la coscienza appartiene a Dio.<\/p>\n\n\n\n<p>San Tito non mor\u00ec per un\u2019ideologia politica, ma per la libert\u00e0 interiore che sgorga dal Vangelo.<\/p>\n\n\n\n<p>San Paolo lo esprime cos\u00ec:<\/p>\n\n\n\n<blockquote class=\"wp-block-quote is-layout-flow wp-block-quote-is-layout-flow\">\n<p>\u00abCristo ci ha liberati per la libert\u00e0\u00bb (Gal 5,1).<\/p>\n<\/blockquote>\n\n\n\n<p>Il totalitarismo moderno non indossa sempre un\u2019uniforme. A volte si presenta come correttezza politica, come pressione culturale, come esclusione sociale. Ma il principio \u00e8 lo stesso: mettere a tacere la verit\u00e0 rivelata.<\/p>\n\n\n\n<p>San Tito ci insegna che un cristiano pu\u00f2 perdere tutto\u2026 tranne la libert\u00e0 interiore.<\/p>\n\n\n\n<h3 class=\"wp-block-heading\">c) La carit\u00e0 eroica: perdonare il carnefice<\/h3>\n\n\n\n<p>Uno degli episodi pi\u00f9 commoventi della sua vita avvenne a Dachau. L\u2019infermiera che gli somministr\u00f2 l\u2019iniezione letale dichiar\u00f2 in seguito che Tito le aveva donato il suo rosario e le aveva detto:<\/p>\n\n\n\n<p>\u00abPrega per me.\u00bb<\/p>\n\n\n\n<p>Non era cattolica. Anni dopo, la sua testimonianza contribu\u00ec alla causa di beatificazione.<\/p>\n\n\n\n<p>Qui sta il cuore del cristianesimo. Non \u00e8 resistenza con odio. \u00c8 resistenza con carit\u00e0.<\/p>\n\n\n\n<p>Ges\u00f9 disse:<\/p>\n\n\n\n<blockquote class=\"wp-block-quote is-layout-flow wp-block-quote-is-layout-flow\">\n<p>\u00abAmate i vostri nemici\u00bb (Mt 5,44).<\/p>\n<\/blockquote>\n\n\n\n<p>San Tito non lo predic\u00f2 soltanto. Lo visse.<\/p>\n\n\n\n<hr class=\"wp-block-separator has-alpha-channel-opacity\"\/>\n\n\n\n<h2 class=\"wp-block-heading\">4. Il Carmelo nel campo di concentramento<\/h2>\n\n\n\n<p>Ci\u00f2 che colpisce maggiormente della sua figura \u00e8 che non cess\u00f2 mai di essere contemplativo.<\/p>\n\n\n\n<p>La spiritualit\u00e0 carmelitana insegna che l\u2019anima pu\u00f2 vivere unita a Dio nel mezzo della sofferenza. Come <strong>Santa Teresa di Lisieux<\/strong>, comprese che la santit\u00e0 si gioca nel piccolo, nel quotidiano, nel nascosto.<\/p>\n\n\n\n<p>A Dachau scrisse:<\/p>\n\n\n\n<p>\u00abMi sento felice e in pace.\u00bb<\/p>\n\n\n\n<p>Com\u2019\u00e8 possibile? Perch\u00e9 la sua identit\u00e0 non dipendeva dalle circostanze esterne, ma dalla sua unione con Cristo crocifisso.<\/p>\n\n\n\n<p>Qui c\u2019\u00e8 una lezione fondamentale per il nostro tempo:<br>Il cristiano che non coltiva la vita interiore sar\u00e0 trascinato da qualsiasi vento ideologico.<\/p>\n\n\n\n<hr class=\"wp-block-separator has-alpha-channel-opacity\"\/>\n\n\n\n<h2 class=\"wp-block-heading\">5. Attualit\u00e0: Che cosa ci dice oggi San Tito Brandsma?<\/h2>\n\n\n\n<p>Viviamo in un\u2019epoca in cui:<\/p>\n\n\n\n<ul class=\"wp-block-list\">\n<li>La fede viene ridicolizzata.<\/li>\n\n\n\n<li>I cristiani sono spinti a tacere le proprie convinzioni.<\/li>\n\n\n\n<li>La verit\u00e0 viene relativizzata.<\/li>\n\n\n\n<li>L\u2019informazione viene manipolata.<\/li>\n<\/ul>\n\n\n\n<p>San Tito ci offre tre cammini concreti:<\/p>\n\n\n\n<h3 class=\"wp-block-heading\">1. Formazione solida<\/h3>\n\n\n\n<p>Era un intellettuale serio. Non improvvisava. Oggi il cattolico ha bisogno di una formazione dottrinale profonda per non lasciarsi confondere.<\/p>\n\n\n\n<p>Non basta \u201csentire\u201d la fede. Bisogna conoscerla.<\/p>\n\n\n\n<h3 class=\"wp-block-heading\">2. Coerenza pubblica<\/h3>\n\n\n\n<p>Non separ\u00f2 fede e vita. Non disse: \u00abLa mia spiritualit\u00e0 \u00e8 privata\u00bb. Comprese che il Vangelo ha conseguenze sociali.<\/p>\n\n\n\n<p>Tu, nel tuo lavoro, nella tua azienda, nel tuo ambiente (specialmente se hai responsabilit\u00e0 su altre persone), puoi creare un clima di verit\u00e0 e di dignit\u00e0 umana.<\/p>\n\n\n\n<p>La santit\u00e0 si vive anche nella gestione, nella giustizia sul lavoro, nel rispetto, nell\u2019onest\u00e0 commerciale.<\/p>\n\n\n\n<h3 class=\"wp-block-heading\">3. Vita interiore profonda<\/h3>\n\n\n\n<p>Senza preghiera non c\u2019\u00e8 resistenza. Senza sacramenti non c\u2019\u00e8 perseveranza.<\/p>\n\n\n\n<p>San Tito resistette perch\u00e9 pregava.<\/p>\n\n\n\n<hr class=\"wp-block-separator has-alpha-channel-opacity\"\/>\n\n\n\n<h2 class=\"wp-block-heading\">6. Una guida pastorale per applicare il suo esempio oggi<\/h2>\n\n\n\n<p>Ecco una proposta concreta ispirata alla sua vita:<\/p>\n\n\n\n<h3 class=\"wp-block-heading\">\ud83d\udd4a Pratica il discernimento informativo<\/h3>\n\n\n\n<p>Prima di condividere una notizia, chiediti:<\/p>\n\n\n\n<ul class=\"wp-block-list\">\n<li>\u00c8 vera?<\/li>\n\n\n\n<li>Edifica?<\/li>\n\n\n\n<li>Rispetta la dignit\u00e0 umana?<\/li>\n<\/ul>\n\n\n\n<h3 class=\"wp-block-heading\">\ud83d\udcd6 Approfondisci la dottrina<\/h3>\n\n\n\n<p>Dedica ogni settimana del tempo alla lettura del Catechismo o di testi spirituali carmelitani.<\/p>\n\n\n\n<h3 class=\"wp-block-heading\">\ud83d\ude4f Rafforza la tua vita di preghiera<\/h3>\n\n\n\n<p>Quindici minuti di silenzio quotidiano possono trasformare la tua stabilit\u00e0 interiore.<\/p>\n\n\n\n<h3 class=\"wp-block-heading\">\u271d Impara a soffrire cristianamente<\/h3>\n\n\n\n<p>Non ogni opposizione \u00e8 persecuzione, ma ogni difficolt\u00e0 pu\u00f2 essere offerta a Dio.<\/p>\n\n\n\n<h3 class=\"wp-block-heading\">\u2764\ufe0f Perdona attivamente<\/h3>\n\n\n\n<p>Il cristiano non vince schiacciando. Vince amando.<\/p>\n\n\n\n<hr class=\"wp-block-separator has-alpha-channel-opacity\"\/>\n\n\n\n<h2 class=\"wp-block-heading\">7. Canonizzazione ed eredit\u00e0<\/h2>\n\n\n\n<p>San Tito fu beatificato da <strong>Papa Giovanni Paolo II<\/strong> nel 1985 e canonizzato da <strong>Papa Francesco<\/strong> nel 2022.<\/p>\n\n\n\n<p>La sua canonizzazione non \u00e8 un gesto politico. \u00c8 un messaggio profetico: la Chiesa riconosce come modello colui che ha difeso la verit\u00e0 di fronte al totalitarismo moderno.<\/p>\n\n\n\n<p>Non fu un attivista. Fu un contemplativo impegnato.<\/p>\n\n\n\n<hr class=\"wp-block-separator has-alpha-channel-opacity\"\/>\n\n\n\n<h1 class=\"wp-block-heading\">Conclusione: Saremo cristiani comodi o testimoni coraggiosi?<\/h1>\n\n\n\n<p>San Tito Brandsma ci pone una domanda scomoda:<\/p>\n\n\n\n<p>Tacciamo per evitare problemi?<br>Negoziamo la verit\u00e0 per conservare il comfort?<br>Separiamo fede e vita per paura?<\/p>\n\n\n\n<p>Il mondo non ha bisogno di cristiani aggressivi.<br>Ha bisogno di cristiani coerenti.<br>Fermi. Sereni. Oranti.<\/p>\n\n\n\n<p>Il martirio non sar\u00e0 sempre di sangue.<br>A volte sar\u00e0 di reputazione.<br>Di derisione.<br>Di esclusione.<\/p>\n\n\n\n<p>Ma Cristo continua a dire:<\/p>\n\n\n\n<blockquote class=\"wp-block-quote is-layout-flow wp-block-quote-is-layout-flow\">\n<p>\u00abSe il chicco di grano, caduto in terra, non muore, rimane solo; se invece muore, produce molto frutto\u00bb (Gv 12,24).<\/p>\n<\/blockquote>\n\n\n\n<p>San Tito cadde a Dachau.<br>E il suo frutto continua a crescere.<\/p>\n\n\n\n<p>Che il suo esempio ci aiuti a vivere una fede profonda, formata e coraggiosa.<br>Una fede che non grida, ma neppure si nasconde.<br>Una fede che ama la verit\u00e0 pi\u00f9 del comfort.<\/p>\n\n\n\n<p>Perch\u00e9, alla fine, solo la verit\u00e0 salva.<br>E solo l\u2019amore vince.<\/p>\n","protected":false},"excerpt":{"rendered":"<p>In un secolo segnato da ideologie totalitarie, guerre mondiali e una profonda crisi spirituale, Dio ha suscitato testimoni luminosi. Uno di essi fu San Tito Brandsma, carmelitano, giornalista, professore universitario e martire del nazismo. La sua vita \u00e8 un grido silenzioso che attraversa il tempo: si pu\u00f2 resistere al male senza odio, si pu\u00f2 difendere &hellip;<\/p>\n","protected":false},"author":3,"featured_media":5106,"comment_status":"closed","ping_status":"closed","sticky":false,"template":"","format":"standard","meta":{"_seopress_robots_primary_cat":"","_seopress_titles_title":"","_seopress_titles_desc":"","_seopress_robots_index":"","footnotes":""},"categories":[41,67],"tags":[1872],"class_list":["post-5104","post","type-post","status-publish","format-standard","has-post-thumbnail","","category-fede-e-cultura","category-testimonianze-di-fede","tag-san-tito-brandsma"],"_links":{"self":[{"href":"https:\/\/catholicus.eu\/it\/wp-json\/wp\/v2\/posts\/5104","targetHints":{"allow":["GET"]}}],"collection":[{"href":"https:\/\/catholicus.eu\/it\/wp-json\/wp\/v2\/posts"}],"about":[{"href":"https:\/\/catholicus.eu\/it\/wp-json\/wp\/v2\/types\/post"}],"author":[{"embeddable":true,"href":"https:\/\/catholicus.eu\/it\/wp-json\/wp\/v2\/users\/3"}],"replies":[{"embeddable":true,"href":"https:\/\/catholicus.eu\/it\/wp-json\/wp\/v2\/comments?post=5104"}],"version-history":[{"count":1,"href":"https:\/\/catholicus.eu\/it\/wp-json\/wp\/v2\/posts\/5104\/revisions"}],"predecessor-version":[{"id":5107,"href":"https:\/\/catholicus.eu\/it\/wp-json\/wp\/v2\/posts\/5104\/revisions\/5107"}],"wp:featuredmedia":[{"embeddable":true,"href":"https:\/\/catholicus.eu\/it\/wp-json\/wp\/v2\/media\/5106"}],"wp:attachment":[{"href":"https:\/\/catholicus.eu\/it\/wp-json\/wp\/v2\/media?parent=5104"}],"wp:term":[{"taxonomy":"category","embeddable":true,"href":"https:\/\/catholicus.eu\/it\/wp-json\/wp\/v2\/categories?post=5104"},{"taxonomy":"post_tag","embeddable":true,"href":"https:\/\/catholicus.eu\/it\/wp-json\/wp\/v2\/tags?post=5104"}],"curies":[{"name":"wp","href":"https:\/\/api.w.org\/{rel}","templated":true}]}}