{"id":5084,"date":"2026-02-22T16:11:34","date_gmt":"2026-02-22T15:11:34","guid":{"rendered":"https:\/\/catholicus.eu\/it\/?p=5084"},"modified":"2026-02-22T16:12:05","modified_gmt":"2026-02-22T15:12:05","slug":"fermi-nel-mezzo-del-fuoco-le-epistole-di-pietro-e-larte-cristiana-di-resistere-senza-perdere-lanima","status":"publish","type":"post","link":"https:\/\/catholicus.eu\/it\/fermi-nel-mezzo-del-fuoco-le-epistole-di-pietro-e-larte-cristiana-di-resistere-senza-perdere-lanima\/","title":{"rendered":"\u201cFermi nel mezzo del fuoco\u201d: Le Epistole di Pietro e l\u2019arte cristiana di resistere senza perdere l\u2019anima"},"content":{"rendered":"\n<p>Viviamo in tempi di confusione, polarizzazione ed esaurimento spirituale. Molti cristiani sentono che la loro fede non \u00e8 pi\u00f9 compresa, che la cultura procede in un\u2019altra direzione, che restare fedeli al Vangelo \u00e8 sempre pi\u00f9 difficile. Eppure, questo non \u00e8 nuovo.<\/p>\n\n\n\n<p>Quasi duemila anni fa, un pescatore della Galilea, trasformato in roccia per grazia, scrisse a comunit\u00e0 piccole, fragili e perseguitate. Parl\u00f2 loro di speranza in mezzo alla sofferenza, di santit\u00e0 in un mondo pagano, di fermezza di fronte all\u2019errore dottrinale. Quel pescatore era San Pietro, il primo degli apostoli, e quei testi sono ci\u00f2 che oggi conosciamo come le Epistole di Pietro.<\/p>\n\n\n\n<p>Questo articolo vuole aiutarti a comprenderle in profondit\u00e0 \u2014 storicamente, teologicamente e pastoralmente \u2014 e, soprattutto, a applicarle nella vita quotidiana.<\/p>\n\n\n\n<hr class=\"wp-block-separator has-alpha-channel-opacity\"\/>\n\n\n\n<h2 class=\"wp-block-heading\">1. Contesto storico: una Chiesa piccola, sorvegliata e provata<\/h2>\n\n\n\n<p>Le due lettere che costituiscono il corpus petrino del Nuovo Testamento sono:<\/p>\n\n\n\n<ul class=\"wp-block-list\">\n<li>Prima Lettera di Pietro<\/li>\n\n\n\n<li>Seconda Lettera di Pietro<\/li>\n<\/ul>\n\n\n\n<p>La <strong>Prima Epistola<\/strong> fu probabilmente scritta da Roma (che Pietro chiama simbolicamente \u201cBabilonia\u201d, cf. 1 Pt 5,13) intorno agli anni 62-64 d.C., poco prima della persecuzione di Nerone. \u00c8 indirizzata a comunit\u00e0 cristiane disperse in Asia Minore (l\u2019attuale Turchia), formate in gran parte da convertiti dal paganesimo.<\/p>\n\n\n\n<p>La <strong>Seconda Epistola<\/strong>, di tono pi\u00f9 testamentario, sembra essere stata redatta poco prima del martirio dell\u2019apostolo e affronta specialmente il problema dei falsi maestri e della perdita di speranza nella seconda venuta di Cristo.<\/p>\n\n\n\n<p>Per capirle bene, bisogna ricordare una cosa essenziale: questi cristiani non erano la maggioranza culturale. Non dominavano la politica, l\u2019istruzione o l\u2019opinione pubblica. Erano visti con sospetto. In alcuni luoghi, le persecuzioni erano gi\u00e0 iniziate.<\/p>\n\n\n\n<p>Ti sembra familiare?<\/p>\n\n\n\n<hr class=\"wp-block-separator has-alpha-channel-opacity\"\/>\n\n\n\n<h2 class=\"wp-block-heading\">2. Il grande tema della Prima Lettera: la sofferenza come cammino di gloria<\/h2>\n\n\n\n<p>Se dovessimo riassumere la Prima Epistola in una frase, sarebbe questa:<\/p>\n\n\n\n<blockquote class=\"wp-block-quote is-layout-flow wp-block-quote-is-layout-flow\">\n<p><strong>Il cristiano non fugge dalla sofferenza; la trasforma in gloria.<\/strong><\/p>\n<\/blockquote>\n\n\n\n<p>Pietro scrive con chiarezza impressionante:<\/p>\n\n\n\n<blockquote class=\"wp-block-quote is-layout-flow wp-block-quote-is-layout-flow\">\n<p>\u201cCarissimi, non vi meravigliate del fuoco che vi prova, come se vi accadesse qualcosa di straordinario; ma rallegratevi nella misura in cui partecipate alle sofferenze di Cristo\u201d (1 Pt 4,12-13).<\/p>\n<\/blockquote>\n\n\n\n<h3 class=\"wp-block-heading\">2.1. Teologia della sofferenza redentrice<\/h3>\n\n\n\n<p>Qui troviamo una delle chiavi pi\u00f9 profonde della spiritualit\u00e0 cattolica tradizionale: la sofferenza unita a Cristo non \u00e8 assurda; \u00e8 feconda.<\/p>\n\n\n\n<p>Pietro non propone una rassegnazione stoica. Propone un\u2019unione mistica con la Passione del Signore. Soffrire per Cristo non \u00e8 un fallimento: \u00e8 partecipazione al Mistero Pasquale.<\/p>\n\n\n\n<p>In una cultura contemporanea che idolatra il benessere immediato e fugge dal dolore a ogni costo, questo insegnamento \u00e8 rivoluzionario.<\/p>\n\n\n\n<p><strong>Applicazione pratica:<\/strong><\/p>\n\n\n\n<ul class=\"wp-block-list\">\n<li>Soffri incomprensioni a causa della tua fede?<\/li>\n\n\n\n<li>Sei deriso per difendere la vita o il matrimonio?<\/li>\n\n\n\n<li>Ti senti isolato per vivere castamente?<\/li>\n<\/ul>\n\n\n\n<p>Non stai fallendo. Stai partecipando alla Croce.<\/p>\n\n\n\n<hr class=\"wp-block-separator has-alpha-channel-opacity\"\/>\n\n\n\n<h2 class=\"wp-block-heading\">3. \u201cSiate santi\u201d: identit\u00e0 prima della strategia<\/h2>\n\n\n\n<p>Un altro tema centrale \u00e8 la chiamata alla santit\u00e0:<\/p>\n\n\n\n<blockquote class=\"wp-block-quote is-layout-flow wp-block-quote-is-layout-flow\">\n<p>\u201cCome colui che vi ha chiamati \u00e8 santo, siate anche voi santi in tutta la vostra condotta\u201d (1 Pt 1,15).<\/p>\n<\/blockquote>\n\n\n\n<p>Pietro non dice: \u201cSiate efficaci.\u201d<br>Non dice: \u201cSiate influenti.\u201d<br>Dice: <strong>\u201cSiate santi.\u201d<\/strong><\/p>\n\n\n\n<h3 class=\"wp-block-heading\">3.1. L\u2019identit\u00e0 battesimale<\/h3>\n\n\n\n<p>In uno dei passaggi pi\u00f9 belli del Nuovo Testamento, scrive:<\/p>\n\n\n\n<blockquote class=\"wp-block-quote is-layout-flow wp-block-quote-is-layout-flow\">\n<p>\u201cVoi siete stirpe eletta, sacerdozio regale, nazione santa, popolo acquistato da Dio\u201d (1 Pt 2,9).<\/p>\n<\/blockquote>\n\n\n\n<p>Qui troviamo una profonda teologia del sacerdozio comune dei fedeli. Per il Battesimo, ogni cristiano partecipa alla missione sacerdotale, profetica e regale di Cristo.<\/p>\n\n\n\n<p>Questo non relativizza il sacerdozio ministeriale, ma sottolinea che ogni battezzato ha una dignit\u00e0 altissima e una missione concreta nel mondo.<\/p>\n\n\n\n<p><strong>Applicazione pratica:<\/strong><\/p>\n\n\n\n<ul class=\"wp-block-list\">\n<li>Il tuo lavoro, anche se umile, pu\u00f2 essere offerto come sacrificio spirituale.<\/li>\n\n\n\n<li>La tua famiglia \u00e8 una piccola Chiesa domestica.<\/li>\n\n\n\n<li>La tua coerenza \u00e8 un atto silenzioso di evangelizzazione.<\/li>\n<\/ul>\n\n\n\n<hr class=\"wp-block-separator has-alpha-channel-opacity\"\/>\n\n\n\n<h2 class=\"wp-block-heading\">4. Cristiani nel mondo\u2026 ma non del mondo<\/h2>\n\n\n\n<p>Pietro non chiama alla ribellione politica n\u00e9 all\u2019isolamento settario. Chiede obbedienza legittima alle autorit\u00e0 (cf. 1 Pt 2,13-17), ma senza tradire la coscienza.<\/p>\n\n\n\n<p>Questa tensione \u00e8 profondamente attuale.<\/p>\n\n\n\n<p>In societ\u00e0 dove alcune leggi contraddicono la legge naturale o il Vangelo, il cristiano deve vivere un equilibrio delicato:<\/p>\n\n\n\n<ul class=\"wp-block-list\">\n<li>Rispetto istituzionale<\/li>\n\n\n\n<li>Obiezione di coscienza quando necessario<\/li>\n\n\n\n<li>Testimonianza ferma, ma caritatevole<\/li>\n<\/ul>\n\n\n\n<p>La Prima Lettera ci insegna che la testimonianza pi\u00f9 forte non \u00e8 l\u2019aggressivit\u00e0, ma la coerenza.<\/p>\n\n\n\n<hr class=\"wp-block-separator has-alpha-channel-opacity\"\/>\n\n\n\n<h2 class=\"wp-block-heading\">5. La Seconda Lettera: il pericolo interno<\/h2>\n\n\n\n<p>Se la prima lettera affronta la persecuzione esterna, la seconda si concentra sul nemico interno: l\u2019errore dottrinale.<\/p>\n\n\n\n<p>Pietro avverte chiaramente:<\/p>\n\n\n\n<blockquote class=\"wp-block-quote is-layout-flow wp-block-quote-is-layout-flow\">\n<p>\u201cCi saranno tra voi falsi maestri che introdurranno eresie perniciose\u201d (2 Pt 2,1).<\/p>\n<\/blockquote>\n\n\n\n<h3 class=\"wp-block-heading\">5.1. L\u2019importanza della sana dottrina<\/h3>\n\n\n\n<p>La Seconda Epistola \u00e8 una difesa appassionata della verit\u00e0 rivelata. Avverte contro chi nega la seconda venuta di Cristo o deforma la morale.<\/p>\n\n\n\n<p>Oggi questo messaggio \u00e8 particolarmente rilevante:<\/p>\n\n\n\n<ul class=\"wp-block-list\">\n<li>Relativismo dottrinale<\/li>\n\n\n\n<li>Morale soggettiva<\/li>\n\n\n\n<li>Riduzione del Vangelo a mera etica sociale<\/li>\n<\/ul>\n\n\n\n<p>Pietro ci ricorda che il cristianesimo non \u00e8 un\u2019ideologia mutevole, ma una rivelazione storica e oggettiva.<\/p>\n\n\n\n<hr class=\"wp-block-separator has-alpha-channel-opacity\"\/>\n\n\n\n<h2 class=\"wp-block-heading\">6. La speranza escatologica<\/h2>\n\n\n\n<p>Uno dei passi pi\u00f9 potenti dice:<\/p>\n\n\n\n<blockquote class=\"wp-block-quote is-layout-flow wp-block-quote-is-layout-flow\">\n<p>\u201cUn giorno del Signore vale come mille anni, e mille anni come un giorno\u201d (2 Pt 3,8).<\/p>\n<\/blockquote>\n\n\n\n<p>Pietro risponde a coloro che si prendevano gioco dicendo: \u201cDov\u2019\u00e8 la promessa della sua venuta?\u201d<\/p>\n\n\n\n<p>L\u2019apostolo spiega che Dio non \u00e8 lento; Dio \u00e8 paziente. Concede tempo alla conversione.<\/p>\n\n\n\n<h3 class=\"wp-block-heading\">6.1. Vivere con lo sguardo verso il Cielo<\/h3>\n\n\n\n<p>La speranza nella seconda venuta non \u00e8 evasione, \u00e8 purificazione:<\/p>\n\n\n\n<blockquote class=\"wp-block-quote is-layout-flow wp-block-quote-is-layout-flow\">\n<p>\u201cPoich\u00e9 tutto questo deve dissolversi in tal modo, quale condotta santa e pia dovreste avere!\u201d (2 Pt 3,11).<\/p>\n<\/blockquote>\n\n\n\n<p>Il cristiano vive nel tempo, ma con il cuore fissato sull\u2019eternit\u00e0.<\/p>\n\n\n\n<hr class=\"wp-block-separator has-alpha-channel-opacity\"\/>\n\n\n\n<h2 class=\"wp-block-heading\">7. Chiavi pastorali per oggi<\/h2>\n\n\n\n<h3 class=\"wp-block-heading\">7.1. Impara a soffrire con senso<\/h3>\n\n\n\n<p>Non tutto il dolore \u00e8 persecuzione, ma ogni dolore pu\u00f2 essere offerto.<\/p>\n\n\n\n<h3 class=\"wp-block-heading\">7.2. Custodisci la dottrina<\/h3>\n\n\n\n<p>La formazione non \u00e8 opzionale. Leggi il Catechismo. Studia. Fai domande. L\u2019ignoranza dottrinale lascia spazio all\u2019errore.<\/p>\n\n\n\n<h3 class=\"wp-block-heading\">7.3. Vivi la tua identit\u00e0 battesimale<\/h3>\n\n\n\n<p>Non sei uno spettatore nella Chiesa. Sei un membro vivo del Corpo di Cristo.<\/p>\n\n\n\n<h3 class=\"wp-block-heading\">7.4. Non temere di essere minoranza<\/h3>\n\n\n\n<p>La Chiesa \u00e8 nata come minoranza. La verit\u00e0 non dipende dal numero.<\/p>\n\n\n\n<hr class=\"wp-block-separator has-alpha-channel-opacity\"\/>\n\n\n\n<h2 class=\"wp-block-heading\">8. Pietro: dalla paura alla fermezza<\/h2>\n\n\n\n<p>Non dimentichiamo qualcosa di profondamente commovente: l\u2019autore di queste lettere \u00e8 lo stesso uomo che ha rinnegato Cristo tre volte.<\/p>\n\n\n\n<p>Pietro conosce la debolezza umana. Per questo il suo messaggio non \u00e8 freddo n\u00e9 teorico. \u00c8 pastorale. \u00c8 reale. \u00c8 pieno di speranza.<\/p>\n\n\n\n<p>L\u2019uomo che pianse amaramente scrive ora:<\/p>\n\n\n\n<blockquote class=\"wp-block-quote is-layout-flow wp-block-quote-is-layout-flow\">\n<p>\u201cSiate sempre pronti a rendere ragione a chiunque vi domandi ragione della speranza che \u00e8 in voi, ma fatelo con mansuetudine e rispetto\u201d (1 Pt 3,15).<\/p>\n<\/blockquote>\n\n\n\n<p>Questo versetto \u00e8 un programma per il nostro tempo.<\/p>\n\n\n\n<hr class=\"wp-block-separator has-alpha-channel-opacity\"\/>\n\n\n\n<h2 class=\"wp-block-heading\">Conclusione: imparare a essere roccia<\/h2>\n\n\n\n<p>Le Epistole di Pietro non sono testi antichi senza attualit\u00e0. Sono un manuale di sopravvivenza spirituale per tempi turbolenti.<\/p>\n\n\n\n<p>Ci insegnano:<\/p>\n\n\n\n<ul class=\"wp-block-list\">\n<li>A soffrire senza amarezza<\/li>\n\n\n\n<li>A vivere santi nel mondo<\/li>\n\n\n\n<li>A difendere la verit\u00e0 senza violenza<\/li>\n\n\n\n<li>A sperare nel Cielo senza trascurare la terra<\/li>\n<\/ul>\n\n\n\n<p>In un mondo liquido, Pietro ci invita a essere roccia.<br>In una cultura fragile, ci chiama alla fermezza.<br>In una societ\u00e0 che fugge dal sacrificio, ci ricorda che la Croce \u00e8 la via della gloria.<\/p>\n\n\n\n<p>Non lasciare che queste parole restino teoria. Portale nella tua preghiera. Meditale. Falle vita.<\/p>\n\n\n\n<p>Perch\u00e9 il fuoco verr\u00e0.<br>Ma anche la gloria verr\u00e0.<\/p>\n","protected":false},"excerpt":{"rendered":"<p>Viviamo in tempi di confusione, polarizzazione ed esaurimento spirituale. Molti cristiani sentono che la loro fede non \u00e8 pi\u00f9 compresa, che la cultura procede in un\u2019altra direzione, che restare fedeli al Vangelo \u00e8 sempre pi\u00f9 difficile. Eppure, questo non \u00e8 nuovo. Quasi duemila anni fa, un pescatore della Galilea, trasformato in roccia per grazia, scrisse &hellip;<\/p>\n","protected":false},"author":3,"featured_media":5085,"comment_status":"closed","ping_status":"closed","sticky":false,"template":"","format":"standard","meta":{"_seopress_robots_primary_cat":"","_seopress_titles_title":"","_seopress_titles_desc":"","_seopress_robots_index":"","footnotes":""},"categories":[37,45],"tags":[1867],"class_list":["post-5084","post","type-post","status-publish","format-standard","has-post-thumbnail","","category-dottrina-e-fede","category-sacra-scrittura","tag-pietro"],"_links":{"self":[{"href":"https:\/\/catholicus.eu\/it\/wp-json\/wp\/v2\/posts\/5084","targetHints":{"allow":["GET"]}}],"collection":[{"href":"https:\/\/catholicus.eu\/it\/wp-json\/wp\/v2\/posts"}],"about":[{"href":"https:\/\/catholicus.eu\/it\/wp-json\/wp\/v2\/types\/post"}],"author":[{"embeddable":true,"href":"https:\/\/catholicus.eu\/it\/wp-json\/wp\/v2\/users\/3"}],"replies":[{"embeddable":true,"href":"https:\/\/catholicus.eu\/it\/wp-json\/wp\/v2\/comments?post=5084"}],"version-history":[{"count":1,"href":"https:\/\/catholicus.eu\/it\/wp-json\/wp\/v2\/posts\/5084\/revisions"}],"predecessor-version":[{"id":5086,"href":"https:\/\/catholicus.eu\/it\/wp-json\/wp\/v2\/posts\/5084\/revisions\/5086"}],"wp:featuredmedia":[{"embeddable":true,"href":"https:\/\/catholicus.eu\/it\/wp-json\/wp\/v2\/media\/5085"}],"wp:attachment":[{"href":"https:\/\/catholicus.eu\/it\/wp-json\/wp\/v2\/media?parent=5084"}],"wp:term":[{"taxonomy":"category","embeddable":true,"href":"https:\/\/catholicus.eu\/it\/wp-json\/wp\/v2\/categories?post=5084"},{"taxonomy":"post_tag","embeddable":true,"href":"https:\/\/catholicus.eu\/it\/wp-json\/wp\/v2\/tags?post=5084"}],"curies":[{"name":"wp","href":"https:\/\/api.w.org\/{rel}","templated":true}]}}