{"id":5074,"date":"2026-02-22T14:58:37","date_gmt":"2026-02-22T13:58:37","guid":{"rendered":"https:\/\/catholicus.eu\/it\/?p=5074"},"modified":"2026-02-22T14:58:38","modified_gmt":"2026-02-22T13:58:38","slug":"illuminismo-o-confusione-filosofia-moderna-e-cattolicesimo-la-battaglia-per-lanima-delluomo","status":"publish","type":"post","link":"https:\/\/catholicus.eu\/it\/illuminismo-o-confusione-filosofia-moderna-e-cattolicesimo-la-battaglia-per-lanima-delluomo\/","title":{"rendered":"Illuminismo o Confusione? Filosofia Moderna e Cattolicesimo: La Battaglia per l\u2019Anima dell\u2019Uomo"},"content":{"rendered":"\n<p>Viviamo in un\u2019epoca affascinante e pericolosa. Mai l\u2019essere umano ha avuto tanto accesso alla conoscenza, e mai \u00e8 stato cos\u00ec confuso su ci\u00f2 che \u00e8 essenziale: chi \u00e8, da dove viene e dove va. La filosofia moderna ha modellato profondamente la nostra cultura, le nostre leggi, il nostro modo di pensare\u2026 e, spesso senza che ce ne accorgiamo, anche il nostro modo di credere.<\/p>\n\n\n\n<p>Ma qui sorge la grande domanda:<br>La filosofia moderna \u00e8 nemica del Cattolicesimo? Oppure pu\u00f2 essere purificata, assunta ed elevata dalla fede?<\/p>\n\n\n\n<p>Questo articolo non vuole demonizzare n\u00e9 idealizzare, ma offrire un discernimento rigoroso, teologico e pastorale. Perch\u00e9 ci\u00f2 che \u00e8 in gioco non \u00e8 una discussione accademica, ma la tua anima.<\/p>\n\n\n\n<blockquote class=\"wp-block-quote is-layout-flow wp-block-quote-is-layout-flow\">\n<p>\u00abGuardate che nessuno vi inganni con la filosofia e con vani raggiri, secondo la tradizione degli uomini\u2026 e non secondo Cristo.\u00bb (Colossesi 2,8)<\/p>\n<\/blockquote>\n\n\n\n<p>San Paolo non condanna la filosofia in s\u00e9. Condanna la filosofia che si separa da Cristo.<\/p>\n\n\n\n<hr class=\"wp-block-separator has-alpha-channel-opacity\"\/>\n\n\n\n<h2 class=\"wp-block-heading\">1. Che cosa intendiamo per \u201cfilosofia moderna\u201d?<\/h2>\n\n\n\n<p>La filosofia moderna nasce in Europa tra il XVI e il XVIII secolo. Rappresenta una svolta radicale rispetto alla filosofia classica (Platone, Aristotele) e medievale (soprattutto san Tommaso d\u2019Aquino).<\/p>\n\n\n\n<p>Se la filosofia classica chiedeva:<br><strong>Che cos\u2019\u00e8 la realt\u00e0?<\/strong><\/p>\n\n\n\n<p>La filosofia moderna inizia chiedendo:<br><strong>Che cosa posso conoscere?<\/strong><\/p>\n\n\n\n<p>Questo cambiamento pu\u00f2 sembrare tecnico, ma \u00e8 rivoluzionario.<\/p>\n\n\n\n<p>Alcuni nomi chiave:<\/p>\n\n\n\n<ul class=\"wp-block-list\">\n<li>Ren\u00e9 Descartes (1596\u20131650)<\/li>\n\n\n\n<li>Immanuel Kant (1724\u20131804)<\/li>\n\n\n\n<li>David Hume (1711\u20131776)<\/li>\n\n\n\n<li>Jean-Jacques Rousseau (1712\u20131778)<\/li>\n\n\n\n<li>Georg Wilhelm Friedrich Hegel (1770\u20131831)<\/li>\n<\/ul>\n\n\n\n<p>Che cosa hanno in comune? Lo spostamento del centro da Dio e dall\u2019essere verso il soggetto umano.<\/p>\n\n\n\n<hr class=\"wp-block-separator has-alpha-channel-opacity\"\/>\n\n\n\n<h2 class=\"wp-block-heading\">2. Dall\u2019\u201cEssere\u201d all\u2019\u201cIo\u201d: la nascita del soggettivismo<\/h2>\n\n\n\n<h3 class=\"wp-block-heading\">Descartes e il dubbio metodico<\/h3>\n\n\n\n<p>Ren\u00e9 Descartes inizia il suo sistema con la celebre frase:<br><strong>\u00abCogito, ergo sum\u00bb<\/strong> (Penso, dunque sono).<\/p>\n\n\n\n<p>Il punto di partenza non \u00e8 pi\u00f9 la realt\u00e0 oggettiva, ma la coscienza individuale.<br>La certezza nasce dall\u2019io, non dall\u2019essere.<\/p>\n\n\n\n<p>Questo inaugura un processo storico che culminer\u00e0 in:<\/p>\n\n\n\n<ul class=\"wp-block-list\">\n<li>Soggettivismo morale (\u00abci\u00f2 che conta \u00e8 quello che sento\u00bb)<\/li>\n\n\n\n<li>Relativismo (\u00abognuno ha la sua verit\u00e0\u00bb)<\/li>\n\n\n\n<li>Individualismo radicale<\/li>\n<\/ul>\n\n\n\n<p>La fede cattolica, invece, parte da una verit\u00e0 rivelata che non dipende dalla mia percezione.<\/p>\n\n\n\n<blockquote class=\"wp-block-quote is-layout-flow wp-block-quote-is-layout-flow\">\n<p>\u00abGes\u00f9 Cristo \u00e8 lo stesso ieri, oggi e sempre.\u00bb (Ebrei 13,8)<\/p>\n<\/blockquote>\n\n\n\n<p>La verit\u00e0 non cambia a seconda del soggetto.<\/p>\n\n\n\n<hr class=\"wp-block-separator has-alpha-channel-opacity\"\/>\n\n\n\n<h2 class=\"wp-block-heading\">3. Kant e il limite della conoscenza: un Dio inconoscibile?<\/h2>\n\n\n\n<p>Immanuel Kant sosteneva che non possiamo conoscere la \u201ccosa in s\u00e9\u201d, ma solo i fenomeni.<br>Questo implica che Dio non pu\u00f2 essere conosciuto razionalmente, ma solo postulato moralmente.<\/p>\n\n\n\n<p>Qui si apre una frattura profonda:<\/p>\n\n\n\n<ul class=\"wp-block-list\">\n<li>La teologia cattolica afferma che la ragione pu\u00f2 conoscere l\u2019esistenza di Dio (cf. Romani 1,20).<\/li>\n\n\n\n<li>Kant limita la ragione all\u2019ambito empirico.<\/li>\n<\/ul>\n\n\n\n<p>Questo approccio ha preparato il terreno all\u2019agnosticismo moderno.<\/p>\n\n\n\n<p>Tuttavia, la Chiesa non ha mai temuto la ragione. Al contrario.<br>San Tommaso insegnava che fede e ragione sono due ali che elevano lo spirito umano verso la verit\u00e0.<\/p>\n\n\n\n<p>La rottura moderna tra fede e ragione \u00e8 uno dei grandi drammi del nostro tempo.<\/p>\n\n\n\n<hr class=\"wp-block-separator has-alpha-channel-opacity\"\/>\n\n\n\n<h2 class=\"wp-block-heading\">4. Rousseau e il mito della bont\u00e0 naturale<\/h2>\n\n\n\n<p>Rousseau affermava che l\u2019uomo \u00e8 naturalmente buono e che \u00e8 la societ\u00e0 a corromperlo.<\/p>\n\n\n\n<p>La fede cattolica insegna qualcosa di pi\u00f9 realistico e profondo:<\/p>\n\n\n\n<ul class=\"wp-block-list\">\n<li>L\u2019uomo \u00e8 stato creato buono.<\/li>\n\n\n\n<li>Ma \u00e8 ferito dal peccato originale.<\/li>\n<\/ul>\n\n\n\n<p>Negare il peccato originale conduce a ideologie utopiche che credono che basti cambiare le strutture esterne per redimere l\u2019uomo.<\/p>\n\n\n\n<p>La storia del XX secolo ha tragicamente dimostrato il contrario.<\/p>\n\n\n\n<p>Il problema del mondo non si trova anzitutto nelle strutture, ma nel cuore umano.<\/p>\n\n\n\n<blockquote class=\"wp-block-quote is-layout-flow wp-block-quote-is-layout-flow\">\n<p>\u00abDal cuore, infatti, provengono i propositi malvagi\u2026\u00bb (Matteo 15,19)<\/p>\n<\/blockquote>\n\n\n\n<hr class=\"wp-block-separator has-alpha-channel-opacity\"\/>\n\n\n\n<h2 class=\"wp-block-heading\">5. Hegel e la storia senza trascendenza<\/h2>\n\n\n\n<p>Hegel propose una visione dialettica della storia come progresso inevitabile dello spirito assoluto.<\/p>\n\n\n\n<p>Molti sistemi politici moderni si ispirano a questa idea di progresso necessario.<\/p>\n\n\n\n<p>Il problema \u00e8 che la Provvidenza viene sostituita dal processo storico.<\/p>\n\n\n\n<p>Per il Cattolicesimo:<\/p>\n\n\n\n<ul class=\"wp-block-list\">\n<li>La storia ha un senso.<\/li>\n\n\n\n<li>Ma non \u00e8 automatica.<\/li>\n\n\n\n<li>\u00c8 aperta alla libert\u00e0 umana.<\/li>\n\n\n\n<li>Culmina in Cristo.<\/li>\n<\/ul>\n\n\n\n<p>La salvezza non \u00e8 frutto di una dialettica, ma della Croce.<\/p>\n\n\n\n<hr class=\"wp-block-separator has-alpha-channel-opacity\"\/>\n\n\n\n<h2 class=\"wp-block-heading\">6. Le conseguenze culturali attuali<\/h2>\n\n\n\n<p>La filosofia moderna ha influenzato:<\/p>\n\n\n\n<ul class=\"wp-block-list\">\n<li>Il secolarismo<\/li>\n\n\n\n<li>Il relativismo morale<\/li>\n\n\n\n<li>Lo scientismo<\/li>\n\n\n\n<li>L\u2019emotivismo etico<\/li>\n\n\n\n<li>La perdita del senso del sacro<\/li>\n<\/ul>\n\n\n\n<p>Oggi viviamo in una cultura in cui:<\/p>\n\n\n\n<ul class=\"wp-block-list\">\n<li>La verit\u00e0 \u00e8 opinione.<\/li>\n\n\n\n<li>Il bene \u00e8 preferenza.<\/li>\n\n\n\n<li>L\u2019identit\u00e0 \u00e8 costruzione.<\/li>\n\n\n\n<li>La libert\u00e0 \u00e8 autodeterminazione senza riferimento alla verit\u00e0.<\/li>\n<\/ul>\n\n\n\n<p>Ma la libert\u00e0 senza verit\u00e0 diventa schiavit\u00f9.<\/p>\n\n\n\n<hr class=\"wp-block-separator has-alpha-channel-opacity\"\/>\n\n\n\n<h2 class=\"wp-block-heading\">7. Il cattolico deve rifiutare tutta la filosofia moderna?<\/h2>\n\n\n\n<p>Qui dobbiamo essere rigorosi e giusti.<\/p>\n\n\n\n<p>La Chiesa non rifiuta la filosofia moderna in blocco.<br>Ha dialogato con essa in modo critico.<\/p>\n\n\n\n<p>Per esempio:<\/p>\n\n\n\n<ul class=\"wp-block-list\">\n<li>Riconosce l\u2019importanza della coscienza personale.<\/li>\n\n\n\n<li>Valorizza la dignit\u00e0 del soggetto.<\/li>\n\n\n\n<li>Difende la libert\u00e0 autentica.<\/li>\n<\/ul>\n\n\n\n<p>Ma purifica ci\u00f2 che devia.<\/p>\n\n\n\n<p>L\u2019errore non sta nel riflettere sul soggetto.<br>L\u2019errore sta nell\u2019assolutizzarlo.<\/p>\n\n\n\n<p>La verit\u00e0 non nasce dall\u2019uomo.<br>L\u2019uomo nasce per la verit\u00e0.<\/p>\n\n\n\n<hr class=\"wp-block-separator has-alpha-channel-opacity\"\/>\n\n\n\n<h2 class=\"wp-block-heading\">8. La risposta teologica: recuperare il realismo cristiano<\/h2>\n\n\n\n<p>La tradizione cattolica propone un realismo ontologico:<\/p>\n\n\n\n<ul class=\"wp-block-list\">\n<li>La realt\u00e0 esiste indipendentemente dalla mia mente.<\/li>\n\n\n\n<li>La verit\u00e0 \u00e8 l\u2019adeguazione dell\u2019intelletto alla realt\u00e0.<\/li>\n\n\n\n<li>Dio \u00e8 il fondamento ultimo dell\u2019essere.<\/li>\n<\/ul>\n\n\n\n<p>Questo realismo protegge:<\/p>\n\n\n\n<ul class=\"wp-block-list\">\n<li>L\u2019oggettivit\u00e0 morale.<\/li>\n\n\n\n<li>La stabilit\u00e0 dottrinale.<\/li>\n\n\n\n<li>La dignit\u00e0 autentica della persona.<\/li>\n<\/ul>\n\n\n\n<p>Senza verit\u00e0 oggettiva, non c\u2019\u00e8 amore vero.<br>Perch\u00e9 amare significa volere il bene dell\u2019altro.<br>E se il bene \u00e8 relativo, l\u2019amore si svuota.<\/p>\n\n\n\n<hr class=\"wp-block-separator has-alpha-channel-opacity\"\/>\n\n\n\n<h2 class=\"wp-block-heading\">9. Applicazioni pratiche per la tua vita quotidiana<\/h2>\n\n\n\n<p>Questo tema non \u00e8 teorico. \u00c8 profondamente pastorale.<\/p>\n\n\n\n<h3 class=\"wp-block-heading\">1. Esamina i tuoi presupposti culturali<\/h3>\n\n\n\n<p>Chiediti:<\/p>\n\n\n\n<ul class=\"wp-block-list\">\n<li>Credo che la verit\u00e0 dipenda da ci\u00f2 che sento?<\/li>\n\n\n\n<li>Penso che la morale sia relativa?<\/li>\n\n\n\n<li>Ho separato fede e ragione nella mia vita?<\/li>\n<\/ul>\n\n\n\n<p>La conversione comincia dal pensiero.<\/p>\n\n\n\n<h3 class=\"wp-block-heading\">2. Forma la tua intelligenza<\/h3>\n\n\n\n<p>Leggi filosofia classica e cristiana.<br>Studia il Catechismo.<br>Non avere paura di pensare.<\/p>\n\n\n\n<p>La fede non \u00e8 sentimentalismo. \u00c8 adesione alla Verit\u00e0.<\/p>\n\n\n\n<h3 class=\"wp-block-heading\">3. Recupera la vita sacramentale<\/h3>\n\n\n\n<p>La filosofia moderna non si combatte solo con i libri, ma con la grazia.<\/p>\n\n\n\n<p>Confessione frequente.<br>Eucaristia.<br>Adorazione.<\/p>\n\n\n\n<p>Cristo non \u00e8 un\u2019idea. \u00c8 una Persona.<\/p>\n\n\n\n<h3 class=\"wp-block-heading\">4. Vivi la libert\u00e0 come obbedienza alla verit\u00e0<\/h3>\n\n\n\n<p>La vera libert\u00e0 non \u00e8 fare ci\u00f2 che voglio, ma fare ci\u00f2 che devo.<\/p>\n\n\n\n<p>Cristo non ci rende schiavi con la verit\u00e0. Ci libera.<\/p>\n\n\n\n<blockquote class=\"wp-block-quote is-layout-flow wp-block-quote-is-layout-flow\">\n<p>\u00abConoscerete la verit\u00e0 e la verit\u00e0 vi far\u00e0 liberi.\u00bb (Giovanni 8,32)<\/p>\n<\/blockquote>\n\n\n\n<hr class=\"wp-block-separator has-alpha-channel-opacity\"\/>\n\n\n\n<h2 class=\"wp-block-heading\">10. Un discernimento finale: crisi o purificazione?<\/h2>\n\n\n\n<p>La modernit\u00e0 non \u00e8 solo decadenza. \u00c8 anche un\u2019occasione di purificazione.<\/p>\n\n\n\n<p>In un mondo relativista, la testimonianza di una fede salda risplende di pi\u00f9.<\/p>\n\n\n\n<p>In una cultura soggettiva, la verit\u00e0 vissuta con carit\u00e0 attrae.<\/p>\n\n\n\n<p>In una societ\u00e0 secolarizzata, la coerenza cristiana evangelizza.<\/p>\n\n\n\n<p>La Chiesa ha attraversato imperi, eresie e rivoluzioni.<br>Superer\u00e0 anche la modernit\u00e0.<\/p>\n\n\n\n<p>Ma ha bisogno di cattolici formati, consapevoli e profondamente radicati in Cristo.<\/p>\n\n\n\n<hr class=\"wp-block-separator has-alpha-channel-opacity\"\/>\n\n\n\n<h1 class=\"wp-block-heading\">Conclusione: Tornare a Cristo, fondamento eterno<\/h1>\n\n\n\n<p>La filosofia moderna ha posto domande legittime.<br>Ma quando l\u2019uomo si mette al centro assoluto, finisce per perdersi.<\/p>\n\n\n\n<p>Il Cattolicesimo non teme la ragione.<br>La eleva.<\/p>\n\n\n\n<p>Non teme la libert\u00e0.<br>La purifica.<\/p>\n\n\n\n<p>Non teme il pensiero moderno.<br>Lo discerne.<\/p>\n\n\n\n<p>La grande battaglia non \u00e8 tra Chiesa e cultura.<br>\u00c8 tra verit\u00e0 e soggettivismo.<\/p>\n\n\n\n<p>E questa battaglia comincia nella tua mente e nel tuo cuore.<\/p>\n\n\n\n<p>Pi\u00f9 che mai abbiamo bisogno di cristiani che pensino con rigore, amino con profondit\u00e0 e vivano con coerenza.<\/p>\n\n\n\n<p>Perch\u00e9 solo Cristo risponde pienamente all\u2019inquietudine moderna.<\/p>\n\n\n\n<p>E come scrisse sant\u2019Agostino:<\/p>\n\n\n\n<blockquote class=\"wp-block-quote is-layout-flow wp-block-quote-is-layout-flow\">\n<p>\u00abCi hai fatti per Te, Signore, e il nostro cuore \u00e8 inquieto finch\u00e9 non riposa in Te.\u00bb<\/p>\n<\/blockquote>\n\n\n\n<p>La modernit\u00e0 cerca il riposo nell\u2019io.<br>La fede lo trova in Dio.<\/p>\n\n\n\n<p>E qui sta la differenza decisiva.<\/p>\n","protected":false},"excerpt":{"rendered":"<p>Viviamo in un\u2019epoca affascinante e pericolosa. Mai l\u2019essere umano ha avuto tanto accesso alla conoscenza, e mai \u00e8 stato cos\u00ec confuso su ci\u00f2 che \u00e8 essenziale: chi \u00e8, da dove viene e dove va. La filosofia moderna ha modellato profondamente la nostra cultura, le nostre leggi, il nostro modo di pensare\u2026 e, spesso senza che &hellip;<\/p>\n","protected":false},"author":3,"featured_media":5075,"comment_status":"closed","ping_status":"closed","sticky":false,"template":"","format":"standard","meta":{"_seopress_robots_primary_cat":"","_seopress_titles_title":"","_seopress_titles_desc":"","_seopress_robots_index":"","footnotes":""},"categories":[41,63],"tags":[1865],"class_list":["post-5074","post","type-post","status-publish","format-standard","has-post-thumbnail","","category-fede-e-cultura","category-filosofia-e-fede","tag-filosofia-moderna"],"_links":{"self":[{"href":"https:\/\/catholicus.eu\/it\/wp-json\/wp\/v2\/posts\/5074","targetHints":{"allow":["GET"]}}],"collection":[{"href":"https:\/\/catholicus.eu\/it\/wp-json\/wp\/v2\/posts"}],"about":[{"href":"https:\/\/catholicus.eu\/it\/wp-json\/wp\/v2\/types\/post"}],"author":[{"embeddable":true,"href":"https:\/\/catholicus.eu\/it\/wp-json\/wp\/v2\/users\/3"}],"replies":[{"embeddable":true,"href":"https:\/\/catholicus.eu\/it\/wp-json\/wp\/v2\/comments?post=5074"}],"version-history":[{"count":1,"href":"https:\/\/catholicus.eu\/it\/wp-json\/wp\/v2\/posts\/5074\/revisions"}],"predecessor-version":[{"id":5076,"href":"https:\/\/catholicus.eu\/it\/wp-json\/wp\/v2\/posts\/5074\/revisions\/5076"}],"wp:featuredmedia":[{"embeddable":true,"href":"https:\/\/catholicus.eu\/it\/wp-json\/wp\/v2\/media\/5075"}],"wp:attachment":[{"href":"https:\/\/catholicus.eu\/it\/wp-json\/wp\/v2\/media?parent=5074"}],"wp:term":[{"taxonomy":"category","embeddable":true,"href":"https:\/\/catholicus.eu\/it\/wp-json\/wp\/v2\/categories?post=5074"},{"taxonomy":"post_tag","embeddable":true,"href":"https:\/\/catholicus.eu\/it\/wp-json\/wp\/v2\/tags?post=5074"}],"curies":[{"name":"wp","href":"https:\/\/api.w.org\/{rel}","templated":true}]}}