{"id":5047,"date":"2026-02-20T08:50:40","date_gmt":"2026-02-20T07:50:40","guid":{"rendered":"https:\/\/catholicus.eu\/it\/?p=5047"},"modified":"2026-02-20T08:50:40","modified_gmt":"2026-02-20T07:50:40","slug":"il-tuo-nemico-non-e-chi-pensi-la-battaglia-invisibile-che-decide-la-tua-eternita","status":"publish","type":"post","link":"https:\/\/catholicus.eu\/it\/il-tuo-nemico-non-e-chi-pensi-la-battaglia-invisibile-che-decide-la-tua-eternita\/","title":{"rendered":"Il Tuo Nemico Non \u00c8 Chi Pensi: La Battaglia Invisibile che Decide la Tua Eternit\u00e0"},"content":{"rendered":"\n<blockquote class=\"wp-block-quote is-layout-flow wp-block-quote-is-layout-flow\">\n<p>\u00ab La nostra battaglia infatti non \u00e8 contro la carne e il sangue, ma contro i Principati e le Potenze, contro i dominatori di questo mondo di tenebra, contro gli spiriti del male nelle regioni celesti. \u00bb<br>\u2014 <em>Efesini 6,12<\/em><\/p>\n<\/blockquote>\n\n\n\n<p>Viviamo tempi di polarizzazione, tensioni sociali, scontri ideologici e conflitti familiari. Sembra che tutti siano contro tutti. I social network sono in fiamme. Le conversazioni si spezzano. Le Chiese sono divise. Le famiglie lacerate. Le nazioni in guerra.<\/p>\n\n\n\n<p>Ma la Parola di Dio ci consegna un\u2019affermazione che smonta il nostro modo abituale di guardare le cose: <strong>il tuo nemico non \u00e8 il tuo vicino, n\u00e9 il politico, n\u00e9 il tuo capo, n\u00e9 il coniuge, n\u00e9 chi la pensa diversamente.<\/strong><\/p>\n\n\n\n<p>San Paolo \u2014 nella sua lettera ai cristiani di Efeso \u2014 rivela una verit\u00e0 scomoda e profondamente liberante: la vera battaglia \u00e8 spirituale.<\/p>\n\n\n\n<p>Questo articolo vuole aiutarti a comprendere questa lotta invisibile, il suo fondamento teologico, il suo sviluppo nella Tradizione della Chiesa e, soprattutto, come combatterla oggi senza perdere la pace n\u00e9 la fede.<\/p>\n\n\n\n<hr class=\"wp-block-separator has-alpha-channel-opacity\"\/>\n\n\n\n<h2 class=\"wp-block-heading\">1. Il Contesto Biblico: Che Cosa Voleva Dire San Paolo?<\/h2>\n\n\n\n<p>La frase proviene dalla Lettera agli Efesini, tradizionalmente attribuita a <strong>San Paolo<\/strong>, l\u2019Apostolo. Nel capitolo 6, l\u2019Apostolo descrive \u201cl\u2019armatura di Dio\u201d: verit\u00e0, giustizia, fede, salvezza, Parola di Dio.<\/p>\n\n\n\n<p>Non sta usando una metafora poetica superficiale. Sta descrivendo una realt\u00e0 ontologica.<\/p>\n\n\n\n<p>Nel mondo giudaico del I secolo esisteva gi\u00e0 una chiara consapevolezza dell\u2019esistenza di angeli e demoni. Ges\u00f9 stesso scacci\u00f2 demoni e parl\u00f2 del \u201cprincipe di questo mondo\u201d (cfr. Gv 12,31).<\/p>\n\n\n\n<p>San Paolo utilizza termini molto concreti:<\/p>\n\n\n\n<ul class=\"wp-block-list\">\n<li>Principati (archai)<\/li>\n\n\n\n<li>Potenze (exousiai)<\/li>\n\n\n\n<li>Dominatori di questo mondo di tenebra<\/li>\n<\/ul>\n\n\n\n<p>Questi termini non si riferiscono semplicemente a governi umani. Designano gerarchie spirituali decadute \u2014 angeli ribelli che, dopo la caduta, esercitano un\u2019influenza su strutture, culture e mentalit\u00e0.<\/p>\n\n\n\n<p>Non si tratta di mitologia medievale. \u00c8 dottrina cristiana.<\/p>\n\n\n\n<hr class=\"wp-block-separator has-alpha-channel-opacity\"\/>\n\n\n\n<h2 class=\"wp-block-heading\">2. Che Cosa Insegna la Chiesa sui \u201cPrincipati e Potenze\u201d?<\/h2>\n\n\n\n<p>La fede cattolica afferma l\u2019esistenza di angeli creati buoni da Dio e di angeli decaduti che, per libera decisione, Lo hanno rifiutato.<\/p>\n\n\n\n<p>Il Catechismo lo riassume cos\u00ec:<\/p>\n\n\n\n<blockquote class=\"wp-block-quote is-layout-flow wp-block-quote-is-layout-flow\">\n<p>\u00ab Il diavolo e gli altri demoni sono stati creati da Dio naturalmente buoni, ma si sono resi cattivi da s\u00e9 stessi. \u00bb<\/p>\n<\/blockquote>\n\n\n\n<p>Uno di loro \u00e8 conosciuto come Satana, l\u2019Avversario.<\/p>\n\n\n\n<p>Ma la teologia tradizionale non riduce il male spirituale a una figura caricaturale. La Tradizione \u2014 dai Padri della Chiesa fino a San Tommaso d\u2019Aquino \u2014 ha sviluppato un\u2019angelologia rigorosa che distingue diverse gerarchie.<\/p>\n\n\n\n<p>I \u201cPrincipati\u201d e le \u201cPotenze\u201d sono ordini angelici che, nel loro stato originario, facevano parte dell\u2019ordine celeste. Alcuni, dopo la ribellione, agiscono disordinando le strutture umane: culture, ideologie, sistemi.<\/p>\n\n\n\n<p>Questo spiega qualcosa che sperimentiamo costantemente:<br>il male non \u00e8 solo individuale; \u00e8 anche strutturale.<\/p>\n\n\n\n<hr class=\"wp-block-separator has-alpha-channel-opacity\"\/>\n\n\n\n<h2 class=\"wp-block-heading\">3. La Dimensione Strutturale del Male: Oltre il Peccato Personale<\/h2>\n\n\n\n<p>Quando San Paolo parla dei \u201cdominatori di questo mondo di tenebra\u201d, non sta dicendo che ogni governo sia demoniaco. Sta rivelando che <strong>esiste un\u2019influenza spirituale capace di infiltrarsi nei sistemi umani<\/strong>.<\/p>\n\n\n\n<p>Un sistema economico ingiusto.<br>Una cultura che normalizza l\u2019aborto.<br>Un\u2019ideologia che distrugge la famiglia.<br>Una tecnologia che schiavizza l\u2019attenzione.<\/p>\n\n\n\n<p>Il male si organizza.<\/p>\n\n\n\n<p>E non \u00e8 paranoia. \u00c8 realismo spirituale.<\/p>\n\n\n\n<p>La Dottrina Sociale della Chiesa parla di \u201cstrutture di peccato\u201d: realt\u00e0 sociali che favoriscono l\u2019allontanamento da Dio.<\/p>\n\n\n\n<p>Non si tratta di vedere demoni a ogni angolo. Si tratta di comprendere che il male non \u00e8 solo psicologico o sociologico. Ha una dimensione spirituale.<\/p>\n\n\n\n<hr class=\"wp-block-separator has-alpha-channel-opacity\"\/>\n\n\n\n<h2 class=\"wp-block-heading\">4. L\u2019Errore Moderno: Ridurre Tutto al Visibile<\/h2>\n\n\n\n<p>La mentalit\u00e0 contemporanea ha eliminato il mondo spirituale dall\u2019orizzonte culturale. Tutto viene spiegato in termini biologici, economici o politici.<\/p>\n\n\n\n<p>Ma quando neghiamo la dimensione spirituale:<\/p>\n\n\n\n<ul class=\"wp-block-list\">\n<li>Perdiamo la comprensione del combattimento interiore.<\/li>\n\n\n\n<li>Confondiamo i nemici.<\/li>\n\n\n\n<li>Finisce che odiamo le persone invece di combattere il male.<\/li>\n<\/ul>\n\n\n\n<p>Se la nostra lotta fosse solo \u201ccontro la carne e il sangue\u201d, il cristianesimo sarebbe semplicemente un attivismo morale o politico.<\/p>\n\n\n\n<p>Ma non \u00e8 cos\u00ec.<\/p>\n\n\n\n<p>Cristo non \u00e8 venuto a fondare un partito. \u00c8 venuto a sconfiggere il peccato e la morte.<\/p>\n\n\n\n<p>Sulla Croce, Cristo vince il principe di questo mondo.<br>Nella Risurrezione, lo spoglia del suo potere definitivo.<\/p>\n\n\n\n<hr class=\"wp-block-separator has-alpha-channel-opacity\"\/>\n\n\n\n<h2 class=\"wp-block-heading\">5. La Vera Guerra: Dove si Combatte<\/h2>\n\n\n\n<p>La battaglia principale non \u00e8 in Parlamento.<br>Non \u00e8 su Twitter.<br>Non \u00e8 al telegiornale.<\/p>\n\n\n\n<p>\u00c8 nel cuore.<\/p>\n\n\n\n<p>Ogni volta che scegli la verit\u00e0 invece della menzogna.<br>Ogni volta che scegli la purezza invece della lussuria.<br>Ogni volta che scegli il perdono invece del rancore.<\/p>\n\n\n\n<p>L\u00ec si combatte la guerra.<\/p>\n\n\n\n<p>Per questo San Paolo continua dicendo:<\/p>\n\n\n\n<blockquote class=\"wp-block-quote is-layout-flow wp-block-quote-is-layout-flow\">\n<p>\u00ab Rivestitevi dell\u2019armatura di Dio. \u00bb<\/p>\n<\/blockquote>\n\n\n\n<p>Non parla di spade materiali, ma di:<\/p>\n\n\n\n<ul class=\"wp-block-list\">\n<li>La cintura della verit\u00e0<\/li>\n\n\n\n<li>La corazza della giustizia<\/li>\n\n\n\n<li>Lo scudo della fede<\/li>\n\n\n\n<li>L\u2019elmo della salvezza<\/li>\n\n\n\n<li>La spada dello Spirito, che \u00e8 la Parola di Dio<\/li>\n<\/ul>\n\n\n\n<p>Non \u00e8 poesia. \u00c8 un programma spirituale.<\/p>\n\n\n\n<hr class=\"wp-block-separator has-alpha-channel-opacity\"\/>\n\n\n\n<h2 class=\"wp-block-heading\">6. Applicazione Pratica: Come si Combatte Oggi?<\/h2>\n\n\n\n<h3 class=\"wp-block-heading\">1. Vita Sacramentale<\/h3>\n\n\n\n<p>La confessione frequente spezza catene invisibili.<br>L\u2019Eucaristia fortifica l\u2019anima.<\/p>\n\n\n\n<p>Il diavolo odia la grazia.<\/p>\n\n\n\n<h3 class=\"wp-block-heading\">2. Vita di Preghiera<\/h3>\n\n\n\n<p>Chi non prega \u00e8 vulnerabile.<br>Non perch\u00e9 Dio lo abbandoni, ma perch\u00e9 l\u2019anima si indebolisce.<\/p>\n\n\n\n<p>Il Rosario, l\u2019adorazione, la lettura della Scrittura non sono devozioni opzionali in tempi di guerra spirituale. Sono armi.<\/p>\n\n\n\n<h3 class=\"wp-block-heading\">3. Discernimento<\/h3>\n\n\n\n<p>Non ogni conflitto umano \u00e8 spirituale.<br>Ma molti conflitti umani sono alimentati da dinamiche spirituali di divisione, superbia e menzogna.<\/p>\n\n\n\n<p>Chiediti:<br>Sto reagendo secondo la carne o secondo lo Spirito?<\/p>\n\n\n\n<h3 class=\"wp-block-heading\">4. Non Demonizzare le Persone<\/h3>\n\n\n\n<p>Qui sta la chiave pastorale pi\u00f9 importante:<\/p>\n\n\n\n<p>Il tuo nemico non \u00e8 la persona che la pensa diversamente.<\/p>\n\n\n\n<p>Anche quella persona \u00e8 nel mezzo della battaglia.<\/p>\n\n\n\n<p>Il cristiano combatte l\u2019errore, ma ama chi sbaglia.<\/p>\n\n\n\n<hr class=\"wp-block-separator has-alpha-channel-opacity\"\/>\n\n\n\n<h2 class=\"wp-block-heading\">7. La Grande Trappola: Diventare Ci\u00f2 che Combattiamo<\/h2>\n\n\n\n<p>Esiste un pericolo reale: combattere il male usando le armi del male.<\/p>\n\n\n\n<p>Quando combattiamo la menzogna con l\u2019insulto.<br>Quando difendiamo la fede con l\u2019odio.<br>Quando proteggiamo la verit\u00e0 senza carit\u00e0.<\/p>\n\n\n\n<p>Allora siamo stati infiltrati.<\/p>\n\n\n\n<p>Il nemico spirituale non ha bisogno che smettiamo di credere; gli basta che perdiamo la carit\u00e0.<\/p>\n\n\n\n<hr class=\"wp-block-separator has-alpha-channel-opacity\"\/>\n\n\n\n<h2 class=\"wp-block-heading\">8. Speranza: La Vittoria \u00e8 Gi\u00e0 Assicurata<\/h2>\n\n\n\n<p>La battaglia \u00e8 reale, ma il finale \u00e8 scritto.<\/p>\n\n\n\n<p>Cristo ha gi\u00e0 vinto.<\/p>\n\n\n\n<p>Nell\u2019Apocalisse, il drago \u00e8 sconfitto. La Chiesa pu\u00f2 essere attaccata, ma non distrutta.<\/p>\n\n\n\n<p>Il cristiano non combatte dalla paura, ma dalla certezza della vittoria.<\/p>\n\n\n\n<p>Non siamo soli. Abbiamo:<\/p>\n\n\n\n<ul class=\"wp-block-list\">\n<li>L\u2019intercessione dei santi.<\/li>\n\n\n\n<li>La protezione degli angeli.<\/li>\n\n\n\n<li>La grazia sacramentale.<\/li>\n\n\n\n<li>L\u2019autorit\u00e0 di Cristo.<\/li>\n<\/ul>\n\n\n\n<hr class=\"wp-block-separator has-alpha-channel-opacity\"\/>\n\n\n\n<h2 class=\"wp-block-heading\">9. Una Lettura Attuale: Cosa Significa Questo per Te Oggi?<\/h2>\n\n\n\n<p>In un mondo saturo di informazioni, manipolazioni e rumore:<\/p>\n\n\n\n<ul class=\"wp-block-list\">\n<li>Non tutto ci\u00f2 che ti indigna \u00e8 il vero problema.<\/li>\n\n\n\n<li>Non tutto ci\u00f2 che ti spaventa \u00e8 il vero nemico.<\/li>\n\n\n\n<li>Non ogni battaglia merita la tua energia.<\/li>\n<\/ul>\n\n\n\n<p>Discernere la dimensione spirituale cambia il tuo modo di vivere.<\/p>\n\n\n\n<p>Ti rende pi\u00f9 sereno.<br>Pi\u00f9 strategico.<br>Pi\u00f9 caritatevole.<br>Pi\u00f9 saldo.<\/p>\n\n\n\n<p>Ti trasforma in un guerriero spirituale, non in un agitatore.<\/p>\n\n\n\n<hr class=\"wp-block-separator has-alpha-channel-opacity\"\/>\n\n\n\n<h2 class=\"wp-block-heading\">Conclusione: Cambia lo Sguardo, Cambia la Guerra<\/h2>\n\n\n\n<p>Se oggi sei in conflitto con qualcuno, ricorda:<br>non \u00e8 contro la carne e il sangue.<\/p>\n\n\n\n<p>Se oggi ti senti oppresso da pensieri oscuri, ricorda:<br>c\u2019\u00e8 una battaglia, ma non sei indifeso.<\/p>\n\n\n\n<p>Se oggi ti chiedi perch\u00e9 il male sembri organizzato e forte, ricorda:<br>Cristo lo ha gi\u00e0 sconfitto.<\/p>\n\n\n\n<p>La domanda non \u00e8 se esista una guerra.<\/p>\n\n\n\n<p>La domanda \u00e8:<br>stai combattendo con le armi giuste?<\/p>\n\n\n\n<p>Perch\u00e9 la vera vittoria non consiste nel sconfiggere le persone.<br>Consiste nel rimanere fedeli a Cristo nel mezzo del combattimento invisibile.<\/p>\n\n\n\n<p>E questa vittoria \u2014 anche se il mondo non la vede \u2014 ha conseguenze eterne.<\/p>\n","protected":false},"excerpt":{"rendered":"<p>\u00ab La nostra battaglia infatti non \u00e8 contro la carne e il sangue, ma contro i Principati e le Potenze, contro i dominatori di questo mondo di tenebra, contro gli spiriti del male nelle regioni celesti. \u00bb\u2014 Efesini 6,12 Viviamo tempi di polarizzazione, tensioni sociali, scontri ideologici e conflitti familiari. Sembra che tutti siano contro &hellip;<\/p>\n","protected":false},"author":3,"featured_media":5048,"comment_status":"closed","ping_status":"closed","sticky":false,"template":"","format":"standard","meta":{"_seopress_robots_primary_cat":"","_seopress_titles_title":"","_seopress_titles_desc":"","_seopress_robots_index":"","footnotes":""},"categories":[66,41],"tags":[],"class_list":["post-5047","post","type-post","status-publish","format-standard","has-post-thumbnail","","category-cultura-popolare-e-cattolicesimo","category-fede-e-cultura"],"_links":{"self":[{"href":"https:\/\/catholicus.eu\/it\/wp-json\/wp\/v2\/posts\/5047","targetHints":{"allow":["GET"]}}],"collection":[{"href":"https:\/\/catholicus.eu\/it\/wp-json\/wp\/v2\/posts"}],"about":[{"href":"https:\/\/catholicus.eu\/it\/wp-json\/wp\/v2\/types\/post"}],"author":[{"embeddable":true,"href":"https:\/\/catholicus.eu\/it\/wp-json\/wp\/v2\/users\/3"}],"replies":[{"embeddable":true,"href":"https:\/\/catholicus.eu\/it\/wp-json\/wp\/v2\/comments?post=5047"}],"version-history":[{"count":1,"href":"https:\/\/catholicus.eu\/it\/wp-json\/wp\/v2\/posts\/5047\/revisions"}],"predecessor-version":[{"id":5049,"href":"https:\/\/catholicus.eu\/it\/wp-json\/wp\/v2\/posts\/5047\/revisions\/5049"}],"wp:featuredmedia":[{"embeddable":true,"href":"https:\/\/catholicus.eu\/it\/wp-json\/wp\/v2\/media\/5048"}],"wp:attachment":[{"href":"https:\/\/catholicus.eu\/it\/wp-json\/wp\/v2\/media?parent=5047"}],"wp:term":[{"taxonomy":"category","embeddable":true,"href":"https:\/\/catholicus.eu\/it\/wp-json\/wp\/v2\/categories?post=5047"},{"taxonomy":"post_tag","embeddable":true,"href":"https:\/\/catholicus.eu\/it\/wp-json\/wp\/v2\/tags?post=5047"}],"curies":[{"name":"wp","href":"https:\/\/api.w.org\/{rel}","templated":true}]}}