{"id":5016,"date":"2026-02-17T12:02:31","date_gmt":"2026-02-17T11:02:31","guid":{"rendered":"https:\/\/catholicus.eu\/it\/?p=5016"},"modified":"2026-02-17T12:03:12","modified_gmt":"2026-02-17T11:03:12","slug":"chiesa-perseguitata-oggi-la-fede-che-sanguina-in-silenzio-e-la-testimonianza-che-salva-il-mondo","status":"publish","type":"post","link":"https:\/\/catholicus.eu\/it\/chiesa-perseguitata-oggi-la-fede-che-sanguina-in-silenzio-e-la-testimonianza-che-salva-il-mondo\/","title":{"rendered":"CHIESA PERSEGUITATA OGGI: la fede che sanguina in silenzio e la testimonianza che salva il mondo"},"content":{"rendered":"\n<p>Viviamo in un\u2019epoca di progresso tecnologico, globalizzazione e continui dibattiti sui diritti umani. Tuttavia, esiste una realt\u00e0 dolorosa che molti ignorano o preferiscono non vedere: <strong>milioni di cristiani sono ancora perseguitati oggi a causa della loro fede<\/strong>.<\/p>\n\n\n\n<p>Non si tratta di una storia antica dell\u2019Impero Romano. Non \u00e8 solo la memoria dei primi martiri. \u00c8 una realt\u00e0 contemporanea.<\/p>\n\n\n\n<p>Questo articolo vuole aiutarti a comprendere \u2014 da una prospettiva teologica, storica e pastorale \u2014 cosa significa la persecuzione della Chiesa oggi, dove avviene, chi la pratica, cosa insegna la teologia cattolica a riguardo e come i cristiani dovrebbero rispondere spiritualmente.<\/p>\n\n\n\n<hr class=\"wp-block-separator has-alpha-channel-opacity\"\/>\n\n\n\n<h1 class=\"wp-block-heading\">\u271d\ufe0f La Chiesa perseguitata: una realt\u00e0 globale oggi<\/h1>\n\n\n\n<p>I numeri sono sconvolgenti.<\/p>\n\n\n\n<ul class=\"wp-block-list\">\n<li>Oltre <strong>388 milioni di cristiani subiscono persecuzioni o discriminazioni<\/strong> nel mondo a causa della loro fede.<\/li>\n\n\n\n<li>Quasi <strong>5.000 cristiani sono stati uccisi in un solo anno<\/strong> per motivi religiosi.<\/li>\n\n\n\n<li>Circa <strong>1 cristiano su 7 nel mondo \u00e8 perseguitato<\/strong>.<\/li>\n\n\n\n<li>Africa e Asia concentrano i livelli pi\u00f9 alti di ostilit\u00e0.<\/li>\n<\/ul>\n\n\n\n<p>Questa realt\u00e0 non colpisce solo i cattolici, ma i cristiani di tutte le denominazioni, sebbene la Chiesa cattolica sia una delle comunit\u00e0 pi\u00f9 colpite per la sua presenza universale.<\/p>\n\n\n\n<p>La persecuzione assume varie forme:<\/p>\n\n\n\n<ul class=\"wp-block-list\">\n<li>uccisioni e rapimenti<\/li>\n\n\n\n<li>distruzione di chiese<\/li>\n\n\n\n<li>discriminazioni legali<\/li>\n\n\n\n<li>prigione per la professione della fede<\/li>\n\n\n\n<li>pressione sociale o familiare<\/li>\n\n\n\n<li>divieto di culto<\/li>\n\n\n\n<li>sorveglianza statale<\/li>\n<\/ul>\n\n\n\n<p>Non \u00e8 sempre visibile. Spesso avviene silenziosamente.<\/p>\n\n\n\n<hr class=\"wp-block-separator has-alpha-channel-opacity\"\/>\n\n\n\n<h1 class=\"wp-block-heading\">\ud83c\udf0d Dove i cristiani sono pi\u00f9 perseguitati oggi?<\/h1>\n\n\n\n<h2 class=\"wp-block-heading\">\ud83d\udd34 Regimi totalitari e controllo statale<\/h2>\n\n\n\n<h3 class=\"wp-block-heading\">\ud83c\uddf0\ud83c\uddf5 Corea del Nord (caso estremo)<\/h3>\n\n\n\n<p>\u00c8 considerato il luogo pi\u00f9 pericoloso per essere cristiano.<\/p>\n\n\n\n<ul class=\"wp-block-list\">\n<li>La fede \u00e8 punita con la prigione o la morte.<\/li>\n\n\n\n<li>Decine di migliaia di cristiani sono nei campi di lavoro.<\/li>\n\n\n\n<li>La religione \u00e8 considerata tradimento dello Stato.<\/li>\n<\/ul>\n\n\n\n<p>Qui vediamo il fenomeno dell\u2019<strong>ateismo politico radicale<\/strong>, dove lo Stato cerca di sostituire Dio.<\/p>\n\n\n\n<h3 class=\"wp-block-heading\">\ud83c\udde8\ud83c\uddf3 Cina<\/h3>\n\n\n\n<ul class=\"wp-block-list\">\n<li>Chiese sorvegliate o chiuse<\/li>\n\n\n\n<li>Controllo statale del culto<\/li>\n\n\n\n<li>Persecuzione delle comunit\u00e0 non registrate<\/li>\n<\/ul>\n\n\n\n<h3 class=\"wp-block-heading\">\ud83c\uddea\ud83c\uddf7 Eritrea<\/h3>\n\n\n\n<ul class=\"wp-block-list\">\n<li>Detenzioni di massa di credenti<\/li>\n\n\n\n<li>Carcerazione senza processo<\/li>\n<\/ul>\n\n\n\n<p>\ud83d\udc49 <strong>Radice ideologica<\/strong>: totalitarismo, controllo politico assoluto, culto dello Stato<\/p>\n\n\n\n<hr class=\"wp-block-separator has-alpha-channel-opacity\"\/>\n\n\n\n<h2 class=\"wp-block-heading\">\u262a\ufe0f Regioni con estremismo islamico o pressione religiosa<\/h2>\n\n\n\n<p>Molti paesi in cui l\u2019islam politico radicale domina la vita pubblica presentano persecuzioni gravi.<\/p>\n\n\n\n<h3 class=\"wp-block-heading\">Africa subsahariana<\/h3>\n\n\n\n<p>Particolarmente grave.<\/p>\n\n\n\n<ul class=\"wp-block-list\">\n<li>\ud83c\uddf3\ud83c\uddec Nigeria \u2014 concentra circa il 70% degli omicidi di cristiani registrati a livello globale.<\/li>\n\n\n\n<li>\ud83c\uddf2\ud83c\uddf1 Mali<\/li>\n\n\n\n<li>\ud83c\uddf8\ud83c\uddf4 Somalia<\/li>\n\n\n\n<li>\ud83c\uddf8\ud83c\udde9 Sudan<\/li>\n\n\n\n<li>\ud83c\uddf2\ud83c\uddff Mozambico<\/li>\n<\/ul>\n\n\n\n<p>Gruppi ostili includono:<\/p>\n\n\n\n<ul class=\"wp-block-list\">\n<li>gruppi jihadisti<\/li>\n\n\n\n<li>milizie armate<\/li>\n\n\n\n<li>trib\u00f9 radicalizzate<\/li>\n<\/ul>\n\n\n\n<h3 class=\"wp-block-heading\">Medio Oriente<\/h3>\n\n\n\n<ul class=\"wp-block-list\">\n<li>\ud83c\udde6\ud83c\uddeb Afghanistan \u2014 la conversione al cristianesimo pu\u00f2 comportare la morte<\/li>\n\n\n\n<li>\ud83c\uddfe\ud83c\uddea Yemen \u2014 fede vissuta in segreto<\/li>\n\n\n\n<li>\ud83c\uddee\ud83c\uddf7 Iran \u2014 arresti e sorveglianza<\/li>\n\n\n\n<li>\ud83c\uddf8\ud83c\uddfe Siria \u2014 comunit\u00e0 drasticamente ridotte a causa della guerra<\/li>\n<\/ul>\n\n\n\n<p>\ud83d\udc49 <strong>Radice ideologica<\/strong>: estremismo religioso, leggi contro l\u2019apostasia, pressione tribale<\/p>\n\n\n\n<hr class=\"wp-block-separator has-alpha-channel-opacity\"\/>\n\n\n\n<h2 class=\"wp-block-heading\">\ud83c\uddee\ud83c\uddf3 Nazionalismo religioso e violenza sociale<\/h2>\n\n\n\n<p>In alcuni paesi la persecuzione non proviene solo dallo Stato, ma dalle maggioranze culturali.<\/p>\n\n\n\n<h3 class=\"wp-block-heading\">India<\/h3>\n\n\n\n<ul class=\"wp-block-list\">\n<li>attacchi da parte di gruppi nazionalisti ind\u00f9<\/li>\n\n\n\n<li>pressione sociale per abbandonare il cristianesimo<\/li>\n\n\n\n<li>leggi anti-conversione<\/li>\n<\/ul>\n\n\n\n<p>\ud83d\udc49 <strong>Radice ideologica<\/strong>: nazionalismo religioso e identit\u00e0 culturale<\/p>\n\n\n\n<hr class=\"wp-block-separator has-alpha-channel-opacity\"\/>\n\n\n\n<h2 class=\"wp-block-heading\">\ud83c\uddf5\ud83c\uddf0 Pakistan e leggi sul blasfemo<\/h2>\n\n\n\n<ul class=\"wp-block-list\">\n<li>accuse false frequenti<\/li>\n\n\n\n<li>prigione o pena di morte per presunti reati religiosi<\/li>\n<\/ul>\n\n\n\n<hr class=\"wp-block-separator has-alpha-channel-opacity\"\/>\n\n\n\n<h2 class=\"wp-block-heading\">\ud83c\uddf8\ud83c\udde6 Arabia Saudita<\/h2>\n\n\n\n<ul class=\"wp-block-list\">\n<li>divieto totale di culto cristiano pubblico<\/li>\n<\/ul>\n\n\n\n<hr class=\"wp-block-separator has-alpha-channel-opacity\"\/>\n\n\n\n<h2 class=\"wp-block-heading\">America Latina e altri contesti<\/h2>\n\n\n\n<p>In alcune zone la persecuzione assume forme diverse:<\/p>\n\n\n\n<ul class=\"wp-block-list\">\n<li>pressione statale (es. Nicaragua, Cuba)<\/li>\n\n\n\n<li>violenza criminale contro leader religiosi<\/li>\n\n\n\n<li>ostilit\u00e0 culturale o ideologica<\/li>\n<\/ul>\n\n\n\n<hr class=\"wp-block-separator has-alpha-channel-opacity\"\/>\n\n\n\n<h1 class=\"wp-block-heading\">\u26a0\ufe0f Chi perseguita la Chiesa oggi?<\/h1>\n\n\n\n<p>La persecuzione non ha una sola causa. Ci sono diversi attori:<\/p>\n\n\n\n<h3 class=\"wp-block-heading\">1. Stati totalitari<\/h3>\n\n\n\n<p>Cercano di sostituire Dio con il potere politico.<\/p>\n\n\n\n<h3 class=\"wp-block-heading\">2. Estremismo religioso<\/h3>\n\n\n\n<p>Considera il cristianesimo una minaccia all\u2019identit\u00e0 culturale.<\/p>\n\n\n\n<h3 class=\"wp-block-heading\">3. Nazionalismi ideologici<\/h3>\n\n\n\n<p>Rifiutano religioni considerate \u201cstraniere\u201d.<\/p>\n\n\n\n<h3 class=\"wp-block-heading\">4. Crimine organizzato o milizie<\/h3>\n\n\n\n<p>Attaccano comunit\u00e0 vulnerabili.<\/p>\n\n\n\n<h3 class=\"wp-block-heading\">5. Secolarismo radicale<\/h3>\n\n\n\n<p>In alcuni contesti cerca di espellere la fede dalla sfera pubblica.<\/p>\n\n\n\n<p>La persecuzione ha molte facce, ma una radice comune: <strong>il rifiuto della sovranit\u00e0 di Dio sulla vita umana<\/strong>.<\/p>\n\n\n\n<hr class=\"wp-block-separator has-alpha-channel-opacity\"\/>\n\n\n\n<h1 class=\"wp-block-heading\">\ud83d\udcd6 Fondamento biblico: Cristo ha annunciato la persecuzione<\/h1>\n\n\n\n<p>La Chiesa non \u00e8 sorpresa di questa realt\u00e0.<\/p>\n\n\n\n<p>Ges\u00f9 stesso lo annunci\u00f2:<\/p>\n\n\n\n<blockquote class=\"wp-block-quote is-layout-flow wp-block-quote-is-layout-flow\">\n<p>\u201cSe il mondo vi odia, sappiate che prima ha odiato me.\u201d (Gv 15,18)<\/p>\n<\/blockquote>\n\n\n\n<p>Disse anche:<\/p>\n\n\n\n<blockquote class=\"wp-block-quote is-layout-flow wp-block-quote-is-layout-flow\">\n<p>\u201cBeati coloro che sono perseguitati per causa della giustizia, perch\u00e9 di essi \u00e8 il regno dei cieli.\u201d (Mt 5,10)<\/p>\n<\/blockquote>\n\n\n\n<p>La persecuzione non \u00e8 un accidente storico: <strong>fa parte del mistero della Chiesa<\/strong>.<\/p>\n\n\n\n<hr class=\"wp-block-separator has-alpha-channel-opacity\"\/>\n\n\n\n<h1 class=\"wp-block-heading\">\ud83d\udd4a\ufe0f Teologia del martirio e della sofferenza cristiana<\/h1>\n\n\n\n<h2 class=\"wp-block-heading\">La Chiesa come Corpo di Cristo<\/h2>\n\n\n\n<p>La persecuzione continua la Passione di Cristo nella storia.<\/p>\n\n\n\n<p>La Chiesa insegna:<\/p>\n\n\n\n<ul class=\"wp-block-list\">\n<li>Cristo continua a soffrire nei suoi membri<\/li>\n\n\n\n<li>il martirio \u00e8 la testimonianza suprema della fede<\/li>\n\n\n\n<li>il sangue dei martiri feconda la Chiesa<\/li>\n<\/ul>\n\n\n\n<p>Fin dai primi secoli, il cristianesimo ha compreso la sofferenza come partecipazione alla croce redentrice.<\/p>\n\n\n\n<hr class=\"wp-block-separator has-alpha-channel-opacity\"\/>\n\n\n\n<h2 class=\"wp-block-heading\">Dimensione redentrice della sofferenza<\/h2>\n\n\n\n<p>La sofferenza unita a Cristo:<\/p>\n\n\n\n<ul class=\"wp-block-list\">\n<li>purifica la fede<\/li>\n\n\n\n<li>rafforza la speranza<\/li>\n\n\n\n<li>evangelizza il mondo<\/li>\n\n\n\n<li>rivela la verit\u00e0 del Vangelo<\/li>\n<\/ul>\n\n\n\n<p>Non si tratta di cercare il dolore, ma di fedelt\u00e0 all\u2019amore.<\/p>\n\n\n\n<hr class=\"wp-block-separator has-alpha-channel-opacity\"\/>\n\n\n\n<h2 class=\"wp-block-heading\">Il paradosso cristiano<\/h2>\n\n\n\n<p>La storia mostra un fenomeno costante:<\/p>\n\n\n\n<p>\ud83d\udc49 pi\u00f9 la Chiesa \u00e8 perseguitata, pi\u00f9 cresce.<\/p>\n\n\n\n<p>Questo si \u00e8 visto:<\/p>\n\n\n\n<ul class=\"wp-block-list\">\n<li>a Roma<\/li>\n\n\n\n<li>nel Medioevo<\/li>\n\n\n\n<li>nei regimi comunisti<\/li>\n\n\n\n<li>oggi in Africa e in Asia<\/li>\n<\/ul>\n\n\n\n<hr class=\"wp-block-separator has-alpha-channel-opacity\"\/>\n\n\n\n<h1 class=\"wp-block-heading\">\u2764\ufe0f Dimensione pastorale: cosa significa per noi?<\/h1>\n\n\n\n<p>Anche se molti cristiani vivono in paesi liberi, la Chiesa perseguitata ci interpella profondamente.<\/p>\n\n\n\n<h2 class=\"wp-block-heading\">1. Riscoprire il valore della fede<\/h2>\n\n\n\n<p>Quando vediamo credenti morire per Cristo:<\/p>\n\n\n\n<ul class=\"wp-block-list\">\n<li>mette in discussione la nostra tiepidezza<\/li>\n\n\n\n<li>chiama alla coerenza<\/li>\n\n\n\n<li>risveglia gratitudine<\/li>\n<\/ul>\n\n\n\n<hr class=\"wp-block-separator has-alpha-channel-opacity\"\/>\n\n\n\n<h2 class=\"wp-block-heading\">2. Pregare per la Chiesa perseguitata<\/h2>\n\n\n\n<p>La tradizione cristiana insiste su:<\/p>\n\n\n\n<ul class=\"wp-block-list\">\n<li>preghiera di intercessione<\/li>\n\n\n\n<li>comunione spirituale<\/li>\n\n\n\n<li>consapevolezza universale della Chiesa<\/li>\n<\/ul>\n\n\n\n<hr class=\"wp-block-separator has-alpha-channel-opacity\"\/>\n\n\n\n<h2 class=\"wp-block-heading\">3. Difendere la libert\u00e0 religiosa<\/h2>\n\n\n\n<p>La fede cristiana difende la dignit\u00e0 umana universale.<\/p>\n\n\n\n<p>Il credente deve:<\/p>\n\n\n\n<ul class=\"wp-block-list\">\n<li>promuovere la giustizia<\/li>\n\n\n\n<li>rifiutare la violenza religiosa<\/li>\n\n\n\n<li>difendere i diritti fondamentali<\/li>\n<\/ul>\n\n\n\n<hr class=\"wp-block-separator has-alpha-channel-opacity\"\/>\n\n\n\n<h2 class=\"wp-block-heading\">4. Vivere la testimonianza quotidiana<\/h2>\n\n\n\n<p>Non tutti saremo martiri di sangue, ma possiamo esserlo per fedelt\u00e0.<\/p>\n\n\n\n<p>Esempi pratici:<\/p>\n\n\n\n<ul class=\"wp-block-list\">\n<li>vivere la fede pubblicamente senza paura<\/li>\n\n\n\n<li>difendere la verit\u00e0 con carit\u00e0<\/li>\n\n\n\n<li>perseverare di fronte a scherni o pressioni culturali<\/li>\n\n\n\n<li>educare la famiglia nella fede cristiana<\/li>\n<\/ul>\n\n\n\n<hr class=\"wp-block-separator has-alpha-channel-opacity\"\/>\n\n\n\n<h2 class=\"wp-block-heading\">5. Solidariet\u00e0 concreta<\/h2>\n\n\n\n<p>La Chiesa invita a:<\/p>\n\n\n\n<ul class=\"wp-block-list\">\n<li>aiutare le comunit\u00e0 perseguitate<\/li>\n\n\n\n<li>sostenere le missioni<\/li>\n\n\n\n<li>informare e sensibilizzare<\/li>\n<\/ul>\n\n\n\n<hr class=\"wp-block-separator has-alpha-channel-opacity\"\/>\n\n\n\n<h1 class=\"wp-block-heading\">\u26ea La Chiesa perseguitata come segno profetico per il mondo<\/h1>\n\n\n\n<p>La persecuzione rivela una verit\u00e0 profonda:<\/p>\n\n\n\n<p>\ud83d\udc49 il cristianesimo rimane una forza trasformativa.<\/p>\n\n\n\n<p>Se la fede non avesse potere spirituale, non genererebbe tanta opposizione.<\/p>\n\n\n\n<p>La Chiesa perseguitata ricorda al mondo:<\/p>\n\n\n\n<ul class=\"wp-block-list\">\n<li>che Dio esiste<\/li>\n\n\n\n<li>che la verit\u00e0 richiede fedelt\u00e0<\/li>\n\n\n\n<li>che l\u2019amore \u00e8 pi\u00f9 forte della paura<\/li>\n<\/ul>\n\n\n\n<hr class=\"wp-block-separator has-alpha-channel-opacity\"\/>\n\n\n\n<h1 class=\"wp-block-heading\">\ud83c\udf1f Speranza cristiana di fronte alla persecuzione<\/h1>\n\n\n\n<p>Il cristiano non risponde con odio o violenza.<\/p>\n\n\n\n<p>Risponde con:<\/p>\n\n\n\n<ul class=\"wp-block-list\">\n<li>perdono<\/li>\n\n\n\n<li>carit\u00e0<\/li>\n\n\n\n<li>fedelt\u00e0<\/li>\n\n\n\n<li>speranza escatologica<\/li>\n<\/ul>\n\n\n\n<p>La storia dimostra che gli imperi passano, ma la Chiesa rimane.<\/p>\n\n\n\n<hr class=\"wp-block-separator has-alpha-channel-opacity\"\/>\n\n\n\n<h1 class=\"wp-block-heading\">\u2728 Conclusione: la testimonianza che interpella la nostra fede<\/h1>\n\n\n\n<p>La Chiesa perseguitata oggi non \u00e8 solo un dramma geopolitico.<\/p>\n\n\n\n<p>\u00c8 un <strong>mistero spirituale<\/strong>.<\/p>\n\n\n\n<p>\u00c8:<\/p>\n\n\n\n<ul class=\"wp-block-list\">\n<li>partecipazione alla croce di Cristo<\/li>\n\n\n\n<li>testimonianza della verit\u00e0<\/li>\n\n\n\n<li>invito alla conversione del mondo<\/li>\n\n\n\n<li>chiamata a vivere una fede autentica<\/li>\n<\/ul>\n\n\n\n<p>La domanda finale non \u00e8 solo: chi perseguita la Chiesa?<\/p>\n\n\n\n<p>La domanda \u00e8:<\/p>\n\n\n\n<p>\ud83d\udc49 <strong>Come viviamo la nostra fede alla luce dell\u2019esempio di chi la dona fino alla morte?<\/strong><\/p>\n","protected":false},"excerpt":{"rendered":"<p>Viviamo in un\u2019epoca di progresso tecnologico, globalizzazione e continui dibattiti sui diritti umani. Tuttavia, esiste una realt\u00e0 dolorosa che molti ignorano o preferiscono non vedere: milioni di cristiani sono ancora perseguitati oggi a causa della loro fede. Non si tratta di una storia antica dell\u2019Impero Romano. Non \u00e8 solo la memoria dei primi martiri. \u00c8 &hellip;<\/p>\n","protected":false},"author":3,"featured_media":5018,"comment_status":"closed","ping_status":"closed","sticky":false,"template":"","format":"standard","meta":{"_seopress_robots_primary_cat":"","_seopress_titles_title":"","_seopress_titles_desc":"","_seopress_robots_index":"","footnotes":""},"categories":[41,67],"tags":[1850],"class_list":["post-5016","post","type-post","status-publish","format-standard","has-post-thumbnail","","category-fede-e-cultura","category-testimonianze-di-fede","tag-chiesa-perseguitata"],"_links":{"self":[{"href":"https:\/\/catholicus.eu\/it\/wp-json\/wp\/v2\/posts\/5016","targetHints":{"allow":["GET"]}}],"collection":[{"href":"https:\/\/catholicus.eu\/it\/wp-json\/wp\/v2\/posts"}],"about":[{"href":"https:\/\/catholicus.eu\/it\/wp-json\/wp\/v2\/types\/post"}],"author":[{"embeddable":true,"href":"https:\/\/catholicus.eu\/it\/wp-json\/wp\/v2\/users\/3"}],"replies":[{"embeddable":true,"href":"https:\/\/catholicus.eu\/it\/wp-json\/wp\/v2\/comments?post=5016"}],"version-history":[{"count":1,"href":"https:\/\/catholicus.eu\/it\/wp-json\/wp\/v2\/posts\/5016\/revisions"}],"predecessor-version":[{"id":5017,"href":"https:\/\/catholicus.eu\/it\/wp-json\/wp\/v2\/posts\/5016\/revisions\/5017"}],"wp:featuredmedia":[{"embeddable":true,"href":"https:\/\/catholicus.eu\/it\/wp-json\/wp\/v2\/media\/5018"}],"wp:attachment":[{"href":"https:\/\/catholicus.eu\/it\/wp-json\/wp\/v2\/media?parent=5016"}],"wp:term":[{"taxonomy":"category","embeddable":true,"href":"https:\/\/catholicus.eu\/it\/wp-json\/wp\/v2\/categories?post=5016"},{"taxonomy":"post_tag","embeddable":true,"href":"https:\/\/catholicus.eu\/it\/wp-json\/wp\/v2\/tags?post=5016"}],"curies":[{"name":"wp","href":"https:\/\/api.w.org\/{rel}","templated":true}]}}