{"id":5013,"date":"2026-02-17T11:16:24","date_gmt":"2026-02-17T10:16:24","guid":{"rendered":"https:\/\/catholicus.eu\/it\/?p=5013"},"modified":"2026-02-17T11:16:24","modified_gmt":"2026-02-17T10:16:24","slug":"corinzi-la-chiesa-divisa-che-ci-insegna-a-vivere-nellunita-in-un-mondo-spezzato","status":"publish","type":"post","link":"https:\/\/catholicus.eu\/it\/corinzi-la-chiesa-divisa-che-ci-insegna-a-vivere-nellunita-in-un-mondo-spezzato\/","title":{"rendered":"Corinzi: La Chiesa Divisa che Ci Insegna a Vivere nell\u2019Unit\u00e0 in un Mondo Spezzato"},"content":{"rendered":"\n<p>Poche comunit\u00e0 del Nuovo Testamento somigliano tanto alla nostra quanto quella di Corinto. Se oggi guardiamo le nostre parrocchie, le nostre famiglie, le nostre lotte interiori, gli scandali e le divisioni\u2026 troveremo uno specchio sorprendente nelle due lettere che la Prima Lettera ai Corinzi e la Seconda Lettera ai Corinzi ci hanno trasmesso.<\/p>\n\n\n\n<p>In esse, il grande apostolo San Paolo non scrive a una comunit\u00e0 perfetta. Scrive a cristiani reali. Battezzati. Dotati di carismi. Ferventi\u2026 ma anche segnati dal peccato, dall\u2019immaturit\u00e0 e dalle divisioni.<\/p>\n\n\n\n<p>Ed \u00e8 proprio per questo che Corinzi \u00e8 oggi pi\u00f9 attuale che mai.<\/p>\n\n\n\n<hr class=\"wp-block-separator has-alpha-channel-opacity\"\/>\n\n\n\n<h2 class=\"wp-block-heading\">1. Corinto: Una citt\u00e0 brillante\u2026 e moralmente ferita<\/h2>\n\n\n\n<p>Per comprendere la profondit\u00e0 teologica di queste lettere, dobbiamo partire dalla citt\u00e0.<\/p>\n\n\n\n<p>Corinto era una delle citt\u00e0 pi\u00f9 importanti del mondo greco-romano. Porto strategico, crocevia commerciale, centro culturale. Mercanti, filosofi, schiavi liberati, soldati e stranieri convivevano fianco a fianco. Era ricca, cosmopolita e profondamente pagana.<\/p>\n\n\n\n<p>L\u2019immoralit\u00e0 sessuale faceva parte della sua identit\u00e0 culturale. Tanto che nel mondo antico \u201cvivere da Corinzio\u201d era sinonimo di dissolutezza.<\/p>\n\n\n\n<p>In questo contesto Paolo fonda una comunit\u00e0 cristiana (cfr. Atti 18). Una Chiesa giovane, fervente\u2026 ma fragile.<\/p>\n\n\n\n<p>Vi sembra familiare? Un mondo sofisticato, materialista, sessualizzato, orgoglioso della propria \u201clibert\u00e0\u201d\u2026 e una Chiesa che cerca di vivere il Vangelo in mezzo a tutto ci\u00f2.<\/p>\n\n\n\n<p>Corinzi non \u00e8 storia lontana. \u00c8 una diagnosi attuale.<\/p>\n\n\n\n<hr class=\"wp-block-separator has-alpha-channel-opacity\"\/>\n\n\n\n<h2 class=\"wp-block-heading\">2. Le divisioni: il cancro spirituale denunciato da Paolo<\/h2>\n\n\n\n<p>Uno dei primi problemi che Paolo affronta \u00e8 devastante: la divisione interna.<\/p>\n\n\n\n<blockquote class=\"wp-block-quote is-layout-flow wp-block-quote-is-layout-flow\">\n<p>\u201cCiascuno di voi dice: Io appartengo a Paolo; io invece ad Apollo; io a Cefa; io invece a Cristo. Cristo dunque \u00e8 diviso?\u201d (1 Cor 1,12-13)<\/p>\n<\/blockquote>\n\n\n\n<p>Qui troviamo una ferita ecclesiale ancora aperta ai nostri giorni: la polarizzazione.<\/p>\n\n\n\n<p>A Corinto c\u2019erano \u201cfazioni\u201d. Cristiani che si identificavano con leader particolari, stili o carismi. L\u2019identit\u00e0 non era Cristo, ma l\u2019affinit\u00e0 umana.<\/p>\n\n\n\n<p>Dal punto di vista teologico, questo \u00e8 gravissimo. La Chiesa non \u00e8 un club ideologico. Non \u00e8 una federazione di opinioni. \u00c8 il Corpo di Cristo.<\/p>\n\n\n\n<p>Quando l\u2019appartenenza si basa su preferenze umane e non sulla comunione nella verit\u00e0 rivelata, l\u2019unit\u00e0 si frattura.<\/p>\n\n\n\n<p>Applicazione pastorale attuale:<\/p>\n\n\n\n<ul class=\"wp-block-list\">\n<li>Mi identifico pi\u00f9 con una corrente che con la Chiesa?<\/li>\n\n\n\n<li>Cerco di alimentare polemiche o di costruire comunione?<\/li>\n\n\n\n<li>La mia carit\u00e0 supera le mie preferenze?<\/li>\n<\/ul>\n\n\n\n<p>Paolo non chiede uniformit\u00e0. Chiede unit\u00e0 nella verit\u00e0.<\/p>\n\n\n\n<hr class=\"wp-block-separator has-alpha-channel-opacity\"\/>\n\n\n\n<h2 class=\"wp-block-heading\">3. Lo scandalo morale e la purezza del Corpo di Cristo<\/h2>\n\n\n\n<p>Corinto soffriva anche di gravi disordini morali. Uno dei casi pi\u00f9 scioccanti riguarda un uomo che conviveva con la moglie di suo padre (1 Cor 5).<\/p>\n\n\n\n<p>E la cosa pi\u00f9 allarmante: la comunit\u00e0 lo tollerava.<\/p>\n\n\n\n<p>Qui Paolo non \u00e8 ambiguo. Dal punto di vista pastorale, la sua posizione \u00e8 chiara: la misericordia non \u00e8 complicit\u00e0 con il peccato. La Chiesa non pu\u00f2 normalizzare ci\u00f2 che distrugge l\u2019anima.<\/p>\n\n\n\n<p>Ma attenzione: il suo obiettivo non \u00e8 punire, ma salvare. La disciplina ecclesiale ha una finalit\u00e0 terapeutica.<\/p>\n\n\n\n<p>Oggi viviamo in una cultura che chiama \u201cgiudizio\u201d ogni correzione fraterna. Ma Paolo ci ricorda che amare significa anche avvertire.<\/p>\n\n\n\n<p>Applicazione concreta:<\/p>\n\n\n\n<ul class=\"wp-block-list\">\n<li>Non banalizzare il peccato.<\/li>\n\n\n\n<li>Praticare la correzione fraterna con carit\u00e0.<\/li>\n\n\n\n<li>Capire che la santit\u00e0 non \u00e8 opzionale.<\/li>\n<\/ul>\n\n\n\n<hr class=\"wp-block-separator has-alpha-channel-opacity\"\/>\n\n\n\n<h2 class=\"wp-block-heading\">4. Il corpo non \u00e8 per la fornicazione: un\u2019antropologia rivoluzionaria<\/h2>\n\n\n\n<p>In una cultura dove il corpo era visto come irrilevante o meramente materiale, Paolo proclama una verit\u00e0 profondamente teologica:<\/p>\n\n\n\n<blockquote class=\"wp-block-quote is-layout-flow wp-block-quote-is-layout-flow\">\n<p>\u201cNon sapete che il vostro corpo \u00e8 tempio dello Spirito Santo?\u201d (1 Cor 6,19)<\/p>\n<\/blockquote>\n\n\n\n<p>Qui troviamo una delle affermazioni pi\u00f9 rivoluzionarie del cristianesimo.<\/p>\n\n\n\n<p>Il corpo non \u00e8:<\/p>\n\n\n\n<ul class=\"wp-block-list\">\n<li>Un oggetto di consumo.<\/li>\n\n\n\n<li>Uno strumento di piacere.<\/li>\n\n\n\n<li>Uno strumento intercambiabile.<\/li>\n<\/ul>\n\n\n\n<p>Il corpo \u00e8 un tempio. E il cristiano non appartiene a se stesso: \u00e8 stato comprato a caro prezzo.<\/p>\n\n\n\n<p>Questa dottrina resta profondamente controculturale in un mondo che idolatra l\u2019autonomia assoluta.<\/p>\n\n\n\n<p>Applicazione pratica:<\/p>\n\n\n\n<ul class=\"wp-block-list\">\n<li>Custodire la purezza.<\/li>\n\n\n\n<li>Rispettare la dignit\u00e0 del proprio corpo e di quello altrui.<\/li>\n\n\n\n<li>Comprendere la sessualit\u00e0 come vocazione, non come intrattenimento.<\/li>\n<\/ul>\n\n\n\n<hr class=\"wp-block-separator has-alpha-channel-opacity\"\/>\n\n\n\n<h2 class=\"wp-block-heading\">5. L\u2019Eucaristia: un avvertimento solenne<\/h2>\n\n\n\n<p>Uno dei passaggi pi\u00f9 forti di tutta la Scrittura si trova in Corinzi:<\/p>\n\n\n\n<blockquote class=\"wp-block-quote is-layout-flow wp-block-quote-is-layout-flow\">\n<p>\u201cChi mangia il pane o beve il calice del Signore indegnamente, sar\u00e0 reo del Corpo e del Sangue del Signore\u201d (1 Cor 11,27).<\/p>\n<\/blockquote>\n\n\n\n<p>Qui Paolo parla dell\u2019Eucaristia con una chiarezza teologica impressionante.<\/p>\n\n\n\n<p>Non \u00e8 un simbolo. Non \u00e8 un semplice ricordo psicologico. \u00c8 il Corpo e il Sangue del Signore.<\/p>\n\n\n\n<p>E ricevere la Comunione in peccato grave non \u00e8 un gesto neutro: \u00e8 sacrilegio.<\/p>\n\n\n\n<p>Dal punto di vista pastorale attuale, questo testo \u00e8 urgente. La banalizzazione della Comunione, la perdita del senso del peccato e la mancanza di esame di coscienza hanno indebolito la nostra consapevolezza eucaristica.<\/p>\n\n\n\n<p>Applicazione concreta:<\/p>\n\n\n\n<ul class=\"wp-block-list\">\n<li>Confessarsi regolarmente.<\/li>\n\n\n\n<li>Prepararsi prima di comunicarsi.<\/li>\n\n\n\n<li>Recuperare il senso di adorazione.<\/li>\n<\/ul>\n\n\n\n<p>L\u2019Eucaristia non \u00e8 un diritto automatico. \u00c8 un dono sacro.<\/p>\n\n\n\n<hr class=\"wp-block-separator has-alpha-channel-opacity\"\/>\n\n\n\n<h2 class=\"wp-block-heading\">6. I carismi: diversit\u00e0 senza rivalit\u00e0<\/h2>\n\n\n\n<p>Corinto era ricca di carismi: lingue, profezie, insegnamenti. Ma il problema non era la mancanza di doni\u2026 era l\u2019orgoglio.<\/p>\n\n\n\n<p>Paolo risponde con un insegnamento magistrale sul Corpo Mistico:<\/p>\n\n\n\n<blockquote class=\"wp-block-quote is-layout-flow wp-block-quote-is-layout-flow\">\n<p>\u201cSe un membro soffre, tutti soffrono con lui; se un membro \u00e8 onorato, tutti si gioiscono con lui\u201d (1 Cor 12,26).<\/p>\n<\/blockquote>\n\n\n\n<p>Dal punto di vista teologico, questo insegnamento \u00e8 centrale: la Chiesa \u00e8 un organismo vivente, non una somma di talenti individuali.<\/p>\n\n\n\n<p>Applicazione pastorale:<\/p>\n\n\n\n<ul class=\"wp-block-list\">\n<li>Valorizzare il servizio nascosto.<\/li>\n\n\n\n<li>Non confrontare le vocazioni.<\/li>\n\n\n\n<li>Comprendere che la missione \u00e8 comune.<\/li>\n<\/ul>\n\n\n\n<p>Un carisma che non costruisce comunione perde il suo significato.<\/p>\n\n\n\n<hr class=\"wp-block-separator has-alpha-channel-opacity\"\/>\n\n\n\n<h2 class=\"wp-block-heading\">7. L\u2019inno alla carit\u00e0: il cuore di tutto<\/h2>\n\n\n\n<p>In mezzo ai conflitti, Paolo eleva lo sguardo con il testo pi\u00f9 sublime sull\u2019amore cristiano: il capitolo 13.<\/p>\n\n\n\n<blockquote class=\"wp-block-quote is-layout-flow wp-block-quote-is-layout-flow\">\n<p>\u201cSe parlassi le lingue degli uomini e degli angeli e non avessi la carit\u00e0, sarei come bronzo che risuona\u2026\u201d<\/p>\n<\/blockquote>\n\n\n\n<p>Non parla di sentimentalismo. Parla della carit\u00e0 teologale. Amore che cerca il bene dell\u2019altro per Dio.<\/p>\n\n\n\n<p>In un mondo emotivamente intenso ma spiritualmente superficiale, questo capitolo \u00e8 un esame di coscienza permanente.<\/p>\n\n\n\n<p>La carit\u00e0:<\/p>\n\n\n\n<ul class=\"wp-block-list\">\n<li>\u00c8 paziente.<\/li>\n\n\n\n<li>Non si vanta.<\/li>\n\n\n\n<li>Non tiene conto del male subito.<\/li>\n<\/ul>\n\n\n\n<p>Applicazione pratica quotidiana:<\/p>\n\n\n\n<ul class=\"wp-block-list\">\n<li>Esaminare le nostre reazioni.<\/li>\n\n\n\n<li>Perdonare prontamente.<\/li>\n\n\n\n<li>Agire per amore e non per ego.<\/li>\n<\/ul>\n\n\n\n<p>Senza carit\u00e0, anche l\u2019ortodossia diventa fredda.<\/p>\n\n\n\n<hr class=\"wp-block-separator has-alpha-channel-opacity\"\/>\n\n\n\n<h2 class=\"wp-block-heading\">8. La Resurrezione: fondamento della speranza<\/h2>\n\n\n\n<p>Nel capitolo 15, Paolo affronta un\u2019eresia nascente: alcuni negavano la resurrezione dei morti.<\/p>\n\n\n\n<p>La sua risposta \u00e8 netta:<\/p>\n\n\n\n<blockquote class=\"wp-block-quote is-layout-flow wp-block-quote-is-layout-flow\">\n<p>\u201cSe Cristo non \u00e8 risuscitato, vana \u00e8 la vostra fede\u201d (1 Cor 15,14).<\/p>\n<\/blockquote>\n\n\n\n<p>Qui si gioca tutto il cristianesimo.<\/p>\n\n\n\n<p>Non crediamo in un simbolo. Non crediamo in un\u2019idea. Crediamo in un fatto storico: Cristo \u00e8 risuscitato.<\/p>\n\n\n\n<p>E se Lui vive, la nostra lotta non \u00e8 assurda. La nostra sofferenza non \u00e8 inutile. La nostra fedelt\u00e0 non \u00e8 ingenua.<\/p>\n\n\n\n<p>Applicazione esistenziale:<\/p>\n\n\n\n<ul class=\"wp-block-list\">\n<li>Vivere con orizzonte eterno.<\/li>\n\n\n\n<li>Non disperare di fronte al fallimento.<\/li>\n\n\n\n<li>Ricordare che la morte non ha l\u2019ultima parola.<\/li>\n<\/ul>\n\n\n\n<hr class=\"wp-block-separator has-alpha-channel-opacity\"\/>\n\n\n\n<h2 class=\"wp-block-heading\">9. La Seconda Lettera: l\u2019apostolo ferito che ci insegna a soffrire<\/h2>\n\n\n\n<p>Nella Seconda Lettera ai Corinzi vediamo il cuore del pastore.<\/p>\n\n\n\n<p>Paolo parla di persecuzioni, incomprensioni, debolezze. E pronuncia una delle frasi pi\u00f9 consolanti di tutta la Scrittura:<\/p>\n\n\n\n<blockquote class=\"wp-block-quote is-layout-flow wp-block-quote-is-layout-flow\">\n<p>\u201cLa mia grazia ti basta, perch\u00e9 la mia potenza si manifesta pienamente nella debolezza\u201d (2 Cor 12,9).<\/p>\n<\/blockquote>\n\n\n\n<p>Teologicamente, questa \u00e8 una rivoluzione spirituale: la debolezza non \u00e8 un ostacolo per Dio, \u00e8 lo spazio per la sua azione.<\/p>\n\n\n\n<p>In una cultura ossessionata dal successo e dall\u2019immagine, questo insegnamento libera.<\/p>\n\n\n\n<p>Applicazione pastorale:<\/p>\n\n\n\n<ul class=\"wp-block-list\">\n<li>Accettare i propri limiti.<\/li>\n\n\n\n<li>Offrire la sofferenza.<\/li>\n\n\n\n<li>Fidarsi pi\u00f9 della grazia che delle proprie forze.<\/li>\n<\/ul>\n\n\n\n<hr class=\"wp-block-separator has-alpha-channel-opacity\"\/>\n\n\n\n<h2 class=\"wp-block-heading\">10. Perch\u00e9 Corinzi \u00e8 un manuale per il XXI secolo<\/h2>\n\n\n\n<p>Perch\u00e9 parla di:<\/p>\n\n\n\n<ul class=\"wp-block-list\">\n<li>Divisioni interne.<\/li>\n\n\n\n<li>Scandali morali.<\/li>\n\n\n\n<li>Confusione dottrinale.<\/li>\n\n\n\n<li>Orgoglio spirituale.<\/li>\n\n\n\n<li>Banalizzazione sacramentale.<\/li>\n\n\n\n<li>Crisi di autorit\u00e0.<\/li>\n\n\n\n<li>Sofferenza apostolica.<\/li>\n<\/ul>\n\n\n\n<p>E allo stesso tempo proclama:<\/p>\n\n\n\n<ul class=\"wp-block-list\">\n<li>Unit\u00e0 in Cristo.<\/li>\n\n\n\n<li>Santit\u00e0 concreta.<\/li>\n\n\n\n<li>Centralit\u00e0 eucaristica.<\/li>\n\n\n\n<li>Carit\u00e0 come criterio supremo.<\/li>\n\n\n\n<li>Speranza nella Resurrezione.<\/li>\n<\/ul>\n\n\n\n<p>Corinzi non idealizza la Chiesa. La purifica.<\/p>\n\n\n\n<hr class=\"wp-block-separator has-alpha-channel-opacity\"\/>\n\n\n\n<h2 class=\"wp-block-heading\">Conclusione: La Chiesa imperfetta che Cristo santifica<\/h2>\n\n\n\n<p>Se le lettere ai Corinzi ci insegnano qualcosa, \u00e8 questo:<\/p>\n\n\n\n<p>La Chiesa \u00e8 sempre stata umana e divina. Ha sempre avuto peccatori\u2026 e ha sempre avuto santi.<\/p>\n\n\n\n<p>E Cristo non abbandona la sua Sposa.<\/p>\n\n\n\n<p>Oggi, come ieri, il Signore ci dice:<\/p>\n\n\n\n<ul class=\"wp-block-list\">\n<li>Non dividerti.<\/li>\n\n\n\n<li>Non banalizzare il peccato.<\/li>\n\n\n\n<li>Non trivializzare l\u2019Eucaristia.<\/li>\n\n\n\n<li>Non perdere la speranza.<\/li>\n\n\n\n<li>Ama con vera carit\u00e0.<\/li>\n<\/ul>\n\n\n\n<p>Corinzi non \u00e8 una lettera per puntare il dito contro gli altri. \u00c8 una lettera per esaminarci.<\/p>\n\n\n\n<p>Perch\u00e9, in fondo, siamo tutti un po\u2019 corinzi.<\/p>\n\n\n\n<p>E siamo tutti chiamati a diventare santi.<\/p>\n","protected":false},"excerpt":{"rendered":"<p>Poche comunit\u00e0 del Nuovo Testamento somigliano tanto alla nostra quanto quella di Corinto. Se oggi guardiamo le nostre parrocchie, le nostre famiglie, le nostre lotte interiori, gli scandali e le divisioni\u2026 troveremo uno specchio sorprendente nelle due lettere che la Prima Lettera ai Corinzi e la Seconda Lettera ai Corinzi ci hanno trasmesso. In esse, &hellip;<\/p>\n","protected":false},"author":3,"featured_media":5014,"comment_status":"closed","ping_status":"closed","sticky":false,"template":"","format":"standard","meta":{"_seopress_robots_primary_cat":"","_seopress_titles_title":"","_seopress_titles_desc":"","_seopress_robots_index":"","footnotes":""},"categories":[37,45],"tags":[1849],"class_list":["post-5013","post","type-post","status-publish","format-standard","has-post-thumbnail","","category-dottrina-e-fede","category-sacra-scrittura","tag-corinzi"],"_links":{"self":[{"href":"https:\/\/catholicus.eu\/it\/wp-json\/wp\/v2\/posts\/5013","targetHints":{"allow":["GET"]}}],"collection":[{"href":"https:\/\/catholicus.eu\/it\/wp-json\/wp\/v2\/posts"}],"about":[{"href":"https:\/\/catholicus.eu\/it\/wp-json\/wp\/v2\/types\/post"}],"author":[{"embeddable":true,"href":"https:\/\/catholicus.eu\/it\/wp-json\/wp\/v2\/users\/3"}],"replies":[{"embeddable":true,"href":"https:\/\/catholicus.eu\/it\/wp-json\/wp\/v2\/comments?post=5013"}],"version-history":[{"count":1,"href":"https:\/\/catholicus.eu\/it\/wp-json\/wp\/v2\/posts\/5013\/revisions"}],"predecessor-version":[{"id":5015,"href":"https:\/\/catholicus.eu\/it\/wp-json\/wp\/v2\/posts\/5013\/revisions\/5015"}],"wp:featuredmedia":[{"embeddable":true,"href":"https:\/\/catholicus.eu\/it\/wp-json\/wp\/v2\/media\/5014"}],"wp:attachment":[{"href":"https:\/\/catholicus.eu\/it\/wp-json\/wp\/v2\/media?parent=5013"}],"wp:term":[{"taxonomy":"category","embeddable":true,"href":"https:\/\/catholicus.eu\/it\/wp-json\/wp\/v2\/categories?post=5013"},{"taxonomy":"post_tag","embeddable":true,"href":"https:\/\/catholicus.eu\/it\/wp-json\/wp\/v2\/tags?post=5013"}],"curies":[{"name":"wp","href":"https:\/\/api.w.org\/{rel}","templated":true}]}}